{"id":1870,"date":"2014-04-09T17:28:43","date_gmt":"2014-04-09T15:28:43","guid":{"rendered":"https:\/\/www.fahrrad-xxl.de\/blog\/?p=1870"},"modified":"2021-08-31T13:53:31","modified_gmt":"2021-08-31T11:53:31","slug":"mtb-beleuchtung-das-sollten-sie-wissen","status":"publish","type":"post","link":"https:\/\/www.fahrrad-xxl.de\/blog\/mtb-beleuchtung-das-sollten-sie-wissen\/","title":{"rendered":"MTB-Beleuchtung \u2013 das solltest du wissen"},"content":{"rendered":"<section class=\"wpb-content-wrapper\"><p>[vc_row][vc_column][vc_column_text]Nightrides mit einem Mountainbike verhei\u00dfen besonders viel Action und sind bei Radsportlern besonders beliebt, bergen allerdings auch ein erh\u00f6htes Risiko im Vergleich zu Fahrten am Tag. Bei aller Fahrfreude sollte das Thema <b>Sicherheit<\/b> deshalb immer ganz oben auf der Liste stehen. Dies betrifft allen voran eine <b>angemessene MTB-Beleuchtung<\/b>.<\/p>\n<h2><span class=\"ez-toc-section\" id=\"gesetzliche-bestimmungen-zur-beleuchtung\"><\/span>Gesetzliche Bestimmungen zur Beleuchtung<span class=\"ez-toc-section-end\"><\/span><\/h2>\n<p>Doch was ist eine \u201eangemessene\u201c Beleuchtung? Fakt ist, dass allein schon zum Wohle der Gesundheit eine Beleuchtung des Drahtesels ratsam ist. Fakt ist aber auch, dass der Gesetzgeber in Deutschland einige <b>f\u00fcr Fahrr\u00e4der geltende Bestimmungen<\/b> erlassen hat, ganz gleich ob <a title=\"Zu unseren Cityrad-Angeboten\" href=\"https:\/\/www.fahrrad-xxl.de\/fahrraeder\/trekkingraeder\/\" target=\"_blank\" rel=\"noopener noreferrer\">Citybike<\/a>, Mountainbike oder Crossbike. Schlie\u00dflich ist das Fahrrad ein (Land-)Fahrzeug und unterliegt daher den Bestimmungen der landesspezifischen Stra\u00dfenverkehrsordnung.<\/p>\n<p>So gilt hierzulande etwa die Stra\u00dfenverkehrs-Zulassungs-Ordnung (StVZO), eine Rechtsverordnung des Bundes. Unter anderem finden sich dort <a href=\"http:\/\/www.gesetze-im-internet.de\/stvzo_2012\/__67.html\">Bestimmungen zu lichttechnischen Einrichtungen an Fahrr\u00e4dern<\/a>:<\/p>\n<ul>\n<li>\u201eFahrr\u00e4der m\u00fcssen f\u00fcr den Betrieb des Scheinwerfers und der Schlussleuchte mit einer <b>Lichtmaschine<\/b>, [\u2026] deren Nennspannung 6 V betr\u00e4gt oder einer <b>Batterie<\/b> mit einer Nennspannung von 6 V [\u2026] oder einem <b>wiederaufladbaren Energiespeicher<\/b> [\u2026] ausger\u00fcstet sein.\u201c<\/li>\n<li>\u201eDie lichttechnischen Einrichtungen m\u00fcssen vorschriftsm\u00e4\u00dfig und <b>fest angebracht<\/b> sowie st\u00e4ndig betriebsfertig sein.\u201c<\/li>\n<li>\u201eLichttechnische Einrichtungen d\u00fcrfen <b>nicht verdeckt<\/b> sein.\u201c<\/li>\n<li>\u201eFahrr\u00e4der m\u00fcssen mit einem nach vorn wirkenden <b>Scheinwerfer f\u00fcr wei\u00dfes Licht<\/b> ausger\u00fcstet sein.\u201c<\/li>\n<li>\u201eFahrr\u00e4der m\u00fcssen an der R\u00fcckseite mit einer <b>Schlussleuchte f\u00fcr rotes Licht<\/b>, [\u2026] mindestens einem <b>roten R\u00fcckstrahler<\/b> [\u2026] und einem mit dem <b>Buchstaben \u201eZ\u201c gekennzeichneten<\/b> roten Gro\u00dffl\u00e4chen-R\u00fcckstrahler ausger\u00fcstet sein.\u201c<\/li>\n<li>\u201e<b>Fahrradpedale<\/b> m\u00fcssen mit nach vorn und nach hinten wirkenden <b>gelben R\u00fcckstrahlern<\/b> ausger\u00fcstet sein.\u201c<\/li>\n<\/ul>\n<h2><span class=\"ez-toc-section\" id=\"lieber-auf-nummer-sicher-gehen\"><\/span>Lieber auf Nummer sicher gehen<span class=\"ez-toc-section-end\"><\/span><\/h2>\n<p><b> <\/b>Ohne die oben genannte Ausstattung darf ein Rad per Gesetz nicht im Verkehr genutzt werden. Auch wenn ein Mountainbike naturgem\u00e4\u00df eher im Gel\u00e4nde als im Stra\u00dfenverkehr zum Einsatz kommt, gehen Biker immer auf Nummer sicher, wenn sie diesen Bestimmungen Folge leisten.<br \/>\nF\u00fchre dir dies also vor Augen, wenn du demn\u00e4chst wieder mit deinem MTB unterwegs bist!\u00a0 <b><\/b><\/p>\n<p>Zusammenfassend l\u00e4sst sich sagen, dass eine angemessene Beleuchtung <b>Sicherheitsaspekte<\/b> <b>ber\u00fccksichtigt<\/b>, der aktuellen <b>Gesetzgebung<\/b> <b>entspricht<\/b> und gleichzeitig noch <b>Fahrspa\u00df<\/b> <b>gew\u00e4hrleistet<\/b>.<\/p>\n<p><span style=\"text-decoration: underline;\">\u00dcbrigens<\/span>: Das Fehlen, die Nichtbenutzung sowie die Verschmutzung von Beleuchtungseinrichtungen am Fahrrad sind Ordnungswidrigkeiten, die Bu\u00dfgelder nach sich ziehen k\u00f6nnen.<\/p>\n<h2><span class=\"ez-toc-section\" id=\"nicht-nur-energieeffizient-sondern-auch-nachhaltig\"><\/span>Nicht nur energieeffizient, sondern auch nachhaltig<span class=\"ez-toc-section-end\"><\/span><\/h2>\n<p>Damit der Nightride ein H\u00f6chstma\u00df an Spa\u00df bereitet, sollte die MTB-Beleuchtung leistungsstark, kompakt und leichtgewichtig sein. Heutzutage verf\u00fcgen die meisten Fahrradlampen \u00fcber die \u201elight-emitting diode\u201c, kurz LED-Technologie. Diese zeichnet sich durch ihre <b>besondere Energieeffizienz<\/b>, eine <b>lange Lebensdauer<\/b> und dazu noch durch ihre <b>Umweltvertr\u00e4glichkeit<\/b> aus.<br \/>\n\u00dcblicherweise wird die Leuchtkraft in Lumen (Einheit des Lichtstroms) oder Lux (Einheit der Beleuchtungsst\u00e4rke) angegeben.<\/p>\n<p>In den meisten F\u00e4llen erfolgt die <b>Stromversorgung mittels Li-Ion <\/b>oder<b> Ni-MH Akku<\/b>:<\/p>\n<p><span style=\"text-decoration: underline;\">Li-Ion Akku<\/span><\/p>\n<ul>\n<li>Lithium-Ionen Akku<\/li>\n<li>besonders hohe Energiedichte<\/li>\n<li>hohe thermische Stabilit\u00e4t<\/li>\n<li>geringes Gewicht<\/li>\n<li>Unempfindlichkeit gegen\u00fcber dem Memory-Effekt (Kapazit\u00e4tsverlust)<\/li>\n<\/ul>\n<p><span style=\"text-decoration: underline;\">Ni-MH Akku<\/span><\/p>\n<ul>\n<li>Nickel-Metallhydrid Akku<\/li>\n<li>besonders hohe Energiedichte<\/li>\n<li>hohe Umweltvertr\u00e4glichkeit (Verzicht auf das giftige Schwermetall Cadmium im Vergleich zum Ni-CD Akku)<\/li>\n<li>Unempfindlichkeit gegen\u00fcber dem Memory-Effekt (Kapazit\u00e4tsverlust)<\/li>\n<\/ul>\n<p>Wem die Leuchtkraft beim Biken immer noch nicht ausreichen sollte, der kann von einer <b>zus\u00e4tzlichen Lichtquelle<\/b> Gebrauch machen. Diese kann dann beispielsweise am <b>Fahrradhelm angebracht werden<\/b>.<\/p>\n<h2><span class=\"ez-toc-section\" id=\"eine-vielzahl-an-herstellern-und-modellen\"><\/span>Eine Vielzahl an Herstellern und Modellen<span class=\"ez-toc-section-end\"><\/span><\/h2>\n<p><b> <\/b>Beim Kauf stehen Verbraucher h\u00e4ufig vor der Qual der Wahl, denn mittlerweile gibt es eine F\u00fclle an Herstellern im Bereich der Mountainbike-Beleuchtung, darunter Busch &amp; M\u00fcller, Trelock, Sigma, oder Exposure Lights.<\/p>\n<p>Achte beim Kauf vor allem auf die <b>Leuchtweite<\/b>, die <b>Leuchtdauer<\/b> sowie auf eine <b>StVZO Zulassung<\/b>. Im Folgenden stellen wir dir zwei Bike-Lampen vor, die auch in unserem Fahrrad-XXL Shop erh\u00e4ltlich sind:<\/p>\n<h3>1. Busch &amp; M\u00fcller IXON IQ 192QMLA Frontleuchtenset<\/h3>\n<p><img decoding=\"async\" loading=\"lazy\" class=\"alignnone wp-image-1882 size-full\" src=\"https:\/\/www.fahrrad-xxl.de\/blog\/wp-content\/uploads\/2014\/04\/Frontleuchtenset.png\" alt=\"Frontleuchtenset\" width=\"468\" height=\"380\" \/><\/p>\n<p><span style=\"text-decoration: underline;\">Auf einen Blick<\/span>:<\/p>\n<ul>\n<li>Hochleistungs-LED mit 100.000 Stunden Lebensdauer<\/li>\n<li>Beleuchtungsst\u00e4rke: 40 Lux<\/li>\n<li>Stromversorgung: 4 NiMH-Akkus (2.100 mAh)<\/li>\n<li>Leuchtdauer: High-Power-Modus: 5 Stunden; City-Eco-Modus: 20 Stunden<\/li>\n<li>StVZO Zulassung: Zugelassen als Zusatzleuchte oder alleinige Lampe f\u00fcr Rennr\u00e4der unter 11 kg<\/li>\n<\/ul>\n<h3>2. Trelock LS 950 Frontleuchtenset<\/h3>\n<p><img decoding=\"async\" loading=\"lazy\" class=\"alignnone wp-image-1883 size-full\" src=\"https:\/\/www.fahrrad-xxl.de\/blog\/wp-content\/uploads\/2014\/04\/Frontleuchtenset-2.png\" alt=\"Frontleuchtenset 2\" width=\"439\" height=\"357\" srcset=\"https:\/\/www.fahrrad-xxl.de\/blog\/wp-content\/uploads\/2014\/04\/Frontleuchtenset-2.png 439w, https:\/\/www.fahrrad-xxl.de\/blog\/wp-content\/uploads\/2014\/04\/Frontleuchtenset-2-300x244.png 300w\" sizes=\"(max-width: 439px) 100vw, 439px\" \/><\/p>\n<p><span style=\"text-decoration: underline;\">Auf einen Blick<\/span>:<\/p>\n<ul>\n<li>LED-Technologie<\/li>\n<li>Beleuchtungsst\u00e4rke: 10-70 Lux (ca. 90m)<\/li>\n<li>Stromversorgung: Integrierter Lithium-Ionen-Akku<\/li>\n<li>Leuchtdauer: 6 &#8211; 45 h je nach Leuchtstufe<\/li>\n<li>StVZO Zulassung: Zugelassen als Zusatzleuchte oder alleinige Lampe f\u00fcr Rennr\u00e4der unter 11 kg<\/li>\n<\/ul>\n<p>Die passende Beleuchtung finden:<\/p>\n<ul>\n<li><a href=\"https:\/\/www.fahrrad-xxl.de\/fahrradzubehoer\/fahrradbeleuchtung\/\">Fahrradbeleuchtung<\/a><\/li>\n<li><a href=\"https:\/\/www.fahrrad-xxl.de\/fahrradzubehoer\/fahrradbeleuchtung\/beleuchtungsset\/\">Beleuchtungssets<\/a><\/li>\n<li><a href=\"https:\/\/www.fahrrad-xxl.de\/fahrradzubehoer\/fahrradbeleuchtung\/frontlicht\/\">Fahrrad Frontlicht<\/a><\/li>\n<li><a href=\"https:\/\/www.fahrrad-xxl.de\/fahrradzubehoer\/fahrradbeleuchtung\/ruecklicht\/\">Fahrrad R\u00fccklicht<\/a><\/li>\n<\/ul>\n<p>[\/vc_column_text]<a href=\"https:\/\/www.fahrrad-xxl.de\/fahrradzubehoer\/fahrradbeleuchtung\/?fxxlint=fxxl-blog-mtb-beleuchtung-cta-1\" target=\"_blank\" class=\"button button-appear custom large \" style=\"background-color: #a82323; border-color: #a82323;border-radius: 30px;\"><span>Jetzt unsere Fahrradbeleuchtung entdecken<i class='fa fas fa-chevron-circle-right'><\/i><\/span><\/a>[\/vc_column][\/vc_row][vc_row][vc_column width=&#8220;1\/1&#8243;][vc_column_text]<\/p>\n<h3>Ausf\u00fchrliche Beratung zur Fahrradbeleuchtung<\/h3>\n<p>Eine Fahrradbeleuchtung ist speziell f\u00fcr den Stra\u00dfenverkehr unerl\u00e4sslich. Besonders in dunkleren Jahreszeiten ist es wichtig, gut gesehen zu werden und gleichzeitig auch gut zu sehen. Doch was muss ich bei der Wahl meiner Fahrradbeleuchtung beachten? Wir haben f\u00fcr dich verschiedene Beratungsthemen aufbereitet:<\/p>\n<ul>\n<li><a href=\"https:\/\/www.fahrrad-xxl.de\/beratung\/zubehoer\/welche-fahrradbeleuchtung\/\" target=\"_blank\" rel=\"noopener noreferrer\">Welche Fahrradbeleuchtung?<\/a><\/li>\n<li><a href=\"https:\/\/www.fahrrad-xxl.de\/beratung\/zubehoer\/fahrradlicht-am-kinderfahrrad\/\" target=\"_blank\" rel=\"noopener noreferrer\">Welche Kinderfahrrad Beleuchtung?<\/a><\/li>\n<li><a href=\"https:\/\/www.fahrrad-xxl.de\/beratung\/zubehoer\/stvzo-fahrradbeleuchtung\/\" target=\"_blank\" rel=\"noopener noreferrer\">StVZO konforme Fahrradbeleuchtung<\/a><\/li>\n<li><a href=\"https:\/\/www.fahrrad-xxl.de\/beratung\/zubehoer\/lichtstaerke-fahrradbeleuchtung\/\" target=\"_blank\" rel=\"noopener noreferrer\">Lux, Lumen und Volt &#8211; Helligkeit des Fahrradlichts<\/a><\/li>\n<\/ul>\n<p>[\/vc_column_text][\/vc_column][\/vc_row]<\/p>\n\n\n<div class=\"kk-star-ratings kksr-auto kksr-align-left kksr-valign-bottom\"\n    data-payload='{&quot;align&quot;:&quot;left&quot;,&quot;id&quot;:&quot;1870&quot;,&quot;slug&quot;:&quot;default&quot;,&quot;valign&quot;:&quot;bottom&quot;,&quot;ignore&quot;:&quot;&quot;,&quot;reference&quot;:&quot;auto&quot;,&quot;class&quot;:&quot;&quot;,&quot;count&quot;:&quot;32&quot;,&quot;legendonly&quot;:&quot;&quot;,&quot;readonly&quot;:&quot;&quot;,&quot;score&quot;:&quot;3.2&quot;,&quot;best&quot;:&quot;5&quot;,&quot;gap&quot;:&quot;5&quot;,&quot;greet&quot;:&quot;Rate this post&quot;,&quot;legend&quot;:&quot;3.2\\\/5 - (32 votes)&quot;,&quot;size&quot;:&quot;22&quot;,&quot;width&quot;:&quot;83.9&quot;,&quot;_legend&quot;:&quot;{score}\\\/{best} - ({count} {votes})&quot;,&quot;font_factor&quot;:&quot;1.25&quot;}'>\n            \n<div class=\"kksr-stars\">\n    \n<div class=\"kksr-stars-inactive\">\n            <div class=\"kksr-star\" data-star=\"1\" style=\"padding-right: 5px\">\n            \n\n<div class=\"kksr-icon\" style=\"width: 22px; height: 22px;\"><\/div>\n        <\/div>\n            <div class=\"kksr-star\" data-star=\"2\" style=\"padding-right: 5px\">\n            \n\n<div class=\"kksr-icon\" style=\"width: 22px; height: 22px;\"><\/div>\n        <\/div>\n            <div class=\"kksr-star\" data-star=\"3\" style=\"padding-right: 5px\">\n            \n\n<div class=\"kksr-icon\" style=\"width: 22px; height: 22px;\"><\/div>\n        <\/div>\n            <div class=\"kksr-star\" data-star=\"4\" style=\"padding-right: 5px\">\n            \n\n<div class=\"kksr-icon\" style=\"width: 22px; height: 22px;\"><\/div>\n        <\/div>\n            <div class=\"kksr-star\" data-star=\"5\" style=\"padding-right: 5px\">\n            \n\n<div class=\"kksr-icon\" style=\"width: 22px; height: 22px;\"><\/div>\n        <\/div>\n    <\/div>\n    \n<div class=\"kksr-stars-active\" style=\"width: 83.9px;\">\n            <div class=\"kksr-star\" style=\"padding-right: 5px\">\n            \n\n<div class=\"kksr-icon\" style=\"width: 22px; height: 22px;\"><\/div>\n        <\/div>\n            <div class=\"kksr-star\" style=\"padding-right: 5px\">\n            \n\n<div class=\"kksr-icon\" style=\"width: 22px; height: 22px;\"><\/div>\n        <\/div>\n            <div class=\"kksr-star\" style=\"padding-right: 5px\">\n            \n\n<div class=\"kksr-icon\" style=\"width: 22px; height: 22px;\"><\/div>\n        <\/div>\n            <div class=\"kksr-star\" style=\"padding-right: 5px\">\n            \n\n<div class=\"kksr-icon\" style=\"width: 22px; height: 22px;\"><\/div>\n        <\/div>\n            <div class=\"kksr-star\" style=\"padding-right: 5px\">\n            \n\n<div class=\"kksr-icon\" style=\"width: 22px; height: 22px;\"><\/div>\n        <\/div>\n    <\/div>\n<\/div>\n        \n\n<div class=\"kksr-legend\" style=\"font-size: 17.6px;\">\n            3.2\/5 - (32 votes)    <\/div>\n<\/div>\n<\/section>","protected":false},"excerpt":{"rendered":"<p>[vc_row][vc_column][vc_column_text]Nightrides mit einem Mountainbike verhei\u00dfen besonders viel Action und sind bei Radsportlern besonders beliebt, bergen allerdings auch ein erh\u00f6htes Risiko im Vergleich zu Fahrten am Tag. Bei aller Fahrfreude sollte das Thema Sicherheit deshalb immer ganz oben auf der Liste stehen. Dies betrifft allen voran eine angemessene MTB-Beleuchtung. Gesetzliche Bestimmungen zur Beleuchtung Doch was ist eine \u201eangemessene\u201c Beleuchtung? Fakt ist, dass allein schon zum Wohle der Gesundheit eine Beleuchtung des Drahtesels ratsam ist. Fakt ist aber auch, dass der Gesetzgeber in Deutschland einige f\u00fcr Fahrr\u00e4der geltende Bestimmungen erlassen hat, ganz gleich ob Citybike, Mountainbike oder Crossbike. Schlie\u00dflich ist das Fahrrad ein (Land-)Fahrzeug und unterliegt daher den Bestimmungen der landesspezifischen Stra\u00dfenverkehrsordnung. So gilt hierzulande etwa die Stra\u00dfenverkehrs-Zulassungs-Ordnung (StVZO), eine Rechtsverordnung des Bundes. Unter anderem finden sich dort Bestimmungen zu lichttechnischen Einrichtungen an Fahrr\u00e4dern: \u201eFahrr\u00e4der m\u00fcssen f\u00fcr den Betrieb des Scheinwerfers und der Schlussleuchte mit einer Lichtmaschine, [\u2026] deren Nennspannung 6 V betr\u00e4gt oder einer Batterie mit einer Nennspannung von 6 V [\u2026] oder einem wiederaufladbaren Energiespeicher [\u2026] ausger\u00fcstet sein.\u201c \u201eDie lichttechnischen Einrichtungen m\u00fcssen vorschriftsm\u00e4\u00dfig und fest angebracht sowie st\u00e4ndig betriebsfertig sein.\u201c \u201eLichttechnische Einrichtungen d\u00fcrfen nicht verdeckt sein.\u201c \u201eFahrr\u00e4der m\u00fcssen mit einem nach vorn wirkenden Scheinwerfer f\u00fcr wei\u00dfes Licht ausger\u00fcstet sein.\u201c \u201eFahrr\u00e4der [&hellip;]<\/p>\n","protected":false},"author":3,"featured_media":5983,"comment_status":"open","ping_status":"open","sticky":false,"template":"","format":"standard","meta":[],"categories":[29],"tags":[],"yoast_head":"<!-- This site is optimized with the Yoast SEO plugin v19.10 - https:\/\/yoast.com\/wordpress\/plugins\/seo\/ -->\n<title>MTB-Beleuchtung \u2013 das solltest du wissen - Fahrrad XXL Blog<\/title>\n<meta name=\"description\" content=\"Neu im Fahrrad XXL Blog: MTB-Beleuchtung \u2013 das solltest du wissen\" \/>\n<meta name=\"robots\" content=\"index, follow, max-snippet:-1, max-image-preview:large, max-video-preview:-1\" \/>\n<link rel=\"canonical\" href=\"https:\/\/www.fahrrad-xxl.de\/blog\/mtb-beleuchtung-das-sollten-sie-wissen\/\" \/>\n<meta property=\"og:locale\" content=\"de_DE\" \/>\n<meta property=\"og:type\" content=\"article\" \/>\n<meta property=\"og:title\" content=\"MTB-Beleuchtung \u2013 das solltest du wissen - Fahrrad XXL Blog\" \/>\n<meta property=\"og:description\" content=\"Neu im Fahrrad XXL Blog: MTB-Beleuchtung \u2013 das solltest du wissen\" \/>\n<meta property=\"og:url\" content=\"https:\/\/www.fahrrad-xxl.de\/blog\/mtb-beleuchtung-das-sollten-sie-wissen\/\" \/>\n<meta property=\"og:site_name\" content=\"Fahrrad XXL Blog\" \/>\n<meta property=\"article:publisher\" content=\"https:\/\/www.facebook.com\/FahrradXXL\" \/>\n<meta property=\"article:published_time\" content=\"2014-04-09T15:28:43+00:00\" \/>\n<meta property=\"article:modified_time\" content=\"2021-08-31T11:53:31+00:00\" \/>\n<meta property=\"og:image\" content=\"https:\/\/www.fahrrad-xxl.de\/blog\/wp-content\/uploads\/2014\/04\/motor-bike-2423781_1920.jpg\" \/>\n\t<meta property=\"og:image:width\" content=\"1920\" \/>\n\t<meta property=\"og:image:height\" content=\"1280\" \/>\n\t<meta property=\"og:image:type\" content=\"image\/jpeg\" \/>\n<meta name=\"author\" content=\"Daniel Maier\" \/>\n<meta name=\"twitter:card\" content=\"summary_large_image\" \/>\n<meta name=\"twitter:label1\" content=\"Verfasst von\" \/>\n\t<meta name=\"twitter:data1\" content=\"Daniel Maier\" \/>\n\t<meta name=\"twitter:label2\" content=\"Gesch\u00e4tzte Lesezeit\" \/>\n\t<meta name=\"twitter:data2\" content=\"4\u00a0Minuten\" \/>\n<script type=\"application\/ld+json\" class=\"yoast-schema-graph\">{\"@context\":\"https:\/\/schema.org\",\"@graph\":[{\"@type\":\"Article\",\"@id\":\"https:\/\/www.fahrrad-xxl.de\/blog\/mtb-beleuchtung-das-sollten-sie-wissen\/#article\",\"isPartOf\":{\"@id\":\"https:\/\/www.fahrrad-xxl.de\/blog\/mtb-beleuchtung-das-sollten-sie-wissen\/\"},\"author\":{\"name\":\"Daniel Maier\",\"@id\":\"https:\/\/www.fahrrad-xxl.de\/blog\/#\/schema\/person\/b5e72df5f39c0545c250684b481cab9c\"},\"headline\":\"MTB-Beleuchtung \u2013 das solltest du wissen\",\"datePublished\":\"2014-04-09T15:28:43+00:00\",\"dateModified\":\"2021-08-31T11:53:31+00:00\",\"mainEntityOfPage\":{\"@id\":\"https:\/\/www.fahrrad-xxl.de\/blog\/mtb-beleuchtung-das-sollten-sie-wissen\/\"},\"wordCount\":828,\"commentCount\":0,\"publisher\":{\"@id\":\"https:\/\/www.fahrrad-xxl.de\/blog\/#organization\"},\"articleSection\":[\"News\/Interessantes\"],\"inLanguage\":\"de\",\"potentialAction\":[{\"@type\":\"CommentAction\",\"name\":\"Comment\",\"target\":[\"https:\/\/www.fahrrad-xxl.de\/blog\/mtb-beleuchtung-das-sollten-sie-wissen\/#respond\"]}]},{\"@type\":\"WebPage\",\"@id\":\"https:\/\/www.fahrrad-xxl.de\/blog\/mtb-beleuchtung-das-sollten-sie-wissen\/\",\"url\":\"https:\/\/www.fahrrad-xxl.de\/blog\/mtb-beleuchtung-das-sollten-sie-wissen\/\",\"name\":\"MTB-Beleuchtung \u2013 das solltest du wissen - Fahrrad XXL Blog\",\"isPartOf\":{\"@id\":\"https:\/\/www.fahrrad-xxl.de\/blog\/#website\"},\"datePublished\":\"2014-04-09T15:28:43+00:00\",\"dateModified\":\"2021-08-31T11:53:31+00:00\",\"description\":\"Neu im Fahrrad XXL Blog: MTB-Beleuchtung \u2013 das solltest du wissen\",\"breadcrumb\":{\"@id\":\"https:\/\/www.fahrrad-xxl.de\/blog\/mtb-beleuchtung-das-sollten-sie-wissen\/#breadcrumb\"},\"inLanguage\":\"de\",\"potentialAction\":[{\"@type\":\"ReadAction\",\"target\":[\"https:\/\/www.fahrrad-xxl.de\/blog\/mtb-beleuchtung-das-sollten-sie-wissen\/\"]}]},{\"@type\":\"BreadcrumbList\",\"@id\":\"https:\/\/www.fahrrad-xxl.de\/blog\/mtb-beleuchtung-das-sollten-sie-wissen\/#breadcrumb\",\"itemListElement\":[{\"@type\":\"ListItem\",\"position\":1,\"name\":\"Startseite\",\"item\":\"https:\/\/www.fahrrad-xxl.de\/blog\/\"},{\"@type\":\"ListItem\",\"position\":2,\"name\":\"MTB-Beleuchtung \u2013 das solltest du wissen\"}]},{\"@type\":\"WebSite\",\"@id\":\"https:\/\/www.fahrrad-xxl.de\/blog\/#website\",\"url\":\"https:\/\/www.fahrrad-xxl.de\/blog\/\",\"name\":\"Fahrrad XXL Blog\",\"description\":\"Erleben | Testen | Losfahren\",\"publisher\":{\"@id\":\"https:\/\/www.fahrrad-xxl.de\/blog\/#organization\"},\"potentialAction\":[{\"@type\":\"SearchAction\",\"target\":{\"@type\":\"EntryPoint\",\"urlTemplate\":\"https:\/\/www.fahrrad-xxl.de\/blog\/?s={search_term_string}\"},\"query-input\":\"required name=search_term_string\"}],\"inLanguage\":\"de\"},{\"@type\":\"Organization\",\"@id\":\"https:\/\/www.fahrrad-xxl.de\/blog\/#organization\",\"name\":\"Fahrrad XXL\",\"url\":\"https:\/\/www.fahrrad-xxl.de\/blog\/\",\"logo\":{\"@type\":\"ImageObject\",\"inLanguage\":\"de\",\"@id\":\"https:\/\/www.fahrrad-xxl.de\/blog\/#\/schema\/logo\/image\/\",\"url\":\"https:\/\/www.fahrrad-xxl.de\/blog\/wp-content\/uploads\/2018\/03\/FXXL-Blog-Logo-100-c.png\",\"contentUrl\":\"https:\/\/www.fahrrad-xxl.de\/blog\/wp-content\/uploads\/2018\/03\/FXXL-Blog-Logo-100-c.png\",\"width\":450,\"height\":100,\"caption\":\"Fahrrad XXL\"},\"image\":{\"@id\":\"https:\/\/www.fahrrad-xxl.de\/blog\/#\/schema\/logo\/image\/\"},\"sameAs\":[\"https:\/\/www.instagram.com\/fahrradxxl\",\"https:\/\/www.youtube.com\/user\/FahrradXXLde\",\"https:\/\/www.tiktok.com\/@fahrrad_xxl\",\"https:\/\/www.facebook.com\/FahrradXXL\"]},{\"@type\":\"Person\",\"@id\":\"https:\/\/www.fahrrad-xxl.de\/blog\/#\/schema\/person\/b5e72df5f39c0545c250684b481cab9c\",\"name\":\"Daniel Maier\",\"description\":\"F\u00e4hrt gerne: Road Bikes: Focus Izalco Chrono Max 3.0, Giant TCR Advanced, Giant TCR Composite Lieblings-Radrevier: Allg\u00e4u, Schwarzwald, Wetterau, Vogelsberg\",\"url\":\"https:\/\/www.fahrrad-xxl.de\/blog\/author\/d-maierfahrrad-xxl-de\/\"}]}<\/script>\n<!-- \/ Yoast SEO plugin. -->","yoast_head_json":{"title":"MTB-Beleuchtung \u2013 das solltest du wissen - Fahrrad XXL Blog","description":"Neu im Fahrrad XXL Blog: MTB-Beleuchtung \u2013 das solltest du wissen","robots":{"index":"index","follow":"follow","max-snippet":"max-snippet:-1","max-image-preview":"max-image-preview:large","max-video-preview":"max-video-preview:-1"},"canonical":"https:\/\/www.fahrrad-xxl.de\/blog\/mtb-beleuchtung-das-sollten-sie-wissen\/","og_locale":"de_DE","og_type":"article","og_title":"MTB-Beleuchtung \u2013 das solltest du wissen - Fahrrad XXL Blog","og_description":"Neu im Fahrrad XXL Blog: MTB-Beleuchtung \u2013 das solltest du wissen","og_url":"https:\/\/www.fahrrad-xxl.de\/blog\/mtb-beleuchtung-das-sollten-sie-wissen\/","og_site_name":"Fahrrad XXL Blog","article_publisher":"https:\/\/www.facebook.com\/FahrradXXL","article_published_time":"2014-04-09T15:28:43+00:00","article_modified_time":"2021-08-31T11:53:31+00:00","og_image":[{"width":1920,"height":1280,"url":"https:\/\/www.fahrrad-xxl.de\/blog\/wp-content\/uploads\/2014\/04\/motor-bike-2423781_1920.jpg","type":"image\/jpeg"}],"author":"Daniel Maier","twitter_card":"summary_large_image","twitter_misc":{"Verfasst von":"Daniel Maier","Gesch\u00e4tzte Lesezeit":"4\u00a0Minuten"},"schema":{"@context":"https:\/\/schema.org","@graph":[{"@type":"Article","@id":"https:\/\/www.fahrrad-xxl.de\/blog\/mtb-beleuchtung-das-sollten-sie-wissen\/#article","isPartOf":{"@id":"https:\/\/www.fahrrad-xxl.de\/blog\/mtb-beleuchtung-das-sollten-sie-wissen\/"},"author":{"name":"Daniel Maier","@id":"https:\/\/www.fahrrad-xxl.de\/blog\/#\/schema\/person\/b5e72df5f39c0545c250684b481cab9c"},"headline":"MTB-Beleuchtung \u2013 das solltest du wissen","datePublished":"2014-04-09T15:28:43+00:00","dateModified":"2021-08-31T11:53:31+00:00","mainEntityOfPage":{"@id":"https:\/\/www.fahrrad-xxl.de\/blog\/mtb-beleuchtung-das-sollten-sie-wissen\/"},"wordCount":828,"commentCount":0,"publisher":{"@id":"https:\/\/www.fahrrad-xxl.de\/blog\/#organization"},"articleSection":["News\/Interessantes"],"inLanguage":"de","potentialAction":[{"@type":"CommentAction","name":"Comment","target":["https:\/\/www.fahrrad-xxl.de\/blog\/mtb-beleuchtung-das-sollten-sie-wissen\/#respond"]}]},{"@type":"WebPage","@id":"https:\/\/www.fahrrad-xxl.de\/blog\/mtb-beleuchtung-das-sollten-sie-wissen\/","url":"https:\/\/www.fahrrad-xxl.de\/blog\/mtb-beleuchtung-das-sollten-sie-wissen\/","name":"MTB-Beleuchtung \u2013 das solltest du wissen - Fahrrad XXL Blog","isPartOf":{"@id":"https:\/\/www.fahrrad-xxl.de\/blog\/#website"},"datePublished":"2014-04-09T15:28:43+00:00","dateModified":"2021-08-31T11:53:31+00:00","description":"Neu im Fahrrad XXL Blog: MTB-Beleuchtung \u2013 das solltest du wissen","breadcrumb":{"@id":"https:\/\/www.fahrrad-xxl.de\/blog\/mtb-beleuchtung-das-sollten-sie-wissen\/#breadcrumb"},"inLanguage":"de","potentialAction":[{"@type":"ReadAction","target":["https:\/\/www.fahrrad-xxl.de\/blog\/mtb-beleuchtung-das-sollten-sie-wissen\/"]}]},{"@type":"BreadcrumbList","@id":"https:\/\/www.fahrrad-xxl.de\/blog\/mtb-beleuchtung-das-sollten-sie-wissen\/#breadcrumb","itemListElement":[{"@type":"ListItem","position":1,"name":"Startseite","item":"https:\/\/www.fahrrad-xxl.de\/blog\/"},{"@type":"ListItem","position":2,"name":"MTB-Beleuchtung \u2013 das solltest du wissen"}]},{"@type":"WebSite","@id":"https:\/\/www.fahrrad-xxl.de\/blog\/#website","url":"https:\/\/www.fahrrad-xxl.de\/blog\/","name":"Fahrrad XXL Blog","description":"Erleben | Testen | Losfahren","publisher":{"@id":"https:\/\/www.fahrrad-xxl.de\/blog\/#organization"},"potentialAction":[{"@type":"SearchAction","target":{"@type":"EntryPoint","urlTemplate":"https:\/\/www.fahrrad-xxl.de\/blog\/?s={search_term_string}"},"query-input":"required name=search_term_string"}],"inLanguage":"de"},{"@type":"Organization","@id":"https:\/\/www.fahrrad-xxl.de\/blog\/#organization","name":"Fahrrad XXL","url":"https:\/\/www.fahrrad-xxl.de\/blog\/","logo":{"@type":"ImageObject","inLanguage":"de","@id":"https:\/\/www.fahrrad-xxl.de\/blog\/#\/schema\/logo\/image\/","url":"https:\/\/www.fahrrad-xxl.de\/blog\/wp-content\/uploads\/2018\/03\/FXXL-Blog-Logo-100-c.png","contentUrl":"https:\/\/www.fahrrad-xxl.de\/blog\/wp-content\/uploads\/2018\/03\/FXXL-Blog-Logo-100-c.png","width":450,"height":100,"caption":"Fahrrad XXL"},"image":{"@id":"https:\/\/www.fahrrad-xxl.de\/blog\/#\/schema\/logo\/image\/"},"sameAs":["https:\/\/www.instagram.com\/fahrradxxl","https:\/\/www.youtube.com\/user\/FahrradXXLde","https:\/\/www.tiktok.com\/@fahrrad_xxl","https:\/\/www.facebook.com\/FahrradXXL"]},{"@type":"Person","@id":"https:\/\/www.fahrrad-xxl.de\/blog\/#\/schema\/person\/b5e72df5f39c0545c250684b481cab9c","name":"Daniel Maier","description":"F\u00e4hrt gerne: Road Bikes: Focus Izalco Chrono Max 3.0, Giant TCR Advanced, Giant TCR Composite Lieblings-Radrevier: Allg\u00e4u, Schwarzwald, Wetterau, Vogelsberg","url":"https:\/\/www.fahrrad-xxl.de\/blog\/author\/d-maierfahrrad-xxl-de\/"}]}},"_links":{"self":[{"href":"https:\/\/www.fahrrad-xxl.de\/blog\/wp-json\/wp\/v2\/posts\/1870"}],"collection":[{"href":"https:\/\/www.fahrrad-xxl.de\/blog\/wp-json\/wp\/v2\/posts"}],"about":[{"href":"https:\/\/www.fahrrad-xxl.de\/blog\/wp-json\/wp\/v2\/types\/post"}],"author":[{"embeddable":true,"href":"https:\/\/www.fahrrad-xxl.de\/blog\/wp-json\/wp\/v2\/users\/3"}],"replies":[{"embeddable":true,"href":"https:\/\/www.fahrrad-xxl.de\/blog\/wp-json\/wp\/v2\/comments?post=1870"}],"version-history":[{"count":2,"href":"https:\/\/www.fahrrad-xxl.de\/blog\/wp-json\/wp\/v2\/posts\/1870\/revisions"}],"predecessor-version":[{"id":31728,"href":"https:\/\/www.fahrrad-xxl.de\/blog\/wp-json\/wp\/v2\/posts\/1870\/revisions\/31728"}],"wp:featuredmedia":[{"embeddable":true,"href":"https:\/\/www.fahrrad-xxl.de\/blog\/wp-json\/wp\/v2\/media\/5983"}],"wp:attachment":[{"href":"https:\/\/www.fahrrad-xxl.de\/blog\/wp-json\/wp\/v2\/media?parent=1870"}],"wp:term":[{"taxonomy":"category","embeddable":true,"href":"https:\/\/www.fahrrad-xxl.de\/blog\/wp-json\/wp\/v2\/categories?post=1870"},{"taxonomy":"post_tag","embeddable":true,"href":"https:\/\/www.fahrrad-xxl.de\/blog\/wp-json\/wp\/v2\/tags?post=1870"}],"curies":[{"name":"wp","href":"https:\/\/api.w.org\/{rel}","templated":true}]}}