{"id":2031,"date":"2014-04-23T16:51:04","date_gmt":"2014-04-23T14:51:04","guid":{"rendered":"https:\/\/www.fahrrad-xxl.de\/blog\/?p=2031"},"modified":"2020-10-09T13:37:30","modified_gmt":"2020-10-09T11:37:30","slug":"voll-ausgestattet-das-richtige-mountainbike-zubehoer","status":"publish","type":"post","link":"https:\/\/www.fahrrad-xxl.de\/blog\/voll-ausgestattet-das-richtige-mountainbike-zubehoer\/","title":{"rendered":"Voll ausgestattet? Das richtige Mountainbike-Zubeh\u00f6r"},"content":{"rendered":"<section class=\"wpb-content-wrapper\"><p>[vc_row][vc_column][vc_column_text]Beim Kauf eines <a href=\"https:\/\/www.fahrrad-xxl.de\/fahrraeder\/mountainbikes\/\">MTBs<\/a> ist nicht nur das <a href=\"https:\/\/www.fahrrad-xxl.de\/fahrraeder\/\">Fahrrad<\/a> selbst, sondern auch das richtige Mountainbike-Zubeh\u00f6r wichtig. Nat\u00fcrlich sollte man sich nicht gleich alles auf einmal kaufen, doch die n\u00f6tige Grundausstattung sollte in jedem Fall dabei sein. Wir sagen dir, welche Investitionen n\u00fctzlich sind \u2013 nicht nur aus Gr\u00fcnden der Sicherheit, sondern auch des Komforts.<\/p>\n<h2><span class=\"ez-toc-section\" id=\"safety-first\"><\/span>Safety first!<span class=\"ez-toc-section-end\"><\/span><\/h2>\n<p>Denke immer erst an deine eigene Gesundheit und schreibe dem Thema Sicherheit h\u00f6chste Priorit\u00e4t zu. Wer sich ein Mountainbike zulegt, der sollte auch Geld f\u00fcr das folgende Zubeh\u00f6r in die Hand nehmen:<\/p>\n<h3><strong>Mountainbike-Zubeh\u00f6r im Bereich Sicherheit<\/strong><\/h3>\n<ul>\n<li>Helm<\/li>\n<li><a href=\"https:\/\/www.fahrrad-xxl.de\/fahrradzubehoer\/fahrradbeleuchtung\/\">Fahrradbeleuchtung<\/a><\/li>\n<li>Schutzbrille<\/li>\n<li>Klingel<\/li>\n<li><a href=\"https:\/\/www.fahrrad-xxl.de\/fahrradzubehoer\/fahrradschloesser\/\">Fahrradschloss<\/a><\/li>\n<li>Fahrrad-Handschuhe<\/li>\n<\/ul>\n<p>Zweifellos ist ein Helm die<b> wertvollste Sicherheitsausr\u00fcstung eines Radsportlers<\/b> und geh\u00f6rt daher auf jeden Kopf. Lass dich beim Kauf ausf\u00fchrlich beraten! Der Fahrradhelm muss nicht nur den aktuellsten Sicherheitsstandards entsprechen, sondern sollte vor allem gut sitzen. Ebenfalls wichtig sind ein <b>geringes Gewicht<\/b> und eine bestm\u00f6gliche <b>Bel\u00fcftung<\/b>. Aussagen wie \u201ezu warm\u201c oder \u201esieht doof aus\u201c geh\u00f6ren der Vergangenheit an, denn die Helme vereinen mittlerweile Tragekomfort und \u00c4sthetik. F\u00fchre dir aber immer vor Augen, dass ein Helm dein\u00a0<b>Leben retten kann<\/b>, und nur das z\u00e4hlt!<\/p>\n<p>[\/vc_column_text]<a href=\"https:\/\/www.fahrrad-xxl.de\/fahrradzubehoer\/?fxxlint=blog-vollausgestattet-mtb-zubehoer-cta-1\" target=\"_self\" class=\"button button-appear custom large \" style=\"background-color: #a82323; border-color: #a82323;border-radius: 30px;\"><span>Jetzt hilfreiches Fahrradzubeh\u00f6r entdecken<i class='fa fas fa-chevron-circle-right'><\/i><\/span><\/a><div class=\"spacer\" style=\"height: 40px;\"><\/div>[vc_column_text]<\/p>\n<h3><strong>Ein Beispiel aus unserem Fahrrad XXL Onlineshop<\/strong><\/h3>\n<p><b>MTB-Helm Lazer Oasiz<\/b><\/p>\n<p><img decoding=\"async\" loading=\"lazy\" class=\"alignnone wp-image-2034 size-full\" src=\"https:\/\/www.fahrrad-xxl.de\/blog\/wp-content\/uploads\/2014\/04\/MTB-Helm.png\" alt=\"MTB Helm\" width=\"428\" height=\"296\" \/><\/p>\n<ul>\n<li>Gr\u00f6\u00dfen: M (52 &#8211; 58cm), L (59 &#8211; 61cm)<\/li>\n<li>Gewicht: ca. 285g<\/li>\n<li>Bel\u00fcftungs\u00f6ffnungen: 21<\/li>\n<li>verl\u00e4ngerte Nackenpartie f\u00fcr besonderen Schutz des Hinterkopfes<\/li>\n<li>RollSys Anpassungssystem<\/li>\n<li>antibakterielle, temperaturregulierende Polster im Stirn- und Seitenbereich<\/li>\n<\/ul>\n<p>Halten dich auch unbedingt an die Vorschriften zum Thema <a href=\"https:\/\/www.fahrrad-xxl.de\/blog\/mtb-beleuchtung-das-sollten-sie-wissen\/\" target=\"_blank\" rel=\"noopener noreferrer\">MTB-Beleuchtung<\/a>, die wir dir in der letzten Woche aufgezeigt haben. So f\u00e4hrst du gem\u00e4\u00df den <b>Bestimmungen der Stra\u00dfenverkehrsordnung<\/b> und sorgst dazu noch f\u00fcr die eigene Sicherheit und die Anderer.<\/p>\n<p>Ein weiteres wichtiges Thema: <b>Schutzbrillen<\/b>! Eine gute Fahrradbrille bietet nicht nur <b>Schutz vor Sonnenlicht<\/b>, sondern auch vor Schmutz und anderen Beeintr\u00e4chtigungen. Achte unbedingt darauf, dass die Brille gut sitzt und die Brillengl\u00e4ser nicht beschlagen.<\/p>\n<h3><strong>Ein Beispiel aus unserem Fahrrad-XXL Onlineshop<\/strong><\/h3>\n<p><b>Uvex Active Brille<\/b><\/p>\n<p><img decoding=\"async\" loading=\"lazy\" class=\"alignnone wp-image-2035 size-full\" src=\"https:\/\/www.fahrrad-xxl.de\/blog\/wp-content\/uploads\/2014\/04\/Active-Brille.png\" alt=\"Active Brille\" width=\"435\" height=\"209\" srcset=\"https:\/\/www.fahrrad-xxl.de\/blog\/wp-content\/uploads\/2014\/04\/Active-Brille.png 435w, https:\/\/www.fahrrad-xxl.de\/blog\/wp-content\/uploads\/2014\/04\/Active-Brille-300x144.png 300w\" sizes=\"(max-width: 435px) 100vw, 435px\" \/><\/p>\n<ul>\n<li>perfekte Passform durch flexible B\u00fcgel und anpassbare Softpads<\/li>\n<li>100% UV-Schutz<\/li>\n<li>kratzfest und beschlagsfreie Gl\u00e4ser<\/li>\n<li>5 verschiedene Varianten<\/li>\n<li>Gewicht: ca. 23g<\/li>\n<\/ul>\n<p>Zu guter Letzt ist auch eine <b>Klingel<\/b> ein Zubeh\u00f6rteil, auf das du nicht verzichten solltest. Bereits mit wenig Geld erh\u00f6hst du deine Sicherheit und kannst andere Menschen auf dich aufmerksam machen. Mit einem <b>Fahrradschloss<\/b> sch\u00fctzt du dein Bike hingegen vor Langfingern.<\/p>\n<h2><span class=\"ez-toc-section\" id=\"zuverlaessige-hilfe-bei-einer-panne\"><\/span>Zuverl\u00e4ssige Hilfe bei einer Panne<span class=\"ez-toc-section-end\"><\/span><\/h2>\n<p>Wer schon einmal eine Panne mit seinem Mountainbike hatte, der wei\u00df, wie wichtig in diesem Moment entsprechende Werkzeuge sind. Spare auch hier nicht an der falschen Stelle!<\/p>\n<h3><span style=\"text-decoration: underline;\">Mountainbike-Zubeh\u00f6r im Bereich Pannenhilfe<\/span><\/h3>\n<ul>\n<li>Reifenheber<\/li>\n<li>Flickzeug<\/li>\n<li>Pumpe<\/li>\n<li>Ersatzschlauch<\/li>\n<li>Multitool mit Kettennieter<\/li>\n<li>Kettenschloss<\/li>\n<li>[Handy + Geld]<\/li>\n<\/ul>\n<p>Der Klassiker: Ein <b>Fahrradschlauch ist geplatzt<\/b>! Wie sch\u00f6n w\u00e4re es doch, wenn man sich selbst helfen kann und innerhalb von wenigen Minuten die Fahrt wieder aufnehmen kann? Kein Problem, wenn du beispielsweise Reifenheber, <b>Flickzeug<\/b>, eine <a href=\"https:\/\/www.fahrrad-xxl.de\/fahrradzubehoer\/fahrradpumpen\/\"><b>Fahrradpumpe<\/b><\/a>, einen Ersatzschlauch, ein <b>Kettenschloss<\/b> oder ein <b>Multitool<\/b> mit dir f\u00fchrst. Dies bedeutet zwar ein Mehr an Gewicht, doch macht es sich bei einer Panne bezahlt! Verstaue die n\u00fctzlichen Utensilien ganz einfach in speziellen Fahrradrucks\u00e4cken oder in Ihrer Trikottasche.<\/p>\n<p>Wenn du deine\u00a0<b>Fahrradkette k\u00fcrzen<\/b> bzw. \u00f6ffnen m\u00f6chtest, dann schafft ein Kettennieter Abhilfe. Lass dich von der Bezeichnung nicht beirren, denn streng genommen wird bei dem Vorgang nichts vernietet. Andere g\u00e4ngige Bezeichnungen sind Kettendr\u00fccker und Kettenwerkzeug.<\/p>\n<h3><strong>Ein Beispiel aus unserem Fahrrad-XXL Onlineshop<\/strong><\/h3>\n<p><b>TBG Kettennieter f\u00fcr 8-\/9-\/10-fach Ketten ergo<\/b><\/p>\n<p><img decoding=\"async\" loading=\"lazy\" class=\"alignnone wp-image-2036 size-full\" src=\"https:\/\/www.fahrrad-xxl.de\/blog\/wp-content\/uploads\/2014\/04\/Kettennieter.png\" alt=\"Kettennieter\" width=\"437\" height=\"310\" srcset=\"https:\/\/www.fahrrad-xxl.de\/blog\/wp-content\/uploads\/2014\/04\/Kettennieter.png 437w, https:\/\/www.fahrrad-xxl.de\/blog\/wp-content\/uploads\/2014\/04\/Kettennieter-300x213.png 300w\" sizes=\"(max-width: 437px) 100vw, 437px\" \/><\/p>\n<ul>\n<li>f\u00fcr 8-\/9-\/10-fach Ketten<\/li>\n<li>einfache Bedienung<\/li>\n<li>mit Reservoir f\u00fcr Kettenglieder<\/li>\n<li>f\u00fcr Reinigungs- und Reparaturaufgaben<\/li>\n<\/ul>\n<p>Wem die Fahrradkette rei\u00dft, der kann sie mithilfe eines <b>Kettenschlosses<\/b> reparieren. Beachte beim Kauf, dass es sowohl <b>wiederverwendbare Verschl\u00fcsse<\/b> als auch \u201eone-time\u201c L\u00f6sungen gibt. Manche der Schl\u00f6sser lassen sich au\u00dferdem nur mit entsprechendem Werkzeug \u00f6ffnen.<\/p>\n<p>Lass auch immer etwas Platz f\u00fcr ein <b>Handy<\/b> und nehme\u00a0<b>Geld<\/b> f\u00fcr den Notfall mit!<\/p>\n<h2><span class=\"ez-toc-section\" id=\"was-darf-es-sonst-noch-sein\"><\/span>Was darf es sonst noch sein?<span class=\"ez-toc-section-end\"><\/span><\/h2>\n<p>Wenn du \u00fcber dieses MTB-Zubeh\u00f6r verf\u00fcgst, kannst du unbesorgt die n\u00e4chste Tour machen. Wer dennoch aufstocken m\u00f6chte, dem bieten sich viele weitere Utensilien f\u00fcr das Mountainbike an, darunter Sitzpolster, <b>Radcomputer<\/b>, Pulsuhren, GPS-Systeme, <b>Fahrradst\u00e4nder<\/b>, Rollentrainer, Kameras und <b>Pflegemittel<\/b>.[\/vc_column_text][\/vc_column][\/vc_row][vc_section][vc_row][vc_column width=&#8220;1\/1&#8243;][vc_column_text]<a href=\"#comments\" target=\"_self\" class=\"button color-1 full \" style=\"border-radius: 2px;\">Welches MTB-Zubeh\u00f6r sollte deiner Meinung nach nicht fehlen?<\/a>[\/vc_column_text][\/vc_column][\/vc_row][vc_row][vc_column width=&#8220;1\/1&#8243;]<div class=\"newdivider align-left\" style=\"border-bottom-style: solid; border-color: #eaeaea; border-bottom-width: 1px; margin-top: 20px; margin-bottom: 0; width: 100%; \"><\/div><div class=\"clear\"><\/div>[vc_column_text]<\/p>\n<h2><span class=\"ez-toc-section\" id=\"mountainbikes-e-mountainbikes-im-test\"><\/span>Mountainbikes &amp; E-Mountainbikes im Test<span class=\"ez-toc-section-end\"><\/span><\/h2>\n<p>Das Interesse an einem Mountainbike ist geweckt? Sehr gut. Wir haben verschiedene MTBs und E-MTBs getestet. Schau dir unsere Auswahl der am besten getesteten Mountainbikes an:<\/p>\n<ul>\n<li>Mountainbikes im Test<\/li>\n<li><a href=\"https:\/\/www.fahrrad-xxl.de\/blog\/e-mountainbike-test\/\" target=\"_blank\" rel=\"noopener noreferrer\">E-Mountainbikes im Test<\/a><\/li>\n<\/ul>\n<p>[\/vc_column_text]<div class=\"newdivider align-left\" style=\"border-bottom-style: solid; border-color: #eaeaea; border-bottom-width: 1px; margin-top: 20px; margin-bottom: 0; width: 100%; \"><\/div><div class=\"clear\"><\/div>[\/vc_column][\/vc_row][vc_row][vc_column width=&#8220;1\/1&#8243;][vc_column_text]<span class=\"dkdai-headline\">Das k\u00f6nnte dich auch interessieren<\/span>[\/vc_column_text][vc_column_text]<div class=\"rpbt_shortcode\">\n\n<style type=\"text\/css\">\n\t\t\t#rpbt-related-gallery-1 {\n\t\t\t\tmargin: auto;\n\t\t\t}\n\t\t\t#rpbt-related-gallery-1 .gallery-item {\n\t\t\t\tfloat: left;\n\t\t\t\tmargin-top: 10px;\n\t\t\t\ttext-align: center;\n\t\t\t\twidth: 33%;\n\t\t\t}\n\t\t\t#rpbt-related-gallery-1 img {\n\t\t\t\tborder: 2px solid #cfcfcf;\n\t\t\t}\n\t\t\t#rpbt-related-gallery-1 .gallery-caption {\n\t\t\t\tmargin-left: 0;\n\t\t\t}\n\t\t\t\/* see gallery_shortcode() in wp-includes\/media.php *\/\n\t\t<\/style>\n\t\t<div id='rpbt-related-gallery-1' class='gallery related-gallery related-galleryid-2031 gallery-columns-3 gallery-size-medium'><dl class='gallery-item' role='figure' aria-label='Cube Neuheiten 2026 &#8211; Alle Infos &#038; Highlights der neuen (E-)Bikes'>\n\t\t\t<dt class='gallery-icon landscape'>\n\t\t\t\t<a href='https:\/\/www.fahrrad-xxl.de\/blog\/cube-bikes-neuheiten\/'><img width=\"300\" height=\"200\" src=\"https:\/\/www.fahrrad-xxl.de\/blog\/wp-content\/uploads\/2026\/03\/Cube_2025_30_04038-300x200.jpg\" class=\"attachment-medium size-medium\" alt=\"Cube Ams Hybrid one77 2026\" decoding=\"async\" loading=\"lazy\" aria-describedby=\"rpbt-related-gallery-1-29501\" srcset=\"https:\/\/www.fahrrad-xxl.de\/blog\/wp-content\/uploads\/2026\/03\/Cube_2025_30_04038-300x200.jpg 300w, https:\/\/www.fahrrad-xxl.de\/blog\/wp-content\/uploads\/2026\/03\/Cube_2025_30_04038-1024x683.jpg 1024w, https:\/\/www.fahrrad-xxl.de\/blog\/wp-content\/uploads\/2026\/03\/Cube_2025_30_04038-768x512.jpg 768w, https:\/\/www.fahrrad-xxl.de\/blog\/wp-content\/uploads\/2026\/03\/Cube_2025_30_04038-1536x1024.jpg 1536w, https:\/\/www.fahrrad-xxl.de\/blog\/wp-content\/uploads\/2026\/03\/Cube_2025_30_04038-600x400.jpg 600w, https:\/\/www.fahrrad-xxl.de\/blog\/wp-content\/uploads\/2026\/03\/Cube_2025_30_04038.jpg 1920w\" sizes=\"(max-width: 300px) 100vw, 300px\" title=\"Cube Neuheiten 2026 - Alle Infos &amp; Highlights der neuen (E-)Bikes\" \/><\/a>\n\t\t\t<\/dt>\n\t\t\t\t<dd class='wp-caption-text gallery-caption' id='rpbt-related-gallery-1-29501'>\n\t\t\t\tCube Neuheiten 2026 &#8211; Alle Infos &#038; Highlights der neuen (E-)Bikes\n\t\t\t\t<\/dd><\/dl><dl class='gallery-item' role='figure' aria-label='Carbon Reparatur \u00bb Fahrrad mit Carbonrahmen reparieren'>\n\t\t\t<dt class='gallery-icon landscape'>\n\t\t\t\t<a href='https:\/\/www.fahrrad-xxl.de\/blog\/carbon-reparatur\/'><img width=\"300\" height=\"200\" src=\"https:\/\/www.fahrrad-xxl.de\/blog\/wp-content\/uploads\/2018\/09\/bicycle-bike-repair-132682-300x200.jpeg\" class=\"attachment-medium size-medium\" alt=\"Carbon Reparatur \u00bb Fahrrad mit Carbonrahmen reparieren\" decoding=\"async\" loading=\"lazy\" aria-describedby=\"rpbt-related-gallery-1-19211\" srcset=\"https:\/\/www.fahrrad-xxl.de\/blog\/wp-content\/uploads\/2018\/09\/bicycle-bike-repair-132682-300x200.jpeg 300w, https:\/\/www.fahrrad-xxl.de\/blog\/wp-content\/uploads\/2018\/09\/bicycle-bike-repair-132682-768x513.jpeg 768w, https:\/\/www.fahrrad-xxl.de\/blog\/wp-content\/uploads\/2018\/09\/bicycle-bike-repair-132682-1024x683.jpeg 1024w, https:\/\/www.fahrrad-xxl.de\/blog\/wp-content\/uploads\/2018\/09\/bicycle-bike-repair-132682-600x400.jpeg 600w, https:\/\/www.fahrrad-xxl.de\/blog\/wp-content\/uploads\/2018\/09\/bicycle-bike-repair-132682.jpeg 1500w\" sizes=\"(max-width: 300px) 100vw, 300px\" title=\"Carbon Reparatur \u00bb Fahrrad mit Carbonrahmen reparieren\" \/><\/a>\n\t\t\t<\/dt>\n\t\t\t\t<dd class='wp-caption-text gallery-caption' id='rpbt-related-gallery-1-19211'>\n\t\t\t\tCarbon Reparatur \u00bb Fahrrad mit Carbonrahmen reparieren\n\t\t\t\t<\/dd><\/dl><dl class='gallery-item' role='figure' aria-label='Bekommt der Hinterradmotor seine zweite Chance?'>\n\t\t\t<dt class='gallery-icon landscape'>\n\t\t\t\t<a href='https:\/\/www.fahrrad-xxl.de\/blog\/bekommt-der-hinterradmotor-seine-zweite-chance\/'><img width=\"300\" height=\"156\" src=\"https:\/\/www.fahrrad-xxl.de\/blog\/wp-content\/uploads\/2019\/12\/st1x-cyro-drive-300x156.jpg\" class=\"attachment-medium size-medium\" alt=\"Stromer ST1 X-Cyro-Drive\" decoding=\"async\" loading=\"lazy\" aria-describedby=\"rpbt-related-gallery-1-27888\" srcset=\"https:\/\/www.fahrrad-xxl.de\/blog\/wp-content\/uploads\/2019\/12\/st1x-cyro-drive-300x156.jpg 300w, https:\/\/www.fahrrad-xxl.de\/blog\/wp-content\/uploads\/2019\/12\/st1x-cyro-drive-768x398.jpg 768w, https:\/\/www.fahrrad-xxl.de\/blog\/wp-content\/uploads\/2019\/12\/st1x-cyro-drive-1024x531.jpg 1024w, https:\/\/www.fahrrad-xxl.de\/blog\/wp-content\/uploads\/2019\/12\/st1x-cyro-drive.jpg 1947w\" sizes=\"(max-width: 300px) 100vw, 300px\" title=\"Bekommt der Hinterradmotor seine zweite Chance?\" \/><\/a>\n\t\t\t<\/dt>\n\t\t\t\t<dd class='wp-caption-text gallery-caption' id='rpbt-related-gallery-1-27888'>\n\t\t\t\tBekommt der Hinterradmotor seine zweite Chance?\n\t\t\t\t<\/dd><\/dl><br style=\"clear: both\" \/>\n\t\t<\/div>\n<\/div>[\/vc_column_text][\/vc_column][\/vc_row][\/vc_section][vc_row][vc_column width=&#8220;1\/1&#8243;][\/vc_column][\/vc_row]<\/p>\n\n\n<div class=\"kk-star-ratings kksr-auto kksr-align-left kksr-valign-bottom\"\n    data-payload='{&quot;align&quot;:&quot;left&quot;,&quot;id&quot;:&quot;2031&quot;,&quot;slug&quot;:&quot;default&quot;,&quot;valign&quot;:&quot;bottom&quot;,&quot;ignore&quot;:&quot;&quot;,&quot;reference&quot;:&quot;auto&quot;,&quot;class&quot;:&quot;&quot;,&quot;count&quot;:&quot;4&quot;,&quot;legendonly&quot;:&quot;&quot;,&quot;readonly&quot;:&quot;&quot;,&quot;score&quot;:&quot;3.2&quot;,&quot;best&quot;:&quot;5&quot;,&quot;gap&quot;:&quot;5&quot;,&quot;greet&quot;:&quot;Rate this post&quot;,&quot;legend&quot;:&quot;3.2\\\/5 - (4 votes)&quot;,&quot;size&quot;:&quot;22&quot;,&quot;width&quot;:&quot;83.9&quot;,&quot;_legend&quot;:&quot;{score}\\\/{best} - ({count} {votes})&quot;,&quot;font_factor&quot;:&quot;1.25&quot;}'>\n            \n<div class=\"kksr-stars\">\n    \n<div class=\"kksr-stars-inactive\">\n            <div class=\"kksr-star\" data-star=\"1\" style=\"padding-right: 5px\">\n            \n\n<div class=\"kksr-icon\" style=\"width: 22px; height: 22px;\"><\/div>\n        <\/div>\n            <div class=\"kksr-star\" data-star=\"2\" style=\"padding-right: 5px\">\n            \n\n<div class=\"kksr-icon\" style=\"width: 22px; height: 22px;\"><\/div>\n        <\/div>\n            <div class=\"kksr-star\" data-star=\"3\" style=\"padding-right: 5px\">\n            \n\n<div class=\"kksr-icon\" style=\"width: 22px; height: 22px;\"><\/div>\n        <\/div>\n            <div class=\"kksr-star\" data-star=\"4\" style=\"padding-right: 5px\">\n            \n\n<div class=\"kksr-icon\" style=\"width: 22px; height: 22px;\"><\/div>\n        <\/div>\n            <div class=\"kksr-star\" data-star=\"5\" style=\"padding-right: 5px\">\n            \n\n<div class=\"kksr-icon\" style=\"width: 22px; height: 22px;\"><\/div>\n        <\/div>\n    <\/div>\n    \n<div class=\"kksr-stars-active\" style=\"width: 83.9px;\">\n            <div class=\"kksr-star\" style=\"padding-right: 5px\">\n            \n\n<div class=\"kksr-icon\" style=\"width: 22px; height: 22px;\"><\/div>\n        <\/div>\n            <div class=\"kksr-star\" style=\"padding-right: 5px\">\n            \n\n<div class=\"kksr-icon\" style=\"width: 22px; height: 22px;\"><\/div>\n        <\/div>\n            <div class=\"kksr-star\" style=\"padding-right: 5px\">\n            \n\n<div class=\"kksr-icon\" style=\"width: 22px; height: 22px;\"><\/div>\n        <\/div>\n            <div class=\"kksr-star\" style=\"padding-right: 5px\">\n            \n\n<div class=\"kksr-icon\" style=\"width: 22px; height: 22px;\"><\/div>\n        <\/div>\n            <div class=\"kksr-star\" style=\"padding-right: 5px\">\n            \n\n<div class=\"kksr-icon\" style=\"width: 22px; height: 22px;\"><\/div>\n        <\/div>\n    <\/div>\n<\/div>\n        \n\n<div class=\"kksr-legend\" style=\"font-size: 17.6px;\">\n            3.2\/5 - (4 votes)    <\/div>\n<\/div>\n<\/section>","protected":false},"excerpt":{"rendered":"<p>[vc_row][vc_column][vc_column_text]Beim Kauf eines MTBs ist nicht nur das Fahrrad selbst, sondern auch das richtige Mountainbike-Zubeh\u00f6r wichtig. Nat\u00fcrlich sollte man sich nicht gleich alles auf einmal kaufen, doch die n\u00f6tige Grundausstattung sollte in jedem Fall dabei sein. Wir sagen dir, welche Investitionen n\u00fctzlich sind \u2013 nicht nur aus Gr\u00fcnden der Sicherheit, sondern auch des Komforts. Safety first! Denke immer erst an deine eigene Gesundheit und schreibe dem Thema Sicherheit h\u00f6chste Priorit\u00e4t zu. Wer sich ein Mountainbike zulegt, der sollte auch Geld f\u00fcr das folgende Zubeh\u00f6r in die Hand nehmen: Mountainbike-Zubeh\u00f6r im Bereich Sicherheit Helm Fahrradbeleuchtung Schutzbrille Klingel Fahrradschloss Fahrrad-Handschuhe Zweifellos ist ein Helm die wertvollste Sicherheitsausr\u00fcstung eines Radsportlers und geh\u00f6rt daher auf jeden Kopf. Lass dich beim Kauf ausf\u00fchrlich beraten! Der Fahrradhelm muss nicht nur den aktuellsten Sicherheitsstandards entsprechen, sondern sollte vor allem gut sitzen. Ebenfalls wichtig sind ein geringes Gewicht und eine bestm\u00f6gliche Bel\u00fcftung. Aussagen wie \u201ezu warm\u201c oder \u201esieht doof aus\u201c geh\u00f6ren der Vergangenheit an, denn die Helme vereinen mittlerweile Tragekomfort und \u00c4sthetik. F\u00fchre dir aber immer vor Augen, dass ein Helm dein\u00a0Leben retten kann, und nur das z\u00e4hlt! [\/vc_column_text][vc_column_text] Ein Beispiel aus unserem Fahrrad XXL Onlineshop MTB-Helm Lazer Oasiz Gr\u00f6\u00dfen: M (52 &#8211; 58cm), L (59 &#8211; 61cm) [&hellip;]<\/p>\n","protected":false},"author":3,"featured_media":19655,"comment_status":"open","ping_status":"open","sticky":false,"template":"","format":"standard","meta":[],"categories":[29],"tags":[],"yoast_head":"<!-- This site is optimized with the Yoast SEO plugin v19.10 - https:\/\/yoast.com\/wordpress\/plugins\/seo\/ -->\n<title>Voll ausgestattet? Das richtige Mountainbike-Zubeh\u00f6r - Fahrrad XXL Blog<\/title>\n<meta name=\"description\" content=\"Neu im Fahrrad XXL Blog: Voll ausgestattet? Das richtige Mountainbike-Zubeh\u00f6r\" \/>\n<meta name=\"robots\" content=\"index, follow, max-snippet:-1, max-image-preview:large, max-video-preview:-1\" \/>\n<link rel=\"canonical\" href=\"https:\/\/www.fahrrad-xxl.de\/blog\/voll-ausgestattet-das-richtige-mountainbike-zubehoer\/\" \/>\n<meta property=\"og:locale\" content=\"de_DE\" \/>\n<meta property=\"og:type\" content=\"article\" \/>\n<meta property=\"og:title\" content=\"Voll ausgestattet? Das richtige Mountainbike-Zubeh\u00f6r - Fahrrad XXL Blog\" \/>\n<meta property=\"og:description\" content=\"Neu im Fahrrad XXL Blog: Voll ausgestattet? Das richtige Mountainbike-Zubeh\u00f6r\" \/>\n<meta property=\"og:url\" content=\"https:\/\/www.fahrrad-xxl.de\/blog\/voll-ausgestattet-das-richtige-mountainbike-zubehoer\/\" \/>\n<meta property=\"og:site_name\" content=\"Fahrrad XXL Blog\" \/>\n<meta property=\"article:publisher\" content=\"https:\/\/www.facebook.com\/FahrradXXL\" \/>\n<meta property=\"article:published_time\" content=\"2014-04-23T14:51:04+00:00\" \/>\n<meta property=\"article:modified_time\" content=\"2020-10-09T11:37:30+00:00\" \/>\n<meta property=\"og:image\" content=\"https:\/\/www.fahrrad-xxl.de\/blog\/wp-content\/uploads\/2014\/04\/cycling-1533270_1920.jpg\" \/>\n\t<meta property=\"og:image:width\" content=\"1920\" \/>\n\t<meta property=\"og:image:height\" content=\"1278\" \/>\n\t<meta property=\"og:image:type\" content=\"image\/jpeg\" \/>\n<meta name=\"author\" content=\"Daniel Maier\" \/>\n<meta name=\"twitter:card\" content=\"summary_large_image\" \/>\n<meta name=\"twitter:label1\" content=\"Verfasst von\" \/>\n\t<meta name=\"twitter:data1\" content=\"Daniel Maier\" \/>\n\t<meta name=\"twitter:label2\" content=\"Gesch\u00e4tzte Lesezeit\" \/>\n\t<meta name=\"twitter:data2\" content=\"5\u00a0Minuten\" \/>\n<script type=\"application\/ld+json\" class=\"yoast-schema-graph\">{\"@context\":\"https:\/\/schema.org\",\"@graph\":[{\"@type\":\"Article\",\"@id\":\"https:\/\/www.fahrrad-xxl.de\/blog\/voll-ausgestattet-das-richtige-mountainbike-zubehoer\/#article\",\"isPartOf\":{\"@id\":\"https:\/\/www.fahrrad-xxl.de\/blog\/voll-ausgestattet-das-richtige-mountainbike-zubehoer\/\"},\"author\":{\"name\":\"Daniel Maier\",\"@id\":\"https:\/\/www.fahrrad-xxl.de\/blog\/#\/schema\/person\/b5e72df5f39c0545c250684b481cab9c\"},\"headline\":\"Voll ausgestattet? Das richtige Mountainbike-Zubeh\u00f6r\",\"datePublished\":\"2014-04-23T14:51:04+00:00\",\"dateModified\":\"2020-10-09T11:37:30+00:00\",\"mainEntityOfPage\":{\"@id\":\"https:\/\/www.fahrrad-xxl.de\/blog\/voll-ausgestattet-das-richtige-mountainbike-zubehoer\/\"},\"wordCount\":922,\"commentCount\":2,\"publisher\":{\"@id\":\"https:\/\/www.fahrrad-xxl.de\/blog\/#organization\"},\"articleSection\":[\"News\/Interessantes\"],\"inLanguage\":\"de\",\"potentialAction\":[{\"@type\":\"CommentAction\",\"name\":\"Comment\",\"target\":[\"https:\/\/www.fahrrad-xxl.de\/blog\/voll-ausgestattet-das-richtige-mountainbike-zubehoer\/#respond\"]}]},{\"@type\":\"WebPage\",\"@id\":\"https:\/\/www.fahrrad-xxl.de\/blog\/voll-ausgestattet-das-richtige-mountainbike-zubehoer\/\",\"url\":\"https:\/\/www.fahrrad-xxl.de\/blog\/voll-ausgestattet-das-richtige-mountainbike-zubehoer\/\",\"name\":\"Voll ausgestattet? Das richtige Mountainbike-Zubeh\u00f6r - Fahrrad XXL Blog\",\"isPartOf\":{\"@id\":\"https:\/\/www.fahrrad-xxl.de\/blog\/#website\"},\"datePublished\":\"2014-04-23T14:51:04+00:00\",\"dateModified\":\"2020-10-09T11:37:30+00:00\",\"description\":\"Neu im Fahrrad XXL Blog: Voll ausgestattet? Das richtige Mountainbike-Zubeh\u00f6r\",\"breadcrumb\":{\"@id\":\"https:\/\/www.fahrrad-xxl.de\/blog\/voll-ausgestattet-das-richtige-mountainbike-zubehoer\/#breadcrumb\"},\"inLanguage\":\"de\",\"potentialAction\":[{\"@type\":\"ReadAction\",\"target\":[\"https:\/\/www.fahrrad-xxl.de\/blog\/voll-ausgestattet-das-richtige-mountainbike-zubehoer\/\"]}]},{\"@type\":\"BreadcrumbList\",\"@id\":\"https:\/\/www.fahrrad-xxl.de\/blog\/voll-ausgestattet-das-richtige-mountainbike-zubehoer\/#breadcrumb\",\"itemListElement\":[{\"@type\":\"ListItem\",\"position\":1,\"name\":\"Startseite\",\"item\":\"https:\/\/www.fahrrad-xxl.de\/blog\/\"},{\"@type\":\"ListItem\",\"position\":2,\"name\":\"Voll ausgestattet? Das richtige Mountainbike-Zubeh\u00f6r\"}]},{\"@type\":\"WebSite\",\"@id\":\"https:\/\/www.fahrrad-xxl.de\/blog\/#website\",\"url\":\"https:\/\/www.fahrrad-xxl.de\/blog\/\",\"name\":\"Fahrrad XXL Blog\",\"description\":\"Erleben | Testen | Losfahren\",\"publisher\":{\"@id\":\"https:\/\/www.fahrrad-xxl.de\/blog\/#organization\"},\"potentialAction\":[{\"@type\":\"SearchAction\",\"target\":{\"@type\":\"EntryPoint\",\"urlTemplate\":\"https:\/\/www.fahrrad-xxl.de\/blog\/?s={search_term_string}\"},\"query-input\":\"required name=search_term_string\"}],\"inLanguage\":\"de\"},{\"@type\":\"Organization\",\"@id\":\"https:\/\/www.fahrrad-xxl.de\/blog\/#organization\",\"name\":\"Fahrrad XXL\",\"url\":\"https:\/\/www.fahrrad-xxl.de\/blog\/\",\"logo\":{\"@type\":\"ImageObject\",\"inLanguage\":\"de\",\"@id\":\"https:\/\/www.fahrrad-xxl.de\/blog\/#\/schema\/logo\/image\/\",\"url\":\"https:\/\/www.fahrrad-xxl.de\/blog\/wp-content\/uploads\/2018\/03\/FXXL-Blog-Logo-100-c.png\",\"contentUrl\":\"https:\/\/www.fahrrad-xxl.de\/blog\/wp-content\/uploads\/2018\/03\/FXXL-Blog-Logo-100-c.png\",\"width\":450,\"height\":100,\"caption\":\"Fahrrad XXL\"},\"image\":{\"@id\":\"https:\/\/www.fahrrad-xxl.de\/blog\/#\/schema\/logo\/image\/\"},\"sameAs\":[\"https:\/\/www.instagram.com\/fahrradxxl\",\"https:\/\/www.youtube.com\/user\/FahrradXXLde\",\"https:\/\/www.tiktok.com\/@fahrrad_xxl\",\"https:\/\/www.facebook.com\/FahrradXXL\"]},{\"@type\":\"Person\",\"@id\":\"https:\/\/www.fahrrad-xxl.de\/blog\/#\/schema\/person\/b5e72df5f39c0545c250684b481cab9c\",\"name\":\"Daniel Maier\",\"description\":\"F\u00e4hrt gerne: Road Bikes: Focus Izalco Chrono Max 3.0, Giant TCR Advanced, Giant TCR Composite Lieblings-Radrevier: Allg\u00e4u, Schwarzwald, Wetterau, Vogelsberg\",\"url\":\"https:\/\/www.fahrrad-xxl.de\/blog\/author\/d-maierfahrrad-xxl-de\/\"}]}<\/script>\n<!-- \/ Yoast SEO plugin. -->","yoast_head_json":{"title":"Voll ausgestattet? Das richtige Mountainbike-Zubeh\u00f6r - Fahrrad XXL Blog","description":"Neu im Fahrrad XXL Blog: Voll ausgestattet? Das richtige Mountainbike-Zubeh\u00f6r","robots":{"index":"index","follow":"follow","max-snippet":"max-snippet:-1","max-image-preview":"max-image-preview:large","max-video-preview":"max-video-preview:-1"},"canonical":"https:\/\/www.fahrrad-xxl.de\/blog\/voll-ausgestattet-das-richtige-mountainbike-zubehoer\/","og_locale":"de_DE","og_type":"article","og_title":"Voll ausgestattet? Das richtige Mountainbike-Zubeh\u00f6r - Fahrrad XXL Blog","og_description":"Neu im Fahrrad XXL Blog: Voll ausgestattet? Das richtige Mountainbike-Zubeh\u00f6r","og_url":"https:\/\/www.fahrrad-xxl.de\/blog\/voll-ausgestattet-das-richtige-mountainbike-zubehoer\/","og_site_name":"Fahrrad XXL Blog","article_publisher":"https:\/\/www.facebook.com\/FahrradXXL","article_published_time":"2014-04-23T14:51:04+00:00","article_modified_time":"2020-10-09T11:37:30+00:00","og_image":[{"width":1920,"height":1278,"url":"https:\/\/www.fahrrad-xxl.de\/blog\/wp-content\/uploads\/2014\/04\/cycling-1533270_1920.jpg","type":"image\/jpeg"}],"author":"Daniel Maier","twitter_card":"summary_large_image","twitter_misc":{"Verfasst von":"Daniel Maier","Gesch\u00e4tzte Lesezeit":"5\u00a0Minuten"},"schema":{"@context":"https:\/\/schema.org","@graph":[{"@type":"Article","@id":"https:\/\/www.fahrrad-xxl.de\/blog\/voll-ausgestattet-das-richtige-mountainbike-zubehoer\/#article","isPartOf":{"@id":"https:\/\/www.fahrrad-xxl.de\/blog\/voll-ausgestattet-das-richtige-mountainbike-zubehoer\/"},"author":{"name":"Daniel Maier","@id":"https:\/\/www.fahrrad-xxl.de\/blog\/#\/schema\/person\/b5e72df5f39c0545c250684b481cab9c"},"headline":"Voll ausgestattet? Das richtige Mountainbike-Zubeh\u00f6r","datePublished":"2014-04-23T14:51:04+00:00","dateModified":"2020-10-09T11:37:30+00:00","mainEntityOfPage":{"@id":"https:\/\/www.fahrrad-xxl.de\/blog\/voll-ausgestattet-das-richtige-mountainbike-zubehoer\/"},"wordCount":922,"commentCount":2,"publisher":{"@id":"https:\/\/www.fahrrad-xxl.de\/blog\/#organization"},"articleSection":["News\/Interessantes"],"inLanguage":"de","potentialAction":[{"@type":"CommentAction","name":"Comment","target":["https:\/\/www.fahrrad-xxl.de\/blog\/voll-ausgestattet-das-richtige-mountainbike-zubehoer\/#respond"]}]},{"@type":"WebPage","@id":"https:\/\/www.fahrrad-xxl.de\/blog\/voll-ausgestattet-das-richtige-mountainbike-zubehoer\/","url":"https:\/\/www.fahrrad-xxl.de\/blog\/voll-ausgestattet-das-richtige-mountainbike-zubehoer\/","name":"Voll ausgestattet? Das richtige Mountainbike-Zubeh\u00f6r - Fahrrad XXL Blog","isPartOf":{"@id":"https:\/\/www.fahrrad-xxl.de\/blog\/#website"},"datePublished":"2014-04-23T14:51:04+00:00","dateModified":"2020-10-09T11:37:30+00:00","description":"Neu im Fahrrad XXL Blog: Voll ausgestattet? Das richtige Mountainbike-Zubeh\u00f6r","breadcrumb":{"@id":"https:\/\/www.fahrrad-xxl.de\/blog\/voll-ausgestattet-das-richtige-mountainbike-zubehoer\/#breadcrumb"},"inLanguage":"de","potentialAction":[{"@type":"ReadAction","target":["https:\/\/www.fahrrad-xxl.de\/blog\/voll-ausgestattet-das-richtige-mountainbike-zubehoer\/"]}]},{"@type":"BreadcrumbList","@id":"https:\/\/www.fahrrad-xxl.de\/blog\/voll-ausgestattet-das-richtige-mountainbike-zubehoer\/#breadcrumb","itemListElement":[{"@type":"ListItem","position":1,"name":"Startseite","item":"https:\/\/www.fahrrad-xxl.de\/blog\/"},{"@type":"ListItem","position":2,"name":"Voll ausgestattet? Das richtige Mountainbike-Zubeh\u00f6r"}]},{"@type":"WebSite","@id":"https:\/\/www.fahrrad-xxl.de\/blog\/#website","url":"https:\/\/www.fahrrad-xxl.de\/blog\/","name":"Fahrrad XXL Blog","description":"Erleben | Testen | Losfahren","publisher":{"@id":"https:\/\/www.fahrrad-xxl.de\/blog\/#organization"},"potentialAction":[{"@type":"SearchAction","target":{"@type":"EntryPoint","urlTemplate":"https:\/\/www.fahrrad-xxl.de\/blog\/?s={search_term_string}"},"query-input":"required name=search_term_string"}],"inLanguage":"de"},{"@type":"Organization","@id":"https:\/\/www.fahrrad-xxl.de\/blog\/#organization","name":"Fahrrad XXL","url":"https:\/\/www.fahrrad-xxl.de\/blog\/","logo":{"@type":"ImageObject","inLanguage":"de","@id":"https:\/\/www.fahrrad-xxl.de\/blog\/#\/schema\/logo\/image\/","url":"https:\/\/www.fahrrad-xxl.de\/blog\/wp-content\/uploads\/2018\/03\/FXXL-Blog-Logo-100-c.png","contentUrl":"https:\/\/www.fahrrad-xxl.de\/blog\/wp-content\/uploads\/2018\/03\/FXXL-Blog-Logo-100-c.png","width":450,"height":100,"caption":"Fahrrad XXL"},"image":{"@id":"https:\/\/www.fahrrad-xxl.de\/blog\/#\/schema\/logo\/image\/"},"sameAs":["https:\/\/www.instagram.com\/fahrradxxl","https:\/\/www.youtube.com\/user\/FahrradXXLde","https:\/\/www.tiktok.com\/@fahrrad_xxl","https:\/\/www.facebook.com\/FahrradXXL"]},{"@type":"Person","@id":"https:\/\/www.fahrrad-xxl.de\/blog\/#\/schema\/person\/b5e72df5f39c0545c250684b481cab9c","name":"Daniel Maier","description":"F\u00e4hrt gerne: Road Bikes: Focus Izalco Chrono Max 3.0, Giant TCR Advanced, Giant TCR Composite Lieblings-Radrevier: Allg\u00e4u, Schwarzwald, Wetterau, Vogelsberg","url":"https:\/\/www.fahrrad-xxl.de\/blog\/author\/d-maierfahrrad-xxl-de\/"}]}},"_links":{"self":[{"href":"https:\/\/www.fahrrad-xxl.de\/blog\/wp-json\/wp\/v2\/posts\/2031"}],"collection":[{"href":"https:\/\/www.fahrrad-xxl.de\/blog\/wp-json\/wp\/v2\/posts"}],"about":[{"href":"https:\/\/www.fahrrad-xxl.de\/blog\/wp-json\/wp\/v2\/types\/post"}],"author":[{"embeddable":true,"href":"https:\/\/www.fahrrad-xxl.de\/blog\/wp-json\/wp\/v2\/users\/3"}],"replies":[{"embeddable":true,"href":"https:\/\/www.fahrrad-xxl.de\/blog\/wp-json\/wp\/v2\/comments?post=2031"}],"version-history":[{"count":1,"href":"https:\/\/www.fahrrad-xxl.de\/blog\/wp-json\/wp\/v2\/posts\/2031\/revisions"}],"predecessor-version":[{"id":30367,"href":"https:\/\/www.fahrrad-xxl.de\/blog\/wp-json\/wp\/v2\/posts\/2031\/revisions\/30367"}],"wp:featuredmedia":[{"embeddable":true,"href":"https:\/\/www.fahrrad-xxl.de\/blog\/wp-json\/wp\/v2\/media\/19655"}],"wp:attachment":[{"href":"https:\/\/www.fahrrad-xxl.de\/blog\/wp-json\/wp\/v2\/media?parent=2031"}],"wp:term":[{"taxonomy":"category","embeddable":true,"href":"https:\/\/www.fahrrad-xxl.de\/blog\/wp-json\/wp\/v2\/categories?post=2031"},{"taxonomy":"post_tag","embeddable":true,"href":"https:\/\/www.fahrrad-xxl.de\/blog\/wp-json\/wp\/v2\/tags?post=2031"}],"curies":[{"name":"wp","href":"https:\/\/api.w.org\/{rel}","templated":true}]}}