{"id":20480,"date":"2018-11-05T13:04:04","date_gmt":"2018-11-05T12:04:04","guid":{"rendered":"https:\/\/www.fahrrad-xxl.de\/blog\/?p=20480"},"modified":"2020-02-18T14:46:17","modified_gmt":"2020-02-18T13:46:17","slug":"die-groessten-jedermannrennen","status":"publish","type":"post","link":"https:\/\/www.fahrrad-xxl.de\/blog\/die-groessten-jedermannrennen\/","title":{"rendered":"Die gr\u00f6\u00dften Jedermannrennen \u2013 weltweite Highlights f\u00fcr Radsportfans"},"content":{"rendered":"<section class=\"wpb-content-wrapper\"><p>[vc_row][vc_column width=&#8220;1\/1&#8243;][vc_column_text]<span class=\"TextRun SCXW6561107\" lang=\"DE-DE\" xml:lang=\"DE-DE\"><span class=\"NormalTextRun SCXW6561107\">Unter Radsportler werden sie immer\u00a0<\/span><\/span><span class=\"TextRun SCXW6561107\" lang=\"DE-DE\" xml:lang=\"DE-DE\"><span class=\"NormalTextRun SCXW6561107\">beliebter und bieten gute M\u00f6glichkeiten, sich mit anderen zu messen oder einfach mal eine abwechslungsreiche Trainingseinheit zu absolvieren<\/span><\/span><span class=\"TextRun SCXW6561107\" lang=\"DE-DE\" xml:lang=\"DE-DE\"><span class=\"NormalTextRun SCXW6561107\">: die\u00a0<\/span><\/span><span class=\"TextRun SCXW6561107\" lang=\"DE-DE\" xml:lang=\"DE-DE\"><span class=\"SpellingError SCXW6561107\">Jedermannrennen<\/span><\/span><span class=\"TextRun SCXW6561107\" lang=\"DE-DE\" xml:lang=\"DE-DE\"><span class=\"NormalTextRun SCXW6561107\">. Die Veranstaltungen f\u00fcr Hobbysportler f\u00fchren durch wundersch\u00f6ne Natur oder entlang st\u00e4dtischer Sehensw\u00fcrdigkeiten.\u00a0<\/span><\/span><span class=\"TextRun SCXW6561107\" lang=\"DE-DE\" xml:lang=\"DE-DE\"><span class=\"NormalTextRun SCXW6561107\">Bei<\/span><\/span><span class=\"TextRun SCXW6561107\" lang=\"DE-DE\" xml:lang=\"DE-DE\"><span class=\"NormalTextRun SCXW6561107\">\u00a0einigen Rennen herrscht gar ein wenig Profi-Atmosph\u00e4re, wenn\u00a0<\/span><\/span><span class=\"TextRun SCXW6561107\" lang=\"DE-DE\" xml:lang=\"DE-DE\"><span class=\"NormalTextRun SCXW6561107\">man gemeinsam mit diversen Teilnehmern der Tour de France oder anderer prestigetr\u00e4chtiger Wettk\u00e4mpfe\u00a0<\/span><\/span><span class=\"TextRun SCXW6561107\" lang=\"DE-DE\" xml:lang=\"DE-DE\"><span class=\"NormalTextRun SCXW6561107\">an der Startlinie stehen kann. Hier<\/span><\/span><span class=\"TextRun SCXW6561107\" lang=\"DE-DE\" xml:lang=\"DE-DE\"><span class=\"NormalTextRun SCXW6561107\">\u00a0stellen wir dir einige der gr\u00f6\u00dften und bekanntesten\u00a0<\/span><\/span><span class=\"TextRun SCXW6561107\" lang=\"DE-DE\" xml:lang=\"DE-DE\"><span class=\"SpellingError SCXW6561107\">Jedermannrennen<\/span><\/span><span class=\"TextRun SCXW6561107\" lang=\"DE-DE\" xml:lang=\"DE-DE\"><span class=\"NormalTextRun SCXW6561107\">\u00a0in Deutschland und auf der Welt vor, die sich alle durch einen ganz eigenen Charakter auszeichnen und die jede Jederfrau und jeder Jedermann<\/span><\/span><span class=\"TextRun SCXW6561107\" lang=\"DE-DE\" xml:lang=\"DE-DE\"><span class=\"NormalTextRun SCXW6561107\">\u00a0einmal im Radfahrerleben absolviert <\/span><\/span><span class=\"TextRun SCXW6561107\" lang=\"DE-DE\" xml:lang=\"DE-DE\"><span class=\"NormalTextRun SCXW6561107\">haben sollte.<\/span><\/span><span class=\"EOP SCXW6561107\" data-ccp-props=\"{&quot;201341983&quot;:0,&quot;335551550&quot;:1,&quot;335551620&quot;:1,&quot;335559739&quot;:200,&quot;335559740&quot;:276}\">\u00a0<\/span>[\/vc_column_text][\/vc_column][\/vc_row][vc_row][vc_column width=&#8220;1\/1&#8243;][vc_column_text]<\/p>\n<h2><span class=\"ez-toc-section\" id=\"jedermannrennen-in-aller-welt\"><\/span>Jedermannrennen in aller Welt<span class=\"ez-toc-section-end\"><\/span><\/h2>\n<h3>Tour\u00a0Transalp<\/h3>\n<p>Die Tour\u00a0Transalp\u00a0ist benannt nach dem gr\u00f6\u00dften Rennradmagazin Europas \u2013 der \u201eTour\u201c. Die Tour veranstaltet dieses Etappenrennen f\u00fcr Jedermann, welches seit 2003 ausgetragen wird. Jedes Jahr starten in der letzten Juni Woche rund 1000 Rennradfahrerinnen und Rennradfahrer auf der Nordseite der Alpen und fahren in sechs Etappen zum Gardasee. W\u00e4hrend Startort und Route des Rennens jedes Jahr wechseln, bleibt das Ziel gleich \u2013 die Nordseite des Gardasees. Das Besondere an diesem Rennen ist neben der Tatsache, dass es sich um eines der wenigen Etappenrennen f\u00fcr\u00a0Jederfrauen\u00a0und -m\u00e4nner handelt, der Rennmodus. Die Tour\u00a0Transalp\u00a0wird \u2013 wie ihre Schwesterveranstaltung, das Mountainbike Rennen \u201eBike\u00a0Transalp\u201c \u2013 im Zweierteam gefahren. Beide Mitglieder eines Teams m\u00fcssen die gesamte Strecke zur\u00fccklegen. In die Gesamtwertung geht jeweils die Zeit des langsameren Teammitglieds auf den einzelnen Etappen ein. Das Rennen bietet damit ein gro\u00dfartiges Gemeinschaftserlebnis und ist zugleich eine echte Pr\u00fcfung f\u00fcr Freundschaften. Schlie\u00dflich k\u00f6nnen sich kleine Leistungsunterschiede, die bei gemeinsamen Ausfahrten kaum ins Gewicht fallen, bei der sechs Tage dauernden Dauerbelastung durchaus zu grundlegenden Differenzen f\u00fchren.<span data-ccp-props=\"{&quot;201341983&quot;:0,&quot;335559739&quot;:200,&quot;335559740&quot;:276}\">\u00a0<\/span><\/p>\n<p>Der Reiz der Tour\u00a0Transalp\u00a0ist vielf\u00e4ltig. Es beginnt zuhause vor dem Rechner bei der Auseinandersetzung mit der Strecke, \u00fcber die Frage nach dem geeigneten Material und der richtigen Ern\u00e4hrung. Vor Ort ist es dann das t\u00e4gliche Warten auf den Etappenstart, die immer wieder gleichen Konkurrenten auf der Strecke und schlie\u00dflich die allabendliche Pasta Party. Die Tour\u00a0Transalp\u00a0ist ein einw\u00f6chiges\u00a0Radsportfestival\u00a0bei dem jeder auf seine Kosten kommt.<span data-ccp-props=\"{&quot;201341983&quot;:0,&quot;335559739&quot;:200,&quot;335559740&quot;:276}\">\u00a0<\/span><\/p>\n<p>Die kommende Tour\u00a0Transalp\u00a0wird vom 23. bis 29. Juni 2019 stattfinden. <a href=\"https:\/\/tour-transalp.de\/\" target=\"_blank\" rel=\"noopener noreferrer\">Hier<\/a> kannst du dich\u00a0informieren.<span data-ccp-props=\"{&quot;201341983&quot;:0,&quot;335559739&quot;:200,&quot;335559740&quot;:276}\">\u00a0<\/span>[\/vc_column_text]<div class=\"flexslider wpb_content_element\"><ul class=\"slides\"><li><img src=\"https:\/\/www.fahrrad-xxl.de\/blog\/wp-content\/uploads\/2018\/10\/csm_8166_UG_TT2018_Etappe7_03_a3128d465d.jpg\" alt=\"Die gr\u00f6\u00dften Jedermannrennen \u2013 weltweite Highlights f\u00fcr Radsportfans\" \/><\/li><li><img src=\"https:\/\/www.fahrrad-xxl.de\/blog\/wp-content\/uploads\/2018\/10\/csm_8074_UG_TT2018_Etappe6_29_94dd10f887.jpg\" alt=\"Die gr\u00f6\u00dften Jedermannrennen \u2013 weltweite Highlights f\u00fcr Radsportfans\" \/><\/li><li><img src=\"https:\/\/www.fahrrad-xxl.de\/blog\/wp-content\/uploads\/2018\/10\/csm_8083_UG_TT2018_Etappe6_24_65aef2eb15.jpg\" alt=\"Die gr\u00f6\u00dften Jedermannrennen \u2013 weltweite Highlights f\u00fcr Radsportfans\" \/><\/li><\/ul><\/div>[vc_column_text]<span lang=\"de\"><span style=\"font-family: Calibri,sans-serif; font-size: small;\">Bildnachweis: <span class=\"st\">\u00a9<\/span> UWE GEISSLER &amp; MARTIN SASS<\/span><\/span>[\/vc_column_text][\/vc_column][\/vc_row][vc_row][vc_column width=&#8220;1\/1&#8243;][vc_column_text]<\/p>\n<h3>\u00d6tztaler\u00a0Radmarathon<\/h3>\n<p>Der \u00d6tztaler Radmarathon wird seit 1982 ausgetragen. Dieses Rennen verlangt den Fahrerinnen und Fahrern alles ab. Es f\u00fchrt auf rund 240 km \u00fcber gleich vier Alpenp\u00e4sse. Dabei m\u00fcssen \u00fcber 5000 H\u00f6henmeter \u00fcberwunden werden. Trotz \u2013 oder wegen \u2013 dieser enormen Herausforderungen erfreut sich der \u201e\u00d6tzi\u201c einer Beliebtheit wie kaum ein anderes Rennen. Die Teilnehmerzahl ist auf 4000 begrenzt und so bewerben sich jedes Jahr mehrere Personen auf jeden einzelnen Startplatz. Aufgrund der enormen Beliebtheit werden die Startpl\u00e4tze seit 2008 per Losverfahren vergeben.<span data-ccp-props=\"{&quot;201341983&quot;:0,&quot;335559739&quot;:200,&quot;335559740&quot;:276}\">\u00a0<\/span><\/p>\n<p>Der \u00d6tztaler Radmarathon wird von der gesamten Region getragen. Das Rennen startet noch in der Morgend\u00e4mmerung um 6.45Uhr in S\u00f6lden und schon hier stehen zahlreiche Zuschauer am Streckenrand. Von hier geht es \u2013 noch immer in der D\u00e4mmerung \u2013 rund 40 km das \u00d6tztal in den Ort\u00a0\u00d6tz\u00a0hinab, wo sich der Einstieg in den ersten Pass, den 2020 m hohen\u00a0K\u00fchtai, befindet. Die kommenden 16 km verlaufen teils steil ansteigend bis zur Passh\u00f6he. Von dort geht es in atemberaubender Geschwindigkeit hinunter in Richtung Innsbruck, wo der bekannte Brennerpass beginnt. Die Steigung des Passes nehmen die meisten der Teilnehmer im Windschatten und nach der Steigung des\u00a0K\u00fchtais\u00a0kaum wahr. Es folgt erneut eine schnelle Abfahrt hinunter nach Sterzing. Dort beginnt der dritte Pass. Der Jaufenpass ist 2090m hoch. Die Steigung ist recht gleichm\u00e4\u00dfig sodass er sich \u2013 sobald einmal ein Rhythmus gefunden ist \u2013 gut fahren l\u00e4sst. Die Abfahrt mit vielen Kurven erfordert dann ein wenig Konzentration. Sie f\u00fchrt nach St. Leonhard, wo die Strecke dann in einem Kreisel scharf nach rechts abzweigt und direkt in den letzten und zugleich auch anspruchsvollsten Anstieg des Tages f\u00fchrt. Auf dem Weg zum 2509m hohen\u00a0Timmelsjoch\u00a0sind 1759 m auf knappen 30 km Distanz zu bew\u00e4ltigen, wobei die Steigung sich immer mal wieder \u00e4ndert. Auf der Passh\u00f6he angekommen geht es erstmal f\u00fcr einige Hundert Meter durch einen Tunnel. Am\u00a0Tunnelsausgang\u00a0verk\u00fcndet ein Banner: \u201eHier hast du deinen Traum\u201c. Vom Ziel in S\u00f6lden trennen dich nun noch knappe 30km Abfahrt mit einem kleinen Gegenanstieg von 220 H\u00f6henmetern, die nun aber wirklich nicht mehr ins Gewicht fallen.<span data-ccp-props=\"{&quot;201341983&quot;:0,&quot;335559739&quot;:200,&quot;335559740&quot;:276}\">\u00a0<\/span><\/p>\n<p>F\u00fcr die Lotterie um einen Startplatz kannst du dich <a href=\"https:\/\/www.oetztaler-radmarathon.com\" target=\"_blank\" rel=\"noopener noreferrer\">hier<\/a> anmelden.<span data-ccp-props=\"{&quot;201341983&quot;:0,&quot;335559739&quot;:200,&quot;335559740&quot;:276}\">\u00a0<\/span>[\/vc_column_text]<div class=\"flexslider wpb_content_element\"><ul class=\"slides\"><li><img src=\"https:\/\/www.fahrrad-xxl.de\/blog\/wp-content\/uploads\/2018\/10\/Copyright-\u00d6tztal-Tourismus_Lukas-Ennemoser.jpg\" alt=\"Die gr\u00f6\u00dften Jedermannrennen \u2013 weltweite Highlights f\u00fcr Radsportfans\" \/><\/li><li><img src=\"https:\/\/www.fahrrad-xxl.de\/blog\/wp-content\/uploads\/2018\/10\/Copyright-\u00d6tztal-Tourismus_Lukas-Ennemoser-2.jpg\" alt=\"Die gr\u00f6\u00dften Jedermannrennen \u2013 weltweite Highlights f\u00fcr Radsportfans\" \/><\/li><\/ul><\/div>[vc_column_text]<span lang=\"de\"><span style=\"font-family: Calibri,sans-serif; font-size: small;\">Bildnachweis: <span class=\"st\">\u00a9<\/span> \u00d6tztal Tourismus\/Lukas Ennemoser<\/span><\/span>[\/vc_column_text][\/vc_column][\/vc_row][vc_row][vc_column width=&#8220;1\/1&#8243;][vc_column_text]<\/p>\n<h3>Cape Town Cycle Tour<span data-ccp-props=\"{&quot;201341983&quot;:0,&quot;335559738&quot;:200,&quot;335559739&quot;:160,&quot;335559740&quot;:276}\">\u00a0<\/span><\/h3>\n<p>Am zweiten Sonntag im M\u00e4rz startet seit 1978 jedes Jahr die Cape Town Cycle Tour im Zentrum von Kapstadt. Mit 35000 Teilnehmern gilt das Event, gemessen an der Teilnehmerzahl, als gr\u00f6\u00dftes\u00a0Jedermannrennen\u00a0der Welt. Auf 109km werden insgesamt 1220 H\u00f6henmeter \u00fcberwunden &#8211; es handelt sich bei der Strecke somit um typisches Mittelgebirgsterrain. Sie stellt also keine \u00fcberm\u00e4\u00dfig gro\u00dfen Anspr\u00fcche an die Fahrerinnen und Fahrer. Der Reiz des Rennens liegt vielmehr in der phantastischen Landschaft. Und so ist es kein Wunder, dass einige Gr\u00f6\u00dfen des Radsports dem Rennen nach dem Ende ihrer Profikarriere einen Besuch abgestattet haben. Darunter Miguel Indurain, Jan Ulrich und Lance Armstrong. Wer an der Cycle Tour teilnimmt, muss sich um die Verpflegung definitiv keine Sorgen machen \u2013 im Durchschnitt liegen nicht einmal 10 km zwischen den Verpflegungsstationen des Rennens.<span data-ccp-props=\"{&quot;201341983&quot;:0,&quot;335559739&quot;:200,&quot;335559740&quot;:276}\">\u00a0<\/span><\/p>\n<p>Im kommenden Jahr findet die Cape Town Cycle Tour am 10. M\u00e4rz statt. Weitere Infos bekommst du <a href=\"https:\/\/www.capetowncycletour.com\/\" target=\"_blank\" rel=\"noopener noreferrer\">hier<\/a>.[\/vc_column_text]<div class=\"flexslider wpb_content_element\"><ul class=\"slides\"><li><img src=\"https:\/\/www.fahrrad-xxl.de\/blog\/wp-content\/uploads\/2018\/11\/cape-town-cycle-tour-gallery-ctct-2016-12.jpg\" alt=\"Die gr\u00f6\u00dften Jedermannrennen \u2013 weltweite Highlights f\u00fcr Radsportfans\" \/><\/li><li><img src=\"https:\/\/www.fahrrad-xxl.de\/blog\/wp-content\/uploads\/2018\/11\/cape-town-cycle-tour-gallery-ctct-2016-03.jpg\" alt=\"Die gr\u00f6\u00dften Jedermannrennen \u2013 weltweite Highlights f\u00fcr Radsportfans\" \/><\/li><li><img src=\"https:\/\/www.fahrrad-xxl.de\/blog\/wp-content\/uploads\/2018\/11\/cape-town-cycle-tour-gallery-ctct-2016-09.jpg\" alt=\"Die gr\u00f6\u00dften Jedermannrennen \u2013 weltweite Highlights f\u00fcr Radsportfans\" \/><\/li><\/ul><\/div>[vc_column_text]<span lang=\"de\"><span style=\"font-family: Calibri,sans-serif; font-size: small;\">Bildnachweis: <span class=\"st\">\u00a9<\/span> Cape Town Cycle Tour<\/span><\/span>[\/vc_column_text][\/vc_column][\/vc_row][vc_row][vc_column width=&#8220;1\/1&#8243;][vc_column_text]<\/p>\n<h3>V\u00e4tternrundan<b>\u00a0<\/b><span data-ccp-props=\"{&quot;201341983&quot;:0,&quot;335559738&quot;:200,&quot;335559739&quot;:160,&quot;335559740&quot;:276}\">\u00a0<\/span><\/h3>\n<p>Der\u00a0V\u00e4ttern\u00a0ist ein See in S\u00fcdschweden. Seit \u00fcber 50 Jahren umrunden zahlreiche Radfahrerinnen und Radfahrer jedes Jahr an einem Wochenende im Juni das Gew\u00e4sser. Zuletzt waren es 18000 Radfahrer, die an der\u00a0V\u00e4tternrundan\u00a0teilgenommen haben.\u00a0<span data-ccp-props=\"{&quot;201341983&quot;:0,&quot;335559739&quot;:200,&quot;335559740&quot;:276}\">\u00a0<\/span><\/p>\n<p>Der Reiz des Rennens besteht in der phantastischen Landschaft, durch die die Strecke des Rennens f\u00fchrt. Es bietet weiterhin die M\u00f6glichkeit, zu schaffen, was f\u00fcr viele Radfahrerinnen und Radfahrer kaum m\u00f6glich erscheint: 300 km an einem Tag auf dem Rad zu fahren.\u00a0<span data-ccp-props=\"{&quot;201341983&quot;:0,&quot;335559739&quot;:200,&quot;335559740&quot;:276}\">\u00a0<\/span><\/p>\n<p>Auch an dem Wochenende vor dem Rennen ist f\u00fcr ein volles Radprogramm gesorgt. Die\u00a0Tjejv\u00e4ttern\u00a0ist ein ungef\u00e4hr 100 km langes Rennen, an dem\u00a0ausschlie\u00dflich Frauen\u00a0teilnehmen d\u00fcrfen. Hier standen im vergangenen Jahr 6500 Frauen am Start. Damit d\u00fcrfte es das gr\u00f6\u00dfte reine Frauenradrennen der Welt sein. Einen Tag sp\u00e4ter starten die\u00a0Halvv\u00e4ttern. Wie der Name schon sagt, ist das eine Strecke mit der H\u00e4lfte der L\u00e4nge der\u00a0V\u00e4tternrundan.<span data-ccp-props=\"{&quot;201341983&quot;:0,&quot;335559739&quot;:200,&quot;335559740&quot;:276}\">\u00a0<\/span><\/p>\n<p>Wenn du an der\u00a0V\u00e4tternrundan\u00a0teilnehmen m\u00f6chtest, merke dir den 14. und 15. Juni im kommenden Jahr vor. F\u00fcr die\u00a0Tjejv\u00e4ttern\u00a0und\u00a0Halvv\u00e4ttern\u00a0solltest du dir den 8. bzw. 9. Juni merken. Anmelden kannst du dich <a href=\"http:\/\/vatternrundan.se\/de\/\" target=\"_blank\" rel=\"noopener noreferrer\">hier<\/a>.[\/vc_column_text]<div class=\"flexslider wpb_content_element\"><ul class=\"slides\"><li><img src=\"https:\/\/www.fahrrad-xxl.de\/blog\/wp-content\/uploads\/2018\/10\/Micke-Fransson-min.jpg\" alt=\"Die gr\u00f6\u00dften Jedermannrennen \u2013 weltweite Highlights f\u00fcr Radsportfans\" \/><\/li><li><img src=\"https:\/\/www.fahrrad-xxl.de\/blog\/wp-content\/uploads\/2018\/10\/Micke-Fransson-2.jpg\" alt=\"Die gr\u00f6\u00dften Jedermannrennen \u2013 weltweite Highlights f\u00fcr Radsportfans\" \/><\/li><\/ul><\/div>[vc_column_text]<span lang=\"de\"><span style=\"font-family: Calibri,sans-serif; font-size: small;\">Bildnachweis: <span class=\"st\">\u00a9<\/span> Micke Fransson\/V\u00e4tternrundan<\/span><\/span>[\/vc_column_text][\/vc_column][\/vc_row][vc_row][vc_column width=&#8220;1\/1&#8243;][vc_column_text]<\/p>\n<h3>Taiwan KOM\u00a0Challenge<\/h3>\n<p>Stell dir einen Berg vor, der einfach nicht endet. Nun stelle dir drei solcher Berge hintereinander vor, ohne dass eine Abfahrt dazwischenkommt. Dann hast du \u2013 je nach Vorstellungsverm\u00f6gen \u2013 die Taiwan KOM Challenge. Das Rennen startet bei genau 0 m, direkt am Meer, und endet nach 105 km auf 3275 m. Die ersten knapp 20 km verlaufen mit einer kaum sp\u00fcrbaren Steigung parallel zum Strand. Dieses St\u00fcck ist zwar bereits Teil des Rennens, die Zeitnahme beginnt aber erst in dem Moment, wenn sich die Strecke nach einem Linksknick vom Meer entfernt. Von nun an nimmt die Steigung \u2013 unterbrochen von kurzen Rampen und Abfahrten \u2013 permanent zu.\u00a0<span data-ccp-props=\"{&quot;201341983&quot;:0,&quot;335559739&quot;:200,&quot;335559740&quot;:276}\">\u00a0<\/span><\/p>\n<p>W\u00e4hrend du bei vielen anderen\u00a0Jedermannrennen\u00a0zusammen mit ehemaligen Profis am Start stehst, kannst du hier deine Zeit mit \u201eechten\u201c Protour-Fahrern vergleichen. Im vergangenen Jahr gewann Vincenzo Nibali das Rennen vor dem Spanier Oscar Pujol.\u00a0<span data-ccp-props=\"{&quot;201341983&quot;:0,&quot;335559739&quot;:200,&quot;335559740&quot;:276}\">\u00a0<\/span><\/p>\n<p>Erfahre <a href=\"http:\/\/www.taiwankom.org\/en\/\" target=\"_blank\" rel=\"noopener noreferrer\">hier<\/a>\u00a0mehr \u00fcber die Veranstaltung.[\/vc_column_text]<div class=\"flexslider wpb_content_element\"><ul class=\"slides\"><li><img src=\"https:\/\/www.fahrrad-xxl.de\/blog\/wp-content\/uploads\/2018\/11\/Taiwan_1.jpg\" alt=\"Die gr\u00f6\u00dften Jedermannrennen \u2013 weltweite Highlights f\u00fcr Radsportfans\" \/><\/li><li><img src=\"https:\/\/www.fahrrad-xxl.de\/blog\/wp-content\/uploads\/2018\/11\/Taiwan_2.jpg\" alt=\"Die gr\u00f6\u00dften Jedermannrennen \u2013 weltweite Highlights f\u00fcr Radsportfans\" \/><\/li><li><img src=\"https:\/\/www.fahrrad-xxl.de\/blog\/wp-content\/uploads\/2018\/11\/Taiwan_3.jpg\" alt=\"Die gr\u00f6\u00dften Jedermannrennen \u2013 weltweite Highlights f\u00fcr Radsportfans\" \/><\/li><\/ul><\/div>[vc_column_text]<span lang=\"de\"><span style=\"font-family: Calibri,sans-serif; font-size: small;\">Bildnachweis: <span class=\"st\">\u00a9<\/span> Taiwan Cyclist Federation<\/span><\/span>[\/vc_column_text]<div class=\"spacer\" style=\"height: 20px;\"><\/div><a href=\"https:\/\/www.fahrrad-xxl.de\/fahrraeder\/rennraeder\/strassenrennraeder\/?fxxlint=blog-jedermannsrennen-cta-1\" target=\"_blank\" class=\"button button-appear custom large \" style=\"background-color: #a82323; border-color: #a82323;border-radius: 30px;\"><span>Jetzt g\u00fcnstig unsere Stra\u00dfenrennr\u00e4der entdecken<i class='fa fas fa-chevron-circle-right'><\/i><\/span><\/a><div class=\"spacer\" style=\"height: 20px;\"><\/div>[\/vc_column][\/vc_row][vc_row][vc_column width=&#8220;1\/1&#8243;][vc_column_text]<\/p>\n<h2><span class=\"ez-toc-section\" id=\"die-grossen-jedermannrennen-deutschlands\"><\/span>Die gro\u00dfen\u00a0Jedermannrennen\u00a0Deutschlands<span class=\"ez-toc-section-end\"><\/span><\/h2>\n<p>Schweden, Taiwan, S\u00fcdafrika sind sicher sch\u00f6ne Ziele um an einem Radrennen teilzunehmen. Doch ist es keinesfalls n\u00f6tig, ein Flugzeug zu besteigen oder viele Stunden auf der Autobahn zu verbringen um an einem\u00a0Jedermannrennen\u00a0teilzunehmen. In Deutschland gibt es zahlreiche\u00a0Jedermannrennen\u00a0mit gro\u00dfartigen Strecken. Zu einigen wirst du sogar mit dem Fahrrad anreisen k\u00f6nnen. So gibt es mittlerweile in jeder gr\u00f6\u00dferen Stadt oder in ihrer Umgebung ein eigenes\u00a0Jedermannrennen.\u00a0<span data-ccp-props=\"{&quot;201341983&quot;:0,&quot;335559739&quot;:200,&quot;335559740&quot;:276}\">\u00a0<\/span><\/p>\n<p>Da es viele Hobbyrennfahrerinnen und \u2013Rennfahrer gibt, die vom \u201eRennvirus\u201c infiziert sind, wurden einige der Rennen im German Cycling Cup zu einer Rennserie mit eigener Gesamtwertung zusammengefasst. Doch keine Sorge \u2013 du kannst auch an einzelnen Rennen teilnehmen.<span data-ccp-props=\"{&quot;201341983&quot;:0,&quot;335559739&quot;:200,&quot;335559740&quot;:276}\">\u00a0<\/span>[\/vc_column_text][\/vc_column][\/vc_row][vc_row][vc_column width=&#8220;1\/1&#8243;][vc_column_text]<\/p>\n<h3>Cyclassics\u00a0Hamburg<\/h3>\n<p>Bei den\u00a0Cyclassics\u00a0Hamburg handelt es sich um ein Profi-Rennen, welches seit Mitte der 1990er Jahre in Hamburg ausgetragen wird. Es f\u00fchrt rund 250 km durch das Umland der Stadt. Von Beginn an war ein\u00a0Jedermannrennen\u00a0fester Bestandteil des Events und erfreut sich gro\u00dfer Beliebtheit. Mit \u00fcber 20000 Teilnehmern ist es das gr\u00f6\u00dfte\u00a0Jedermannrennen\u00a0in Deutschland. Da die Strecke der\u00a0Cyclassics\u00a0\u2013 wie im Hamburger Umland zu erwarten \u2013 recht flach ist, werden hier sehr hohe Durchschnittsgeschwindigkeiten gefahren. Durchschnittsgeschwindigkeiten von deutlich \u00fcber 40km\/h sind beim\u00a0Jedermannrennen\u00a0keine Seltenheit.<span data-ccp-props=\"{&quot;201341983&quot;:0,&quot;335559739&quot;:200,&quot;335559740&quot;:276}\">\u00a0<\/span><\/p>\n<p>Beim\u00a0Jedermannrennen\u00a0der Hamburger\u00a0Cyclassics\u00a0hast du die Wahl zwischen drei Streckenl\u00e4ngen: Die l\u00e4ngste Strecke ist rund 160 km lang, gefolgt von einer 100 km und einer 55 km langen Strecke. Die n\u00e4chsten\u00a0Cyclassics\u00a0finden am 25.08.2019 statt.<span data-ccp-props=\"{&quot;201341983&quot;:0,&quot;335559739&quot;:200,&quot;335559740&quot;:276}\">\u00a0<\/span><\/p>\n<p><a href=\"http:\/\/www.cyclassics-hamburg.de\/\" target=\"_blank\" rel=\"noopener noreferrer\">Hier<\/a> geht\u2019s zur Veranstaltungsseite.[\/vc_column_text][\/vc_column][\/vc_row][vc_row][vc_column width=&#8220;1\/1&#8243;][vc_column_text]<\/p>\n<h3>Velothon\u00a0Berlin<\/h3>\n<p>Das\u00a0Velothon\u00a0Berlin wird seit 2008 in der Hauptstadt als\u00a0Jedermannrennen\u00a0ausgetragen. Bereits bei der Premiere nahmen mehr als 10000 Rennfahrerinnen und Rennfahrer teil. Zur Auswahl stehen drei Strecken: 160, 100 oder 60 km. Da auch hier keine nennenswerten Steigungen zu \u00fcberwinden sind, werden \u00e4hnlich hohe Durchschnittsgeschwindigkeiten wie bei den Hamburger\u00a0Cyclassics\u00a0gefahren.<span data-ccp-props=\"{&quot;201341983&quot;:0,&quot;335559739&quot;:200,&quot;335559740&quot;:276}\">\u00a0<\/span><\/p>\n<p>Das Datum des n\u00e4chsten Velothons steht noch nicht fest. <a href=\"http:\/\/www.velothon.com\/\" target=\"_blank\" rel=\"noopener noreferrer\">Hier<\/a> geht\u2019s zur Veranstaltungsseite.[\/vc_column_text][\/vc_column][\/vc_row][vc_row][vc_column width=&#8220;1\/1&#8243;][vc_column_text]<\/p>\n<h3>\u0160KODA Velotour im Rahmen des Radklassikers Eschborn-Frankfurt<\/h3>\n<p>Das Rennen, das einst \u201eRund um den\u00a0Henningerturm\u201c hie\u00df und im S\u00fcden Frankfurts startete, nennt sich heute wie das am selben Tag ausgetragene Profirennen \u201eEschborn-Frankfurt\u201c. W\u00e4hrend die Profis in Eschborn starten und nach 212km durch den Taunus in der Frankfurter Innenstadt ins Ziel fahren, liegen Start und Ziel des\u00a0Jedermannrennens\u00a0in Eschborn. Vier Strecken stehen zur Auswahl: eine flache 40 km Runde, wellige 70 km sowie 110 bzw. 126 km, bei denen der Feldberg und in der l\u00e4ngeren Variante auch der\u00a0Mammolshainer\u00a0Berg auf der Strecke liegen.\u00a0<span data-ccp-props=\"{&quot;201341983&quot;:0,&quot;335559739&quot;:200,&quot;335559740&quot;:276}\">\u00a0<\/span><\/p>\n<p>Die \u0160KODA Velotour im Rahmen des Radklassikers Eschborn-Frankfurt findet wie auch schon das Rennen \u201eRund um den Henninger Turm\u201c immer am 1. Mai statt.\u00a0<span data-ccp-props=\"{&quot;201341983&quot;:0,&quot;335559739&quot;:200,&quot;335559740&quot;:276}\">\u00a0<\/span><\/p>\n<p><a href=\"https:\/\/www.eschborn-frankfurt.de\/de\/home\/\">Hier<\/a> kannst du dich anmelden.[\/vc_column_text]<div class=\"flexslider wpb_content_element\"><ul class=\"slides\"><li><img src=\"https:\/\/www.fahrrad-xxl.de\/blog\/wp-content\/uploads\/2018\/10\/VEF18TM013000_0005-min.jpg\" alt=\"Die gr\u00f6\u00dften Jedermannrennen \u2013 weltweite Highlights f\u00fcr Radsportfans\" \/><\/li><li><img src=\"https:\/\/www.fahrrad-xxl.de\/blog\/wp-content\/uploads\/2018\/10\/VEF18TP027000_0530-min.jpg\" alt=\"Die gr\u00f6\u00dften Jedermannrennen \u2013 weltweite Highlights f\u00fcr Radsportfans\" \/><\/li><li><img src=\"https:\/\/www.fahrrad-xxl.de\/blog\/wp-content\/uploads\/2018\/10\/VEF18TP037000_0378-min.jpg\" alt=\"Die gr\u00f6\u00dften Jedermannrennen \u2013 weltweite Highlights f\u00fcr Radsportfans\" \/><\/li><\/ul><\/div>[vc_column_text]<span lang=\"de\"><span style=\"font-family: Calibri,sans-serif; font-size: small;\">Bildnachweis: <span class=\"st\">\u00a9<\/span> Wolfgang Nass\/Sport-Online<\/span><\/span>[\/vc_column_text][\/vc_column][\/vc_row][vc_row][vc_column width=&#8220;1\/1&#8243;][vc_column_text]<\/p>\n<h3>Rund um K\u00f6ln\u00a0<span data-ccp-props=\"{&quot;201341983&quot;:0,&quot;335559738&quot;:200,&quot;335559739&quot;:160,&quot;335559740&quot;:276}\">\u00a0<\/span><\/h3>\n<p>Rund um K\u00f6ln geh\u00f6rt zu den \u00e4ltesten Profi-Rennen Deutschlands. Seit 1908 wird das Rennen ausgetragen. Zu den Siegern\u00a0der vergangenen Jahren\u00a0geh\u00f6ren bekannte Fahrer wie Jan Ulrich, Erik Zabel und Tom\u00a0Boonen. Im Rahmen dieses Radsportfestivals findet unter dem Namen Skoda\u00a0Velodom\u00a0ein\u00a0Jedermannrennen\u00a0auf zwei Strecken, wahlweise 60 oder 100 km, statt. Beide Strecken f\u00fchren von K\u00f6ln in Richtung Osten in das anspruchsvolle Bergische Land. <a href=\"http:\/\/www.ruk.de\" target=\"_blank\" rel=\"noopener noreferrer\">Hier<\/a> findest du weitere Infos zum Rennen.[\/vc_column_text]<div class=\"flexslider wpb_content_element\"><ul class=\"slides\"><li><img src=\"https:\/\/www.fahrrad-xxl.de\/blog\/wp-content\/uploads\/2018\/10\/180610_rund_um_koeln_sportograf_10-min.jpg\" alt=\"Die gr\u00f6\u00dften Jedermannrennen \u2013 weltweite Highlights f\u00fcr Radsportfans\" \/><\/li><li><img src=\"https:\/\/www.fahrrad-xxl.de\/blog\/wp-content\/uploads\/2018\/10\/180610_rund_um_koeln_sportograf_12-min.jpg\" alt=\"Die gr\u00f6\u00dften Jedermannrennen \u2013 weltweite Highlights f\u00fcr Radsportfans\" \/><\/li><li><img src=\"https:\/\/www.fahrrad-xxl.de\/blog\/wp-content\/uploads\/2018\/10\/180610_rund_um_koeln_sportograf_44-min.jpg\" alt=\"Die gr\u00f6\u00dften Jedermannrennen \u2013 weltweite Highlights f\u00fcr Radsportfans\" \/><\/li><\/ul><\/div>[vc_column_text]<span lang=\"de\"><span style=\"font-family: Calibri,sans-serif; font-size: small;\">Bildnachweis: <span class=\"st\">\u00a9<\/span> Sportograf\/Rund um K\u00f6ln<\/span><\/span>[\/vc_column_text][\/vc_column][\/vc_row][vc_row][vc_column width=&#8220;1\/1&#8243;][vc_column_text]<\/p>\n<h3>M\u00fcnsterland Giro<\/h3>\n<p>Der M\u00fcnsterland Giro bildet traditioneller Weise den Saisonabschluss der Jedermann-Saison in Deutschland. Auf recht flachen Strecken f\u00fchrt das Rennen immer am 3. Oktober durch das M\u00fcnsterland. Die\u00a0Jedermannrennen\u00a0\u00fcber wahlweise 65, 95 oder 125 km sind Bestandteil eines regelrechten Radsportfestivals, welches unter dem starken Engagement der Stadt M\u00fcnster ausgetragen wird.\u00a0<span data-ccp-props=\"{&quot;201341983&quot;:0,&quot;335559739&quot;:200,&quot;335559740&quot;:276}\">\u00a0<\/span><\/p>\n<p>Weitere Infos gibt\u2019s <a href=\"https:\/\/www.muensterland-giro.de\" target=\"_blank\" rel=\"noopener noreferrer\">hier<\/a>.[\/vc_column_text]<div class=\"flexslider wpb_content_element\"><ul class=\"slides\"><li><img src=\"https:\/\/www.fahrrad-xxl.de\/blog\/wp-content\/uploads\/2018\/10\/PL_181003_10574-min.jpg\" alt=\"Die gr\u00f6\u00dften Jedermannrennen \u2013 weltweite Highlights f\u00fcr Radsportfans\" \/><\/li><li><img src=\"https:\/\/www.fahrrad-xxl.de\/blog\/wp-content\/uploads\/2018\/10\/PL_181003_10392-min.jpg\" alt=\"Die gr\u00f6\u00dften Jedermannrennen \u2013 weltweite Highlights f\u00fcr Radsportfans\" \/><\/li><\/ul><\/div>[vc_column_text]<span lang=\"de\"><span style=\"font-family: Calibri,sans-serif; font-size: small;\">Bildnachweis: <span class=\"st\">\u00a9<\/span> Lessmann<\/span><\/span>[\/vc_column_text][\/vc_column][\/vc_row][vc_row][vc_column width=&#8220;1\/1&#8243;][vc_column_text]<\/p>\n<h3>HeideRadCup<\/h3>\n<p>Zum siebten Mal wurde in diesem Jahr der Heide Rad Cup als\u00a0Jedermannrennen\u00a0ausgetragen. Damit geh\u00f6rt das Rennen, welches im nord-\u00f6stlich von Leipzig gelegenen Torgau gestartet wird, zu den j\u00fcngeren Rennen im deutschen Jedermann-Kalender. Die Teilnehmer aller drei Distanzen, 40, 70 und 110 km schw\u00e4rmen von der guten Stimmung und die sch\u00f6ne Strecke.\u00a0<span data-ccp-props=\"{&quot;201341983&quot;:0,&quot;335559739&quot;:200,&quot;335559740&quot;:276}\">\u00a0<\/span><\/p>\n<p>Das n\u00e4chste Mal hast du am 16. Juni 2019 die Gelegenheit, in den Genuss des Rennens zu kommen. Erfahre <a href=\"https:\/\/www.heideradcup.de\/\" target=\"_blank\" rel=\"noopener noreferrer\">hier<\/a> mehr \u00fcber die Veranstaltung.[\/vc_column_text]<div class=\"flexslider wpb_content_element\"><ul class=\"slides\"><li><img src=\"https:\/\/www.fahrrad-xxl.de\/blog\/wp-content\/uploads\/2018\/11\/17_HRC_@Juergen_Ulms-115-min.jpg\" alt=\"Die gr\u00f6\u00dften Jedermannrennen \u2013 weltweite Highlights f\u00fcr Radsportfans\" \/><\/li><li><img src=\"https:\/\/www.fahrrad-xxl.de\/blog\/wp-content\/uploads\/2018\/11\/17_HRC_@Juergen_Ulms-32-min.jpg\" alt=\"Die gr\u00f6\u00dften Jedermannrennen \u2013 weltweite Highlights f\u00fcr Radsportfans\" \/><\/li><li><img src=\"https:\/\/www.fahrrad-xxl.de\/blog\/wp-content\/uploads\/2018\/11\/17_HRC_@Juergen_Ulms-160-min.jpg\" alt=\"Die gr\u00f6\u00dften Jedermannrennen \u2013 weltweite Highlights f\u00fcr Radsportfans\" \/><\/li><\/ul><\/div>[vc_column_text]<span lang=\"de\"><span style=\"font-family: Calibri,sans-serif; font-size: small;\">Bildnachweis: <span class=\"st\">\u00a9<\/span> J\u00fcrgen Ulms<\/span><\/span>[\/vc_column_text]<a href=\"https:\/\/www.fahrrad-xxl.de\/fahrraeder\/rennraeder\/strassenrennraeder\/?fxxlint=blog-jedermannsrennen-cta-1\" target=\"_blank\" class=\"button button-appear custom large \" style=\"background-color: #a82323; border-color: #a82323;border-radius: 30px;\"><span>Jetzt g\u00fcnstig unsere Stra\u00dfenrennr\u00e4der entdecken<i class='fa fas fa-chevron-circle-right'><\/i><\/span><\/a>[\/vc_column][\/vc_row][vc_section][vc_row][vc_column width=&#8220;1\/1&#8243;][vc_column_text]<a href=\"#comments\" target=\"_self\" class=\"button color-1 full \" style=\"border-radius: 2px;\">Bei welchem Jedermannrennen hast du schon teilgenommen? Teile uns deinen Tipp mit.<\/a>[\/vc_column_text][vc_column_text]<span lang=\"de\"><span style=\"font-family: Calibri,sans-serif; font-size: small;\">Bildnachweis Titelbild: <span class=\"st\">\u00a9<\/span> Sportograf\/Rund um K\u00f6ln<\/span><\/span>[\/vc_column_text][\/vc_column][\/vc_row][vc_row][vc_column width=&#8220;1\/1&#8243;]<div class=\"newdivider align-left\" style=\"border-bottom-style: solid; border-color: #eaeaea; border-bottom-width: 1px; margin-top: 20px; margin-bottom: 0; width: 100%; \"><\/div><div class=\"clear\"><\/div>[\/vc_column][\/vc_row][vc_row][vc_column width=&#8220;1\/1&#8243;][vc_column_text]<span class=\"dkdai-headline\">Das k\u00f6nnte dich auch interessieren<\/span>[\/vc_column_text][vc_column_text]<div class=\"rpbt_shortcode\">\n\n<style type=\"text\/css\">\n\t\t\t#rpbt-related-gallery-1 {\n\t\t\t\tmargin: auto;\n\t\t\t}\n\t\t\t#rpbt-related-gallery-1 .gallery-item {\n\t\t\t\tfloat: left;\n\t\t\t\tmargin-top: 10px;\n\t\t\t\ttext-align: center;\n\t\t\t\twidth: 33%;\n\t\t\t}\n\t\t\t#rpbt-related-gallery-1 img {\n\t\t\t\tborder: 2px solid #cfcfcf;\n\t\t\t}\n\t\t\t#rpbt-related-gallery-1 .gallery-caption {\n\t\t\t\tmargin-left: 0;\n\t\t\t}\n\t\t\t\/* see gallery_shortcode() in wp-includes\/media.php *\/\n\t\t<\/style>\n\t\t<div id='rpbt-related-gallery-1' class='gallery related-gallery related-galleryid-20480 gallery-columns-3 gallery-size-medium'><dl class='gallery-item' role='figure' aria-label='Cube Neuheiten 2026 &#8211; Alle Infos &#038; Highlights der neuen (E-)Bikes'>\n\t\t\t<dt class='gallery-icon landscape'>\n\t\t\t\t<a href='https:\/\/www.fahrrad-xxl.de\/blog\/cube-bikes-neuheiten\/'><img width=\"300\" height=\"200\" src=\"https:\/\/www.fahrrad-xxl.de\/blog\/wp-content\/uploads\/2026\/03\/Cube_2025_30_04038-300x200.jpg\" class=\"attachment-medium size-medium\" alt=\"Cube Ams Hybrid one77 2026\" decoding=\"async\" loading=\"lazy\" aria-describedby=\"rpbt-related-gallery-1-29501\" srcset=\"https:\/\/www.fahrrad-xxl.de\/blog\/wp-content\/uploads\/2026\/03\/Cube_2025_30_04038-300x200.jpg 300w, https:\/\/www.fahrrad-xxl.de\/blog\/wp-content\/uploads\/2026\/03\/Cube_2025_30_04038-1024x683.jpg 1024w, https:\/\/www.fahrrad-xxl.de\/blog\/wp-content\/uploads\/2026\/03\/Cube_2025_30_04038-768x512.jpg 768w, https:\/\/www.fahrrad-xxl.de\/blog\/wp-content\/uploads\/2026\/03\/Cube_2025_30_04038-1536x1024.jpg 1536w, https:\/\/www.fahrrad-xxl.de\/blog\/wp-content\/uploads\/2026\/03\/Cube_2025_30_04038-600x400.jpg 600w, https:\/\/www.fahrrad-xxl.de\/blog\/wp-content\/uploads\/2026\/03\/Cube_2025_30_04038.jpg 1920w\" sizes=\"(max-width: 300px) 100vw, 300px\" title=\"Cube Neuheiten 2026 - Alle Infos &amp; Highlights der neuen (E-)Bikes\" \/><\/a>\n\t\t\t<\/dt>\n\t\t\t\t<dd class='wp-caption-text gallery-caption' id='rpbt-related-gallery-1-29501'>\n\t\t\t\tCube Neuheiten 2026 &#8211; Alle Infos &#038; Highlights der neuen (E-)Bikes\n\t\t\t\t<\/dd><\/dl><dl class='gallery-item' role='figure' aria-label='Der runde Tritt &#8211; Mythos oder Wahrheit?'>\n\t\t\t<dt class='gallery-icon landscape'>\n\t\t\t\t<a href='https:\/\/www.fahrrad-xxl.de\/blog\/der-runde-tritt\/'><img width=\"300\" height=\"200\" src=\"https:\/\/www.fahrrad-xxl.de\/blog\/wp-content\/uploads\/2018\/07\/Bokanev-Trek-03388-300x200.jpeg\" class=\"attachment-medium size-medium\" alt=\"Runder Tritt\" decoding=\"async\" loading=\"lazy\" aria-describedby=\"rpbt-related-gallery-1-18295\" srcset=\"https:\/\/www.fahrrad-xxl.de\/blog\/wp-content\/uploads\/2018\/07\/Bokanev-Trek-03388-300x200.jpeg 300w, https:\/\/www.fahrrad-xxl.de\/blog\/wp-content\/uploads\/2018\/07\/Bokanev-Trek-03388-768x512.jpeg 768w, https:\/\/www.fahrrad-xxl.de\/blog\/wp-content\/uploads\/2018\/07\/Bokanev-Trek-03388-1024x683.jpeg 1024w, https:\/\/www.fahrrad-xxl.de\/blog\/wp-content\/uploads\/2018\/07\/Bokanev-Trek-03388-600x400.jpeg 600w\" sizes=\"(max-width: 300px) 100vw, 300px\" title=\"Der runde Tritt - Mythos oder Wahrheit?\" \/><\/a>\n\t\t\t<\/dt>\n\t\t\t\t<dd class='wp-caption-text gallery-caption' id='rpbt-related-gallery-1-18295'>\n\t\t\t\tDer runde Tritt &#8211; Mythos oder Wahrheit?\n\t\t\t\t<\/dd><\/dl><dl class='gallery-item' role='figure' aria-label='Kommt 2019 das Wasserstoff E-Bike mit Brose Motor?'>\n\t\t\t<dt class='gallery-icon landscape'>\n\t\t\t\t<a href='https:\/\/www.fahrrad-xxl.de\/blog\/kommt-2019-das-wasserstoff-e-bike-mit-brose-motor\/'><img width=\"300\" height=\"207\" src=\"https:\/\/www.fahrrad-xxl.de\/blog\/wp-content\/uploads\/2019\/01\/HiRes-ALPHA2017-18-1-300x207.jpg\" class=\"attachment-medium size-medium\" alt=\"Kommt 2019 das Wasserstoff E-Bike mit Brose Motor?\" decoding=\"async\" loading=\"lazy\" aria-describedby=\"rpbt-related-gallery-1-17023\" srcset=\"https:\/\/www.fahrrad-xxl.de\/blog\/wp-content\/uploads\/2019\/01\/HiRes-ALPHA2017-18-1-300x207.jpg 300w, https:\/\/www.fahrrad-xxl.de\/blog\/wp-content\/uploads\/2019\/01\/HiRes-ALPHA2017-18-1-768x531.jpg 768w, https:\/\/www.fahrrad-xxl.de\/blog\/wp-content\/uploads\/2019\/01\/HiRes-ALPHA2017-18-1.jpg 1000w\" sizes=\"(max-width: 300px) 100vw, 300px\" title=\"Kommt 2019 das Wasserstoff E-Bike mit Brose Motor?\" \/><\/a>\n\t\t\t<\/dt>\n\t\t\t\t<dd class='wp-caption-text gallery-caption' id='rpbt-related-gallery-1-17023'>\n\t\t\t\tKommt 2019 das Wasserstoff E-Bike mit Brose Motor?\n\t\t\t\t<\/dd><\/dl><br style=\"clear: both\" \/>\n\t\t<\/div>\n<\/div>[\/vc_column_text][\/vc_column][\/vc_row][\/vc_section]<\/p>\n\n\n<div class=\"kk-star-ratings kksr-auto kksr-align-left kksr-valign-bottom\"\n    data-payload='{&quot;align&quot;:&quot;left&quot;,&quot;id&quot;:&quot;20480&quot;,&quot;slug&quot;:&quot;default&quot;,&quot;valign&quot;:&quot;bottom&quot;,&quot;ignore&quot;:&quot;&quot;,&quot;reference&quot;:&quot;auto&quot;,&quot;class&quot;:&quot;&quot;,&quot;count&quot;:&quot;2&quot;,&quot;legendonly&quot;:&quot;&quot;,&quot;readonly&quot;:&quot;&quot;,&quot;score&quot;:&quot;5&quot;,&quot;best&quot;:&quot;5&quot;,&quot;gap&quot;:&quot;5&quot;,&quot;greet&quot;:&quot;Rate this post&quot;,&quot;legend&quot;:&quot;5\\\/5 - (2 votes)&quot;,&quot;size&quot;:&quot;22&quot;,&quot;width&quot;:&quot;132.5&quot;,&quot;_legend&quot;:&quot;{score}\\\/{best} - ({count} {votes})&quot;,&quot;font_factor&quot;:&quot;1.25&quot;}'>\n            \n<div class=\"kksr-stars\">\n    \n<div class=\"kksr-stars-inactive\">\n            <div class=\"kksr-star\" data-star=\"1\" style=\"padding-right: 5px\">\n            \n\n<div class=\"kksr-icon\" style=\"width: 22px; height: 22px;\"><\/div>\n        <\/div>\n            <div class=\"kksr-star\" data-star=\"2\" style=\"padding-right: 5px\">\n            \n\n<div class=\"kksr-icon\" style=\"width: 22px; height: 22px;\"><\/div>\n        <\/div>\n            <div class=\"kksr-star\" data-star=\"3\" style=\"padding-right: 5px\">\n            \n\n<div class=\"kksr-icon\" style=\"width: 22px; height: 22px;\"><\/div>\n        <\/div>\n            <div class=\"kksr-star\" data-star=\"4\" style=\"padding-right: 5px\">\n            \n\n<div class=\"kksr-icon\" style=\"width: 22px; height: 22px;\"><\/div>\n        <\/div>\n            <div class=\"kksr-star\" data-star=\"5\" style=\"padding-right: 5px\">\n            \n\n<div class=\"kksr-icon\" style=\"width: 22px; height: 22px;\"><\/div>\n        <\/div>\n    <\/div>\n    \n<div class=\"kksr-stars-active\" style=\"width: 132.5px;\">\n            <div class=\"kksr-star\" style=\"padding-right: 5px\">\n            \n\n<div class=\"kksr-icon\" style=\"width: 22px; height: 22px;\"><\/div>\n        <\/div>\n            <div class=\"kksr-star\" style=\"padding-right: 5px\">\n            \n\n<div class=\"kksr-icon\" style=\"width: 22px; height: 22px;\"><\/div>\n        <\/div>\n            <div class=\"kksr-star\" style=\"padding-right: 5px\">\n            \n\n<div class=\"kksr-icon\" style=\"width: 22px; height: 22px;\"><\/div>\n        <\/div>\n            <div class=\"kksr-star\" style=\"padding-right: 5px\">\n            \n\n<div class=\"kksr-icon\" style=\"width: 22px; height: 22px;\"><\/div>\n        <\/div>\n            <div class=\"kksr-star\" style=\"padding-right: 5px\">\n            \n\n<div class=\"kksr-icon\" style=\"width: 22px; height: 22px;\"><\/div>\n        <\/div>\n    <\/div>\n<\/div>\n        \n\n<div class=\"kksr-legend\" style=\"font-size: 17.6px;\">\n            5\/5 - (2 votes)    <\/div>\n<\/div>\n<\/section>","protected":false},"excerpt":{"rendered":"<p>[vc_row][vc_column width=&#8220;1\/1&#8243;][vc_column_text]Unter Radsportler werden sie immer\u00a0beliebter und bieten gute M\u00f6glichkeiten, sich mit anderen zu messen oder einfach mal eine abwechslungsreiche Trainingseinheit zu absolvieren: die\u00a0Jedermannrennen. Die Veranstaltungen f\u00fcr Hobbysportler f\u00fchren durch wundersch\u00f6ne Natur oder entlang st\u00e4dtischer Sehensw\u00fcrdigkeiten.\u00a0Bei\u00a0einigen Rennen herrscht gar ein wenig Profi-Atmosph\u00e4re, wenn\u00a0man gemeinsam mit diversen Teilnehmern der Tour de France oder anderer prestigetr\u00e4chtiger Wettk\u00e4mpfe\u00a0an der Startlinie stehen kann. Hier\u00a0stellen wir dir einige der gr\u00f6\u00dften und bekanntesten\u00a0Jedermannrennen\u00a0in Deutschland und auf der Welt vor, die sich alle durch einen ganz eigenen Charakter auszeichnen und die jede Jederfrau und jeder Jedermann\u00a0einmal im Radfahrerleben absolviert haben sollte.\u00a0[\/vc_column_text][\/vc_column][\/vc_row][vc_row][vc_column width=&#8220;1\/1&#8243;][vc_column_text] Jedermannrennen in aller Welt Tour\u00a0Transalp Die Tour\u00a0Transalp\u00a0ist benannt nach dem gr\u00f6\u00dften Rennradmagazin Europas \u2013 der \u201eTour\u201c. Die Tour veranstaltet dieses Etappenrennen f\u00fcr Jedermann, welches seit 2003 ausgetragen wird. Jedes Jahr starten in der letzten Juni Woche rund 1000 Rennradfahrerinnen und Rennradfahrer auf der Nordseite der Alpen und fahren in sechs Etappen zum Gardasee. W\u00e4hrend Startort und Route des Rennens jedes Jahr wechseln, bleibt das Ziel gleich \u2013 die Nordseite des Gardasees. Das Besondere an diesem Rennen ist neben der Tatsache, dass es sich um eines der wenigen Etappenrennen f\u00fcr\u00a0Jederfrauen\u00a0und -m\u00e4nner handelt, der Rennmodus. Die Tour\u00a0Transalp\u00a0wird \u2013 wie ihre Schwesterveranstaltung, das Mountainbike Rennen \u201eBike\u00a0Transalp\u201c \u2013 im [&hellip;]<\/p>\n","protected":false},"author":3,"featured_media":20713,"comment_status":"open","ping_status":"open","sticky":false,"template":"","format":"standard","meta":[],"categories":[29],"tags":[],"yoast_head":"<!-- This site is optimized with the Yoast SEO plugin v19.10 - https:\/\/yoast.com\/wordpress\/plugins\/seo\/ -->\n<title>Die gr\u00f6\u00dften Jedermannrennen \u2013 weltweite Highlights f\u00fcr Radsportfans - Fahrrad XXL Blog<\/title>\n<meta name=\"description\" content=\"Jedermannrennen boomen unter Radsportlern. Hier geben wir dir einen \u00dcberblick, welche Radmarathons du unbedingt einmal absolvieren solltest.\" \/>\n<meta name=\"robots\" content=\"index, follow, max-snippet:-1, max-image-preview:large, max-video-preview:-1\" \/>\n<link rel=\"canonical\" href=\"https:\/\/www.fahrrad-xxl.de\/blog\/die-groessten-jedermannrennen\/\" \/>\n<meta property=\"og:locale\" content=\"de_DE\" \/>\n<meta property=\"og:type\" content=\"article\" \/>\n<meta property=\"og:title\" content=\"Die gr\u00f6\u00dften Jedermannrennen \u2013 weltweite Highlights f\u00fcr Radsportfans - Fahrrad XXL Blog\" \/>\n<meta property=\"og:description\" content=\"Jedermannrennen boomen unter Radsportlern. Hier geben wir dir einen \u00dcberblick, welche Radmarathons du unbedingt einmal absolvieren solltest.\" \/>\n<meta property=\"og:url\" content=\"https:\/\/www.fahrrad-xxl.de\/blog\/die-groessten-jedermannrennen\/\" \/>\n<meta property=\"og:site_name\" content=\"Fahrrad XXL Blog\" \/>\n<meta property=\"article:publisher\" content=\"https:\/\/www.facebook.com\/FahrradXXL\" \/>\n<meta property=\"article:published_time\" content=\"2018-11-05T12:04:04+00:00\" \/>\n<meta property=\"article:modified_time\" content=\"2020-02-18T13:46:17+00:00\" \/>\n<meta property=\"og:image\" content=\"https:\/\/www.fahrrad-xxl.de\/blog\/wp-content\/uploads\/2018\/10\/180610_rund_um_koeln_sportograf_12-min.jpg\" \/>\n\t<meta property=\"og:image:width\" content=\"4000\" \/>\n\t<meta property=\"og:image:height\" content=\"2661\" \/>\n\t<meta property=\"og:image:type\" content=\"image\/jpeg\" \/>\n<meta name=\"author\" content=\"Daniel Maier\" \/>\n<meta name=\"twitter:card\" content=\"summary_large_image\" \/>\n<meta name=\"twitter:label1\" content=\"Verfasst von\" \/>\n\t<meta name=\"twitter:data1\" content=\"Daniel Maier\" \/>\n\t<meta name=\"twitter:label2\" content=\"Gesch\u00e4tzte Lesezeit\" \/>\n\t<meta name=\"twitter:data2\" content=\"12\u00a0Minuten\" \/>\n<script type=\"application\/ld+json\" class=\"yoast-schema-graph\">{\"@context\":\"https:\/\/schema.org\",\"@graph\":[{\"@type\":\"Article\",\"@id\":\"https:\/\/www.fahrrad-xxl.de\/blog\/die-groessten-jedermannrennen\/#article\",\"isPartOf\":{\"@id\":\"https:\/\/www.fahrrad-xxl.de\/blog\/die-groessten-jedermannrennen\/\"},\"author\":{\"name\":\"Daniel Maier\",\"@id\":\"https:\/\/www.fahrrad-xxl.de\/blog\/#\/schema\/person\/b5e72df5f39c0545c250684b481cab9c\"},\"headline\":\"Die gr\u00f6\u00dften Jedermannrennen \u2013 weltweite Highlights f\u00fcr Radsportfans\",\"datePublished\":\"2018-11-05T12:04:04+00:00\",\"dateModified\":\"2020-02-18T13:46:17+00:00\",\"mainEntityOfPage\":{\"@id\":\"https:\/\/www.fahrrad-xxl.de\/blog\/die-groessten-jedermannrennen\/\"},\"wordCount\":2435,\"commentCount\":0,\"publisher\":{\"@id\":\"https:\/\/www.fahrrad-xxl.de\/blog\/#organization\"},\"articleSection\":[\"News\/Interessantes\"],\"inLanguage\":\"de\",\"potentialAction\":[{\"@type\":\"CommentAction\",\"name\":\"Comment\",\"target\":[\"https:\/\/www.fahrrad-xxl.de\/blog\/die-groessten-jedermannrennen\/#respond\"]}]},{\"@type\":\"WebPage\",\"@id\":\"https:\/\/www.fahrrad-xxl.de\/blog\/die-groessten-jedermannrennen\/\",\"url\":\"https:\/\/www.fahrrad-xxl.de\/blog\/die-groessten-jedermannrennen\/\",\"name\":\"Die gr\u00f6\u00dften Jedermannrennen \u2013 weltweite Highlights f\u00fcr Radsportfans - Fahrrad XXL Blog\",\"isPartOf\":{\"@id\":\"https:\/\/www.fahrrad-xxl.de\/blog\/#website\"},\"datePublished\":\"2018-11-05T12:04:04+00:00\",\"dateModified\":\"2020-02-18T13:46:17+00:00\",\"description\":\"Jedermannrennen boomen unter Radsportlern. Hier geben wir dir einen \u00dcberblick, welche Radmarathons du unbedingt einmal absolvieren solltest.\",\"breadcrumb\":{\"@id\":\"https:\/\/www.fahrrad-xxl.de\/blog\/die-groessten-jedermannrennen\/#breadcrumb\"},\"inLanguage\":\"de\",\"potentialAction\":[{\"@type\":\"ReadAction\",\"target\":[\"https:\/\/www.fahrrad-xxl.de\/blog\/die-groessten-jedermannrennen\/\"]}]},{\"@type\":\"BreadcrumbList\",\"@id\":\"https:\/\/www.fahrrad-xxl.de\/blog\/die-groessten-jedermannrennen\/#breadcrumb\",\"itemListElement\":[{\"@type\":\"ListItem\",\"position\":1,\"name\":\"Startseite\",\"item\":\"https:\/\/www.fahrrad-xxl.de\/blog\/\"},{\"@type\":\"ListItem\",\"position\":2,\"name\":\"Die gr\u00f6\u00dften Jedermannrennen \u2013 weltweite Highlights f\u00fcr Radsportfans\"}]},{\"@type\":\"WebSite\",\"@id\":\"https:\/\/www.fahrrad-xxl.de\/blog\/#website\",\"url\":\"https:\/\/www.fahrrad-xxl.de\/blog\/\",\"name\":\"Fahrrad XXL Blog\",\"description\":\"Erleben | Testen | Losfahren\",\"publisher\":{\"@id\":\"https:\/\/www.fahrrad-xxl.de\/blog\/#organization\"},\"potentialAction\":[{\"@type\":\"SearchAction\",\"target\":{\"@type\":\"EntryPoint\",\"urlTemplate\":\"https:\/\/www.fahrrad-xxl.de\/blog\/?s={search_term_string}\"},\"query-input\":\"required name=search_term_string\"}],\"inLanguage\":\"de\"},{\"@type\":\"Organization\",\"@id\":\"https:\/\/www.fahrrad-xxl.de\/blog\/#organization\",\"name\":\"Fahrrad XXL\",\"url\":\"https:\/\/www.fahrrad-xxl.de\/blog\/\",\"logo\":{\"@type\":\"ImageObject\",\"inLanguage\":\"de\",\"@id\":\"https:\/\/www.fahrrad-xxl.de\/blog\/#\/schema\/logo\/image\/\",\"url\":\"https:\/\/www.fahrrad-xxl.de\/blog\/wp-content\/uploads\/2018\/03\/FXXL-Blog-Logo-100-c.png\",\"contentUrl\":\"https:\/\/www.fahrrad-xxl.de\/blog\/wp-content\/uploads\/2018\/03\/FXXL-Blog-Logo-100-c.png\",\"width\":450,\"height\":100,\"caption\":\"Fahrrad XXL\"},\"image\":{\"@id\":\"https:\/\/www.fahrrad-xxl.de\/blog\/#\/schema\/logo\/image\/\"},\"sameAs\":[\"https:\/\/www.instagram.com\/fahrradxxl\",\"https:\/\/www.youtube.com\/user\/FahrradXXLde\",\"https:\/\/www.tiktok.com\/@fahrrad_xxl\",\"https:\/\/www.facebook.com\/FahrradXXL\"]},{\"@type\":\"Person\",\"@id\":\"https:\/\/www.fahrrad-xxl.de\/blog\/#\/schema\/person\/b5e72df5f39c0545c250684b481cab9c\",\"name\":\"Daniel Maier\",\"description\":\"F\u00e4hrt gerne: Road Bikes: Focus Izalco Chrono Max 3.0, Giant TCR Advanced, Giant TCR Composite Lieblings-Radrevier: Allg\u00e4u, Schwarzwald, Wetterau, Vogelsberg\",\"url\":\"https:\/\/www.fahrrad-xxl.de\/blog\/author\/d-maierfahrrad-xxl-de\/\"}]}<\/script>\n<!-- \/ Yoast SEO plugin. -->","yoast_head_json":{"title":"Die gr\u00f6\u00dften Jedermannrennen \u2013 weltweite Highlights f\u00fcr Radsportfans - Fahrrad XXL Blog","description":"Jedermannrennen boomen unter Radsportlern. Hier geben wir dir einen \u00dcberblick, welche Radmarathons du unbedingt einmal absolvieren solltest.","robots":{"index":"index","follow":"follow","max-snippet":"max-snippet:-1","max-image-preview":"max-image-preview:large","max-video-preview":"max-video-preview:-1"},"canonical":"https:\/\/www.fahrrad-xxl.de\/blog\/die-groessten-jedermannrennen\/","og_locale":"de_DE","og_type":"article","og_title":"Die gr\u00f6\u00dften Jedermannrennen \u2013 weltweite Highlights f\u00fcr Radsportfans - Fahrrad XXL Blog","og_description":"Jedermannrennen boomen unter Radsportlern. Hier geben wir dir einen \u00dcberblick, welche Radmarathons du unbedingt einmal absolvieren solltest.","og_url":"https:\/\/www.fahrrad-xxl.de\/blog\/die-groessten-jedermannrennen\/","og_site_name":"Fahrrad XXL Blog","article_publisher":"https:\/\/www.facebook.com\/FahrradXXL","article_published_time":"2018-11-05T12:04:04+00:00","article_modified_time":"2020-02-18T13:46:17+00:00","og_image":[{"width":4000,"height":2661,"url":"https:\/\/www.fahrrad-xxl.de\/blog\/wp-content\/uploads\/2018\/10\/180610_rund_um_koeln_sportograf_12-min.jpg","type":"image\/jpeg"}],"author":"Daniel Maier","twitter_card":"summary_large_image","twitter_misc":{"Verfasst von":"Daniel Maier","Gesch\u00e4tzte Lesezeit":"12\u00a0Minuten"},"schema":{"@context":"https:\/\/schema.org","@graph":[{"@type":"Article","@id":"https:\/\/www.fahrrad-xxl.de\/blog\/die-groessten-jedermannrennen\/#article","isPartOf":{"@id":"https:\/\/www.fahrrad-xxl.de\/blog\/die-groessten-jedermannrennen\/"},"author":{"name":"Daniel Maier","@id":"https:\/\/www.fahrrad-xxl.de\/blog\/#\/schema\/person\/b5e72df5f39c0545c250684b481cab9c"},"headline":"Die gr\u00f6\u00dften Jedermannrennen \u2013 weltweite Highlights f\u00fcr Radsportfans","datePublished":"2018-11-05T12:04:04+00:00","dateModified":"2020-02-18T13:46:17+00:00","mainEntityOfPage":{"@id":"https:\/\/www.fahrrad-xxl.de\/blog\/die-groessten-jedermannrennen\/"},"wordCount":2435,"commentCount":0,"publisher":{"@id":"https:\/\/www.fahrrad-xxl.de\/blog\/#organization"},"articleSection":["News\/Interessantes"],"inLanguage":"de","potentialAction":[{"@type":"CommentAction","name":"Comment","target":["https:\/\/www.fahrrad-xxl.de\/blog\/die-groessten-jedermannrennen\/#respond"]}]},{"@type":"WebPage","@id":"https:\/\/www.fahrrad-xxl.de\/blog\/die-groessten-jedermannrennen\/","url":"https:\/\/www.fahrrad-xxl.de\/blog\/die-groessten-jedermannrennen\/","name":"Die gr\u00f6\u00dften Jedermannrennen \u2013 weltweite Highlights f\u00fcr Radsportfans - Fahrrad XXL Blog","isPartOf":{"@id":"https:\/\/www.fahrrad-xxl.de\/blog\/#website"},"datePublished":"2018-11-05T12:04:04+00:00","dateModified":"2020-02-18T13:46:17+00:00","description":"Jedermannrennen boomen unter Radsportlern. Hier geben wir dir einen \u00dcberblick, welche Radmarathons du unbedingt einmal absolvieren solltest.","breadcrumb":{"@id":"https:\/\/www.fahrrad-xxl.de\/blog\/die-groessten-jedermannrennen\/#breadcrumb"},"inLanguage":"de","potentialAction":[{"@type":"ReadAction","target":["https:\/\/www.fahrrad-xxl.de\/blog\/die-groessten-jedermannrennen\/"]}]},{"@type":"BreadcrumbList","@id":"https:\/\/www.fahrrad-xxl.de\/blog\/die-groessten-jedermannrennen\/#breadcrumb","itemListElement":[{"@type":"ListItem","position":1,"name":"Startseite","item":"https:\/\/www.fahrrad-xxl.de\/blog\/"},{"@type":"ListItem","position":2,"name":"Die gr\u00f6\u00dften Jedermannrennen \u2013 weltweite Highlights f\u00fcr Radsportfans"}]},{"@type":"WebSite","@id":"https:\/\/www.fahrrad-xxl.de\/blog\/#website","url":"https:\/\/www.fahrrad-xxl.de\/blog\/","name":"Fahrrad XXL Blog","description":"Erleben | Testen | Losfahren","publisher":{"@id":"https:\/\/www.fahrrad-xxl.de\/blog\/#organization"},"potentialAction":[{"@type":"SearchAction","target":{"@type":"EntryPoint","urlTemplate":"https:\/\/www.fahrrad-xxl.de\/blog\/?s={search_term_string}"},"query-input":"required name=search_term_string"}],"inLanguage":"de"},{"@type":"Organization","@id":"https:\/\/www.fahrrad-xxl.de\/blog\/#organization","name":"Fahrrad XXL","url":"https:\/\/www.fahrrad-xxl.de\/blog\/","logo":{"@type":"ImageObject","inLanguage":"de","@id":"https:\/\/www.fahrrad-xxl.de\/blog\/#\/schema\/logo\/image\/","url":"https:\/\/www.fahrrad-xxl.de\/blog\/wp-content\/uploads\/2018\/03\/FXXL-Blog-Logo-100-c.png","contentUrl":"https:\/\/www.fahrrad-xxl.de\/blog\/wp-content\/uploads\/2018\/03\/FXXL-Blog-Logo-100-c.png","width":450,"height":100,"caption":"Fahrrad XXL"},"image":{"@id":"https:\/\/www.fahrrad-xxl.de\/blog\/#\/schema\/logo\/image\/"},"sameAs":["https:\/\/www.instagram.com\/fahrradxxl","https:\/\/www.youtube.com\/user\/FahrradXXLde","https:\/\/www.tiktok.com\/@fahrrad_xxl","https:\/\/www.facebook.com\/FahrradXXL"]},{"@type":"Person","@id":"https:\/\/www.fahrrad-xxl.de\/blog\/#\/schema\/person\/b5e72df5f39c0545c250684b481cab9c","name":"Daniel Maier","description":"F\u00e4hrt gerne: Road Bikes: Focus Izalco Chrono Max 3.0, Giant TCR Advanced, Giant TCR Composite Lieblings-Radrevier: Allg\u00e4u, Schwarzwald, Wetterau, Vogelsberg","url":"https:\/\/www.fahrrad-xxl.de\/blog\/author\/d-maierfahrrad-xxl-de\/"}]}},"_links":{"self":[{"href":"https:\/\/www.fahrrad-xxl.de\/blog\/wp-json\/wp\/v2\/posts\/20480"}],"collection":[{"href":"https:\/\/www.fahrrad-xxl.de\/blog\/wp-json\/wp\/v2\/posts"}],"about":[{"href":"https:\/\/www.fahrrad-xxl.de\/blog\/wp-json\/wp\/v2\/types\/post"}],"author":[{"embeddable":true,"href":"https:\/\/www.fahrrad-xxl.de\/blog\/wp-json\/wp\/v2\/users\/3"}],"replies":[{"embeddable":true,"href":"https:\/\/www.fahrrad-xxl.de\/blog\/wp-json\/wp\/v2\/comments?post=20480"}],"version-history":[{"count":0,"href":"https:\/\/www.fahrrad-xxl.de\/blog\/wp-json\/wp\/v2\/posts\/20480\/revisions"}],"wp:featuredmedia":[{"embeddable":true,"href":"https:\/\/www.fahrrad-xxl.de\/blog\/wp-json\/wp\/v2\/media\/20713"}],"wp:attachment":[{"href":"https:\/\/www.fahrrad-xxl.de\/blog\/wp-json\/wp\/v2\/media?parent=20480"}],"wp:term":[{"taxonomy":"category","embeddable":true,"href":"https:\/\/www.fahrrad-xxl.de\/blog\/wp-json\/wp\/v2\/categories?post=20480"},{"taxonomy":"post_tag","embeddable":true,"href":"https:\/\/www.fahrrad-xxl.de\/blog\/wp-json\/wp\/v2\/tags?post=20480"}],"curies":[{"name":"wp","href":"https:\/\/api.w.org\/{rel}","templated":true}]}}