{"id":21472,"date":"2018-12-21T14:31:19","date_gmt":"2018-12-21T13:31:19","guid":{"rendered":"https:\/\/www.fahrrad-xxl.de\/blog\/?p=21472"},"modified":"2021-03-30T10:05:23","modified_gmt":"2021-03-30T08:05:23","slug":"e-bikes-fuer-kinder-und-jugendliche-2019","status":"publish","type":"post","link":"https:\/\/www.fahrrad-xxl.de\/blog\/e-bikes-fuer-kinder-und-jugendliche-2019\/","title":{"rendered":"E-Bikes f\u00fcr Kinder und Jugendliche"},"content":{"rendered":"<section class=\"wpb-content-wrapper\"><p>[vc_row][vc_column width=&#8220;1\/1&#8243;][vc_column_text]Sie machen in der Regel kein gro\u00dfes Aufheben um ihre &#8222;Kids&#8220; Modelle,\u00a0 die traditionellen Hersteller der E-Bikes. Minimalistisch beschrieben, auf die technischen Merkmale beschr\u00e4nkt, taucht hier und da einmal ein Exemplar im eigenen Portfolio auf. Ausschweifende Lobpreisungen und Action Bilder &#8211; Fehlanzeige. Ursache ist sicherlich unter anderem die Tatsache, dass Kinder- und Jugend E-Bikes immer noch sehr polarisieren und um die Sinnhaftigkeit eine stete und z\u00e4he Diskussion im Lager von Bef\u00fcrwortern und Gegnern im Gange ist. Wir sind um Neutralit\u00e4t bem\u00fcht und wollen uns daher darauf beschr\u00e4nken aufzuzeigen, welche Hersteller derzeit ein solches Modell im Angebot haben, welche technischen Unterschiede es gibt und wollen dem Pionier in Sachen &#8222;besonders leichte Kinder E-Bikes&#8220;, der Firma &#8222;Ben-E Bike&#8220; etwas tiefer in die Karten schauen.[\/vc_column_text]<div class=\"video-embed  wpb_content_element\"><div class=\"BorlabsCookie _brlbs-cb-youtube\"><div class=\"_brlbs-content-blocker\"> <div class=\"_brlbs-embed _brlbs-video-youtube\"> <img class=\"_brlbs-thumbnail\" src=\"https:\/\/www.fahrrad-xxl.de\/blog\/wp-content\/plugins\/borlabs-cookie\/assets\/images\/cb-no-thumbnail.png\" alt=\"YouTube\"> <div class=\"_brlbs-caption\"> <p>Mit dem Laden des Videos akzeptieren Sie die Datenschutzerkl\u00e4rung von YouTube.<br><a href=\"https:\/\/policies.google.com\/privacy\" target=\"_blank\" rel=\"nofollow noopener noreferrer\">Mehr erfahren<\/a><\/p> <p><a class=\"_brlbs-btn _brlbs-icon-play-white\" href=\"#\" data-borlabs-cookie-unblock role=\"button\">Video laden<\/a><\/p> <p><label><input type=\"checkbox\" name=\"unblockAll\" value=\"1\" checked> <small>YouTube immer entsperren<\/small><\/label><\/p> <\/div> <\/div> <\/div><div class=\"borlabs-hide\" data-borlabs-cookie-type=\"content-blocker\" data-borlabs-cookie-id=\"youtube\"><script type=\"text\/template\">PGlmcmFtZSB0aXRsZT0iRS1CaWtlcyBmw7xyIEtpbmRlciIgd2lkdGg9IjExNjEiIGhlaWdodD0iNjUzIiBzcmM9Imh0dHBzOi8vd3d3LnlvdXR1YmUtbm9jb29raWUuY29tL2VtYmVkL3JHbWlkVHZVU1hJP2ZlYXR1cmU9b2VtYmVkIiBmcmFtZWJvcmRlcj0iMCIgYWxsb3c9ImFjY2VsZXJvbWV0ZXI7IGF1dG9wbGF5OyBjbGlwYm9hcmQtd3JpdGU7IGVuY3J5cHRlZC1tZWRpYTsgZ3lyb3Njb3BlOyBwaWN0dXJlLWluLXBpY3R1cmU7IHdlYi1zaGFyZSIgcmVmZXJyZXJwb2xpY3k9InN0cmljdC1vcmlnaW4td2hlbi1jcm9zcy1vcmlnaW4iIGFsbG93ZnVsbHNjcmVlbj48L2lmcmFtZT4=<\/script><\/div><\/div><\/div>[\/vc_column][\/vc_row][vc_row][vc_column width=&#8220;1\/1&#8243;][vc_column_text]In unserem Shop kannst du folgende <a href=\"https:\/\/www.fahrrad-xxl.de\/fahrraeder\/e-bike\/e-bike-kinder-jugend\/\">Kinder E-Bikes kaufen<\/a>:[\/vc_column_text][\/vc_column][\/vc_row][vc_row][vc_column width=&#8220;1\/2&#8243;][vc_column_text]<\/p>\n<ol>\n<li><a href=\"#Bergamont\">Bergamont E-Revox 24<\/a><\/li>\n<li><a href=\"#Cube\">Cube Acid 240 Hybrid Youth<\/a><\/li>\n<li><a href=\"#Cube2\">Cube Reaction Hybrid Youth<\/a><\/li>\n<li><a href=\"#Haibike\">Haibike Sduro Hardfour 2.0<\/a><\/li>\n<li><a href=\"#Husqvarna\">Husqvarna Light Cross JR<\/a><\/li>\n<\/ol>\n<p>[\/vc_column_text][\/vc_column][vc_column width=&#8220;1\/2&#8243;][vc_column_text]<\/p>\n<ol start=\"6\">\n<li><a href=\"#KTM\">KTM Macina MiniMe<\/a><\/li>\n<li><a href=\"#Orbea\">Orbea eMX 24<\/a><\/li>\n<li><a href=\"#Raymon\">R RAYMON E-Sixray 4.0<\/a><\/li>\n<li><a href=\"#Scool\">S&#8217;Cool e-troX<\/a><\/li>\n<li><a href=\"#Scott\">Scott Roxter eRide<\/a><\/li>\n<\/ol>\n<p>[\/vc_column_text][\/vc_column][\/vc_row][vc_row][vc_column width=&#8220;1\/1&#8243;][vc_column_text]<\/p>\n<h2><span class=\"ez-toc-section\" id=\"du-hast-fragen-zu-kinder-e-bikes\"><\/span>Du hast Fragen zu Kinder E-Bikes?<span class=\"ez-toc-section-end\"><\/span><\/h2>\n<div class=\"visibility-desktop\"><a href=\"https:\/\/www.facebook.com\/groups\/AllAboutEbikes\/\"><img decoding=\"async\" loading=\"lazy\" class=\"alignnone wp-image-27421 size-full\" src=\"https:\/\/www.fahrrad-xxl.de\/blog\/wp-content\/uploads\/2019\/10\/Facebook-Banner-1000x300-2-1.jpg\" alt=\"E-Bikes f\u00fcr Kinder und Jugendliche\" width=\"1000\" height=\"300\" srcset=\"https:\/\/www.fahrrad-xxl.de\/blog\/wp-content\/uploads\/2019\/10\/Facebook-Banner-1000x300-2-1.jpg 1000w, https:\/\/www.fahrrad-xxl.de\/blog\/wp-content\/uploads\/2019\/10\/Facebook-Banner-1000x300-2-1-300x90.jpg 300w, https:\/\/www.fahrrad-xxl.de\/blog\/wp-content\/uploads\/2019\/10\/Facebook-Banner-1000x300-2-1-768x230.jpg 768w\" sizes=\"(max-width: 1000px) 100vw, 1000px\" \/><\/a><\/div>\n<div class=\"visibility-mobile\"><a href=\"https:\/\/www.facebook.com\/groups\/AllAboutEbikes\/\"><img decoding=\"async\" loading=\"lazy\" class=\"alignnone wp-image-27420 size-medium\" src=\"https:\/\/www.fahrrad-xxl.de\/blog\/wp-content\/uploads\/2019\/10\/Facebook-Banner-300x200-2-1-300x200.jpg\" alt=\"E-Bikes f\u00fcr Kinder und Jugendliche\" width=\"300\" height=\"200\" \/><\/a><\/div>[\/vc_column_text][vc_column_text]<\/p>\n<h2><span class=\"ez-toc-section\" id=\"der-markt-der-e-bikes-fuer-kinder-und-jugendliche\"><\/span>Der Markt der E-Bikes f\u00fcr Kinder und Jugendliche<span class=\"ez-toc-section-end\"><\/span><\/h2>\n<p>Nat\u00fcrlich lassen es sich die Platzhirsche im E-Bike Markt nicht nehmen, zumindest zu beweisen, dass man dieses, noch sehr kleine Marktsegment sehr wohl auch bedienen kann. So sind die bekannten Namen wie Bergamont, Bulls, Conway, Cube, Focus, Giant, Haibike, KTM, R Raymon, Scott, sowie ein paar Exoten mit sehr \u00e4hnlichen Konzepten am Start.<\/p>\n<p>Die angebotenen E-Bikes f\u00fcr Kinder und Jugendliche kommen durchweg als geschrumpfte Abbilder der traditionellen E-Bikes daher und bedienen sich, bei angepasster Geometrie, dem Motoren-, Akku- und Display Baukasten des eigenen Line-ups. So sind wie zu erwarten durchweg hochwertige Komponenten verbaut, Scheibenbremsen sind genauso Standard wie eine Federgabel vorn.<\/p>\n<p>Die Rahmen stehen entweder auf 24&#8220; oder 26&#8220; R\u00e4dern &#8211; wobei die 26 Zoll Varianten gerne auch mal von Erwachsenen gew\u00e4hlt werden, wenn im traditionellen Bereich nichts in der passenden (kleinen) Rahmenh\u00f6he verf\u00fcgbar war.<\/p>\n<p>Selbstverst\u00e4ndlich ergibt sich in Sachen E-Bikes bei Kindern und Jugendlichen eine ganz andere Ausgangssituation, was die elektrischen und elektronischen Komponenten angeht. Deshalb wird sinnvollerweise auf ein High Tech Display verzichtet, um den Blick nicht mehr als n\u00f6tig vom Verkehrsgeschehen abzulenken. Auch sind mit wenigen Ausnahmen eher die &#8222;gutm\u00fctigen&#8220; Antriebe mit geringerem Drehmoment am Start. Die Akku Kapazit\u00e4ten entsprechen meist den g\u00e4ngigen Standards, auch wenn man in diesem Bereich durchaus Abstriche hinnehmen und Gewichtseinsparungen realisieren k\u00f6nnte.<\/p>\n<p>Und damit w\u00e4ren wir beim Thema Gewicht: Da diese Marktnische noch sehr klein ist und die Fahrr\u00e4der nicht speziell auf den Einsatzzweck hin entwickelt wurden, ergeben sich Leergewichte rund um die 20 kg &#8211; nicht eben ideal f\u00fcr ein Kind an der Schwelle zum Jugendlichen. Der ein oder andere Hersteller begrenzt den Antrieb auf 20 km\/h, statt der vom Gesetzgeber f\u00fcr Pedelecs erlaubten 25 km\/h, deaktiviert zus\u00e4tzlich die Schiebehilfe und sorgt daf\u00fcr, dass die Unterst\u00fctzungsstufe des Motor nach dem erneuten Einschalten immer erst bewusst gew\u00e4hlt werden muss. Soweit zu den traditionellen E-Bike Herstellern.[\/vc_column_text][\/vc_column][\/vc_row][vc_row][vc_column width=&#8220;1\/1&#8243;]<a href=\"https:\/\/www.fahrrad-xxl.de\/fahrraeder\/e-bike\/e-bike-kinder-jugend\/?o=docscore&#038;fxxlint=blog-e-bikes-kinder-cta-1\" target=\"_self\" class=\"button button-appear custom large \" style=\"background-color: #a82323; border-color: #a82323;border-radius: 30px;\"><span>Jetzt E-Bikes f\u00fcr Kinder und Jugendliche entdecken<i class='fa fas fa-chevron-circle-right'><\/i><\/span><\/a>[\/vc_column][\/vc_row][vc_row][vc_column width=&#8220;1\/1&#8243;][vc_column_text]<\/p>\n<h2><span class=\"ez-toc-section\" id=\"uebersicht-der-e-bikes-fuer-kinder-und-jugendliche\"><\/span>\u00dcbersicht der E-Bikes f\u00fcr Kinder und Jugendliche<span class=\"ez-toc-section-end\"><\/span><\/h2>\n<p>[\/vc_column_text][\/vc_column][\/vc_row][vc_row][vc_column width=&#8220;1\/1&#8243;][vc_column_text]<\/p>\n<h3><a name=\"Bergamont\"><\/a>Bergamont E-Revox 24<\/h3>\n<p>[\/vc_column_text][\/vc_column][\/vc_row][vc_row][vc_column width=&#8220;1\/2&#8243;]<div class=\"single_image wpb_content_element align-center  image_box_rounded  \" data-animation=\"none\" data-delay=\"0\"><img width=\"500\" height=\"500\" src=\"https:\/\/www.fahrrad-xxl.de\/blog\/wp-content\/uploads\/2018\/12\/E-Revox-24.jpg\" class=\"attachment-full\" alt=\"Bergamont E-Revox 24\" decoding=\"async\" loading=\"lazy\" title=\"E-Bikes f\u00fcr Kinder und Jugendliche\" srcset=\"https:\/\/www.fahrrad-xxl.de\/blog\/wp-content\/uploads\/2018\/12\/E-Revox-24.jpg 500w, https:\/\/www.fahrrad-xxl.de\/blog\/wp-content\/uploads\/2018\/12\/E-Revox-24-150x150.jpg 150w, https:\/\/www.fahrrad-xxl.de\/blog\/wp-content\/uploads\/2018\/12\/E-Revox-24-300x300.jpg 300w, https:\/\/www.fahrrad-xxl.de\/blog\/wp-content\/uploads\/2018\/12\/E-Revox-24-80x80.jpg 80w\" sizes=\"(max-width: 500px) 100vw, 500px\" \/><span class=\"single_image_caption\">Bergamont E-Revox 24<\/span><\/div>[\/vc_column][vc_column width=&#8220;1\/2&#8243;]<div class=\"single_image wpb_content_element align-center  image_box_rounded  \" data-animation=\"none\" data-delay=\"0\"><img width=\"500\" height=\"500\" src=\"https:\/\/www.fahrrad-xxl.de\/blog\/wp-content\/uploads\/2018\/12\/E-Revox-26.jpg\" class=\"attachment-full\" alt=\"Bergamont E-Revox 26\" decoding=\"async\" loading=\"lazy\" title=\"E-Bikes f\u00fcr Kinder und Jugendliche\" srcset=\"https:\/\/www.fahrrad-xxl.de\/blog\/wp-content\/uploads\/2018\/12\/E-Revox-26.jpg 500w, https:\/\/www.fahrrad-xxl.de\/blog\/wp-content\/uploads\/2018\/12\/E-Revox-26-150x150.jpg 150w, https:\/\/www.fahrrad-xxl.de\/blog\/wp-content\/uploads\/2018\/12\/E-Revox-26-300x300.jpg 300w, https:\/\/www.fahrrad-xxl.de\/blog\/wp-content\/uploads\/2018\/12\/E-Revox-26-80x80.jpg 80w\" sizes=\"(max-width: 500px) 100vw, 500px\" \/><span class=\"single_image_caption\">Bergamont E-Revox 26<\/span><\/div>[\/vc_column][\/vc_row][vc_row][vc_column width=&#8220;1\/1&#8243;][vc_column_text]Bergamont ist in seinen Aussagen zum Thema &#8222;Kinder und Jugend E-Bikes&#8220; im Vergleich zu den Mitbewerbern recht offensiv unterwegs.<\/p>\n<p>Zitat:<\/p>\n<p><em>&#8222;E-MTB Fun nur f\u00fcr Erwachsene? No Way! Die E-Bike Welt geh\u00f6rt auch in Kinderh\u00e4nde: Das neue E-REVOX JUNIOR 24 ist der kinderleichte Einstieg ins E-MTB Fahren, mit Kinder spezifischer Geometrie und sicherer 24&#8243; PLUS Bereifung. Ausger\u00fcstet mit dem hochwertigem Bosch Active Line Antrieb sowie dem 400 Wh Bosch 36 V Li Ion Akku sind der Abenteuerlust und dem Spieltrieb keinerlei Grenzen gesetzt. F\u00fcr das Plus an Sicherheit sorgen dabei die kr\u00e4ftig zupackenden, hydraulischen Scheibenbremsen.&#8220;<\/em><\/p>\n<p>Bergamont folgt mit der Geschwindigkeitsbegrenzung des E-Revox Junior 24 auf 20 km\/h statt 25 km\/h der Philosophie anderer Hersteller von E-Bikes f\u00fcr Kids und Jugendliche. In Sachen Akku Integration\u00a0 l\u00e4sst das E-Revox Junior 24 die Bergamont Formensprache f\u00fcr das Jahr 2020 noch links liegen.[\/vc_column_text]<div class=\"spacer\" style=\"height: 60px;\"><\/div>[\/vc_column][\/vc_row][vc_row][vc_column width=&#8220;1\/1&#8243;][vc_column_text]<\/p>\n<h3 style=\"text-align: left;\"><a name=\"Cube\"><\/a>Cube Acid 240 Hybrid Rookie<\/h3>\n<p>[\/vc_column_text][\/vc_column][\/vc_row][vc_row][vc_column width=&#8220;1\/2&#8243;]<div class=\"single_image wpb_content_element align-center    \" data-animation=\"none\" data-delay=\"0\"><a href=\"https:\/\/www.fahrrad-xxl.de\/cube-acid-240-hybrid-youth-400-x0048995\/?fxxlint=blog-e-bikes-kinder-produktbild-1\" target=\"_self\"><img width=\"1119\" height=\"689\" src=\"https:\/\/www.fahrrad-xxl.de\/blog\/wp-content\/uploads\/2018\/12\/Cube-Acid-240-Hybrid-Rookie-Pro-400.jpg\" class=\"attachment-full\" alt=\"Cube Acid 240 Hybrid Rookie Pro\" decoding=\"async\" loading=\"lazy\" title=\"E-Bikes f\u00fcr Kinder und Jugendliche\" srcset=\"https:\/\/www.fahrrad-xxl.de\/blog\/wp-content\/uploads\/2018\/12\/Cube-Acid-240-Hybrid-Rookie-Pro-400.jpg 1119w, https:\/\/www.fahrrad-xxl.de\/blog\/wp-content\/uploads\/2018\/12\/Cube-Acid-240-Hybrid-Rookie-Pro-400-300x185.jpg 300w, https:\/\/www.fahrrad-xxl.de\/blog\/wp-content\/uploads\/2018\/12\/Cube-Acid-240-Hybrid-Rookie-Pro-400-1024x631.jpg 1024w, https:\/\/www.fahrrad-xxl.de\/blog\/wp-content\/uploads\/2018\/12\/Cube-Acid-240-Hybrid-Rookie-Pro-400-768x473.jpg 768w\" sizes=\"(max-width: 1119px) 100vw, 1119px\" \/><\/a><span class=\"single_image_caption\">Cube Acid 240 Hybrid Rookie Pro 2021<\/span><\/div>[\/vc_column][vc_column width=&#8220;1\/2&#8243;][vc_column_text]Cube hat sich ebenfalls die Frage gestellt, warum nur die Erwachsenen E-Bike-Spa\u00df haben sollen. Der Grundstein f\u00fcr dieses Segment wurde 2019 mit dem Acid 240 Hybrid gelegt, das die Extra-Power und den speziellen Fahrspa\u00df der bew\u00e4hrten E-Bike-Serie auch den Youngstern der Familie zug\u00e4nglich macht. Das f\u00f6rdert die Motivation, um endlich mit den Erwachsenen mithalten zu k\u00f6nnen und auch l\u00e4ngere Touren zu meistern. Selbstverst\u00e4ndlich verf\u00fcgt das Acid 240 Hybrid \u00fcber die gleichen Technologien und Ausstattungen wie die Acid-Reihe f\u00fcr die Gro\u00dfen. Dazu z\u00e4hlt ein Bosch Active Antrieb mit Purion Bordcomputer und ein 400 Wh Akku f\u00fcr noch mehr Reichweite. Die Suntour XCT JR Federgabel ebnet jeden Trail und die geschmeidige Shimano 9-Gang-Schaltung arbeitet harmonisch mit dem Bosch Antriebssystem zusammen, um die zus\u00e4tzliche Power direkt auf das Hinterrad zu \u00fcbertragen.[\/vc_column_text][\/vc_column][\/vc_row][vc_row][vc_column width=&#8220;1\/1&#8243;][vc_column_text]<\/p>\n<h3><a name=\"Cube2\"><\/a>Cube Reaction Hybrid Youth<\/h3>\n<p>[\/vc_column_text][\/vc_column][\/vc_row][vc_row][vc_column width=&#8220;1\/2&#8243;]<div class=\"single_image wpb_content_element align-center    \" data-animation=\"none\" data-delay=\"0\"><img width=\"500\" height=\"289\" src=\"https:\/\/www.fahrrad-xxl.de\/blog\/wp-content\/uploads\/2019\/08\/Cube-Reaction-Hybrid-Youth.jpg\" class=\"attachment-full\" alt=\"Cube Reaction Hybrid Youth 2020\" decoding=\"async\" loading=\"lazy\" title=\"E-Bikes f\u00fcr Kinder und Jugendliche\" srcset=\"https:\/\/www.fahrrad-xxl.de\/blog\/wp-content\/uploads\/2019\/08\/Cube-Reaction-Hybrid-Youth.jpg 500w, https:\/\/www.fahrrad-xxl.de\/blog\/wp-content\/uploads\/2019\/08\/Cube-Reaction-Hybrid-Youth-300x173.jpg 300w\" sizes=\"(max-width: 500px) 100vw, 500px\" \/><span class=\"single_image_caption\">Cube Reaction Hybrid Youth 2020<\/span><\/div>[\/vc_column][vc_column width=&#8220;1\/2&#8243;][vc_column_text]Wenn der Ehrgeiz des Spr\u00f6sslings steigt, muss das belohnt werden! Das war der Ansatz der Cube Ingenieure bei der Entwicklung des Reaction Hybrid Youth. Dieses Jugend-Mountainbike mit Bosch Antrieb nutzt die gleichen Technologien und Rahmenbautechniken wie die Erwachsenen-Modelle. Das Oversized-Unterrohr dient dem Rahmen &#8211; in Kombination mit dem 1.5 Zoll Steuerrohr &#8211; als starkes und steifes R\u00fcckgrat. Der Bosch Akku sitzt elegant integriert im Unterrohr, w\u00e4hrend sich der leistungsstarke Motor in einem Geh\u00e4use verbirgt, das sich ganz einfach mit einer einzigen Schraube \u00f6ffnen l\u00e4sst.<span class=\"js-additional-text text-to-show\"> Die innen verlegten Schaltz\u00fcge unterstreichen das sportlich-cleane Design des Rahmens und reduzieren den Wartungsaufwand auf ein Minimum. Und wenn der Youngster noch schwierigere Trails fahren will, kann ohne viel Aufwand sogar noch eine versenkbare Sattelst\u00fctze nachger\u00fcstet werden.\u00a0<\/span>[\/vc_column_text][\/vc_column][\/vc_row][vc_row][vc_column width=&#8220;1\/1&#8243;]<a href=\"https:\/\/www.fahrrad-xxl.de\/cube-acid-240-hybrid-youth-400-x0048995\/?fxxlint=blog-e-bikes-kinder-cta-3\" target=\"_self\" class=\"button button-appear custom large \" style=\"background-color: #a82323; border-color: #a82323;border-radius: 30px;\"><span>Jetzt das Cube Acid 240 Hybrid Youth entdecken<i class='fa fas fa-chevron-circle-right'><\/i><\/span><\/a>[\/vc_column][\/vc_row][vc_row][vc_column width=&#8220;1\/1&#8243;]<div class=\"newdivider align-center\" style=\"border-bottom-style: solid; border-color: #999999; border-bottom-width: 1px; margin-top: 0; margin-bottom: 0; width: 100%; \"><\/div><div class=\"clear\"><\/div>[\/vc_column][\/vc_row][vc_row][vc_column width=&#8220;1\/1&#8243;][vc_column_text]<\/p>\n<h3>Focus Jam\u00b2 HT Junior<\/h3>\n<p>[\/vc_column_text][\/vc_column][\/vc_row][vc_row][vc_column width=&#8220;1\/2&#8243;]<div class=\"single_image wpb_content_element align-center    \" data-animation=\"none\" data-delay=\"0\"><img width=\"500\" height=\"314\" src=\"https:\/\/www.fahrrad-xxl.de\/blog\/wp-content\/uploads\/2018\/12\/Focus-Jam2-HT-Junior.png\" class=\"attachment-full\" alt=\"Focus Jam\u00b2-HT-Junior\" decoding=\"async\" loading=\"lazy\" title=\"E-Bikes f\u00fcr Kinder und Jugendliche\" srcset=\"https:\/\/www.fahrrad-xxl.de\/blog\/wp-content\/uploads\/2018\/12\/Focus-Jam2-HT-Junior.png 500w, https:\/\/www.fahrrad-xxl.de\/blog\/wp-content\/uploads\/2018\/12\/Focus-Jam2-HT-Junior-300x188.png 300w\" sizes=\"(max-width: 500px) 100vw, 500px\" \/><span class=\"single_image_caption\">Focus Jam\u00b2-HT-Junior<\/span><\/div>[\/vc_column][vc_column width=&#8220;1\/2&#8243;][vc_column_text]Focus m\u00f6chte mit dem Jam\u00b2 (sprich: Jam Square)\u00a0HT Junior ein &#8222;passgenaues Bike f\u00fcr junge Fahrer&#8220; anbieten, &#8222;welches Jung und Alt verbindet&#8220;. Die angepasste Geometrie des Junior-Bikes setzt auf die gleichen Fahreigenschaften wie sein Pendant f\u00fcr Erwachsene. Hinzu kommen die f\u00fcr diese Bike Gr\u00f6\u00dfe idealen 26&#8243;-Laufr\u00e4der. &#8222;Dank der kompakten Bauweise des Shimano E8000-Motors und unseres Akkus konnten wir die Geometrie des JAM\u00b2 HT JUNIOR super agil zeichnen&#8220;, so Focus, was &#8222;der Garant f\u00fcr viel Spa\u00df auf dem Trail darstellt&#8220;. Laut Focus ist das Jam\u00b2 HT Junior f\u00fcr K\u00f6rpergr\u00f6\u00dfen von 125 bis 160 cm geeignet.[\/vc_column_text][\/vc_column][\/vc_row][vc_row][vc_column width=&#8220;1\/1&#8243;]<div class=\"newdivider align-center\" style=\"border-bottom-style: solid; border-color: #999999; border-bottom-width: 1px; margin-top: 0; margin-bottom: 0; width: 100%; \"><\/div><div class=\"clear\"><\/div>[\/vc_column][\/vc_row][vc_row][vc_column width=&#8220;1\/1&#8243;][vc_column_text]<\/p>\n<h3>Giant FathomE+ Junior<\/h3>\n<p>[\/vc_column_text][\/vc_column][\/vc_row][vc_row][vc_column width=&#8220;1\/2&#8243;]<div class=\"single_image wpb_content_element align-center    \" data-animation=\"none\" data-delay=\"0\"><img width=\"1119\" height=\"689\" src=\"https:\/\/www.fahrrad-xxl.de\/blog\/wp-content\/uploads\/2018\/12\/Giant-Fathom-E-jr.jpg\" class=\"attachment-full\" alt=\"Giant Fathom E+ jr\" decoding=\"async\" loading=\"lazy\" title=\"E-Bikes f\u00fcr Kinder und Jugendliche\" srcset=\"https:\/\/www.fahrrad-xxl.de\/blog\/wp-content\/uploads\/2018\/12\/Giant-Fathom-E-jr.jpg 1119w, https:\/\/www.fahrrad-xxl.de\/blog\/wp-content\/uploads\/2018\/12\/Giant-Fathom-E-jr-300x185.jpg 300w, https:\/\/www.fahrrad-xxl.de\/blog\/wp-content\/uploads\/2018\/12\/Giant-Fathom-E-jr-1024x631.jpg 1024w, https:\/\/www.fahrrad-xxl.de\/blog\/wp-content\/uploads\/2018\/12\/Giant-Fathom-E-jr-768x473.jpg 768w\" sizes=\"(max-width: 1119px) 100vw, 1119px\" \/><span class=\"single_image_caption\">Giant Fathom E+ jr 2021<\/span><\/div>[\/vc_column][vc_column width=&#8220;1\/2&#8243;][vc_column_text]Das 26&#8220; Fathom E+ Jr. ist mit seinem 80 Nm starkem Motor sicher etwas f\u00fcr reifere Jugendliche, die sich an die M\u00f6glichkeiten eines Fathom E+ Jr. langsam herantasten wollen und sich der Grenzen des eigenen fahrtechnischen K\u00f6nnens sehr wohl bewusst sind. Die 120 mm Federgabel von Suntour ist dem Einsatzzweck mit Sicherheit souver\u00e4n gewachsen. Die Rahmengr\u00f6\u00dfe entspricht 36,5 cm und ist auch f\u00fcr solche Erwachsene geeignet, die diese\u00a0 in ihrer Fahrrad Kategorie bislang vergeblich gesucht haben. Die integrierte Gep\u00e4cktr\u00e4ger-, St\u00e4nder- und Radschutz-Aufnahme l\u00e4sst eine Aufr\u00fcstung auf StVZO Komponenten problemlos zu. Sinnvoll, da das Fathom E+ Jr. der ideale Begleiter f\u00fcr den Schulweg darstellen d\u00fcrfte, falls dieser mit einem herk\u00f6mmlichen Fahrrad bislang nur kaum oder nur sehr schwer zu bew\u00e4ltigen war. Wie von Giant zu erwarten,\u00a0 ist die Akku Integration perfekt gelungen.[\/vc_column_text][\/vc_column][\/vc_row][vc_row][vc_column width=&#8220;1\/1&#8243;]<div class=\"newdivider align-center\" style=\"border-bottom-style: solid; border-color: #999999; border-bottom-width: 1px; margin-top: 0; margin-bottom: 0; width: 100%; \"><\/div><div class=\"clear\"><\/div>[\/vc_column][\/vc_row][vc_row][vc_column width=&#8220;1\/1&#8243;][vc_column_text]<\/p>\n<h3><a name=\"Haibike\"><\/a>Haibike HardFour<\/h3>\n<p>[\/vc_column_text][\/vc_column][\/vc_row][vc_row][vc_column width=&#8220;1\/1&#8243;]<div class=\"single_image wpb_content_element align-center    \" data-animation=\"none\" data-delay=\"0\"><a href=\"https:\/\/www.youtube.com\/watch?v=0KYa6SwpTww\/?fxxlint=blog-e-bikes-kinder-produktbild-2\" target=\"_blank\"><img width=\"1119\" height=\"689\" src=\"https:\/\/www.fahrrad-xxl.de\/blog\/wp-content\/uploads\/2018\/12\/Haibike-HardFour.jpg\" class=\"attachment-full\" alt=\"Haibike HardFour\" decoding=\"async\" loading=\"lazy\" title=\"E-Bikes f\u00fcr Kinder und Jugendliche\" srcset=\"https:\/\/www.fahrrad-xxl.de\/blog\/wp-content\/uploads\/2018\/12\/Haibike-HardFour.jpg 1119w, https:\/\/www.fahrrad-xxl.de\/blog\/wp-content\/uploads\/2018\/12\/Haibike-HardFour-300x185.jpg 300w, https:\/\/www.fahrrad-xxl.de\/blog\/wp-content\/uploads\/2018\/12\/Haibike-HardFour-1024x631.jpg 1024w, https:\/\/www.fahrrad-xxl.de\/blog\/wp-content\/uploads\/2018\/12\/Haibike-HardFour-768x473.jpg 768w\" sizes=\"(max-width: 1119px) 100vw, 1119px\" \/><\/a><span class=\"single_image_caption\">Haibike HardFour 2021<\/span><\/div>[\/vc_column][\/vc_row][vc_row][vc_column width=&#8220;1\/1&#8243;][vc_column_text]Das E-Mountainbike erfreut sich immer gr\u00f6\u00dferer Beliebtheit. Das liegt nat\u00fcrlich an so tollen Produkten wie dem HardFour aus dem Hause Haibike. Das schicke Fully punktet mit einem kr\u00e4ftigen Yamaha PW-TE Mittelmotor, der dich dank seiner 60 Nm Drehmoment ordentlich auf Touren bringen wird. Damit dir dabei nicht schon nach wenigen Kilometern der Saft ausgeht, stattet Haibike das schnelle Hardtail mit einem gro\u00dfz\u00fcgigen 36 V &#8211; 11,2 Ah &#8211; 400 Wh Rahmen-Akku aus. In Kombination mit dem leichten Rahmen aus Aluminium bringt das richtig viel Reichweite. Im wahrsten Sinne des Wortes wird das Bike von 24&#8243; Laufr\u00e4dern abgerundet. Mit diesem E-Mountainbike machen sportive Jugend also alles richtig.[\/vc_column_text][\/vc_column][\/vc_row][vc_row][vc_column width=&#8220;1\/1&#8243;]<a href=\"https:\/\/www.fahrrad-xxl.de\/haibike-hardfour-p00058756m001\/?fxxlint=blog-e-bikes-kinder-cta-4\" target=\"_blank\" class=\"button button-appear custom large \" style=\"background-color: #a82323; border-color: #a82323;border-radius: 30px;\"><span>Jetzt das Haibike Sduro HardFour 2.0 entdecken<i class='fa fas fa-chevron-circle-right'><\/i><\/span><\/a>[\/vc_column][\/vc_row][vc_row][vc_column width=&#8220;1\/1&#8243;][vc_column_text]<\/p>\n<h3><a name=\"Husqvarna\"><\/a>Husqvarna Light Cross JR<\/h3>\n<p>[\/vc_column_text][\/vc_column][\/vc_row][vc_row][vc_column width=&#8220;1\/2&#8243;]<div class=\"single_image wpb_content_element align-center    \" data-animation=\"none\" data-delay=\"0\"><a href=\"https:\/\/www.youtube.com\/watch?v=0KYa6SwpTww\/?fxxlint=blog-e-bikes-kinder-produktbild-3\" target=\"_blank\"><img width=\"500\" height=\"575\" src=\"https:\/\/www.fahrrad-xxl.de\/blog\/wp-content\/uploads\/2018\/12\/Husqvarna-Light-Cross-JR-24.jpg\" class=\"attachment-full\" alt=\"Husqvarna Light Cross JR 24 2020\" decoding=\"async\" loading=\"lazy\" title=\"E-Bikes f\u00fcr Kinder und Jugendliche\" srcset=\"https:\/\/www.fahrrad-xxl.de\/blog\/wp-content\/uploads\/2018\/12\/Husqvarna-Light-Cross-JR-24.jpg 500w, https:\/\/www.fahrrad-xxl.de\/blog\/wp-content\/uploads\/2018\/12\/Husqvarna-Light-Cross-JR-24-261x300.jpg 261w\" sizes=\"(max-width: 500px) 100vw, 500px\" \/><\/a><span class=\"single_image_caption\">Husqvarna Light Cross JR 24 2021<\/span><\/div>[\/vc_column][vc_column width=&#8220;1\/2&#8243;]<div class=\"single_image wpb_content_element align-center    \" data-animation=\"none\" data-delay=\"0\"><img width=\"500\" height=\"575\" src=\"https:\/\/www.fahrrad-xxl.de\/blog\/wp-content\/uploads\/2018\/12\/Husqvarna-Light-Cross-JR-27.5.jpg\" class=\"attachment-full\" alt=\"Husqvarna Light Cross JR 27.5 2020\" decoding=\"async\" loading=\"lazy\" title=\"E-Bikes f\u00fcr Kinder und Jugendliche\" srcset=\"https:\/\/www.fahrrad-xxl.de\/blog\/wp-content\/uploads\/2018\/12\/Husqvarna-Light-Cross-JR-27.5.jpg 500w, https:\/\/www.fahrrad-xxl.de\/blog\/wp-content\/uploads\/2018\/12\/Husqvarna-Light-Cross-JR-27.5-261x300.jpg 261w\" sizes=\"(max-width: 500px) 100vw, 500px\" \/><span class=\"single_image_caption\">Husqvarna Light Cross JR 27.5 2021<\/span><\/div>[\/vc_column][\/vc_row][vc_row][vc_column width=&#8220;1\/1&#8243;][vc_column_text]Es war vorauszusehen und nur eine Frage der Zeit, bis sich Husqvarna\u00a0 auch dem Segment der &#8222;Junior E-Bikes&#8220; annehmen w\u00fcrde. Mit dem LC JT 24 \/ 27.5 stehen zwei Varianten zur Verf\u00fcgung, die unterschiedliche Altersgruppen abdecken k\u00f6nnen. Beide E-Bikes sind mit der Shimano Steps E5000 Antriebseinheit mit 40 Nm Drehmoment\u00a0 ausgestattet und verf\u00fcgen \u00fcber einen 418 Wh starken Akku. Auch in Sachen Schaltung und Bremsen sind die beiden identisch. Unterschiede gibt es in Sachen Vorderradgabel\/Federweg vorne (80\/120 mm).[\/vc_column_text][\/vc_column][\/vc_row][vc_row][vc_column width=&#8220;1\/1&#8243;]<div class=\"newdivider align-center\" style=\"border-bottom-style: solid; border-color: #999999; border-bottom-width: 1px; margin-top: 0; margin-bottom: 0; width: 100%; \"><\/div><div class=\"clear\"><\/div>[\/vc_column][\/vc_row][vc_row][vc_column width=&#8220;1\/1&#8243;][vc_column_text]<\/p>\n<h3><a name=\"KTM\"><\/a>KTM Macina MiniMe<\/h3>\n<p>[\/vc_column_text][\/vc_column][\/vc_row][vc_row][vc_column width=&#8220;1\/2&#8243;]<div class=\"single_image wpb_content_element align-center    \" data-animation=\"none\" data-delay=\"0\"><img width=\"500\" height=\"325\" src=\"https:\/\/www.fahrrad-xxl.de\/blog\/wp-content\/uploads\/2018\/12\/MACINA-MINI-ME.jpg\" class=\"attachment-full\" alt=\"KTM Macina Mini Me\" decoding=\"async\" loading=\"lazy\" title=\"E-Bikes f\u00fcr Kinder und Jugendliche\" srcset=\"https:\/\/www.fahrrad-xxl.de\/blog\/wp-content\/uploads\/2018\/12\/MACINA-MINI-ME.jpg 500w, https:\/\/www.fahrrad-xxl.de\/blog\/wp-content\/uploads\/2018\/12\/MACINA-MINI-ME-300x195.jpg 300w\" sizes=\"(max-width: 500px) 100vw, 500px\" \/><span class=\"single_image_caption\">KTM Macina Mini Me<\/span><\/div>[\/vc_column][vc_column width=&#8220;1\/2&#8243;][vc_column_text]Das KTM Macina Mini Me ist auf 20 km\/h begrenzt, die Schiebehilfe ist deaktiviert, beim Einschalten befindet sich das E-Bike zuerst im Off-Modus und das h\u00f6chstzul\u00e4ssige Gesamtgewicht liegt bei 69 kg (E-Bike + Fahrer + Gep\u00e4ck).<\/p>\n<p>KTM macht dar\u00fcber hinaus klare Vorgaben, was den Einsatzzweck durch\u00a0 Kinder angeht.<\/p>\n<ul>\n<li>Das Mini Me ist f\u00fcr Kinder ab dem vollendeten 8. Lebensjahr nach einer umfassenden Einf\u00fchrung geeignet.<\/li>\n<li>Das Mini Me ist nur f\u00fcr die Benutzung auf befestigten Radwegen und Stra\u00dfen geeignet<\/li>\n<li>Die Benutzung auf Gehwegen ist nicht gestattet.<\/li>\n<li>Ein gepr\u00fcfter Fahrradhelm und geeignetes, festes Schuhwerk sind selbstredend Standard.<\/li>\n<\/ul>\n<p>Ob Punkt 2 wohl oft Beachtung findet ist fraglich &#8211; rein optisch macht das Mini Me diesbez\u00fcglich sicher &#8222;Lust auf mehr&#8220;.[\/vc_column_text][\/vc_column][\/vc_row][vc_row][vc_column width=&#8220;1\/1&#8243;]<a href=\"https:\/\/www.fahrrad-xxl.de\/ktm-macina-mini-me-241-x0047985\/?fxxlint=blog-e-bikes-kinder-cta-5\" target=\"_blank\" class=\"button button-appear custom large \" style=\"background-color: #a82323; border-color: #a82323;border-radius: 30px;\"><span>Jetzt das KTM Macina Mini Me 241 entdecken<i class='fa fas fa-chevron-circle-right'><\/i><\/span><\/a>[\/vc_column][\/vc_row][vc_row][vc_column width=&#8220;1\/1&#8243;][vc_column_text]<\/p>\n<h3><a name=\"Raymon\"><\/a>R RAYMON SixRay E<\/h3>\n<p>[\/vc_column_text][\/vc_column][\/vc_row][vc_row][vc_column width=&#8220;1\/2&#8243;]<div class=\"single_image wpb_content_element align-center    \" data-animation=\"none\" data-delay=\"0\"><img width=\"1119\" height=\"689\" src=\"https:\/\/www.fahrrad-xxl.de\/blog\/wp-content\/uploads\/2018\/12\/Raymon-SixRay-E-3.0.jpg\" class=\"attachment-full\" alt=\"Raymon SixRay E 3.0\" decoding=\"async\" loading=\"lazy\" title=\"E-Bikes f\u00fcr Kinder und Jugendliche\" srcset=\"https:\/\/www.fahrrad-xxl.de\/blog\/wp-content\/uploads\/2018\/12\/Raymon-SixRay-E-3.0.jpg 1119w, https:\/\/www.fahrrad-xxl.de\/blog\/wp-content\/uploads\/2018\/12\/Raymon-SixRay-E-3.0-300x185.jpg 300w, https:\/\/www.fahrrad-xxl.de\/blog\/wp-content\/uploads\/2018\/12\/Raymon-SixRay-E-3.0-1024x631.jpg 1024w, https:\/\/www.fahrrad-xxl.de\/blog\/wp-content\/uploads\/2018\/12\/Raymon-SixRay-E-3.0-768x473.jpg 768w\" sizes=\"(max-width: 1119px) 100vw, 1119px\" \/><span class=\"single_image_caption\">Raymon SixRay E 3.0 <\/span><\/div>[\/vc_column][vc_column width=&#8220;1\/2&#8243;]<div class=\"single_image wpb_content_element align-center    \" data-animation=\"none\" data-delay=\"0\"><img width=\"1119\" height=\"689\" src=\"https:\/\/www.fahrrad-xxl.de\/blog\/wp-content\/uploads\/2018\/12\/Raymon-SixRay-E-1.0.jpg\" class=\"attachment-full\" alt=\"Raymon SixRay E 1.0\" decoding=\"async\" loading=\"lazy\" title=\"E-Bikes f\u00fcr Kinder und Jugendliche\" srcset=\"https:\/\/www.fahrrad-xxl.de\/blog\/wp-content\/uploads\/2018\/12\/Raymon-SixRay-E-1.0.jpg 1119w, https:\/\/www.fahrrad-xxl.de\/blog\/wp-content\/uploads\/2018\/12\/Raymon-SixRay-E-1.0-300x185.jpg 300w, https:\/\/www.fahrrad-xxl.de\/blog\/wp-content\/uploads\/2018\/12\/Raymon-SixRay-E-1.0-1024x631.jpg 1024w, https:\/\/www.fahrrad-xxl.de\/blog\/wp-content\/uploads\/2018\/12\/Raymon-SixRay-E-1.0-768x473.jpg 768w\" sizes=\"(max-width: 1119px) 100vw, 1119px\" \/><span class=\"single_image_caption\">Raymon SixRay E 1.0<\/span><\/div>[\/vc_column][\/vc_row][vc_row][vc_column width=&#8220;1\/1&#8243;]<div class=\"newdivider align-center\" style=\"border-bottom-style: solid; border-color: #999999; border-bottom-width: 1px; margin-top: 0; margin-bottom: 0; width: 100%; \"><\/div><div class=\"clear\"><\/div>[\/vc_column][\/vc_row][vc_row][vc_column width=&#8220;1\/2&#8243;]<div class=\"single_image wpb_content_element align-center    \" data-animation=\"none\" data-delay=\"0\"><img width=\"500\" height=\"317\" src=\"https:\/\/www.fahrrad-xxl.de\/blog\/wp-content\/uploads\/2018\/12\/Four-SixRay-E-1.5-Street.png\" class=\"attachment-full\" alt=\"E 1.5 Street mit SR Suntour Heckmotor\" decoding=\"async\" loading=\"lazy\" title=\"E-Bikes f\u00fcr Kinder und Jugendliche\" srcset=\"https:\/\/www.fahrrad-xxl.de\/blog\/wp-content\/uploads\/2018\/12\/Four-SixRay-E-1.5-Street.png 500w, https:\/\/www.fahrrad-xxl.de\/blog\/wp-content\/uploads\/2018\/12\/Four-SixRay-E-1.5-Street-300x190.png 300w\" sizes=\"(max-width: 500px) 100vw, 500px\" \/><span class=\"single_image_caption\">E 1.5 Street mit SR Suntour Heckmotor<\/span><\/div>[\/vc_column][vc_column width=&#8220;1\/2&#8243;][vc_column_text]R Raymon hat sein E-Bike Angebot f\u00fcr Kids und Jugendliche 2021 nochmals erweitert.<\/p>\n<ul>\n<li>Insgesamt sind es jetzt\u00a0 f\u00fcnf SixRay und FourRay Modelle, ausgestattet teils mit Yamaha PW-SE Antrieb mit 70 Nm Drehmoment, teils mit SR Suntour Heckmotor mit 50 Nm Drehmoment.<\/li>\n<li>Mit 50 Nm Drehmoment und 250W ist letzterer eine solide Basis f\u00fcr erste Erfahrungen auf dem eBike. Ein Infrarotsensor an der Kurbel ermittelt die optimale Trittunterst\u00fctzung im jeweiligen Unterst\u00fctzungsmodus.<\/li>\n<li>F\u00fcr zuverl\u00e4ssige Bremsvorg\u00e4nge sorgen hydraulische Scheibenbremsen von Tektro.<\/li>\n<li>Weitere hochwertige Komponenten, wie eine vollst\u00e4ndige Herrmans Beleuchtung, runden das FOURRAY E 1.5 STREET ab.<\/li>\n<\/ul>\n<p>[\/vc_column_text][\/vc_column][\/vc_row][vc_row][vc_column width=&#8220;1\/1&#8243;]<a href=\"https:\/\/www.fahrrad-xxl.de\/serie\/raymon-sixray-e\/?fxxlint=blog-e-bikes-kinder-cta-7\" target=\"_blank\" class=\"button button-appear custom large \" style=\"background-color: #a82323; border-color: #a82323;border-radius: 30px;\"><span>Jetzt das R RAYMON SixRay E entdecken<i class='fa fas fa-chevron-circle-right'><\/i><\/span><\/a>[\/vc_column][\/vc_row][vc_row][vc_column width=&#8220;1\/1&#8243;][vc_column_text]<\/p>\n<h3><a name=\"Scott\"><\/a>Scott Roxter eRide<\/h3>\n<p>[\/vc_column_text][\/vc_column][\/vc_row][vc_row][vc_column width=&#8220;1\/1&#8243;]<div class=\"single_image wpb_content_element align-center    \" data-animation=\"none\" data-delay=\"0\"><img width=\"1119\" height=\"689\" src=\"https:\/\/www.fahrrad-xxl.de\/blog\/wp-content\/uploads\/2018\/12\/Scott-Roxter-eRIDE-26.jpg\" class=\"attachment-full\" alt=\"Scott Roxter eRIDE 26\" decoding=\"async\" loading=\"lazy\" title=\"E-Bikes f\u00fcr Kinder und Jugendliche\" srcset=\"https:\/\/www.fahrrad-xxl.de\/blog\/wp-content\/uploads\/2018\/12\/Scott-Roxter-eRIDE-26.jpg 1119w, https:\/\/www.fahrrad-xxl.de\/blog\/wp-content\/uploads\/2018\/12\/Scott-Roxter-eRIDE-26-300x185.jpg 300w, https:\/\/www.fahrrad-xxl.de\/blog\/wp-content\/uploads\/2018\/12\/Scott-Roxter-eRIDE-26-1024x631.jpg 1024w, https:\/\/www.fahrrad-xxl.de\/blog\/wp-content\/uploads\/2018\/12\/Scott-Roxter-eRIDE-26-768x473.jpg 768w\" sizes=\"(max-width: 1119px) 100vw, 1119px\" \/><span class=\"single_image_caption\">Scott Roxter eRIDE 26<\/span><\/div>[\/vc_column][\/vc_row][vc_row][vc_column width=&#8220;1\/1&#8243;][vc_column_text]Scott positioniert seine &#8222;Junior E-Bikes&#8220; als\u00a0&#8222;die perfekte Wahl f\u00fcr alle Kids, die auch bergauf den Kick suchen und noch mehr&#8220;. Sinnvollerweise wird der &#8222;Kick&#8220; jedoch durch die 20 km\/h Geschwindigkeitsbeschr\u00e4nkung und die Verwendung des gutm\u00fctigen Bosch Active Line in vern\u00fcnftige Bahnen gelenkt. Das trifft f\u00fcr beide Laufrad-Varianten zu. Diese unterscheiden sich im Wesentlichen durch den unterschiedlichen Federweg vorn (70 mm\/100 mm), unterschiedlich breite Lenker (560 mm \/ 640 mm) und das deutlich erh\u00f6hte zul\u00e4ssige Gesamtgewicht bei der 26&#8220; Variante, welches durchaus auch einem Erwachsenen gerecht werden sollte.[\/vc_column_text][\/vc_column][\/vc_row][vc_row][vc_column width=&#8220;1\/1&#8243;]<a href=\"https:\/\/www.fahrrad-xxl.de\/fahrraeder\/e-bike\/geschlecht.jungen\/marke.scott\/?o=docscore&#038;fxxlint=blog-e-bikes-kinder-cta-8\" target=\"_blank\" class=\"button button-appear custom large \" style=\"background-color: #a82323; border-color: #a82323;border-radius: 30px;\"><span>Jetzt die Scott Roxter eRide Serie entdecken<i class='fa fas fa-chevron-circle-right'><\/i><\/span><\/a>[\/vc_column][\/vc_row][vc_row][vc_column width=&#8220;1\/1&#8243;][vc_column_text]<\/p>\n<h3><a name=\"Scool\"><\/a>S&#8217;Cool e-troX<\/h3>\n<p>[\/vc_column_text][\/vc_column][\/vc_row][vc_row][vc_column width=&#8220;1\/3&#8243;]<div class=\"single_image wpb_content_element align-center    \" data-animation=\"none\" data-delay=\"0\"><img width=\"500\" height=\"277\" src=\"https:\/\/www.fahrrad-xxl.de\/blog\/wp-content\/uploads\/2018\/12\/Scool-e-troX-20-7-s.jpg\" class=\"attachment-full\" alt=\"S&#039;Cool e-troX 20 7-s\" decoding=\"async\" loading=\"lazy\" title=\"E-Bikes f\u00fcr Kinder und Jugendliche\" srcset=\"https:\/\/www.fahrrad-xxl.de\/blog\/wp-content\/uploads\/2018\/12\/Scool-e-troX-20-7-s.jpg 500w, https:\/\/www.fahrrad-xxl.de\/blog\/wp-content\/uploads\/2018\/12\/Scool-e-troX-20-7-s-300x166.jpg 300w\" sizes=\"(max-width: 500px) 100vw, 500px\" \/><span class=\"single_image_caption\">S&#039;Cool e-troX 20 7-s<\/span><\/div>[\/vc_column][vc_column width=&#8220;1\/3&#8243;]<div class=\"single_image wpb_content_element align-center    \" data-animation=\"none\" data-delay=\"0\"><img width=\"500\" height=\"277\" src=\"https:\/\/www.fahrrad-xxl.de\/blog\/wp-content\/uploads\/2018\/12\/Scool-e-troX-24-7-s.jpg\" class=\"attachment-full\" alt=\"S&#039;Cool e-troX 24 7-s\" decoding=\"async\" loading=\"lazy\" title=\"E-Bikes f\u00fcr Kinder und Jugendliche\" srcset=\"https:\/\/www.fahrrad-xxl.de\/blog\/wp-content\/uploads\/2018\/12\/Scool-e-troX-24-7-s.jpg 500w, https:\/\/www.fahrrad-xxl.de\/blog\/wp-content\/uploads\/2018\/12\/Scool-e-troX-24-7-s-300x166.jpg 300w\" sizes=\"(max-width: 500px) 100vw, 500px\" \/><span class=\"single_image_caption\">S&#039;Cool e-troX 24 7-s<\/span><\/div>[\/vc_column][vc_column width=&#8220;1\/3&#8243;]<div class=\"single_image wpb_content_element align-left    \" data-animation=\"none\" data-delay=\"0\"><img width=\"500\" height=\"277\" src=\"https:\/\/www.fahrrad-xxl.de\/blog\/wp-content\/uploads\/2018\/12\/Scool-e-troX-26-7-s.jpg\" class=\"attachment-full\" alt=\"S&#039;Cool e-troX 26 7-s\" decoding=\"async\" loading=\"lazy\" title=\"E-Bikes f\u00fcr Kinder und Jugendliche\" srcset=\"https:\/\/www.fahrrad-xxl.de\/blog\/wp-content\/uploads\/2018\/12\/Scool-e-troX-26-7-s.jpg 500w, https:\/\/www.fahrrad-xxl.de\/blog\/wp-content\/uploads\/2018\/12\/Scool-e-troX-26-7-s-300x166.jpg 300w\" sizes=\"(max-width: 500px) 100vw, 500px\" \/><span class=\"single_image_caption\">S&#039;Cool e-troX 26 7-s<\/span><\/div>[\/vc_column][\/vc_row][vc_row][vc_column width=&#8220;1\/1&#8243;][vc_column_text]S&#8217;Cool der Spezialist f\u00fcr Kinder und Jugendr\u00e4der bietet gleich drei Varianten des e-troX an, um die Altersklassen<\/p>\n<ul>\n<li>ab\u00a0 \u00a06 Jahre \/ 118 cm K\u00f6rpergr\u00f6\u00dfe (e-troX 20 7-s \/ ca. 15 kg Leergewicht \/ UVP: 1.199\u20ac)<\/li>\n<li>ab\u00a0 8 Jahre \/ 130 cm K\u00f6rpergr\u00f6\u00dfe (e-troX 24 7-s \/ ca. 16.8 kg Leergewicht \/ UVP: 1.299\u20ac)<\/li>\n<li>ab 11 Jahre \/ 145 cm K\u00f6rpergr\u00f6\u00dfe (e-troX 26 7-s \/ ca. 18.5 kg Leeergewicht \/\u00a0 UVP: 1.399\u20ac)<\/li>\n<\/ul>\n<p>abzudecken.<\/p>\n<p>Die e-troX Serie wird von einem ultra kompaktem Heckmotor angetrieben, verf\u00fcgt \u00fcber 7 G\u00e4nge und ist StVZO tauglich. Das Display ist minimalistisch, aber sehr funktionell. Es braucht schon ein ge\u00fcbtes Auge, um dem e-troX seine elektrische Motorunterst\u00fctzung \u00fcberhaupt anzusehen, da der 200 W Motor und der 250 Wh Akku absolut unsichtbar integriert wurden.[\/vc_column_text][\/vc_column][\/vc_row][vc_row][vc_column width=&#8220;1\/1&#8243;]<a href=\"https:\/\/www.fahrrad-xxl.de\/fahrraeder\/e-bike\/e-bike-kinder-jugend\/marke.s-cool\/?o=docscore&#038;fxxlint=blog-e-bikes-kinder-cta-9\" target=\"_self\" class=\"button button-appear custom large \" style=\"background-color: #a82323; border-color: #a82323;border-radius: 30px;\"><span>Jetzt die S&#8217;Cool e-troX Serie entdecken<i class='fa fas fa-chevron-circle-right'><\/i><\/span><\/a>[\/vc_column][\/vc_row][vc_row][vc_column width=&#8220;1\/1&#8243;][vc_column_text]<\/p>\n<h3>Bulls Twenty4E \/ Twenty6E<\/h3>\n<p>[\/vc_column_text][\/vc_column][\/vc_row][vc_row][vc_column width=&#8220;1\/2&#8243;]<div class=\"single_image wpb_content_element align-center    \" data-animation=\"none\" data-delay=\"0\"><img width=\"500\" height=\"333\" src=\"https:\/\/www.fahrrad-xxl.de\/blog\/wp-content\/uploads\/2018\/12\/Twenty4E.png\" class=\"attachment-full\" alt=\"Bulls Twenty4E\" decoding=\"async\" loading=\"lazy\" title=\"E-Bikes f\u00fcr Kinder und Jugendliche\" srcset=\"https:\/\/www.fahrrad-xxl.de\/blog\/wp-content\/uploads\/2018\/12\/Twenty4E.png 500w, https:\/\/www.fahrrad-xxl.de\/blog\/wp-content\/uploads\/2018\/12\/Twenty4E-300x200.png 300w\" sizes=\"(max-width: 500px) 100vw, 500px\" \/><span class=\"single_image_caption\">Bulls Twenty4E<\/span><\/div>[\/vc_column][vc_column width=&#8220;1\/2&#8243;]<div class=\"single_image wpb_content_element align-center    \" data-animation=\"none\" data-delay=\"0\"><img width=\"500\" height=\"333\" src=\"https:\/\/www.fahrrad-xxl.de\/blog\/wp-content\/uploads\/2018\/12\/Twenty6E.png\" class=\"attachment-full\" alt=\"Bulls Twenty6E\" decoding=\"async\" loading=\"lazy\" title=\"E-Bikes f\u00fcr Kinder und Jugendliche\" srcset=\"https:\/\/www.fahrrad-xxl.de\/blog\/wp-content\/uploads\/2018\/12\/Twenty6E.png 500w, https:\/\/www.fahrrad-xxl.de\/blog\/wp-content\/uploads\/2018\/12\/Twenty6E-300x200.png 300w\" sizes=\"(max-width: 500px) 100vw, 500px\" \/><span class=\"single_image_caption\">Bulls Twenty6E<\/span><\/div>[\/vc_column][\/vc_row][vc_row][vc_column width=&#8220;1\/1&#8243;][vc_column_text]Die Bulls Jugend E-Bike Serie kommt in Sachen Akku-Integration noch sehr konventionell daher. Daf\u00fcr macht sie einen durch und durch soliden, robusten Eindruck. Das spiegelt sich auch im zul\u00e4ssigen Gesamtgewicht wieder &#8211; sowohl dem 26&#8220; Twenty 6E, als auch dem 24&#8220; Twenty4 E traut man diesbez\u00fcglich respektable 115 kg zu. Das Twenty6 hat eine Rahmenh\u00f6he von 37\u00a0 cm, das Twenty4 32cm. Die Modelle sind serienm\u00e4\u00dfig mit 400 Wh ausger\u00fcstet, gegen Aufpreis werden sie werksseitig mit 500 Wh ausgeliefert. Beide sind bereits mit Scheinwerfer und R\u00fccklicht ausger\u00fcstet, die 26&#8220; Variante hat 20 mm Federweg mehr an der Vorderradgabel. Auf eine Geschwindigkeitsbegrenzung (20 km\/h statt 25 km\/h) wurde bei beiden Varianten verzichtet.[\/vc_column_text][\/vc_column][\/vc_row][vc_row][vc_column width=&#8220;1\/1&#8243;]<div class=\"newdivider align-center\" style=\"border-bottom-style: solid; border-color: #999999; border-bottom-width: 1px; margin-top: 0; margin-bottom: 0; width: 100%; \"><\/div><div class=\"clear\"><\/div>[\/vc_column][\/vc_row][vc_row][vc_column width=&#8220;1\/1&#8243;][vc_column_text]<\/p>\n<h3>Conway EMS 240 \/ EMC 240<\/h3>\n<p>[\/vc_column_text][\/vc_column][\/vc_row][vc_row][vc_column width=&#8220;1\/3&#8243;]<div class=\"single_image wpb_content_element align-center  image_box_rounded  \" data-animation=\"none\" data-delay=\"0\"><img width=\"500\" height=\"333\" src=\"https:\/\/www.fahrrad-xxl.de\/blog\/wp-content\/uploads\/2018\/12\/EMS-240_2.jpg\" class=\"attachment-full\" alt=\"Conway EMS 240\" decoding=\"async\" loading=\"lazy\" title=\"E-Bikes f\u00fcr Kinder und Jugendliche\" srcset=\"https:\/\/www.fahrrad-xxl.de\/blog\/wp-content\/uploads\/2018\/12\/EMS-240_2.jpg 500w, https:\/\/www.fahrrad-xxl.de\/blog\/wp-content\/uploads\/2018\/12\/EMS-240_2-300x200.jpg 300w\" sizes=\"(max-width: 500px) 100vw, 500px\" \/><span class=\"single_image_caption\">Conway EMS 240<\/span><\/div>[\/vc_column][vc_column width=&#8220;1\/3&#8243;]<div class=\"single_image wpb_content_element align-center  image_box_rounded  \" data-animation=\"none\" data-delay=\"0\"><img width=\"500\" height=\"333\" src=\"https:\/\/www.fahrrad-xxl.de\/blog\/wp-content\/uploads\/2018\/12\/EMC-240.jpg\" class=\"attachment-full\" alt=\"Conway EMC 240\" decoding=\"async\" loading=\"lazy\" title=\"E-Bikes f\u00fcr Kinder und Jugendliche\" srcset=\"https:\/\/www.fahrrad-xxl.de\/blog\/wp-content\/uploads\/2018\/12\/EMC-240.jpg 500w, https:\/\/www.fahrrad-xxl.de\/blog\/wp-content\/uploads\/2018\/12\/EMC-240-300x200.jpg 300w\" sizes=\"(max-width: 500px) 100vw, 500px\" \/><span class=\"single_image_caption\">Conway EMC 240<\/span><\/div>[\/vc_column][vc_column width=&#8220;1\/3&#8243;]<div class=\"single_image wpb_content_element align-center  image_box_rounded  \" data-animation=\"none\" data-delay=\"0\"><img width=\"500\" height=\"333\" src=\"https:\/\/www.fahrrad-xxl.de\/blog\/wp-content\/uploads\/2018\/12\/EMS-240_1.jpg\" class=\"attachment-full\" alt=\"Conway EMS 240\" decoding=\"async\" loading=\"lazy\" title=\"E-Bikes f\u00fcr Kinder und Jugendliche\" srcset=\"https:\/\/www.fahrrad-xxl.de\/blog\/wp-content\/uploads\/2018\/12\/EMS-240_1.jpg 500w, https:\/\/www.fahrrad-xxl.de\/blog\/wp-content\/uploads\/2018\/12\/EMS-240_1-300x200.jpg 300w\" sizes=\"(max-width: 500px) 100vw, 500px\" \/><span class=\"single_image_caption\">Conway EMS 240<\/span><\/div>[\/vc_column][\/vc_row][vc_row][vc_column width=&#8220;1\/1&#8243;][vc_column_text]Die Conway Kid Serie in 24\u201c hat eine kindgerechte Geometrie, ist mit einem kr\u00e4ftigen Bosch-Motor sowie mit Scheibenbremsen ausgestattet und erm\u00f6glicht so auch Familien-Ausfl\u00fcge mit gr\u00f6\u00dferen Radius. Ein kleinerer Akku sorgt f\u00fcr ein geringes Gewicht, so dass der Nachwuchs keine unn\u00f6tigen Kilos mit an Bord nehmen muss.\u00a0 Das eMS Kid von Conway ist sowohl in einer StVZO konformen Ausf\u00fchrung als eMC Kid, als auch als abgespecktes, sportliches eMS Kid in einer sehr attraktiven Farbkombination erh\u00e4ltlich. Auf eine Limitierung der H\u00f6chstgeschwindigkeit hat Conway verzichtet.[\/vc_column_text][\/vc_column][\/vc_row][vc_row][vc_column width=&#8220;1\/1&#8243;]<div class=\"newdivider align-center\" style=\"border-bottom-style: solid; border-color: #999999; border-bottom-width: 1px; margin-top: 0; margin-bottom: 0; width: 100%; \"><\/div><div class=\"clear\"><\/div>[\/vc_column][\/vc_row][vc_row][vc_column width=&#8220;1\/1&#8243;][vc_column_text]<\/p>\n<h3><a name=\"VPACE\"><\/a>WOOM<\/h3>\n<p>[\/vc_column_text][\/vc_column][\/vc_row][vc_row][vc_column width=&#8220;1\/2&#8243;]<div class=\"single_image wpb_content_element align-center    \" data-animation=\"none\" data-delay=\"0\"><img width=\"500\" height=\"262\" src=\"https:\/\/www.fahrrad-xxl.de\/blog\/wp-content\/uploads\/2018\/12\/Woom.jpg\" class=\"attachment-full\" alt=\"Woom E-MTB 5\/6 2020\" decoding=\"async\" loading=\"lazy\" title=\"E-Bikes f\u00fcr Kinder und Jugendliche\" srcset=\"https:\/\/www.fahrrad-xxl.de\/blog\/wp-content\/uploads\/2018\/12\/Woom.jpg 500w, https:\/\/www.fahrrad-xxl.de\/blog\/wp-content\/uploads\/2018\/12\/Woom-300x157.jpg 300w\" sizes=\"(max-width: 500px) 100vw, 500px\" \/><span class=\"single_image_caption\">Woom E-MTB 5\/6 2020<\/span><\/div>[\/vc_column][vc_column width=&#8220;1\/2&#8243;][vc_column_text]Das Thema Kinder E-Bikes wurde bei Woom, dem\u00a0 \u00f6sterreichischen Spezialist f\u00fcr leichte Kinder R\u00e4der lange und kontrovers diskutiert. M\u00f6glicherweise war es der Fazua Antrieb, welcher mit seinem geringen Gewicht und seiner sanften Leistungsentfaltung letztendlich den Ausschlag gab, auch dieses Marktsegement zu bedienen. Geplant sind f\u00fcr das Fr\u00fchjahr 2020 zwei Kinder E-MTB&#8217;s &#8211; das &#8222;UP&#8220;. Die Eckdaten sind WOOM typisch kompromisslos &#8211; 90 % der Fahrradkomponenten sind speziell f\u00fcr Kinder entwickelt und exklusiv f\u00fcr Woom produziert. Dadurch sind die R\u00e4der perfekt auf die Bed\u00fcrfnisse von Kindern und ihre Anatomie abgestimmt.<\/p>\n<ul>\n<li>Fazua Antriebseinheit mit 250W \/ 55 Nm Drehmoment<\/li>\n<li>250 Wh Akku<\/li>\n<li>24 und 26 Zoll Variante<\/li>\n<li>80 \/ 90 mm Luftfedergabel<\/li>\n<li>SRam 11-Gang Schaltung<\/li>\n<\/ul>\n<p>Der Preis wird wohl knapp unter der 3.000 \u20ac Schwellgrenze liegen.[\/vc_column_text][\/vc_column][\/vc_row][vc_row][vc_column width=&#8220;1\/1&#8243;]<div class=\"newdivider align-center\" style=\"border-bottom-style: solid; border-color: #999999; border-bottom-width: 1px; margin-top: 0; margin-bottom: 0; width: 100%; \"><\/div><div class=\"clear\"><\/div>[\/vc_column][\/vc_row][vc_row][vc_column width=&#8220;1\/1&#8243;][vc_column_text]<\/p>\n<h3>Ben-E Bikes Twenty\/Twenty Four\/TwentySix E-Power<\/h3>\n<p>[\/vc_column_text][\/vc_column][\/vc_row][vc_row][vc_column width=&#8220;1\/4&#8243;]<div class=\"single_image wpb_content_element align-center    \" data-animation=\"none\" data-delay=\"0\"><img width=\"500\" height=\"251\" src=\"https:\/\/www.fahrrad-xxl.de\/blog\/wp-content\/uploads\/2018\/12\/Twenty-E-Power.png\" class=\"attachment-full\" alt=\"Twenty E-Power\" decoding=\"async\" loading=\"lazy\" title=\"E-Bikes f\u00fcr Kinder und Jugendliche\" srcset=\"https:\/\/www.fahrrad-xxl.de\/blog\/wp-content\/uploads\/2018\/12\/Twenty-E-Power.png 500w, https:\/\/www.fahrrad-xxl.de\/blog\/wp-content\/uploads\/2018\/12\/Twenty-E-Power-300x151.png 300w\" sizes=\"(max-width: 500px) 100vw, 500px\" \/><span class=\"single_image_caption\">Twenty E-Power<\/span><\/div>[\/vc_column][vc_column width=&#8220;1\/4&#8243;]<div class=\"single_image wpb_content_element align-center    \" data-animation=\"none\" data-delay=\"0\"><img width=\"500\" height=\"237\" src=\"https:\/\/www.fahrrad-xxl.de\/blog\/wp-content\/uploads\/2018\/12\/TwentyFour-E-Power.png\" class=\"attachment-full\" alt=\"TwentyFour E-Power\" decoding=\"async\" loading=\"lazy\" title=\"E-Bikes f\u00fcr Kinder und Jugendliche\" srcset=\"https:\/\/www.fahrrad-xxl.de\/blog\/wp-content\/uploads\/2018\/12\/TwentyFour-E-Power.png 500w, https:\/\/www.fahrrad-xxl.de\/blog\/wp-content\/uploads\/2018\/12\/TwentyFour-E-Power-300x142.png 300w\" sizes=\"(max-width: 500px) 100vw, 500px\" \/><span class=\"single_image_caption\">TwentyFour E-Power<\/span><\/div>[\/vc_column][vc_column width=&#8220;1\/4&#8243;]<div class=\"single_image wpb_content_element align-center    \" data-animation=\"none\" data-delay=\"0\"><img width=\"500\" height=\"237\" src=\"https:\/\/www.fahrrad-xxl.de\/blog\/wp-content\/uploads\/2018\/12\/TwentyFour-E-Power-Pro.png\" class=\"attachment-full\" alt=\"TwentyFour E-Power Pro\" decoding=\"async\" loading=\"lazy\" title=\"E-Bikes f\u00fcr Kinder und Jugendliche\" srcset=\"https:\/\/www.fahrrad-xxl.de\/blog\/wp-content\/uploads\/2018\/12\/TwentyFour-E-Power-Pro.png 500w, https:\/\/www.fahrrad-xxl.de\/blog\/wp-content\/uploads\/2018\/12\/TwentyFour-E-Power-Pro-300x142.png 300w\" sizes=\"(max-width: 500px) 100vw, 500px\" \/><span class=\"single_image_caption\">TwentyFour E-Power Pro<\/span><\/div>[\/vc_column][vc_column width=&#8220;1\/4&#8243;]<div class=\"single_image wpb_content_element align-center    \" data-animation=\"none\" data-delay=\"0\"><img width=\"500\" height=\"237\" src=\"https:\/\/www.fahrrad-xxl.de\/blog\/wp-content\/uploads\/2018\/12\/TwentySix-E-Power-Air.png\" class=\"attachment-full\" alt=\"TwentySix E-Power Air\" decoding=\"async\" loading=\"lazy\" title=\"E-Bikes f\u00fcr Kinder und Jugendliche\" srcset=\"https:\/\/www.fahrrad-xxl.de\/blog\/wp-content\/uploads\/2018\/12\/TwentySix-E-Power-Air.png 500w, https:\/\/www.fahrrad-xxl.de\/blog\/wp-content\/uploads\/2018\/12\/TwentySix-E-Power-Air-300x142.png 300w\" sizes=\"(max-width: 500px) 100vw, 500px\" \/><span class=\"single_image_caption\">TwentySix E-Power Air<\/span><\/div>[\/vc_column][\/vc_row][vc_row][vc_column width=&#8220;1\/1&#8243;][vc_column_text]<\/p>\n<h2><span class=\"ez-toc-section\" id=\"der-e-bike-spezialist-fuer-kinder-und-jugendliche\"><\/span>Der E-Bike Spezialist f\u00fcr Kinder und Jugendliche<span class=\"ez-toc-section-end\"><\/span><\/h2>\n<p>Einen sehr radikalen, g\u00e4nzlich anderen Weg geht die Firma &#8222;Ben-E&#8220; Bikes. Dieser &#8222;David unter den Goliaths&#8220; hat sich ausschlie\u00dflich auf die Produktion von E-Bikes f\u00fcr Kinder und Jugendliche spezialisiert und diese auf die Bed\u00fcrfnisse der kleinen, jungen Kunden zugeschnitten.<\/p>\n<p>Das macht die &#8222;Ben-Bikes&#8220; so besonders<\/p>\n<ul>\n<li>vier Modelle mit Rahmenh\u00f6hen von 26 cm bis 38,7 cm und Radgr\u00f6\u00dfen von 20 bis 26 Zoll<\/li>\n<li>moderate Drehmomente<\/li>\n<li>leichter Heckmotor<\/li>\n<li>leichter Akku mit reduzierter Kapazit\u00e4t<\/li>\n<li>leichte Komponenten, wohin man schaut<\/li>\n<li>daraus resultierende Leergewichte von 10 bis 13 kg<\/li>\n<li>maximale Geschwindigkeit und Motorleistung sind anpassbar<\/li>\n<li>umfangreichste Anpassungen der Motorsteuerung beim Top Modell m\u00f6glich<\/li>\n<\/ul>\n<p>&#8222;Ben-E Bike&#8220; ist ein kleines Familienunternehmen, wie so viele (erfolgreiche) Unternehmen aus der Notwendigkeit heraus gegr\u00fcndet, Abhilfe f\u00fcr ein Problem zu schaffen, f\u00fcr welches es bislang noch keine L\u00f6sung gab. Wer einmal Gelegenheit hatte, mit den Menschen hinter &#8222;Ben-E Bike&#8220;, Robin und Tom Krichel zu sprechen, wird schnell erkennen, mit welcher Leidenschaft hier erfolgreich versucht wird, eine kleine Nische mit einem hochwertigen Produkt zu bedienen. Den Unternehmensgr\u00fcndern geht es ganz eindeutig nicht um Gewinnmaximierung sondern vielmehr um Qualit\u00e4t und Kundenn\u00e4he.[\/vc_column_text][\/vc_column][\/vc_row][vc_row][vc_column width=&#8220;1\/1&#8243;]<div class=\"newdivider align-center\" style=\"border-bottom-style: solid; border-color: #999999; border-bottom-width: 1px; margin-top: 0; margin-bottom: 0; width: 100%; \"><\/div><div class=\"clear\"><\/div>[\/vc_column][\/vc_row][vc_row][vc_column width=&#8220;1\/1&#8243;][vc_column_text]<\/p>\n<h2><span class=\"ez-toc-section\" id=\"uebersicht-der-gaengigsten-e-bikes-fuer-kinder-und-jugendliche\"><\/span>\u00dcbersicht der g\u00e4ngigsten E-Bikes f\u00fcr Kinder und Jugendliche<span class=\"ez-toc-section-end\"><\/span><\/h2>\n<div class=\"custom-table-1\">\n<table width=\"1000\">\n<tbody>\n<tr>\n<td width=\"59\">Marke<\/td>\n<td width=\"127\">Modell<\/td>\n<td width=\"84\">Motor Hersteller<\/td>\n<td width=\"46\">Rahmen H\u00f6he<\/td>\n<td width=\"39\">G\u00e4nge<\/td>\n<td width=\"70\">Federweg<\/td>\n<td width=\"30\">Licht<\/td>\n<td width=\"44\">Dreh Moment<\/td>\n<td width=\"43\">Rad Gr\u00f6\u00dfe<\/td>\n<td width=\"65\">Akku<\/td>\n<td width=\"48\">Gewicht<\/td>\n<td width=\"49\">Preis ca.<\/td>\n<td width=\"44\">V max<\/td>\n<td width=\"64\">Eignung<\/td>\n<\/tr>\n<tr>\n<td>Ben E-Bike<\/td>\n<td>Twenty E-Power<\/td>\n<td>Nabenmotor<\/td>\n<td>26 cm<\/td>\n<td>10<\/td>\n<td>Starrgabel<\/td>\n<td>Nein<\/td>\n<td>30 Nm<\/td>\n<td>20 Zoll<\/td>\n<td>175 Wh<\/td>\n<td>10,2 kg<\/td>\n<td>1.749\u20ac<\/td>\n<td>20 km\/h<\/td>\n<td>&gt; 115 cm<\/td>\n<\/tr>\n<tr>\n<td>Ben E-Bike<\/td>\n<td>Twentyfour E-Power Air<\/td>\n<td>Nabenmotor<\/td>\n<td>32 cm<\/td>\n<td>10<\/td>\n<td>Starrgabel<\/td>\n<td>Nein<\/td>\n<td>30 Nm<\/td>\n<td>24 Zoll<\/td>\n<td>175 Wh<\/td>\n<td>10,9 kg<\/td>\n<td>1.799\u20ac<\/td>\n<td>20 km\/h<\/td>\n<td>&gt; 125 cm<\/td>\n<\/tr>\n<tr>\n<td>Ben E-Bike<\/td>\n<td>Twentyfour E-Power Air<\/td>\n<td>Nabenmoto<\/td>\n<td>32 cm<\/td>\n<td>10<\/td>\n<td>100 mm<\/td>\n<td>Nein<\/td>\n<td>30 Nm<\/td>\n<td>24 Zoll<\/td>\n<td>175 Wh<\/td>\n<td>12 kg<\/td>\n<td>1.899\u20ac<\/td>\n<td>20 km\/h<\/td>\n<td>&gt;\u00a0 128 cm<\/td>\n<\/tr>\n<tr>\n<td>Ben E-Bike<\/td>\n<td>Twentysix E-Power Air<\/td>\n<td>Nabenmotor<\/td>\n<td>38,7 cm<\/td>\n<td>10<\/td>\n<td>100 mm<\/td>\n<td>Nein<\/td>\n<td>30 Nm<\/td>\n<td>26 Zoll<\/td>\n<td>250 Wh<\/td>\n<td>13,1 kg<\/td>\n<td>2.199\u20ac<\/td>\n<td><\/td>\n<td>&gt; 142 cm<\/td>\n<\/tr>\n<tr>\n<td><\/td>\n<td><\/td>\n<td><\/td>\n<td><\/td>\n<td><\/td>\n<td><\/td>\n<td><\/td>\n<td><\/td>\n<td><\/td>\n<td><\/td>\n<td><\/td>\n<td><\/td>\n<td><\/td>\n<td><\/td>\n<\/tr>\n<tr>\n<td>Bergamont<\/td>\n<td>E-Revox 24<\/td>\n<td>Active Line<\/td>\n<td>32 cm<\/td>\n<td>9<\/td>\n<td>50 mm<\/td>\n<td>Nein<\/td>\n<td>40 Nm<\/td>\n<td>24 Zoll<\/td>\n<td>400 Wh<\/td>\n<td>19,8 kg<\/td>\n<td>1.999\u20ac<\/td>\n<td>20 km\/h<\/td>\n<td><\/td>\n<\/tr>\n<tr>\n<td>Bergamont<\/td>\n<td>E-Revox 26<\/td>\n<td>Active Line Plus<\/td>\n<td>36 cm<\/td>\n<td>9<\/td>\n<td>100 mm<\/td>\n<td>Nein<\/td>\n<td>50 Nm<\/td>\n<td>26 Zoll<\/td>\n<td>400 Wh<\/td>\n<td>20,4 kg<\/td>\n<td>2.099\u20ac<\/td>\n<td><\/td>\n<td><\/td>\n<\/tr>\n<tr>\n<td>Bulls<\/td>\n<td>Twenty4E<\/td>\n<td>Active Line<\/td>\n<td>32 cm<\/td>\n<td>8<\/td>\n<td>80 mm<\/td>\n<td>Ja<\/td>\n<td>40 Nm<\/td>\n<td>24 Zoll<\/td>\n<td>400 Wh<\/td>\n<td>21,3 kg<\/td>\n<td>2.299\u20ac<\/td>\n<td><\/td>\n<td><\/td>\n<\/tr>\n<tr>\n<td>Bulls<\/td>\n<td>Twenty6E<\/td>\n<td>Active Line<\/td>\n<td>37 cm<\/td>\n<td>8<\/td>\n<td>100 mm<\/td>\n<td>Ja<\/td>\n<td>40 Nm<\/td>\n<td>26 Zoll<\/td>\n<td>400 Wh<\/td>\n<td>21,8 kg<\/td>\n<td>2.299\u20ac<\/td>\n<td><\/td>\n<td><\/td>\n<\/tr>\n<tr>\n<td>Conway<\/td>\n<td>eMS 240<\/td>\n<td>Active Line Plus<\/td>\n<td>33 cm<\/td>\n<td>9<\/td>\n<td>80 mm<\/td>\n<td>Nein<\/td>\n<td>50 Nm<\/td>\n<td>24 Zoll<\/td>\n<td>400 Wh<\/td>\n<td>19,9 kg<\/td>\n<td>2.099\u20ac<\/td>\n<td><\/td>\n<td><\/td>\n<\/tr>\n<tr>\n<td>Conway<\/td>\n<td>eMC 240<\/td>\n<td>Active Line Plus<\/td>\n<td>33 cm<\/td>\n<td>9<\/td>\n<td>80 mm<\/td>\n<td>Ja<\/td>\n<td>50 Nm<\/td>\n<td>24 Zoll<\/td>\n<td>400 Wh<\/td>\n<td>21,2 kg<\/td>\n<td>2.199\u20ac<\/td>\n<td><\/td>\n<td><\/td>\n<\/tr>\n<tr>\n<td>Cube<\/td>\n<td>Acid 240 Hybrid Youth<\/td>\n<td>\u00a0Active Line<\/td>\n<td>35 cm<\/td>\n<td>9<\/td>\n<td>80 mm<\/td>\n<td>Nein<\/td>\n<td>40 Nm<\/td>\n<td>24 Zoll<\/td>\n<td>400 Wh<\/td>\n<td>18,7 kg<\/td>\n<td>1.699\u20ac<\/td>\n<td><\/td>\n<td><\/td>\n<\/tr>\n<tr>\n<td>Cube<\/td>\n<td>Reaction Hybrid Youth<\/td>\n<td>Performance Line CX Gen.4<\/td>\n<td>35 cm<\/td>\n<td>10<\/td>\n<td>100 mm<\/td>\n<td>Nein<\/td>\n<td>75 Nm<\/td>\n<td>27,5 Zoll<\/td>\n<td>400 Wh<\/td>\n<td>20,9 kg<\/td>\n<td>2.199\u20ac<\/td>\n<td><\/td>\n<td><\/td>\n<\/tr>\n<tr>\n<td>Focus<\/td>\n<td>Jam2 HT Junior<\/td>\n<td>Steps E8000<\/td>\n<td>35 cm<\/td>\n<td>10<\/td>\n<td>80 mm<\/td>\n<td>Nein<\/td>\n<td>70 Nm<\/td>\n<td>26 Zoll<\/td>\n<td>378 Wh<\/td>\n<td><\/td>\n<td>3.199\u20ac<\/td>\n<td><\/td>\n<td>125 cm &#8211; 160 cm<\/td>\n<\/tr>\n<tr>\n<td>Giant<\/td>\n<td>Fathom E+ JR.<\/td>\n<td>SyncDrive Sport<\/td>\n<td>36,5 cm<\/td>\n<td>9<\/td>\n<td>80 mm<\/td>\n<td>Nein<\/td>\n<td>80 Nm<\/td>\n<td>26 Zoll<\/td>\n<td>409 Wh<\/td>\n<td>21,4 kg<\/td>\n<td>1.999\u20ac<\/td>\n<td><\/td>\n<td><\/td>\n<\/tr>\n<tr>\n<td>Haibike<\/td>\n<td>Sduro HardFour 4.0<\/td>\n<td>Yamaha PW-SE<\/td>\n<td>34 cm<\/td>\n<td>9<\/td>\n<td>63 mm<\/td>\n<td>Nein<\/td>\n<td>70 Nm<\/td>\n<td>24 Zoll<\/td>\n<td>400 Wh<\/td>\n<td>18,9 kg<\/td>\n<td>2.199\u20ac<\/td>\n<td><\/td>\n<td><\/td>\n<\/tr>\n<tr>\n<td>Husqvarna<\/td>\n<td>LC 24<\/td>\n<td>Steps E5000<\/td>\n<td>33 cm<\/td>\n<td>9<\/td>\n<td>80 mm<\/td>\n<td>Nein<\/td>\n<td>40 Nm<\/td>\n<td>24 Zoll<\/td>\n<td>418 Wh<\/td>\n<td>20,2 kg<\/td>\n<td>2.299\u20ac<\/td>\n<td><\/td>\n<td><\/td>\n<\/tr>\n<tr>\n<td>Husqvarna<\/td>\n<td>LC 27.5<\/td>\n<td>Steps E5000<\/td>\n<td>35 cm<\/td>\n<td>9<\/td>\n<td>120 mm<\/td>\n<td>Nein<\/td>\n<td>40 Nm<\/td>\n<td>27.5 Zoll<\/td>\n<td>418 Wh<\/td>\n<td>21,4 kg<\/td>\n<td>2.399\u20ac<\/td>\n<td><\/td>\n<td><\/td>\n<\/tr>\n<tr>\n<td>KTM<\/td>\n<td>Macina Mini Me 241<\/td>\n<td>Active Line<\/td>\n<td>34 cm<\/td>\n<td>9<\/td>\n<td>63 mm<\/td>\n<td>Nein<\/td>\n<td>40 Nm<\/td>\n<td>24 Zoll<\/td>\n<td>400 Wh<\/td>\n<td>18,7 kg<\/td>\n<td>1.999\u20ac<\/td>\n<td>20 km\/h<\/td>\n<td><\/td>\n<\/tr>\n<tr>\n<td>Orbea<\/td>\n<td>eMX 24<\/td>\n<td>Ebikemotion<\/td>\n<td>30 cm<\/td>\n<td>10<\/td>\n<td>63 mm<\/td>\n<td>Nein<\/td>\n<td>k.A.<\/td>\n<td>24 Zoll<\/td>\n<td>248 Wh<\/td>\n<td>15,5 kg<\/td>\n<td>1.899\u20ac<\/td>\n<td>25 km\/h<\/td>\n<td>135 cm &#8211; 155 cm<\/td>\n<\/tr>\n<tr>\n<td>R Raymon<\/td>\n<td>E-Sixray 4.0<\/td>\n<td>Yamaha PW-TE<\/td>\n<td>35 cm<\/td>\n<td>9<\/td>\n<td>100 mm<\/td>\n<td>Nein<\/td>\n<td>60 Nm<\/td>\n<td>26 Zoll<\/td>\n<td>400 Wh<\/td>\n<td><\/td>\n<td>1.999\u20ac<\/td>\n<td><\/td>\n<td><\/td>\n<\/tr>\n<tr>\n<td>S&#8217;Cool<\/td>\n<td>e-troX 20-7<\/td>\n<td>Bafang<\/td>\n<td>29 cm<\/td>\n<td>7<\/td>\n<td>k.A.<\/td>\n<td>Ja<\/td>\n<td>k.A.<\/td>\n<td>20 Zoll<\/td>\n<td>250 Wh<\/td>\n<td>15 kg<\/td>\n<td>1.199\u20ac<\/td>\n<td><\/td>\n<td><\/td>\n<\/tr>\n<tr>\n<td>S&#8217;Cool<\/td>\n<td>e-troX 24-7<\/td>\n<td>Bafang<\/td>\n<td>32 cm<\/td>\n<td>7<\/td>\n<td>k.A.<\/td>\n<td>Ja<\/td>\n<td>k.A.<\/td>\n<td>24 Zoll<\/td>\n<td>250 Wh<\/td>\n<td>16.8 kg<\/td>\n<td>1.299\u20ac<\/td>\n<td><\/td>\n<td><\/td>\n<\/tr>\n<tr>\n<td>S&#8217;Cool<\/td>\n<td>e-troX 26-7<\/td>\n<td>Bafang<\/td>\n<td>36 cm<\/td>\n<td>7<\/td>\n<td>k.A.<\/td>\n<td>Ja<\/td>\n<td>k.A.<\/td>\n<td>26 Zoll<\/td>\n<td>250 Wh<\/td>\n<td>18.5 kg<\/td>\n<td>1.399\u20ac<\/td>\n<td><\/td>\n<td><\/td>\n<\/tr>\n<tr>\n<td>Scott<\/td>\n<td>Roxter eRIDE 24<\/td>\n<td>Active Line<\/td>\n<td>32 cm<\/td>\n<td>9<\/td>\n<td>70 mm<\/td>\n<td>Nein<\/td>\n<td>40 Nm<\/td>\n<td>24 Zoll<\/td>\n<td>400 Wh<\/td>\n<td>19,8 kg<\/td>\n<td>1.999\u20ac<\/td>\n<td>20 km\/h<\/td>\n<td><\/td>\n<\/tr>\n<tr>\n<td>Scott<\/td>\n<td>Roxter eRIDE 26<\/td>\n<td>Bosch<\/td>\n<td>36 cm<\/td>\n<td>9<\/td>\n<td>100 mm<\/td>\n<td>Nein<\/td>\n<td>40 Nm<\/td>\n<td>26 Zoll<\/td>\n<td>400 Wh<\/td>\n<td>19,9 kg<\/td>\n<td>2.199\u20ac<\/td>\n<td>20 km\/h<\/td>\n<td><\/td>\n<\/tr>\n<tr>\n<td>Woom<\/td>\n<td>UP<\/td>\n<td>Fazua<\/td>\n<td><\/td>\n<td>11<\/td>\n<td style=\"text-align: center;\">80 mm\/90 mm<\/td>\n<td>Nein<\/td>\n<td>60 Nm<\/td>\n<td>\n<p style=\"text-align: center;\">24\/26<\/p>\n<p style=\"text-align: center;\">Zoll<\/p>\n<\/td>\n<td>250 Wh<\/td>\n<td>15.3 kg \/ 16 kg<\/td>\n<td>&lt;3.000<\/td>\n<td><\/td>\n<td>7-11 Jahre \/ 10-14 Jahre<\/td>\n<\/tr>\n<\/tbody>\n<\/table>\n<\/div>[\/vc_column_text][\/vc_column][\/vc_row][vc_row][vc_column width=&#8220;1\/1&#8243;][vc_column_text]Die meisten Hersteller halten sich sehr bedeckt, was die Eignung der R\u00e4der in Bezug auf Alter bzw. K\u00f6rpergr\u00f6\u00dfe angeht. Als Faustformel <strong>f\u00fcr normale Kinderr\u00e4der<\/strong> gilt eine K\u00f6rpergr\u00f6sse von 135 cm f\u00fcr 24&#8220; R\u00e4der und 140 cm f\u00fcr 26&#8220; R\u00e4der.<\/p>\n<p><strong> Zus\u00e4tzlicher, entscheidender Faktor bei den E-Bikes f\u00fcr Kinder und Jugendliche d\u00fcrfte aber die &#8222;geistige Reife&#8220; sein. Letztendlich liegt die Entscheidung bei den Eltern&#8230;<\/strong>[\/vc_column_text][\/vc_column][\/vc_row][vc_row][vc_column width=&#8220;1\/1&#8243;][\/vc_column][\/vc_row][vc_section][vc_row][vc_column width=&#8220;1\/1&#8243;]<div class=\"newdivider align-left\" style=\"border-bottom-style: solid; border-color: #eaeaea; border-bottom-width: 1px; margin-top: 20px; margin-bottom: 0; width: 100%; \"><\/div><div class=\"clear\"><\/div>[\/vc_column][\/vc_row][vc_row][vc_column width=&#8220;1\/1&#8243;][vc_column_text]<span class=\"dkdai-headline\">Das k\u00f6nnte dich auch interessieren<\/span>[\/vc_column_text][vc_column_text]<div class=\"rpbt_shortcode\">\n\n<style type=\"text\/css\">\n\t\t\t#rpbt-related-gallery-1 {\n\t\t\t\tmargin: auto;\n\t\t\t}\n\t\t\t#rpbt-related-gallery-1 .gallery-item {\n\t\t\t\tfloat: left;\n\t\t\t\tmargin-top: 10px;\n\t\t\t\ttext-align: center;\n\t\t\t\twidth: 33%;\n\t\t\t}\n\t\t\t#rpbt-related-gallery-1 img {\n\t\t\t\tborder: 2px solid #cfcfcf;\n\t\t\t}\n\t\t\t#rpbt-related-gallery-1 .gallery-caption {\n\t\t\t\tmargin-left: 0;\n\t\t\t}\n\t\t\t\/* see gallery_shortcode() in wp-includes\/media.php *\/\n\t\t<\/style>\n\t\t<div id='rpbt-related-gallery-1' class='gallery related-gallery related-galleryid-21472 gallery-columns-3 gallery-size-medium'><dl class='gallery-item' role='figure' aria-label='Carbon Reparatur \u00bb Fahrrad mit Carbonrahmen reparieren'>\n\t\t\t<dt class='gallery-icon landscape'>\n\t\t\t\t<a href='https:\/\/www.fahrrad-xxl.de\/blog\/carbon-reparatur\/'><img width=\"300\" height=\"200\" src=\"https:\/\/www.fahrrad-xxl.de\/blog\/wp-content\/uploads\/2018\/09\/bicycle-bike-repair-132682-300x200.jpeg\" class=\"attachment-medium size-medium\" alt=\"Carbon Reparatur \u00bb Fahrrad mit Carbonrahmen reparieren\" decoding=\"async\" loading=\"lazy\" aria-describedby=\"rpbt-related-gallery-1-19211\" srcset=\"https:\/\/www.fahrrad-xxl.de\/blog\/wp-content\/uploads\/2018\/09\/bicycle-bike-repair-132682-300x200.jpeg 300w, https:\/\/www.fahrrad-xxl.de\/blog\/wp-content\/uploads\/2018\/09\/bicycle-bike-repair-132682-768x513.jpeg 768w, https:\/\/www.fahrrad-xxl.de\/blog\/wp-content\/uploads\/2018\/09\/bicycle-bike-repair-132682-1024x683.jpeg 1024w, https:\/\/www.fahrrad-xxl.de\/blog\/wp-content\/uploads\/2018\/09\/bicycle-bike-repair-132682-600x400.jpeg 600w, https:\/\/www.fahrrad-xxl.de\/blog\/wp-content\/uploads\/2018\/09\/bicycle-bike-repair-132682.jpeg 1500w\" sizes=\"(max-width: 300px) 100vw, 300px\" title=\"Carbon Reparatur \u00bb Fahrrad mit Carbonrahmen reparieren\" \/><\/a>\n\t\t\t<\/dt>\n\t\t\t\t<dd class='wp-caption-text gallery-caption' id='rpbt-related-gallery-1-19211'>\n\t\t\t\tCarbon Reparatur \u00bb Fahrrad mit Carbonrahmen reparieren\n\t\t\t\t<\/dd><\/dl><dl class='gallery-item' role='figure' aria-label='Die Geschichte des Mountainbikes'>\n\t\t\t<dt class='gallery-icon landscape'>\n\t\t\t\t<a href='https:\/\/www.fahrrad-xxl.de\/blog\/die-geschichte-des-mountainbikes\/'><img width=\"300\" height=\"200\" src=\"https:\/\/www.fahrrad-xxl.de\/blog\/wp-content\/uploads\/2014\/07\/Geschichte-MTB-300x200.jpg\" class=\"attachment-medium size-medium\" alt=\"E-Bikes f\u00fcr Kinder und Jugendliche\" decoding=\"async\" loading=\"lazy\" aria-describedby=\"rpbt-related-gallery-1-2598\" srcset=\"https:\/\/www.fahrrad-xxl.de\/blog\/wp-content\/uploads\/2014\/07\/Geschichte-MTB-300x200.jpg 300w, https:\/\/www.fahrrad-xxl.de\/blog\/wp-content\/uploads\/2014\/07\/Geschichte-MTB-768x512.jpg 768w, https:\/\/www.fahrrad-xxl.de\/blog\/wp-content\/uploads\/2014\/07\/Geschichte-MTB-1024x683.jpg 1024w, https:\/\/www.fahrrad-xxl.de\/blog\/wp-content\/uploads\/2014\/07\/Geschichte-MTB-600x400.jpg 600w\" sizes=\"(max-width: 300px) 100vw, 300px\" title=\"E-Bikes f\u00fcr Kinder und Jugendliche\" \/><\/a>\n\t\t\t<\/dt>\n\t\t\t\t<dd class='wp-caption-text gallery-caption' id='rpbt-related-gallery-1-2598'>\n\t\t\t\tDie Geschichte des Mountainbikes\n\t\t\t\t<\/dd><\/dl><dl class='gallery-item' role='figure' aria-label='Die besten Bikeparks in Deutschland'>\n\t\t\t<dt class='gallery-icon landscape'>\n\t\t\t\t<a href='https:\/\/www.fahrrad-xxl.de\/blog\/die-besten-bikeparks-in-deutschland\/'><img width=\"300\" height=\"200\" src=\"https:\/\/www.fahrrad-xxl.de\/blog\/wp-content\/uploads\/2018\/12\/hqNUXK8w-300x200.jpeg\" class=\"attachment-medium size-medium\" alt=\"Die besten Bikeparks in Deutschland\" decoding=\"async\" loading=\"lazy\" aria-describedby=\"rpbt-related-gallery-1-21952\" srcset=\"https:\/\/www.fahrrad-xxl.de\/blog\/wp-content\/uploads\/2018\/12\/hqNUXK8w-300x200.jpeg 300w, https:\/\/www.fahrrad-xxl.de\/blog\/wp-content\/uploads\/2018\/12\/hqNUXK8w-768x512.jpeg 768w, https:\/\/www.fahrrad-xxl.de\/blog\/wp-content\/uploads\/2018\/12\/hqNUXK8w-1024x683.jpeg 1024w, https:\/\/www.fahrrad-xxl.de\/blog\/wp-content\/uploads\/2018\/12\/hqNUXK8w-600x400.jpeg 600w, https:\/\/www.fahrrad-xxl.de\/blog\/wp-content\/uploads\/2018\/12\/hqNUXK8w.jpeg 2048w\" sizes=\"(max-width: 300px) 100vw, 300px\" title=\"Die besten Bikeparks in Deutschland\" \/><\/a>\n\t\t\t<\/dt>\n\t\t\t\t<dd class='wp-caption-text gallery-caption' id='rpbt-related-gallery-1-21952'>\n\t\t\t\tDie besten Bikeparks in Deutschland\n\t\t\t\t<\/dd><\/dl><br style=\"clear: both\" \/>\n\t\t<\/div>\n<\/div>[\/vc_column_text][\/vc_column][\/vc_row][\/vc_section][vc_row][vc_column][\/vc_column][\/vc_row]<\/p>\n\n\n<div class=\"kk-star-ratings kksr-auto kksr-align-left kksr-valign-bottom\"\n    data-payload='{&quot;align&quot;:&quot;left&quot;,&quot;id&quot;:&quot;21472&quot;,&quot;slug&quot;:&quot;default&quot;,&quot;valign&quot;:&quot;bottom&quot;,&quot;ignore&quot;:&quot;&quot;,&quot;reference&quot;:&quot;auto&quot;,&quot;class&quot;:&quot;&quot;,&quot;count&quot;:&quot;49&quot;,&quot;legendonly&quot;:&quot;&quot;,&quot;readonly&quot;:&quot;&quot;,&quot;score&quot;:&quot;5&quot;,&quot;best&quot;:&quot;5&quot;,&quot;gap&quot;:&quot;5&quot;,&quot;greet&quot;:&quot;Rate this post&quot;,&quot;legend&quot;:&quot;5\\\/5 - (49 votes)&quot;,&quot;size&quot;:&quot;22&quot;,&quot;width&quot;:&quot;132.5&quot;,&quot;_legend&quot;:&quot;{score}\\\/{best} - ({count} {votes})&quot;,&quot;font_factor&quot;:&quot;1.25&quot;}'>\n            \n<div class=\"kksr-stars\">\n    \n<div class=\"kksr-stars-inactive\">\n            <div class=\"kksr-star\" data-star=\"1\" style=\"padding-right: 5px\">\n            \n\n<div class=\"kksr-icon\" style=\"width: 22px; height: 22px;\"><\/div>\n        <\/div>\n            <div class=\"kksr-star\" data-star=\"2\" style=\"padding-right: 5px\">\n            \n\n<div class=\"kksr-icon\" style=\"width: 22px; height: 22px;\"><\/div>\n        <\/div>\n            <div class=\"kksr-star\" data-star=\"3\" style=\"padding-right: 5px\">\n            \n\n<div class=\"kksr-icon\" style=\"width: 22px; height: 22px;\"><\/div>\n        <\/div>\n            <div class=\"kksr-star\" data-star=\"4\" style=\"padding-right: 5px\">\n            \n\n<div class=\"kksr-icon\" style=\"width: 22px; height: 22px;\"><\/div>\n        <\/div>\n            <div class=\"kksr-star\" data-star=\"5\" style=\"padding-right: 5px\">\n            \n\n<div class=\"kksr-icon\" style=\"width: 22px; height: 22px;\"><\/div>\n        <\/div>\n    <\/div>\n    \n<div class=\"kksr-stars-active\" style=\"width: 132.5px;\">\n            <div class=\"kksr-star\" style=\"padding-right: 5px\">\n            \n\n<div class=\"kksr-icon\" style=\"width: 22px; height: 22px;\"><\/div>\n        <\/div>\n            <div class=\"kksr-star\" style=\"padding-right: 5px\">\n            \n\n<div class=\"kksr-icon\" style=\"width: 22px; height: 22px;\"><\/div>\n        <\/div>\n            <div class=\"kksr-star\" style=\"padding-right: 5px\">\n            \n\n<div class=\"kksr-icon\" style=\"width: 22px; height: 22px;\"><\/div>\n        <\/div>\n            <div class=\"kksr-star\" style=\"padding-right: 5px\">\n            \n\n<div class=\"kksr-icon\" style=\"width: 22px; height: 22px;\"><\/div>\n        <\/div>\n            <div class=\"kksr-star\" style=\"padding-right: 5px\">\n            \n\n<div class=\"kksr-icon\" style=\"width: 22px; height: 22px;\"><\/div>\n        <\/div>\n    <\/div>\n<\/div>\n        \n\n<div class=\"kksr-legend\" style=\"font-size: 17.6px;\">\n            5\/5 - (49 votes)    <\/div>\n<\/div>\n<\/section>","protected":false},"excerpt":{"rendered":"<p>[vc_row][vc_column width=&#8220;1\/1&#8243;][vc_column_text]Sie machen in der Regel kein gro\u00dfes Aufheben um ihre &#8222;Kids&#8220; Modelle,\u00a0 die traditionellen Hersteller der E-Bikes. Minimalistisch beschrieben, auf die technischen Merkmale beschr\u00e4nkt, taucht hier und da einmal ein Exemplar im eigenen Portfolio auf. Ausschweifende Lobpreisungen und Action Bilder &#8211; Fehlanzeige. Ursache ist sicherlich unter anderem die Tatsache, dass Kinder- und Jugend E-Bikes immer noch sehr polarisieren und um die Sinnhaftigkeit eine stete und z\u00e4he Diskussion im Lager von Bef\u00fcrwortern und Gegnern im Gange ist. Wir sind um Neutralit\u00e4t bem\u00fcht und wollen uns daher darauf beschr\u00e4nken aufzuzeigen, welche Hersteller derzeit ein solches Modell im Angebot haben, welche technischen Unterschiede es gibt und wollen dem Pionier in Sachen &#8222;besonders leichte Kinder E-Bikes&#8220;, der Firma &#8222;Ben-E Bike&#8220; etwas tiefer in die Karten schauen.[\/vc_column_text][\/vc_column][\/vc_row][vc_row][vc_column width=&#8220;1\/1&#8243;][vc_column_text]In unserem Shop kannst du folgende Kinder E-Bikes kaufen:[\/vc_column_text][\/vc_column][\/vc_row][vc_row][vc_column width=&#8220;1\/2&#8243;][vc_column_text] Bergamont E-Revox 24 Cube Acid 240 Hybrid Youth Cube Reaction Hybrid Youth Haibike Sduro Hardfour 2.0 Husqvarna Light Cross JR [\/vc_column_text][\/vc_column][vc_column width=&#8220;1\/2&#8243;][vc_column_text] KTM Macina MiniMe Orbea eMX 24 R RAYMON E-Sixray 4.0 S&#8217;Cool e-troX Scott Roxter eRide [\/vc_column_text][\/vc_column][\/vc_row][vc_row][vc_column width=&#8220;1\/1&#8243;][vc_column_text] Du hast Fragen zu Kinder E-Bikes? [\/vc_column_text][vc_column_text] Der Markt der E-Bikes f\u00fcr Kinder und Jugendliche Nat\u00fcrlich lassen es sich die Platzhirsche im E-Bike Markt nicht nehmen, zumindest zu [&hellip;]<\/p>\n","protected":false},"author":9,"featured_media":22036,"comment_status":"open","ping_status":"open","sticky":false,"template":"","format":"standard","meta":[],"categories":[30,29],"tags":[],"yoast_head":"<!-- This site is optimized with the Yoast SEO plugin v19.10 - https:\/\/yoast.com\/wordpress\/plugins\/seo\/ -->\n<title>E-Bikes f\u00fcr Kinder und Jugendliche - Fahrrad XXL Blog<\/title>\n<meta name=\"description\" content=\"E-Bikes f\u00fcr Kinder und Jugendliche \u261d F\u00fcr wen sind sie geeignet? Welche Modelle gibt es? Wir haben alles f\u00fcr die Sicherheit deines Kindes zusammengefasst!\" \/>\n<meta name=\"robots\" content=\"index, follow, max-snippet:-1, max-image-preview:large, max-video-preview:-1\" \/>\n<link rel=\"canonical\" href=\"https:\/\/www.fahrrad-xxl.de\/blog\/e-bikes-fuer-kinder-und-jugendliche-2019\/\" \/>\n<meta property=\"og:locale\" content=\"de_DE\" \/>\n<meta property=\"og:type\" content=\"article\" \/>\n<meta property=\"og:title\" content=\"E-Bikes f\u00fcr Kinder und Jugendliche - Fahrrad XXL Blog\" \/>\n<meta property=\"og:description\" content=\"E-Bikes f\u00fcr Kinder und Jugendliche \u261d F\u00fcr wen sind sie geeignet? Welche Modelle gibt es? Wir haben alles f\u00fcr die Sicherheit deines Kindes zusammengefasst!\" \/>\n<meta property=\"og:url\" content=\"https:\/\/www.fahrrad-xxl.de\/blog\/e-bikes-fuer-kinder-und-jugendliche-2019\/\" \/>\n<meta property=\"og:site_name\" content=\"Fahrrad XXL Blog\" \/>\n<meta property=\"article:publisher\" content=\"https:\/\/www.facebook.com\/FahrradXXL\" \/>\n<meta property=\"article:published_time\" content=\"2018-12-21T13:31:19+00:00\" \/>\n<meta property=\"article:modified_time\" content=\"2021-03-30T08:05:23+00:00\" \/>\n<meta property=\"og:image\" content=\"https:\/\/www.fahrrad-xxl.de\/blog\/wp-content\/uploads\/2018\/12\/Kinder-Ebikes.jpg\" \/>\n\t<meta property=\"og:image:width\" content=\"1750\" \/>\n\t<meta property=\"og:image:height\" content=\"1167\" \/>\n\t<meta property=\"og:image:type\" content=\"image\/jpeg\" \/>\n<meta name=\"author\" content=\"Wolfgang Pollner\" \/>\n<meta name=\"twitter:card\" content=\"summary_large_image\" \/>\n<meta name=\"twitter:label1\" content=\"Verfasst von\" \/>\n\t<meta name=\"twitter:data1\" content=\"Wolfgang Pollner\" \/>\n\t<meta name=\"twitter:label2\" content=\"Gesch\u00e4tzte Lesezeit\" \/>\n\t<meta name=\"twitter:data2\" content=\"21\u00a0Minuten\" \/>\n<script type=\"application\/ld+json\" class=\"yoast-schema-graph\">{\"@context\":\"https:\/\/schema.org\",\"@graph\":[{\"@type\":\"Article\",\"@id\":\"https:\/\/www.fahrrad-xxl.de\/blog\/e-bikes-fuer-kinder-und-jugendliche-2019\/#article\",\"isPartOf\":{\"@id\":\"https:\/\/www.fahrrad-xxl.de\/blog\/e-bikes-fuer-kinder-und-jugendliche-2019\/\"},\"author\":{\"name\":\"Wolfgang Pollner\",\"@id\":\"https:\/\/www.fahrrad-xxl.de\/blog\/#\/schema\/person\/4748f08e651a30092948d1f0b06fcd6b\"},\"headline\":\"E-Bikes f\u00fcr Kinder und Jugendliche\",\"datePublished\":\"2018-12-21T13:31:19+00:00\",\"dateModified\":\"2021-03-30T08:05:23+00:00\",\"mainEntityOfPage\":{\"@id\":\"https:\/\/www.fahrrad-xxl.de\/blog\/e-bikes-fuer-kinder-und-jugendliche-2019\/\"},\"wordCount\":4282,\"commentCount\":3,\"publisher\":{\"@id\":\"https:\/\/www.fahrrad-xxl.de\/blog\/#organization\"},\"articleSection\":[\"E-Bike\",\"News\/Interessantes\"],\"inLanguage\":\"de\",\"potentialAction\":[{\"@type\":\"CommentAction\",\"name\":\"Comment\",\"target\":[\"https:\/\/www.fahrrad-xxl.de\/blog\/e-bikes-fuer-kinder-und-jugendliche-2019\/#respond\"]}]},{\"@type\":\"WebPage\",\"@id\":\"https:\/\/www.fahrrad-xxl.de\/blog\/e-bikes-fuer-kinder-und-jugendliche-2019\/\",\"url\":\"https:\/\/www.fahrrad-xxl.de\/blog\/e-bikes-fuer-kinder-und-jugendliche-2019\/\",\"name\":\"E-Bikes f\u00fcr Kinder und Jugendliche - Fahrrad XXL Blog\",\"isPartOf\":{\"@id\":\"https:\/\/www.fahrrad-xxl.de\/blog\/#website\"},\"datePublished\":\"2018-12-21T13:31:19+00:00\",\"dateModified\":\"2021-03-30T08:05:23+00:00\",\"description\":\"E-Bikes f\u00fcr Kinder und Jugendliche \u261d F\u00fcr wen sind sie geeignet? Welche Modelle gibt es? Wir haben alles f\u00fcr die Sicherheit deines Kindes zusammengefasst!\",\"breadcrumb\":{\"@id\":\"https:\/\/www.fahrrad-xxl.de\/blog\/e-bikes-fuer-kinder-und-jugendliche-2019\/#breadcrumb\"},\"inLanguage\":\"de\",\"potentialAction\":[{\"@type\":\"ReadAction\",\"target\":[\"https:\/\/www.fahrrad-xxl.de\/blog\/e-bikes-fuer-kinder-und-jugendliche-2019\/\"]}]},{\"@type\":\"BreadcrumbList\",\"@id\":\"https:\/\/www.fahrrad-xxl.de\/blog\/e-bikes-fuer-kinder-und-jugendliche-2019\/#breadcrumb\",\"itemListElement\":[{\"@type\":\"ListItem\",\"position\":1,\"name\":\"Startseite\",\"item\":\"https:\/\/www.fahrrad-xxl.de\/blog\/\"},{\"@type\":\"ListItem\",\"position\":2,\"name\":\"E-Bikes f\u00fcr Kinder und Jugendliche\"}]},{\"@type\":\"WebSite\",\"@id\":\"https:\/\/www.fahrrad-xxl.de\/blog\/#website\",\"url\":\"https:\/\/www.fahrrad-xxl.de\/blog\/\",\"name\":\"Fahrrad XXL Blog\",\"description\":\"Erleben | Testen | Losfahren\",\"publisher\":{\"@id\":\"https:\/\/www.fahrrad-xxl.de\/blog\/#organization\"},\"potentialAction\":[{\"@type\":\"SearchAction\",\"target\":{\"@type\":\"EntryPoint\",\"urlTemplate\":\"https:\/\/www.fahrrad-xxl.de\/blog\/?s={search_term_string}\"},\"query-input\":\"required name=search_term_string\"}],\"inLanguage\":\"de\"},{\"@type\":\"Organization\",\"@id\":\"https:\/\/www.fahrrad-xxl.de\/blog\/#organization\",\"name\":\"Fahrrad XXL\",\"url\":\"https:\/\/www.fahrrad-xxl.de\/blog\/\",\"logo\":{\"@type\":\"ImageObject\",\"inLanguage\":\"de\",\"@id\":\"https:\/\/www.fahrrad-xxl.de\/blog\/#\/schema\/logo\/image\/\",\"url\":\"https:\/\/www.fahrrad-xxl.de\/blog\/wp-content\/uploads\/2018\/03\/FXXL-Blog-Logo-100-c.png\",\"contentUrl\":\"https:\/\/www.fahrrad-xxl.de\/blog\/wp-content\/uploads\/2018\/03\/FXXL-Blog-Logo-100-c.png\",\"width\":450,\"height\":100,\"caption\":\"Fahrrad XXL\"},\"image\":{\"@id\":\"https:\/\/www.fahrrad-xxl.de\/blog\/#\/schema\/logo\/image\/\"},\"sameAs\":[\"https:\/\/www.instagram.com\/fahrradxxl\",\"https:\/\/www.youtube.com\/user\/FahrradXXLde\",\"https:\/\/www.tiktok.com\/@fahrrad_xxl\",\"https:\/\/www.facebook.com\/FahrradXXL\"]},{\"@type\":\"Person\",\"@id\":\"https:\/\/www.fahrrad-xxl.de\/blog\/#\/schema\/person\/4748f08e651a30092948d1f0b06fcd6b\",\"name\":\"Wolfgang Pollner\",\"description\":\"F\u00e4hrt gerne: Feld, Wald und Wiese Bikes: Grace MX-S, KTM Macina Street, Cube AMS 100 Lieblings-Radrevier: Rheinhessisches H\u00fcgelland\",\"url\":\"https:\/\/www.fahrrad-xxl.de\/blog\/author\/wolfgang-pollner\/\"}]}<\/script>\n<!-- \/ Yoast SEO plugin. -->","yoast_head_json":{"title":"E-Bikes f\u00fcr Kinder und Jugendliche - Fahrrad XXL Blog","description":"E-Bikes f\u00fcr Kinder und Jugendliche \u261d F\u00fcr wen sind sie geeignet? Welche Modelle gibt es? Wir haben alles f\u00fcr die Sicherheit deines Kindes zusammengefasst!","robots":{"index":"index","follow":"follow","max-snippet":"max-snippet:-1","max-image-preview":"max-image-preview:large","max-video-preview":"max-video-preview:-1"},"canonical":"https:\/\/www.fahrrad-xxl.de\/blog\/e-bikes-fuer-kinder-und-jugendliche-2019\/","og_locale":"de_DE","og_type":"article","og_title":"E-Bikes f\u00fcr Kinder und Jugendliche - Fahrrad XXL Blog","og_description":"E-Bikes f\u00fcr Kinder und Jugendliche \u261d F\u00fcr wen sind sie geeignet? Welche Modelle gibt es? Wir haben alles f\u00fcr die Sicherheit deines Kindes zusammengefasst!","og_url":"https:\/\/www.fahrrad-xxl.de\/blog\/e-bikes-fuer-kinder-und-jugendliche-2019\/","og_site_name":"Fahrrad XXL Blog","article_publisher":"https:\/\/www.facebook.com\/FahrradXXL","article_published_time":"2018-12-21T13:31:19+00:00","article_modified_time":"2021-03-30T08:05:23+00:00","og_image":[{"width":1750,"height":1167,"url":"https:\/\/www.fahrrad-xxl.de\/blog\/wp-content\/uploads\/2018\/12\/Kinder-Ebikes.jpg","type":"image\/jpeg"}],"author":"Wolfgang Pollner","twitter_card":"summary_large_image","twitter_misc":{"Verfasst von":"Wolfgang Pollner","Gesch\u00e4tzte Lesezeit":"21\u00a0Minuten"},"schema":{"@context":"https:\/\/schema.org","@graph":[{"@type":"Article","@id":"https:\/\/www.fahrrad-xxl.de\/blog\/e-bikes-fuer-kinder-und-jugendliche-2019\/#article","isPartOf":{"@id":"https:\/\/www.fahrrad-xxl.de\/blog\/e-bikes-fuer-kinder-und-jugendliche-2019\/"},"author":{"name":"Wolfgang Pollner","@id":"https:\/\/www.fahrrad-xxl.de\/blog\/#\/schema\/person\/4748f08e651a30092948d1f0b06fcd6b"},"headline":"E-Bikes f\u00fcr Kinder und Jugendliche","datePublished":"2018-12-21T13:31:19+00:00","dateModified":"2021-03-30T08:05:23+00:00","mainEntityOfPage":{"@id":"https:\/\/www.fahrrad-xxl.de\/blog\/e-bikes-fuer-kinder-und-jugendliche-2019\/"},"wordCount":4282,"commentCount":3,"publisher":{"@id":"https:\/\/www.fahrrad-xxl.de\/blog\/#organization"},"articleSection":["E-Bike","News\/Interessantes"],"inLanguage":"de","potentialAction":[{"@type":"CommentAction","name":"Comment","target":["https:\/\/www.fahrrad-xxl.de\/blog\/e-bikes-fuer-kinder-und-jugendliche-2019\/#respond"]}]},{"@type":"WebPage","@id":"https:\/\/www.fahrrad-xxl.de\/blog\/e-bikes-fuer-kinder-und-jugendliche-2019\/","url":"https:\/\/www.fahrrad-xxl.de\/blog\/e-bikes-fuer-kinder-und-jugendliche-2019\/","name":"E-Bikes f\u00fcr Kinder und Jugendliche - Fahrrad XXL Blog","isPartOf":{"@id":"https:\/\/www.fahrrad-xxl.de\/blog\/#website"},"datePublished":"2018-12-21T13:31:19+00:00","dateModified":"2021-03-30T08:05:23+00:00","description":"E-Bikes f\u00fcr Kinder und Jugendliche \u261d F\u00fcr wen sind sie geeignet? Welche Modelle gibt es? Wir haben alles f\u00fcr die Sicherheit deines Kindes zusammengefasst!","breadcrumb":{"@id":"https:\/\/www.fahrrad-xxl.de\/blog\/e-bikes-fuer-kinder-und-jugendliche-2019\/#breadcrumb"},"inLanguage":"de","potentialAction":[{"@type":"ReadAction","target":["https:\/\/www.fahrrad-xxl.de\/blog\/e-bikes-fuer-kinder-und-jugendliche-2019\/"]}]},{"@type":"BreadcrumbList","@id":"https:\/\/www.fahrrad-xxl.de\/blog\/e-bikes-fuer-kinder-und-jugendliche-2019\/#breadcrumb","itemListElement":[{"@type":"ListItem","position":1,"name":"Startseite","item":"https:\/\/www.fahrrad-xxl.de\/blog\/"},{"@type":"ListItem","position":2,"name":"E-Bikes f\u00fcr Kinder und Jugendliche"}]},{"@type":"WebSite","@id":"https:\/\/www.fahrrad-xxl.de\/blog\/#website","url":"https:\/\/www.fahrrad-xxl.de\/blog\/","name":"Fahrrad XXL Blog","description":"Erleben | Testen | Losfahren","publisher":{"@id":"https:\/\/www.fahrrad-xxl.de\/blog\/#organization"},"potentialAction":[{"@type":"SearchAction","target":{"@type":"EntryPoint","urlTemplate":"https:\/\/www.fahrrad-xxl.de\/blog\/?s={search_term_string}"},"query-input":"required name=search_term_string"}],"inLanguage":"de"},{"@type":"Organization","@id":"https:\/\/www.fahrrad-xxl.de\/blog\/#organization","name":"Fahrrad XXL","url":"https:\/\/www.fahrrad-xxl.de\/blog\/","logo":{"@type":"ImageObject","inLanguage":"de","@id":"https:\/\/www.fahrrad-xxl.de\/blog\/#\/schema\/logo\/image\/","url":"https:\/\/www.fahrrad-xxl.de\/blog\/wp-content\/uploads\/2018\/03\/FXXL-Blog-Logo-100-c.png","contentUrl":"https:\/\/www.fahrrad-xxl.de\/blog\/wp-content\/uploads\/2018\/03\/FXXL-Blog-Logo-100-c.png","width":450,"height":100,"caption":"Fahrrad XXL"},"image":{"@id":"https:\/\/www.fahrrad-xxl.de\/blog\/#\/schema\/logo\/image\/"},"sameAs":["https:\/\/www.instagram.com\/fahrradxxl","https:\/\/www.youtube.com\/user\/FahrradXXLde","https:\/\/www.tiktok.com\/@fahrrad_xxl","https:\/\/www.facebook.com\/FahrradXXL"]},{"@type":"Person","@id":"https:\/\/www.fahrrad-xxl.de\/blog\/#\/schema\/person\/4748f08e651a30092948d1f0b06fcd6b","name":"Wolfgang Pollner","description":"F\u00e4hrt gerne: Feld, Wald und Wiese Bikes: Grace MX-S, KTM Macina Street, Cube AMS 100 Lieblings-Radrevier: Rheinhessisches H\u00fcgelland","url":"https:\/\/www.fahrrad-xxl.de\/blog\/author\/wolfgang-pollner\/"}]}},"_links":{"self":[{"href":"https:\/\/www.fahrrad-xxl.de\/blog\/wp-json\/wp\/v2\/posts\/21472"}],"collection":[{"href":"https:\/\/www.fahrrad-xxl.de\/blog\/wp-json\/wp\/v2\/posts"}],"about":[{"href":"https:\/\/www.fahrrad-xxl.de\/blog\/wp-json\/wp\/v2\/types\/post"}],"author":[{"embeddable":true,"href":"https:\/\/www.fahrrad-xxl.de\/blog\/wp-json\/wp\/v2\/users\/9"}],"replies":[{"embeddable":true,"href":"https:\/\/www.fahrrad-xxl.de\/blog\/wp-json\/wp\/v2\/comments?post=21472"}],"version-history":[{"count":2,"href":"https:\/\/www.fahrrad-xxl.de\/blog\/wp-json\/wp\/v2\/posts\/21472\/revisions"}],"predecessor-version":[{"id":30743,"href":"https:\/\/www.fahrrad-xxl.de\/blog\/wp-json\/wp\/v2\/posts\/21472\/revisions\/30743"}],"wp:featuredmedia":[{"embeddable":true,"href":"https:\/\/www.fahrrad-xxl.de\/blog\/wp-json\/wp\/v2\/media\/22036"}],"wp:attachment":[{"href":"https:\/\/www.fahrrad-xxl.de\/blog\/wp-json\/wp\/v2\/media?parent=21472"}],"wp:term":[{"taxonomy":"category","embeddable":true,"href":"https:\/\/www.fahrrad-xxl.de\/blog\/wp-json\/wp\/v2\/categories?post=21472"},{"taxonomy":"post_tag","embeddable":true,"href":"https:\/\/www.fahrrad-xxl.de\/blog\/wp-json\/wp\/v2\/tags?post=21472"}],"curies":[{"name":"wp","href":"https:\/\/api.w.org\/{rel}","templated":true}]}}