{"id":2666,"date":"2014-07-16T13:00:06","date_gmt":"2014-07-16T11:00:06","guid":{"rendered":"https:\/\/www.fahrrad-xxl.de\/blog\/?p=2666"},"modified":"2020-01-02T17:32:48","modified_gmt":"2020-01-02T16:32:48","slug":"e-bike-oder-normales-fahrrad-was-ist-fuer-mich-besser","status":"publish","type":"post","link":"https:\/\/www.fahrrad-xxl.de\/blog\/e-bike-oder-normales-fahrrad-was-ist-fuer-mich-besser\/","title":{"rendered":"E-Bike oder normales Fahrrad: Was ist (f\u00fcr mich) besser?"},"content":{"rendered":"<section class=\"wpb-content-wrapper\"><p>[vc_row][vc_column width=&#8220;1\/1&#8243;][vc_column_text]Viele Jahre waren normale Fahrr\u00e4der \u00fcberaus beliebt. Doch im Vergleich zu 2009 sind die Verkaufszahlen in Deutschland im Jahr 2013 teilweise auff\u00e4llig gesunken. Inzwischen zeichnet sich ganz klar ein neuer Trend ab: das <a href=\"https:\/\/www.fahrrad-xxl.de\/fahrraeder\/e-bike\/\">E-Bike<\/a>. Die neuartigen Fahrr\u00e4der, die mittels eines elektrischen Motors angetrieben werden und so die Tretkraft des Fahrers um die bis zu 1,5-fache Leistung verst\u00e4rken, werden immer beliebter. So zeigte sich in den vergangenen Jahren, dass sich die Verkaufszahlen der E-Bikes zwischen 2009 und 2013 nahezu verdreifacht haben.[\/vc_column_text][vc_column_text]<\/p>\n<h2><span class=\"ez-toc-section\" id=\"du-hast-fragen-zum-umstieg-von-einem-fahrrad-auf-ein-e-bike\"><\/span>Du hast Fragen zum Umstieg von einem Fahrrad auf ein E-Bike?<span class=\"ez-toc-section-end\"><\/span><\/h2>\n<div class=\"visibility-desktop\"><a href=\"https:\/\/www.facebook.com\/groups\/AllAboutEbikes\/\"><img decoding=\"async\" loading=\"lazy\" class=\"alignnone wp-image-27421 size-full\" src=\"https:\/\/www.fahrrad-xxl.de\/blog\/wp-content\/uploads\/2019\/10\/Facebook-Banner-1000x300-2-1.jpg\" alt=\"E-Bike oder normales Fahrrad: Was ist (f\u00fcr mich) besser?\" width=\"1000\" height=\"300\" srcset=\"https:\/\/www.fahrrad-xxl.de\/blog\/wp-content\/uploads\/2019\/10\/Facebook-Banner-1000x300-2-1.jpg 1000w, https:\/\/www.fahrrad-xxl.de\/blog\/wp-content\/uploads\/2019\/10\/Facebook-Banner-1000x300-2-1-300x90.jpg 300w, https:\/\/www.fahrrad-xxl.de\/blog\/wp-content\/uploads\/2019\/10\/Facebook-Banner-1000x300-2-1-768x230.jpg 768w\" sizes=\"(max-width: 1000px) 100vw, 1000px\" \/><\/a><\/div>\n<div class=\"visibility-mobile\"><a href=\"https:\/\/www.facebook.com\/groups\/AllAboutEbikes\/\"><img decoding=\"async\" loading=\"lazy\" class=\"alignnone wp-image-27420 size-medium\" src=\"https:\/\/www.fahrrad-xxl.de\/blog\/wp-content\/uploads\/2019\/10\/Facebook-Banner-300x200-2-1-300x200.jpg\" alt=\"E-Bike oder normales Fahrrad: Was ist (f\u00fcr mich) besser?\" width=\"300\" height=\"200\" \/><\/a><\/div>[\/vc_column_text][\/vc_column][\/vc_row][vc_row][vc_column width=&#8220;1\/1&#8243;][vc_column_text]<\/p>\n<h2><span class=\"ez-toc-section\" id=\"%e2%9a%a1-fuer-wen-eignet-sich-ein-e-bike\"><\/span>&#x26a1; F\u00fcr wen eignet sich ein E-Bike?<span class=\"ez-toc-section-end\"><\/span><\/h2>\n<p>E-Bikes sind echte \u201eRenner\u201c, sowohl in ihrer Beliebtheit als auch in der Geschwindigkeit. Denn bei einem E-Bike wird die Beschleunigungskraft des Fahrers deutlich verst\u00e4rkt. Deshalb ist ein E-Bike auch besonders gut f\u00fcr Menschen geeignet, die sich zwar gerne mit dem Fahrrad fortbewegen m\u00f6chten, allerdings in Gruppen Schwierigkeiten haben, \u00fcberhaupt hinterher zu kommen und den Anschluss nicht zu verlieren. Vor allem wenn es um das Anfahren geht, hilft das E-Bike seinem Fahrer bei der Beschleunigung. Mit einem herk\u00f6mmlichen <a href=\"https:\/\/www.fahrrad-xxl.de\/fahrraeder\/\">Fahrrad<\/a> kann man hier lediglich staunenden Blickes hinterher schauen.<\/p>\n<p>Ein E-Bike ist perfekt geeignet, um etwa einen Berg leichter hinauf zu gelangen, gegen Gegenwind anzuk\u00e4mpfen und lange Strecken ohne Anstrengung hinter sich zu bringen. Gerade Berufst\u00e4tige haben hier den klaren Vorteil, dass sie nicht mehr verschwitzt zur Arbeit kommen. Vor allem Pendler kommen hier voll auf ihre Kosten. Aber auch im Privatleben kann ein E-Bike sehr von Vorteil sein, denn h\u00e4ufig ziehen Eltern einen Kinderanh\u00e4nger hinter sich her. Mit einem E-Bike ist die Last gleich deutlich geringer.<\/p>\n<p>Auch Senioren oder gesundheitlich beeintr\u00e4chtigte Personen, denen das Fahrradfahren auf einem normalen Fahrrad aufgrund der k\u00f6rperlichen Anstrengung bislang schwerfiel oder sogar gar nicht m\u00f6glich war, k\u00f6nnen sich mit einem E-Bike problemlos fortbewegen. Nicht geeignet ist ein E-Bike hingegen f\u00fcr Kinder etwa unter 14 Jahren, da sie die Geschwindigkeit eines solchen Fahrzeuges unter Umst\u00e4nden nicht richtig einsch\u00e4tzen k\u00f6nnen.[\/vc_column_text]<a href=\"https:\/\/www.fahrrad-xxl.de\/fahrraeder\/e-bike\/?fxxlint=blog-e-bike-oder-fahrrad-cta-1\" target=\"_blank\" class=\"button button-appear custom large \" style=\"background-color: #a82323; border-color: #a82323;border-radius: 30px;\"><span>Jetzt unsere E-Bikes entdecken<i class='fa fas fa-chevron-circle-right'><\/i><\/span><\/a><div class=\"spacer\" style=\"height: 20px;\"><\/div><div class=\"spacer\" style=\"height: 40px;\"><\/div><div class=\"single_image wpb_content_element align-center    \" data-animation=\"none\" data-delay=\"0\"><img width=\"1058\" height=\"658\" src=\"https:\/\/www.fahrrad-xxl.de\/blog\/wp-content\/uploads\/2018\/05\/Stromer.jpg\" class=\"attachment-full\" alt=\"E-Bike oder normales Fahrrad: Was ist (f\u00fcr mich) besser?\" decoding=\"async\" loading=\"lazy\" title=\"E-Bike oder normales Fahrrad: Was ist (f\u00fcr mich) besser?\" srcset=\"https:\/\/www.fahrrad-xxl.de\/blog\/wp-content\/uploads\/2018\/05\/Stromer.jpg 1058w, https:\/\/www.fahrrad-xxl.de\/blog\/wp-content\/uploads\/2018\/05\/Stromer-300x187.jpg 300w, https:\/\/www.fahrrad-xxl.de\/blog\/wp-content\/uploads\/2018\/05\/Stromer-768x478.jpg 768w, https:\/\/www.fahrrad-xxl.de\/blog\/wp-content\/uploads\/2018\/05\/Stromer-1024x637.jpg 1024w\" sizes=\"(max-width: 1058px) 100vw, 1058px\" \/><span class=\"single_image_caption\">Stromer E-Bikes (\u00a9 Stromer)<\/span><\/div>[\/vc_column][\/vc_row][vc_row][vc_column width=&#8220;1\/1&#8243;][vc_column_text]<\/p>\n<h2><span class=\"ez-toc-section\" id=\"e-bike-und-trekkingrad-im-vergleich\"><\/span>E-Bike und Trekkingrad im Vergleich<span class=\"ez-toc-section-end\"><\/span><\/h2>\n<p>Im Normalfall pr\u00fcft ein E-Bike die jeweils aktuelle Geschwindigkeit und unterst\u00fctzt den Fahrer bei langsamer Fahrt und auch wenn beschleunigt wird. Bei normaler Fahrt, sobald eine gewisse Geschwindigkeit erreicht wurde, schaltet der Motor eines E-Bike in der Regel ab und aktiviert sich erst dann wieder, wenn es wirklich notwendig ist. Genau dies ist dann auch der Moment, in dem ein herk\u00f6mmliches Fahrrad doch seine Vorz\u00fcge zeigt. Denn w\u00e4hrend ein schwacher Fahrer bei der Beschleunigung durch die Unterst\u00fctzung des Elektromotors klar im Vorteil ist, hat bei normaler Fahrt ganz klar der starke Fahrer auf einem normalen Trekkingrad die Z\u00fcgel in der Hand und kann leicht wieder aufholen. Doch sp\u00e4testens bei der ersten Steigung kann das E-Bike wieder seine St\u00e4rke unter Beweis stellen. Denn hier wird der Fahrer wieder optimal durch den Elektromotor unterst\u00fctzt, weshalb er v\u00f6llig ohne Kraftaufwand den Berg hinauf fahren kann, w\u00e4hrend der Fahrer eines herk\u00f6mmlichen Fahrrads ausschlie\u00dflich auf seine mit der Zeit nachlassende Muskelkraft setzen kann.<\/p>\n<p>Zwar gibt es auch Trekkingr\u00e4der oder <a href=\"https:\/\/www.fahrrad-xxl.de\/fahrraeder\/mountainbikes\/\">Mountainbikes<\/a> von solchen Markenherstellern wie Carver, <a href=\"https:\/\/www.fahrrad-xxl.de\/marken\/ghost\/\">Ghost<\/a> oder <a href=\"https:\/\/www.fahrrad-xxl.de\/marken\/cube\/\">Cube<\/a>, die durchaus mehrere Tausend Euro kosten k\u00f6nnen, wie beispielsweise das Ghost AMR Riot Lector 7 2014, doch beginnen gute Trekkingr\u00e4der durchaus auch schon bei wenigen Hundert Euro, wie das Passat Peyo. Die Preise der E-Bikes beginnen allerdings in der Regel erst bei \u00fcber 1.000 Euro und k\u00f6nnen sich durchaus schnell bei weit \u00fcber 6.000 Euro einfinden. Daf\u00fcr erh\u00e4lt man dann allerdings solch ein leistungsstarkes E-Bike wie das Hai Bike XDURO NDURO Pro 26. Daher sollte der Kauf eines E-Bikes durchaus gut \u00fcberlegt sein.[\/vc_column_text]<div class=\"spacer\" style=\"height: 20px;\"><\/div><a href=\"https:\/\/www.fahrrad-xxl.de\/fahrraeder\/trekkingraeder\/?fxxlint=blog-e-bike-oder-fahrrad-cta-2\" target=\"_blank\" class=\"button button-appear custom large \" style=\"background-color: #a82323; border-color: #a82323;border-radius: 30px;\"><span>Jetzt unsere Trekkingr\u00e4der entdecken<i class='fa fas fa-chevron-circle-right'><\/i><\/span><\/a><div class=\"spacer\" style=\"height: 60px;\"><\/div><div class=\"single_image wpb_content_element align-center    \" data-animation=\"none\" data-delay=\"0\"><img width=\"1500\" height=\"1000\" src=\"https:\/\/www.fahrrad-xxl.de\/blog\/wp-content\/uploads\/2018\/08\/blogfoto.jpeg\" class=\"attachment-full\" alt=\"E-Bike oder normales Fahrrad: Was ist (f\u00fcr mich) besser?\" decoding=\"async\" loading=\"lazy\" title=\"E-Bike oder normales Fahrrad: Was ist (f\u00fcr mich) besser?\" srcset=\"https:\/\/www.fahrrad-xxl.de\/blog\/wp-content\/uploads\/2018\/08\/blogfoto.jpeg 1500w, https:\/\/www.fahrrad-xxl.de\/blog\/wp-content\/uploads\/2018\/08\/blogfoto-300x200.jpeg 300w, https:\/\/www.fahrrad-xxl.de\/blog\/wp-content\/uploads\/2018\/08\/blogfoto-768x512.jpeg 768w, https:\/\/www.fahrrad-xxl.de\/blog\/wp-content\/uploads\/2018\/08\/blogfoto-1024x683.jpeg 1024w, https:\/\/www.fahrrad-xxl.de\/blog\/wp-content\/uploads\/2018\/08\/blogfoto-600x400.jpeg 600w\" sizes=\"(max-width: 1500px) 100vw, 1500px\" \/><\/div>[\/vc_column][\/vc_row][vc_row][vc_column width=&#8220;1\/1&#8243;][vc_column_text]<\/p>\n<h2><span class=\"ez-toc-section\" id=\"%f0%9f%92%b2-worauf-man-beim-kauf-eines-e-bikes-achten-sollte\"><\/span>&#x1f4b2; Worauf man beim Kauf eines E-Bikes achten sollte?<span class=\"ez-toc-section-end\"><\/span><\/h2>\n<p>Bevor man sich f\u00fcr den Kauf eines E-Bikes entscheidet, sollte man einigen Punkten n\u00e4her auf den Grund gehen. Da w\u00e4re beispielsweise die Distanz. Wer t\u00e4glich nicht mehr als 20 oder 30 Kilometer f\u00e4hrt und unterwegs sogar noch eine Steckdose in greifbarer N\u00e4he hat, der kann getrost beispielsweise auf der Arbeit den Akku des E-Bikes wieder aufladen. Wer jedoch 50 Kilometer oder mehr fahren muss und zwischendurch keine M\u00f6glichkeit zum Akkuladen hat, der sollte sich wahlweise f\u00fcr einen leistungsst\u00e4rkeren Akku entscheiden oder stets einen Zweit-Akku im Gep\u00e4ck haben. Hier empfiehlt es sich, vor dem Kauf ein E-Bike auszuleihen und dies vorerst anhand der zu fahrenden Strecke auszutesten. In vielen Caf\u00e9s und Restaurants kann man \u00fcbrigens inzwischen h\u00e4ufig sein E-Bike kostenlos wieder aufladen. Mit vollem Akku und einer st\u00e4rkenden Tasse Kaffee kann es dann auch problemlos wieder weitergehen.<\/p>\n<h3>&#x2699;&#xfe0f; Welcher Antrieb ist der Richtige?<\/h3>\n<p>Bei einem E-Bike gibt es drei verschiedene Antriebsarten:<\/p>\n<ul>\n<li><a href=\"https:\/\/www.fahrrad-xxl.de\/fahrraeder\/e-bike\/e-bike-motorposition.frontmotor\/\" target=\"_blank\" rel=\"noopener noreferrer\">Frontmotor<\/a><\/li>\n<li><a href=\"https:\/\/www.fahrrad-xxl.de\/fahrraeder\/e-bike\/e-bike-motorposition.hinterradmotor\/\" target=\"_blank\" rel=\"noopener noreferrer\">Heckmotor<\/a><\/li>\n<li><a href=\"https:\/\/www.fahrrad-xxl.de\/fahrraeder\/e-bike\/e-bike-motorposition.mittelmotor\/\" target=\"_blank\" rel=\"noopener noreferrer\">Mittelmotor<\/a><\/li>\n<\/ul>\n<p>Alle drei Antriebsarten haben sowohl ihre Vorteile, als auch Nachteile. Der Frontantrieb beispielsweise ist eher mit Vorsicht zu genie\u00dfen, denn hier ist die Anfahrt oft ruckelig. Auch kann dieser beim Anfahren h\u00e4ufig verz\u00f6gert reagieren und nachlaufen, wof\u00fcr die Sensorik verantwortlich ist. Ein Vorteil ist jedoch, dass man hier einen R\u00fccktritt hat. Auch sieht ein E-Bike mit Frontantrieb aufgrund der kleinen Bauweise des Antriebsmotors einem normalen Bike sehr \u00e4hnlich. Je nach Getriebe kann ein solcher aber auch sehr laut werden.<\/p>\n<p>Ein E-Bike mit Heckmotor hat einen deutlich g\u00fcnstigeren Schwerpunkt, der sich allerdings stark nach hinten verlagert, weshalb das Heck einer solchen Version recht schwer sein kann &#8211; vor allem, wenn der Akku am Gep\u00e4cktr\u00e4ger montiert ist.<\/p>\n<p>Bei einem Mittelmotor ist der Schwerpunkt hingegen optimal gelagert, da der Motor recht tief sitzt. Ein Nachteil jedoch ist die stetige Belastung der Fahrradkette, da diese dauerhaft unter Zug steht. (Weitere Infos zu dem Thema findest du hier: <a href=\"https:\/\/www.fahrrad-xxl.de\/beratung\/e-bike\/antrieb\/\">E-Bike Antrieb<\/a>)<\/p>\n<h3>&#x1f50b; Welcher Akku sollte verwendet werden?<\/h3>\n<p>Nicht nur der Antrieb ist bei einem E-Bike eines der teuersten Teile, auch der Akku ist relativ kostspielig und wohl auch das Wichtigste \u00fcberhaupt. Hier sollte man auf die Verwendung eines modernen Lithium-Ionen-Akkus achten. Von Blei- oder Nickel-Akkus ist hingegen abzuraten, da diese inzwischen veraltet sind. (Mehr zum Akku findest du hier: <a href=\"https:\/\/www.fahrrad-xxl.de\/beratung\/e-bike\/akku\/\">E-Bike Akkus<\/a>)[\/vc_column_text][\/vc_column][\/vc_row][vc_section][vc_row][vc_column width=&#8220;1\/1&#8243;][vc_column_text]<a href=\"#comments\" target=\"_self\" class=\"button color-1 full \" style=\"border-radius: 2px;\">E-Bike oder herk\u00f6mmliches Fahrrad &#8211; was bevorzugst du?<\/a>[\/vc_column_text][\/vc_column][\/vc_row][vc_row][vc_column width=&#8220;1\/2&#8243;][vc_column_text]Entdecke unsere E-Bikes:<\/p>\n<ul>\n<li><a href=\"https:\/\/www.fahrrad-xxl.de\/fahrraeder\/e-bike\/e-bike-city\/\">City E-Bike<\/a><\/li>\n<li><a href=\"https:\/\/www.fahrrad-xxl.de\/fahrraeder\/e-bike\/e-bike-cross\/\">Cross E-Bike<\/a><\/li>\n<li><a href=\"https:\/\/www.fahrrad-xxl.de\/fahrraeder\/e-bike\/e-bike-mtb\/\">E-Mountainbike<\/a><\/li>\n<li><a href=\"https:\/\/www.fahrrad-xxl.de\/fahrraeder\/e-bike\/e-bike-rennraeder\/\">E-Rennr\u00e4der<\/a><\/li>\n<li><a href=\"https:\/\/www.fahrrad-xxl.de\/fahrraeder\/e-bike\/e-bike-trekking\/\">Trekking E-Bike<\/a><\/li>\n<li><a href=\"https:\/\/www.fahrrad-xxl.de\/fahrraeder\/e-bike\/e-bike-falt-klapprad\/\">Falt &amp; Klapp E-Bike<\/a><\/li>\n<li><a href=\"https:\/\/www.fahrrad-xxl.de\/fahrraeder\/e-bike\/e-bike-45km-h\/\">S-Pedelec<\/a><\/li>\n<li><a href=\"https:\/\/www.fahrrad-xxl.de\/fahrraeder\/lastenfahrraeder\/e-lastenrad\/\">E-Lastenrad<\/a><\/li>\n<\/ul>\n<p>[\/vc_column_text][\/vc_column][vc_column width=&#8220;1\/2&#8243;][vc_column_text]Entdecke unsere Fahrr\u00e4der:<\/p>\n<ul>\n<li><a href=\"https:\/\/www.fahrrad-xxl.de\/fahrraeder\/citybike\/\">Citybike<\/a><\/li>\n<li><a href=\"https:\/\/www.fahrrad-xxl.de\/fahrraeder\/crossbikes\/\">Crossbike<\/a><\/li>\n<li><a href=\"https:\/\/www.fahrrad-xxl.de\/fahrraeder\/mountainbikes\/\">Mountainbike<\/a><\/li>\n<li><a href=\"https:\/\/www.fahrrad-xxl.de\/fahrraeder\/rennraeder\/\">Rennrad<\/a><\/li>\n<li><a href=\"https:\/\/www.fahrrad-xxl.de\/fahrraeder\/trekkingraeder\/\">Trekkingrad<\/a><\/li>\n<li><a href=\"https:\/\/www.fahrrad-xxl.de\/fahrraeder\/klappraeder\/\">Faltrad &amp; Klapprad<\/a><\/li>\n<li><a href=\"https:\/\/www.fahrrad-xxl.de\/fahrraeder\/kinderfahrraeder\/\">Kinderfahrrad<\/a><\/li>\n<li><a href=\"https:\/\/www.fahrrad-xxl.de\/fahrraeder\/lastenfahrraeder\/\">Lastenfahrrad<\/a><\/li>\n<\/ul>\n<p>[\/vc_column_text][\/vc_column][\/vc_row][vc_row][vc_column width=&#8220;1\/1&#8243;]<div class=\"newdivider align-left\" style=\"border-bottom-style: solid; border-color: #eaeaea; border-bottom-width: 1px; margin-top: 20px; margin-bottom: 0; width: 100%; \"><\/div><div class=\"clear\"><\/div>[\/vc_column][\/vc_row][vc_row][vc_column width=&#8220;1\/1&#8243;][vc_column_text]<span class=\"dkdai-headline\">Das k\u00f6nnte dich auch interessieren<\/span>[\/vc_column_text][vc_column_text]<div class=\"rpbt_shortcode\">\n\n<style type=\"text\/css\">\n\t\t\t#rpbt-related-gallery-1 {\n\t\t\t\tmargin: auto;\n\t\t\t}\n\t\t\t#rpbt-related-gallery-1 .gallery-item {\n\t\t\t\tfloat: left;\n\t\t\t\tmargin-top: 10px;\n\t\t\t\ttext-align: center;\n\t\t\t\twidth: 33%;\n\t\t\t}\n\t\t\t#rpbt-related-gallery-1 img {\n\t\t\t\tborder: 2px solid #cfcfcf;\n\t\t\t}\n\t\t\t#rpbt-related-gallery-1 .gallery-caption {\n\t\t\t\tmargin-left: 0;\n\t\t\t}\n\t\t\t\/* see gallery_shortcode() in wp-includes\/media.php *\/\n\t\t<\/style>\n\t\t<div id='rpbt-related-gallery-1' class='gallery related-gallery related-galleryid-2666 gallery-columns-3 gallery-size-medium'><dl class='gallery-item' role='figure' aria-label='Bosch E-Bike Neuheiten 2025: Der Bosch Performance Line SX 2.0 Motor'>\n\t\t\t<dt class='gallery-icon landscape'>\n\t\t\t\t<a href='https:\/\/www.fahrrad-xxl.de\/blog\/bosch-e-bike-neuheiten\/'><img width=\"300\" height=\"200\" src=\"https:\/\/www.fahrrad-xxl.de\/blog\/wp-content\/uploads\/2023\/07\/Bosch-Neuheiten-2024-300x200.jpg\" class=\"attachment-medium size-medium\" alt=\"Bosch E-Bike Neuheiten 2025: Der Bosch Performance Line SX 2.0 Motor\" decoding=\"async\" loading=\"lazy\" aria-describedby=\"rpbt-related-gallery-1-19448\" srcset=\"https:\/\/www.fahrrad-xxl.de\/blog\/wp-content\/uploads\/2023\/07\/Bosch-Neuheiten-2024-300x200.jpg 300w, https:\/\/www.fahrrad-xxl.de\/blog\/wp-content\/uploads\/2023\/07\/Bosch-Neuheiten-2024-1024x683.jpg 1024w, https:\/\/www.fahrrad-xxl.de\/blog\/wp-content\/uploads\/2023\/07\/Bosch-Neuheiten-2024-768x512.jpg 768w, https:\/\/www.fahrrad-xxl.de\/blog\/wp-content\/uploads\/2023\/07\/Bosch-Neuheiten-2024-1536x1024.jpg 1536w, https:\/\/www.fahrrad-xxl.de\/blog\/wp-content\/uploads\/2023\/07\/Bosch-Neuheiten-2024-2048x1365.jpg 2048w, https:\/\/www.fahrrad-xxl.de\/blog\/wp-content\/uploads\/2023\/07\/Bosch-Neuheiten-2024-600x400.jpg 600w\" sizes=\"(max-width: 300px) 100vw, 300px\" title=\"Bosch E-Bike Neuheiten 2025: Der Bosch Performance Line SX 2.0 Motor\" \/><\/a>\n\t\t\t<\/dt>\n\t\t\t\t<dd class='wp-caption-text gallery-caption' id='rpbt-related-gallery-1-19448'>\n\t\t\t\tBosch E-Bike Neuheiten 2025: Der Bosch Performance Line SX 2.0 Motor\n\t\t\t\t<\/dd><\/dl><dl class='gallery-item' role='figure' aria-label='Fazua Evation 2019 &#8211; Entnehmbarer E-Bike Antrieb'>\n\t\t\t<dt class='gallery-icon landscape'>\n\t\t\t\t<a href='https:\/\/www.fahrrad-xxl.de\/blog\/fazua-e-bike-antrieb-evation-2019\/'><img width=\"300\" height=\"200\" src=\"https:\/\/www.fahrrad-xxl.de\/blog\/wp-content\/uploads\/2018\/07\/Fazua_Urban-300x200.jpg\" class=\"attachment-medium size-medium\" alt=\"Fazua E-Bike Antriebssystem\" decoding=\"async\" loading=\"lazy\" aria-describedby=\"rpbt-related-gallery-1-18392\" srcset=\"https:\/\/www.fahrrad-xxl.de\/blog\/wp-content\/uploads\/2018\/07\/Fazua_Urban-300x200.jpg 300w, https:\/\/www.fahrrad-xxl.de\/blog\/wp-content\/uploads\/2018\/07\/Fazua_Urban-768x512.jpg 768w, https:\/\/www.fahrrad-xxl.de\/blog\/wp-content\/uploads\/2018\/07\/Fazua_Urban-1024x682.jpg 1024w, https:\/\/www.fahrrad-xxl.de\/blog\/wp-content\/uploads\/2018\/07\/Fazua_Urban-600x400.jpg 600w, https:\/\/www.fahrrad-xxl.de\/blog\/wp-content\/uploads\/2018\/07\/Fazua_Urban-e1532092264362.jpg 1500w\" sizes=\"(max-width: 300px) 100vw, 300px\" title=\"Fazua Evation 2019 - Entnehmbarer E-Bike Antrieb\" \/><\/a>\n\t\t\t<\/dt>\n\t\t\t\t<dd class='wp-caption-text gallery-caption' id='rpbt-related-gallery-1-18392'>\n\t\t\t\tFazua Evation 2019 &#8211; Entnehmbarer E-Bike Antrieb\n\t\t\t\t<\/dd><\/dl><dl class='gallery-item' role='figure' aria-label='Flyer E-Bike Neuheiten aus 2024'>\n\t\t\t<dt class='gallery-icon landscape'>\n\t\t\t\t<a href='https:\/\/www.fahrrad-xxl.de\/blog\/flyer-e-bike-neuheiten\/'><img width=\"300\" height=\"200\" src=\"https:\/\/www.fahrrad-xxl.de\/blog\/wp-content\/uploads\/2019\/07\/Flyer-neuheiten-2024-300x200.jpg\" class=\"attachment-medium size-medium\" alt=\"Flyer E-Bike Neuheiten aus 2024\" decoding=\"async\" loading=\"lazy\" aria-describedby=\"rpbt-related-gallery-1-25445\" srcset=\"https:\/\/www.fahrrad-xxl.de\/blog\/wp-content\/uploads\/2019\/07\/Flyer-neuheiten-2024-300x200.jpg 300w, https:\/\/www.fahrrad-xxl.de\/blog\/wp-content\/uploads\/2019\/07\/Flyer-neuheiten-2024-1024x683.jpg 1024w, https:\/\/www.fahrrad-xxl.de\/blog\/wp-content\/uploads\/2019\/07\/Flyer-neuheiten-2024-768x512.jpg 768w, https:\/\/www.fahrrad-xxl.de\/blog\/wp-content\/uploads\/2019\/07\/Flyer-neuheiten-2024-1536x1024.jpg 1536w, https:\/\/www.fahrrad-xxl.de\/blog\/wp-content\/uploads\/2019\/07\/Flyer-neuheiten-2024-2048x1365.jpg 2048w, https:\/\/www.fahrrad-xxl.de\/blog\/wp-content\/uploads\/2019\/07\/Flyer-neuheiten-2024-600x400.jpg 600w\" sizes=\"(max-width: 300px) 100vw, 300px\" title=\"Flyer E-Bike Neuheiten aus 2024\" \/><\/a>\n\t\t\t<\/dt>\n\t\t\t\t<dd class='wp-caption-text gallery-caption' id='rpbt-related-gallery-1-25445'>\n\t\t\t\tFlyer E-Bike Neuheiten aus 2024\n\t\t\t\t<\/dd><\/dl><br style=\"clear: both\" \/>\n\t\t<\/div>\n<\/div>[\/vc_column_text][\/vc_column][\/vc_row][\/vc_section][vc_row][vc_column width=&#8220;1\/1&#8243;][\/vc_column][\/vc_row]<\/p>\n\n\n<div class=\"kk-star-ratings kksr-auto kksr-align-left kksr-valign-bottom\"\n    data-payload='{&quot;align&quot;:&quot;left&quot;,&quot;id&quot;:&quot;2666&quot;,&quot;slug&quot;:&quot;default&quot;,&quot;valign&quot;:&quot;bottom&quot;,&quot;ignore&quot;:&quot;&quot;,&quot;reference&quot;:&quot;auto&quot;,&quot;class&quot;:&quot;&quot;,&quot;count&quot;:&quot;17&quot;,&quot;legendonly&quot;:&quot;&quot;,&quot;readonly&quot;:&quot;&quot;,&quot;score&quot;:&quot;3.8&quot;,&quot;best&quot;:&quot;5&quot;,&quot;gap&quot;:&quot;5&quot;,&quot;greet&quot;:&quot;Rate this post&quot;,&quot;legend&quot;:&quot;3.8\\\/5 - (17 votes)&quot;,&quot;size&quot;:&quot;22&quot;,&quot;width&quot;:&quot;100.1&quot;,&quot;_legend&quot;:&quot;{score}\\\/{best} - ({count} {votes})&quot;,&quot;font_factor&quot;:&quot;1.25&quot;}'>\n            \n<div class=\"kksr-stars\">\n    \n<div class=\"kksr-stars-inactive\">\n            <div class=\"kksr-star\" data-star=\"1\" style=\"padding-right: 5px\">\n            \n\n<div class=\"kksr-icon\" style=\"width: 22px; height: 22px;\"><\/div>\n        <\/div>\n            <div class=\"kksr-star\" data-star=\"2\" style=\"padding-right: 5px\">\n            \n\n<div class=\"kksr-icon\" style=\"width: 22px; height: 22px;\"><\/div>\n        <\/div>\n            <div class=\"kksr-star\" data-star=\"3\" style=\"padding-right: 5px\">\n            \n\n<div class=\"kksr-icon\" style=\"width: 22px; height: 22px;\"><\/div>\n        <\/div>\n            <div class=\"kksr-star\" data-star=\"4\" style=\"padding-right: 5px\">\n            \n\n<div class=\"kksr-icon\" style=\"width: 22px; height: 22px;\"><\/div>\n        <\/div>\n            <div class=\"kksr-star\" data-star=\"5\" style=\"padding-right: 5px\">\n            \n\n<div class=\"kksr-icon\" style=\"width: 22px; height: 22px;\"><\/div>\n        <\/div>\n    <\/div>\n    \n<div class=\"kksr-stars-active\" style=\"width: 100.1px;\">\n            <div class=\"kksr-star\" style=\"padding-right: 5px\">\n            \n\n<div class=\"kksr-icon\" style=\"width: 22px; height: 22px;\"><\/div>\n        <\/div>\n            <div class=\"kksr-star\" style=\"padding-right: 5px\">\n            \n\n<div class=\"kksr-icon\" style=\"width: 22px; height: 22px;\"><\/div>\n        <\/div>\n            <div class=\"kksr-star\" style=\"padding-right: 5px\">\n            \n\n<div class=\"kksr-icon\" style=\"width: 22px; height: 22px;\"><\/div>\n        <\/div>\n            <div class=\"kksr-star\" style=\"padding-right: 5px\">\n            \n\n<div class=\"kksr-icon\" style=\"width: 22px; height: 22px;\"><\/div>\n        <\/div>\n            <div class=\"kksr-star\" style=\"padding-right: 5px\">\n            \n\n<div class=\"kksr-icon\" style=\"width: 22px; height: 22px;\"><\/div>\n        <\/div>\n    <\/div>\n<\/div>\n        \n\n<div class=\"kksr-legend\" style=\"font-size: 17.6px;\">\n            3.8\/5 - (17 votes)    <\/div>\n<\/div>\n<\/section>","protected":false},"excerpt":{"rendered":"<p>[vc_row][vc_column width=&#8220;1\/1&#8243;][vc_column_text]Viele Jahre waren normale Fahrr\u00e4der \u00fcberaus beliebt. Doch im Vergleich zu 2009 sind die Verkaufszahlen in Deutschland im Jahr 2013 teilweise auff\u00e4llig gesunken. Inzwischen zeichnet sich ganz klar ein neuer Trend ab: das E-Bike. Die neuartigen Fahrr\u00e4der, die mittels eines elektrischen Motors angetrieben werden und so die Tretkraft des Fahrers um die bis zu 1,5-fache Leistung verst\u00e4rken, werden immer beliebter. So zeigte sich in den vergangenen Jahren, dass sich die Verkaufszahlen der E-Bikes zwischen 2009 und 2013 nahezu verdreifacht haben.[\/vc_column_text][vc_column_text] Du hast Fragen zum Umstieg von einem Fahrrad auf ein E-Bike? [\/vc_column_text][\/vc_column][\/vc_row][vc_row][vc_column width=&#8220;1\/1&#8243;][vc_column_text] &#x26a1; F\u00fcr wen eignet sich ein E-Bike? E-Bikes sind echte \u201eRenner\u201c, sowohl in ihrer Beliebtheit als auch in der Geschwindigkeit. Denn bei einem E-Bike wird die Beschleunigungskraft des Fahrers deutlich verst\u00e4rkt. Deshalb ist ein E-Bike auch besonders gut f\u00fcr Menschen geeignet, die sich zwar gerne mit dem Fahrrad fortbewegen m\u00f6chten, allerdings in Gruppen Schwierigkeiten haben, \u00fcberhaupt hinterher zu kommen und den Anschluss nicht zu verlieren. Vor allem wenn es um das Anfahren geht, hilft das E-Bike seinem Fahrer bei der Beschleunigung. Mit einem herk\u00f6mmlichen Fahrrad kann man hier lediglich staunenden Blickes hinterher schauen. Ein E-Bike ist perfekt geeignet, um etwa einen Berg leichter hinauf zu gelangen, [&hellip;]<\/p>\n","protected":false},"author":3,"featured_media":19985,"comment_status":"open","ping_status":"open","sticky":false,"template":"","format":"standard","meta":[],"categories":[30],"tags":[],"yoast_head":"<!-- This site is optimized with the Yoast SEO plugin v19.10 - https:\/\/yoast.com\/wordpress\/plugins\/seo\/ -->\n<title>E-Bike oder normales Fahrrad: Was ist (f\u00fcr mich) besser? - Fahrrad XXL Blog<\/title>\n<meta name=\"description\" content=\"Lieber ein E-Bike oder ein normales Rad? \u26a1 Welcher E-Bike Type bin ich? \u26a1 Was sollte ich beim Kauf beachten? \u26a1 Der Fahrrad XXL Blog kl\u00e4rt auf!\" \/>\n<meta name=\"robots\" content=\"index, follow, max-snippet:-1, max-image-preview:large, max-video-preview:-1\" \/>\n<link rel=\"canonical\" href=\"https:\/\/www.fahrrad-xxl.de\/blog\/e-bike-oder-normales-fahrrad-was-ist-fuer-mich-besser\/\" \/>\n<meta property=\"og:locale\" content=\"de_DE\" \/>\n<meta property=\"og:type\" content=\"article\" \/>\n<meta property=\"og:title\" content=\"E-Bike oder normales Fahrrad: Was ist (f\u00fcr mich) besser? - Fahrrad XXL Blog\" \/>\n<meta property=\"og:description\" content=\"Lieber ein E-Bike oder ein normales Rad? \u26a1 Welcher E-Bike Type bin ich? \u26a1 Was sollte ich beim Kauf beachten? \u26a1 Der Fahrrad XXL Blog kl\u00e4rt auf!\" \/>\n<meta property=\"og:url\" content=\"https:\/\/www.fahrrad-xxl.de\/blog\/e-bike-oder-normales-fahrrad-was-ist-fuer-mich-besser\/\" \/>\n<meta property=\"og:site_name\" content=\"Fahrrad XXL Blog\" \/>\n<meta property=\"article:publisher\" content=\"https:\/\/www.facebook.com\/FahrradXXL\" \/>\n<meta property=\"article:published_time\" content=\"2014-07-16T11:00:06+00:00\" \/>\n<meta property=\"article:modified_time\" content=\"2020-01-02T16:32:48+00:00\" \/>\n<meta property=\"og:image\" content=\"https:\/\/www.fahrrad-xxl.de\/blog\/wp-content\/uploads\/2014\/07\/cyclists-1750975_1920.jpg\" \/>\n\t<meta property=\"og:image:width\" content=\"1920\" \/>\n\t<meta property=\"og:image:height\" content=\"1285\" \/>\n\t<meta property=\"og:image:type\" content=\"image\/jpeg\" \/>\n<meta name=\"author\" content=\"Daniel Maier\" \/>\n<meta name=\"twitter:card\" content=\"summary_large_image\" \/>\n<meta name=\"twitter:label1\" content=\"Verfasst von\" \/>\n\t<meta name=\"twitter:data1\" content=\"Daniel Maier\" \/>\n\t<meta name=\"twitter:label2\" content=\"Gesch\u00e4tzte Lesezeit\" \/>\n\t<meta name=\"twitter:data2\" content=\"7\u00a0Minuten\" \/>\n<script type=\"application\/ld+json\" class=\"yoast-schema-graph\">{\"@context\":\"https:\/\/schema.org\",\"@graph\":[{\"@type\":\"Article\",\"@id\":\"https:\/\/www.fahrrad-xxl.de\/blog\/e-bike-oder-normales-fahrrad-was-ist-fuer-mich-besser\/#article\",\"isPartOf\":{\"@id\":\"https:\/\/www.fahrrad-xxl.de\/blog\/e-bike-oder-normales-fahrrad-was-ist-fuer-mich-besser\/\"},\"author\":{\"name\":\"Daniel Maier\",\"@id\":\"https:\/\/www.fahrrad-xxl.de\/blog\/#\/schema\/person\/b5e72df5f39c0545c250684b481cab9c\"},\"headline\":\"E-Bike oder normales Fahrrad: Was ist (f\u00fcr mich) besser?\",\"datePublished\":\"2014-07-16T11:00:06+00:00\",\"dateModified\":\"2020-01-02T16:32:48+00:00\",\"mainEntityOfPage\":{\"@id\":\"https:\/\/www.fahrrad-xxl.de\/blog\/e-bike-oder-normales-fahrrad-was-ist-fuer-mich-besser\/\"},\"wordCount\":1363,\"commentCount\":15,\"publisher\":{\"@id\":\"https:\/\/www.fahrrad-xxl.de\/blog\/#organization\"},\"articleSection\":[\"E-Bike\"],\"inLanguage\":\"de\",\"potentialAction\":[{\"@type\":\"CommentAction\",\"name\":\"Comment\",\"target\":[\"https:\/\/www.fahrrad-xxl.de\/blog\/e-bike-oder-normales-fahrrad-was-ist-fuer-mich-besser\/#respond\"]}]},{\"@type\":\"WebPage\",\"@id\":\"https:\/\/www.fahrrad-xxl.de\/blog\/e-bike-oder-normales-fahrrad-was-ist-fuer-mich-besser\/\",\"url\":\"https:\/\/www.fahrrad-xxl.de\/blog\/e-bike-oder-normales-fahrrad-was-ist-fuer-mich-besser\/\",\"name\":\"E-Bike oder normales Fahrrad: Was ist (f\u00fcr mich) besser? - Fahrrad XXL Blog\",\"isPartOf\":{\"@id\":\"https:\/\/www.fahrrad-xxl.de\/blog\/#website\"},\"datePublished\":\"2014-07-16T11:00:06+00:00\",\"dateModified\":\"2020-01-02T16:32:48+00:00\",\"description\":\"Lieber ein E-Bike oder ein normales Rad? \u26a1 Welcher E-Bike Type bin ich? \u26a1 Was sollte ich beim Kauf beachten? \u26a1 Der Fahrrad XXL Blog kl\u00e4rt auf!\",\"breadcrumb\":{\"@id\":\"https:\/\/www.fahrrad-xxl.de\/blog\/e-bike-oder-normales-fahrrad-was-ist-fuer-mich-besser\/#breadcrumb\"},\"inLanguage\":\"de\",\"potentialAction\":[{\"@type\":\"ReadAction\",\"target\":[\"https:\/\/www.fahrrad-xxl.de\/blog\/e-bike-oder-normales-fahrrad-was-ist-fuer-mich-besser\/\"]}]},{\"@type\":\"BreadcrumbList\",\"@id\":\"https:\/\/www.fahrrad-xxl.de\/blog\/e-bike-oder-normales-fahrrad-was-ist-fuer-mich-besser\/#breadcrumb\",\"itemListElement\":[{\"@type\":\"ListItem\",\"position\":1,\"name\":\"Startseite\",\"item\":\"https:\/\/www.fahrrad-xxl.de\/blog\/\"},{\"@type\":\"ListItem\",\"position\":2,\"name\":\"E-Bike oder normales Fahrrad: Was ist (f\u00fcr mich) besser?\"}]},{\"@type\":\"WebSite\",\"@id\":\"https:\/\/www.fahrrad-xxl.de\/blog\/#website\",\"url\":\"https:\/\/www.fahrrad-xxl.de\/blog\/\",\"name\":\"Fahrrad XXL Blog\",\"description\":\"Erleben | Testen | Losfahren\",\"publisher\":{\"@id\":\"https:\/\/www.fahrrad-xxl.de\/blog\/#organization\"},\"potentialAction\":[{\"@type\":\"SearchAction\",\"target\":{\"@type\":\"EntryPoint\",\"urlTemplate\":\"https:\/\/www.fahrrad-xxl.de\/blog\/?s={search_term_string}\"},\"query-input\":\"required name=search_term_string\"}],\"inLanguage\":\"de\"},{\"@type\":\"Organization\",\"@id\":\"https:\/\/www.fahrrad-xxl.de\/blog\/#organization\",\"name\":\"Fahrrad XXL\",\"url\":\"https:\/\/www.fahrrad-xxl.de\/blog\/\",\"logo\":{\"@type\":\"ImageObject\",\"inLanguage\":\"de\",\"@id\":\"https:\/\/www.fahrrad-xxl.de\/blog\/#\/schema\/logo\/image\/\",\"url\":\"https:\/\/www.fahrrad-xxl.de\/blog\/wp-content\/uploads\/2018\/03\/FXXL-Blog-Logo-100-c.png\",\"contentUrl\":\"https:\/\/www.fahrrad-xxl.de\/blog\/wp-content\/uploads\/2018\/03\/FXXL-Blog-Logo-100-c.png\",\"width\":450,\"height\":100,\"caption\":\"Fahrrad XXL\"},\"image\":{\"@id\":\"https:\/\/www.fahrrad-xxl.de\/blog\/#\/schema\/logo\/image\/\"},\"sameAs\":[\"https:\/\/www.instagram.com\/fahrradxxl\",\"https:\/\/www.youtube.com\/user\/FahrradXXLde\",\"https:\/\/www.tiktok.com\/@fahrrad_xxl\",\"https:\/\/www.facebook.com\/FahrradXXL\"]},{\"@type\":\"Person\",\"@id\":\"https:\/\/www.fahrrad-xxl.de\/blog\/#\/schema\/person\/b5e72df5f39c0545c250684b481cab9c\",\"name\":\"Daniel Maier\",\"description\":\"F\u00e4hrt gerne: Road Bikes: Focus Izalco Chrono Max 3.0, Giant TCR Advanced, Giant TCR Composite Lieblings-Radrevier: Allg\u00e4u, Schwarzwald, Wetterau, Vogelsberg\",\"url\":\"https:\/\/www.fahrrad-xxl.de\/blog\/author\/d-maierfahrrad-xxl-de\/\"}]}<\/script>\n<!-- \/ Yoast SEO plugin. -->","yoast_head_json":{"title":"E-Bike oder normales Fahrrad: Was ist (f\u00fcr mich) besser? - Fahrrad XXL Blog","description":"Lieber ein E-Bike oder ein normales Rad? \u26a1 Welcher E-Bike Type bin ich? \u26a1 Was sollte ich beim Kauf beachten? \u26a1 Der Fahrrad XXL Blog kl\u00e4rt auf!","robots":{"index":"index","follow":"follow","max-snippet":"max-snippet:-1","max-image-preview":"max-image-preview:large","max-video-preview":"max-video-preview:-1"},"canonical":"https:\/\/www.fahrrad-xxl.de\/blog\/e-bike-oder-normales-fahrrad-was-ist-fuer-mich-besser\/","og_locale":"de_DE","og_type":"article","og_title":"E-Bike oder normales Fahrrad: Was ist (f\u00fcr mich) besser? - Fahrrad XXL Blog","og_description":"Lieber ein E-Bike oder ein normales Rad? \u26a1 Welcher E-Bike Type bin ich? \u26a1 Was sollte ich beim Kauf beachten? \u26a1 Der Fahrrad XXL Blog kl\u00e4rt auf!","og_url":"https:\/\/www.fahrrad-xxl.de\/blog\/e-bike-oder-normales-fahrrad-was-ist-fuer-mich-besser\/","og_site_name":"Fahrrad XXL Blog","article_publisher":"https:\/\/www.facebook.com\/FahrradXXL","article_published_time":"2014-07-16T11:00:06+00:00","article_modified_time":"2020-01-02T16:32:48+00:00","og_image":[{"width":1920,"height":1285,"url":"https:\/\/www.fahrrad-xxl.de\/blog\/wp-content\/uploads\/2014\/07\/cyclists-1750975_1920.jpg","type":"image\/jpeg"}],"author":"Daniel Maier","twitter_card":"summary_large_image","twitter_misc":{"Verfasst von":"Daniel Maier","Gesch\u00e4tzte Lesezeit":"7\u00a0Minuten"},"schema":{"@context":"https:\/\/schema.org","@graph":[{"@type":"Article","@id":"https:\/\/www.fahrrad-xxl.de\/blog\/e-bike-oder-normales-fahrrad-was-ist-fuer-mich-besser\/#article","isPartOf":{"@id":"https:\/\/www.fahrrad-xxl.de\/blog\/e-bike-oder-normales-fahrrad-was-ist-fuer-mich-besser\/"},"author":{"name":"Daniel Maier","@id":"https:\/\/www.fahrrad-xxl.de\/blog\/#\/schema\/person\/b5e72df5f39c0545c250684b481cab9c"},"headline":"E-Bike oder normales Fahrrad: Was ist (f\u00fcr mich) besser?","datePublished":"2014-07-16T11:00:06+00:00","dateModified":"2020-01-02T16:32:48+00:00","mainEntityOfPage":{"@id":"https:\/\/www.fahrrad-xxl.de\/blog\/e-bike-oder-normales-fahrrad-was-ist-fuer-mich-besser\/"},"wordCount":1363,"commentCount":15,"publisher":{"@id":"https:\/\/www.fahrrad-xxl.de\/blog\/#organization"},"articleSection":["E-Bike"],"inLanguage":"de","potentialAction":[{"@type":"CommentAction","name":"Comment","target":["https:\/\/www.fahrrad-xxl.de\/blog\/e-bike-oder-normales-fahrrad-was-ist-fuer-mich-besser\/#respond"]}]},{"@type":"WebPage","@id":"https:\/\/www.fahrrad-xxl.de\/blog\/e-bike-oder-normales-fahrrad-was-ist-fuer-mich-besser\/","url":"https:\/\/www.fahrrad-xxl.de\/blog\/e-bike-oder-normales-fahrrad-was-ist-fuer-mich-besser\/","name":"E-Bike oder normales Fahrrad: Was ist (f\u00fcr mich) besser? - Fahrrad XXL Blog","isPartOf":{"@id":"https:\/\/www.fahrrad-xxl.de\/blog\/#website"},"datePublished":"2014-07-16T11:00:06+00:00","dateModified":"2020-01-02T16:32:48+00:00","description":"Lieber ein E-Bike oder ein normales Rad? \u26a1 Welcher E-Bike Type bin ich? \u26a1 Was sollte ich beim Kauf beachten? \u26a1 Der Fahrrad XXL Blog kl\u00e4rt auf!","breadcrumb":{"@id":"https:\/\/www.fahrrad-xxl.de\/blog\/e-bike-oder-normales-fahrrad-was-ist-fuer-mich-besser\/#breadcrumb"},"inLanguage":"de","potentialAction":[{"@type":"ReadAction","target":["https:\/\/www.fahrrad-xxl.de\/blog\/e-bike-oder-normales-fahrrad-was-ist-fuer-mich-besser\/"]}]},{"@type":"BreadcrumbList","@id":"https:\/\/www.fahrrad-xxl.de\/blog\/e-bike-oder-normales-fahrrad-was-ist-fuer-mich-besser\/#breadcrumb","itemListElement":[{"@type":"ListItem","position":1,"name":"Startseite","item":"https:\/\/www.fahrrad-xxl.de\/blog\/"},{"@type":"ListItem","position":2,"name":"E-Bike oder normales Fahrrad: Was ist (f\u00fcr mich) besser?"}]},{"@type":"WebSite","@id":"https:\/\/www.fahrrad-xxl.de\/blog\/#website","url":"https:\/\/www.fahrrad-xxl.de\/blog\/","name":"Fahrrad XXL Blog","description":"Erleben | Testen | Losfahren","publisher":{"@id":"https:\/\/www.fahrrad-xxl.de\/blog\/#organization"},"potentialAction":[{"@type":"SearchAction","target":{"@type":"EntryPoint","urlTemplate":"https:\/\/www.fahrrad-xxl.de\/blog\/?s={search_term_string}"},"query-input":"required name=search_term_string"}],"inLanguage":"de"},{"@type":"Organization","@id":"https:\/\/www.fahrrad-xxl.de\/blog\/#organization","name":"Fahrrad XXL","url":"https:\/\/www.fahrrad-xxl.de\/blog\/","logo":{"@type":"ImageObject","inLanguage":"de","@id":"https:\/\/www.fahrrad-xxl.de\/blog\/#\/schema\/logo\/image\/","url":"https:\/\/www.fahrrad-xxl.de\/blog\/wp-content\/uploads\/2018\/03\/FXXL-Blog-Logo-100-c.png","contentUrl":"https:\/\/www.fahrrad-xxl.de\/blog\/wp-content\/uploads\/2018\/03\/FXXL-Blog-Logo-100-c.png","width":450,"height":100,"caption":"Fahrrad XXL"},"image":{"@id":"https:\/\/www.fahrrad-xxl.de\/blog\/#\/schema\/logo\/image\/"},"sameAs":["https:\/\/www.instagram.com\/fahrradxxl","https:\/\/www.youtube.com\/user\/FahrradXXLde","https:\/\/www.tiktok.com\/@fahrrad_xxl","https:\/\/www.facebook.com\/FahrradXXL"]},{"@type":"Person","@id":"https:\/\/www.fahrrad-xxl.de\/blog\/#\/schema\/person\/b5e72df5f39c0545c250684b481cab9c","name":"Daniel Maier","description":"F\u00e4hrt gerne: Road Bikes: Focus Izalco Chrono Max 3.0, Giant TCR Advanced, Giant TCR Composite Lieblings-Radrevier: Allg\u00e4u, Schwarzwald, Wetterau, Vogelsberg","url":"https:\/\/www.fahrrad-xxl.de\/blog\/author\/d-maierfahrrad-xxl-de\/"}]}},"_links":{"self":[{"href":"https:\/\/www.fahrrad-xxl.de\/blog\/wp-json\/wp\/v2\/posts\/2666"}],"collection":[{"href":"https:\/\/www.fahrrad-xxl.de\/blog\/wp-json\/wp\/v2\/posts"}],"about":[{"href":"https:\/\/www.fahrrad-xxl.de\/blog\/wp-json\/wp\/v2\/types\/post"}],"author":[{"embeddable":true,"href":"https:\/\/www.fahrrad-xxl.de\/blog\/wp-json\/wp\/v2\/users\/3"}],"replies":[{"embeddable":true,"href":"https:\/\/www.fahrrad-xxl.de\/blog\/wp-json\/wp\/v2\/comments?post=2666"}],"version-history":[{"count":0,"href":"https:\/\/www.fahrrad-xxl.de\/blog\/wp-json\/wp\/v2\/posts\/2666\/revisions"}],"wp:featuredmedia":[{"embeddable":true,"href":"https:\/\/www.fahrrad-xxl.de\/blog\/wp-json\/wp\/v2\/media\/19985"}],"wp:attachment":[{"href":"https:\/\/www.fahrrad-xxl.de\/blog\/wp-json\/wp\/v2\/media?parent=2666"}],"wp:term":[{"taxonomy":"category","embeddable":true,"href":"https:\/\/www.fahrrad-xxl.de\/blog\/wp-json\/wp\/v2\/categories?post=2666"},{"taxonomy":"post_tag","embeddable":true,"href":"https:\/\/www.fahrrad-xxl.de\/blog\/wp-json\/wp\/v2\/tags?post=2666"}],"curies":[{"name":"wp","href":"https:\/\/api.w.org\/{rel}","templated":true}]}}