{"id":27608,"date":"2023-11-06T14:16:14","date_gmt":"2023-11-06T13:16:14","guid":{"rendered":"https:\/\/www.fahrrad-xxl.de\/blog\/?p=27608"},"modified":"2025-03-05T14:30:41","modified_gmt":"2025-03-05T13:30:41","slug":"e-bike-neuheiten","status":"publish","type":"post","link":"https:\/\/www.fahrrad-xxl.de\/blog\/e-bike-neuheiten\/","title":{"rendered":"E-Bike Neuheiten 2024: Trends und Highlights der Saison"},"content":{"rendered":"<section class=\"wpb-content-wrapper\"><p>[vc_row][vc_column width=&#8220;1\/1&#8243;][vc_column_text]<span data-contrast=\"none\">Die Fahrradbranche ist immer noch in Bewegung! W\u00e4hrend die einen \u00fcber ganz neue Transportm\u00f6glichkeiten mit dem E-Bike nachdenken, versuchen andere sich mit den Light E-Bikes dem urspr\u00fcnglichen Fahrgef\u00fchl von Fahrr\u00e4dern ohne E-Antrieb anzun\u00e4hern. Lese hier mehr zu den neuen E-Bike-Modellen, die neue Trends setzen und das Altbewehrte neu interpretieren. <\/span><span data-ccp-props=\"{&quot;201341983&quot;:0,&quot;335559739&quot;:160,&quot;335559740&quot;:259}\">\u00a0<\/span><\/p>\n<p><span data-ccp-props=\"{&quot;201341983&quot;:0,&quot;335559739&quot;:160,&quot;335559740&quot;:259}\">\u00a0<\/span><\/p>\n<h2 aria-level=\"2\"><span class=\"ez-toc-section\" id=\"e-bike-neuheiten-und-highlights-2024\"><\/span><span data-contrast=\"none\">E-Bike Neuheiten und Highlights 2024<\/span><span data-ccp-props=\"{&quot;201341983&quot;:0,&quot;335559738&quot;:40,&quot;335559739&quot;:0,&quot;335559740&quot;:259}\">\u00a0<\/span><span class=\"ez-toc-section-end\"><\/span><\/h2>\n<ul>\n<li data-leveltext=\"\uf0b7\" data-font=\"Symbol\" data-listid=\"1\" data-list-defn-props=\"{&quot;335552541&quot;:1,&quot;335559684&quot;:-2,&quot;335559685&quot;:720,&quot;335559991&quot;:360,&quot;469769226&quot;:&quot;Symbol&quot;,&quot;469769242&quot;:[8226],&quot;469777803&quot;:&quot;left&quot;,&quot;469777804&quot;:&quot;\uf0b7&quot;,&quot;469777815&quot;:&quot;hybridMultilevel&quot;}\" aria-setsize=\"-1\" data-aria-posinset=\"1\" data-aria-level=\"1\"><b><span data-contrast=\"auto\">Neuer Bosch Performance Line SX Antrieb<\/span><\/b><span data-contrast=\"auto\">: Leicht, hohe Leistungsdichte, speziell f\u00fcr E-MTBs, E-Gravel und E-Urban Bikes. Verbessertes Fahrgef\u00fchl und Agilit\u00e4t, insbesondere auf Trails und in st\u00e4dtischen Gebieten.<\/span><span data-ccp-props=\"{&quot;201341983&quot;:0,&quot;335559739&quot;:160,&quot;335559740&quot;:259}\">\u00a0<\/span><\/li>\n<li data-leveltext=\"\uf0b7\" data-font=\"Symbol\" data-listid=\"1\" data-list-defn-props=\"{&quot;335552541&quot;:1,&quot;335559684&quot;:-2,&quot;335559685&quot;:720,&quot;335559991&quot;:360,&quot;469769226&quot;:&quot;Symbol&quot;,&quot;469769242&quot;:[8226],&quot;469777803&quot;:&quot;left&quot;,&quot;469777804&quot;:&quot;\uf0b7&quot;,&quot;469777815&quot;:&quot;hybridMultilevel&quot;}\" aria-setsize=\"-1\" data-aria-posinset=\"2\" data-aria-level=\"1\"><b><span data-contrast=\"auto\">Konnektivit\u00e4t und Digitalisierung<\/span><\/b><span data-contrast=\"auto\">: City E-Bikes mit Konnektivit\u00e4tsfunktionen, um Fahrten zu verfolgen, Routen zu planen und Diebstahlschutz sowie Navigation \u00fcber Smartphone-Apps zu nutzen. Diese Technologien verbessern die Gesamterfahrung und die Sicherheit.<\/span><span data-ccp-props=\"{&quot;201341983&quot;:0,&quot;335559739&quot;:160,&quot;335559740&quot;:259}\">\u00a0<\/span><\/li>\n<li data-leveltext=\"\uf0b7\" data-font=\"Symbol\" data-listid=\"1\" data-list-defn-props=\"{&quot;335552541&quot;:1,&quot;335559684&quot;:-2,&quot;335559685&quot;:720,&quot;335559991&quot;:360,&quot;469769226&quot;:&quot;Symbol&quot;,&quot;469769242&quot;:[8226],&quot;469777803&quot;:&quot;left&quot;,&quot;469777804&quot;:&quot;\uf0b7&quot;,&quot;469777815&quot;:&quot;hybridMultilevel&quot;}\" aria-setsize=\"-1\" data-aria-posinset=\"3\" data-aria-level=\"1\"><b><span data-contrast=\"auto\">Nachhaltigkeit und Materialien<\/span><\/b><span data-contrast=\"auto\">: Nachhaltigkeit ist ein wachsender Trend in der E-Bike-Industrie. Hersteller verwenden vermehrt recycelte Materialien und setzen auf umweltfreundlichere Produktionsverfahren, um die \u00f6kologische Bilanz der E-Bikes zu verbessern.<\/span><span data-ccp-props=\"{&quot;201341983&quot;:0,&quot;335559739&quot;:160,&quot;335559740&quot;:259}\">\u00a0<\/span><\/li>\n<li data-leveltext=\"\uf0b7\" data-font=\"Symbol\" data-listid=\"1\" data-list-defn-props=\"{&quot;335552541&quot;:1,&quot;335559684&quot;:-2,&quot;335559685&quot;:720,&quot;335559991&quot;:360,&quot;469769226&quot;:&quot;Symbol&quot;,&quot;469769242&quot;:[8226],&quot;469777803&quot;:&quot;left&quot;,&quot;469777804&quot;:&quot;\uf0b7&quot;,&quot;469777815&quot;:&quot;hybridMultilevel&quot;}\" aria-setsize=\"-1\" data-aria-posinset=\"4\" data-aria-level=\"1\"><span data-contrast=\"auto\"><strong>Nat\u00fcrliches Fahrgef\u00fchl<\/strong>: E-Gravel Bikes und E-Rennr\u00e4der mit Fokus auf Leichtbau und sportliche Optik bei gleichzeitiger Integration von leistungsstarken Motoren.<\/span><span data-ccp-props=\"{&quot;201341983&quot;:0,&quot;335559739&quot;:160,&quot;335559740&quot;:259}\">\u00a0<\/span><\/li>\n<\/ul>\n<p>[\/vc_column_text][vc_column_text]<\/p>\n<h2 aria-level=\"2\"><span class=\"ez-toc-section\" id=\"city-e-bike-und-e-trekkingrad-neuheiten-2024\"><\/span><span data-contrast=\"none\">City E-Bike und E-Trekkingrad<\/span><span data-ccp-props=\"{&quot;201341983&quot;:0,&quot;335559738&quot;:40,&quot;335559739&quot;:0,&quot;335559740&quot;:259}\"> Neuheiten 2024<\/span><span class=\"ez-toc-section-end\"><\/span><\/h2>\n<p><span data-ccp-props=\"{&quot;201341983&quot;:0,&quot;335559739&quot;:160,&quot;335559740&quot;:259}\">\u00a0<\/span><\/p>\n<h3 aria-level=\"3\"><span class=\"TextRun SCXW229525123 BCX0\" lang=\"DE-DE\" xml:lang=\"DE-DE\" data-contrast=\"none\"><span class=\"NormalTextRun SCXW229525123 BCX0\" data-ccp-parastyle=\"heading 3\">Riese &amp; M\u00fcller Culture<\/span><\/span><span class=\"EOP SCXW229525123 BCX0\" data-ccp-props=\"{&quot;134245418&quot;:true,&quot;134245529&quot;:true,&quot;201341983&quot;:0,&quot;335559738&quot;:40,&quot;335559739&quot;:0,&quot;335559740&quot;:259}\">\u00a0<\/span><\/h3>\n<div id=\"attachment_33636\" style=\"width: 2570px\" class=\"wp-caption aligncenter\"><img aria-describedby=\"caption-attachment-33636\" decoding=\"async\" loading=\"lazy\" class=\"size-full wp-image-33636\" src=\"https:\/\/www.fahrrad-xxl.de\/blog\/wp-content\/uploads\/2023\/02\/Riese-Mueller-Culture-scaled.jpg\" alt=\"Riese &amp; M\u00fcller Culture\" width=\"2560\" height=\"1706\" srcset=\"https:\/\/www.fahrrad-xxl.de\/blog\/wp-content\/uploads\/2023\/02\/Riese-Mueller-Culture-scaled.jpg 2560w, https:\/\/www.fahrrad-xxl.de\/blog\/wp-content\/uploads\/2023\/02\/Riese-Mueller-Culture-300x200.jpg 300w, https:\/\/www.fahrrad-xxl.de\/blog\/wp-content\/uploads\/2023\/02\/Riese-Mueller-Culture-1024x682.jpg 1024w, https:\/\/www.fahrrad-xxl.de\/blog\/wp-content\/uploads\/2023\/02\/Riese-Mueller-Culture-768x512.jpg 768w, https:\/\/www.fahrrad-xxl.de\/blog\/wp-content\/uploads\/2023\/02\/Riese-Mueller-Culture-1536x1024.jpg 1536w, https:\/\/www.fahrrad-xxl.de\/blog\/wp-content\/uploads\/2023\/02\/Riese-Mueller-Culture-2048x1365.jpg 2048w, https:\/\/www.fahrrad-xxl.de\/blog\/wp-content\/uploads\/2023\/02\/Riese-Mueller-Culture-600x400.jpg 600w\" sizes=\"(max-width: 2560px) 100vw, 2560px\" \/><p id=\"caption-attachment-33636\" class=\"wp-caption-text\">Riese &amp; M\u00fcller Culture<\/p><\/div>\n<p><span data-contrast=\"auto\">Riese &amp; M\u00fcller stellt mit dem Culture ein E-Bike vor, das sich durch sein minimalistisches Design, geringes Gewicht und moderne Technologie auszeichnet &#8211; und damit perfekt f\u00fcr trendige Stadtviertel geeignet ist. Einzigartige Designmerkmale, wie der auff\u00e4llige Knick im Oberrohr und die aktuellen Rahmenfarben, unterstreichen das st\u00e4dtische Flair des Bikes. Es wird in zwei Rahmenmodellen angeboten: dem klassischen Culture und dem Culture Mixte mit tiefergelegtem Oberrohr. Beide Rahmen bestehen zu fast 50 Prozent aus recyceltem, ASI zertifiziertem Aluminium.<\/span><span data-ccp-props=\"{&quot;201341983&quot;:0,&quot;335559739&quot;:160,&quot;335559740&quot;:259}\">\u00a0<\/span><\/p>\n<p><span data-contrast=\"auto\">Das Highlight: Das Culture wird von einem neuen Bosch SX Motor angetrieben, kombiniert mit einem CompactTube 400 Akku. Der Motor zeichnet sich durch sein geringes Gewicht, leisen Betrieb und ein nat\u00fcrliches Fahrgef\u00fchl aus. Der Akku ist fest im Hauptrohr integriert, kann aber bei Bedarf leicht ausgebaut werden. Die Bedienung des E-Bikes erfolgt \u00fcber eine standardm\u00e4\u00dfige LED-Fernbedienung, bleibt dabei einfach und \u00fcbersichtlich. F\u00fcr weitere Konnektivit\u00e4tsoptionen gibt es eine SPC+ Schnittstelle f\u00fcr die Smartphone-Befestigung oder alternativ die Option auf ein Display. Mit dem optionalen RX Chip wird das Bike zu einem Connected E-Bike, das Zugang zu digitalen Funktionen wie intelligenter Routenaufzeichnung, Bewegungsalarm und GPS-Ortung \u00fcber die RX Connect App bietet.<\/span><span data-ccp-props=\"{&quot;201341983&quot;:0,&quot;335559739&quot;:160,&quot;335559740&quot;:259}\">\u00a0<\/span><\/p>\n<p><span data-contrast=\"auto\">Das <a href=\"https:\/\/www.fahrrad-xxl.de\/marken\/riese-und-mueller\/\">Riese &amp; M\u00fcller<\/a> Culture E-Bike ist mit zahlreichen Anpassungsoptionen f\u00fcr Sicherheit und Komfort verf\u00fcgbar, sodass es individuell gestaltet werden kann. Es ist mit verschiedenen Schaltungsoptionen, einschlie\u00dflich Shimano 10-Gang Kettenschaltung, 8-Gang Nexus Nabenschaltung oder stufenloser Enviolo Nabenschaltung (jeweils mit Gates Riemenantrieb), konfigurierbar.<\/span><span data-ccp-props=\"{&quot;201341983&quot;:0,&quot;335559739&quot;:160,&quot;335559740&quot;:259}\">\u00a0<\/span>[\/vc_column_text][\/vc_column][\/vc_row][vc_row][vc_column width=&#8220;1\/4&#8243;][\/vc_column][vc_column width=&#8220;1\/2&#8243;]<a href=\"https:\/\/www.fahrrad-xxl.de\/marken\/riese-und-mueller\/saison.2024\/\" target=\"_self\" class=\"button button-appear custom large \" style=\"background-color: #a82323; border-color: #a82323;border-radius: 30px;\"><span>Jetzt die Riese und M\u00fcller E-Bikes 2024 entdecken<i class='fa fas fa-chevron-circle-right'><\/i><\/span><\/a><div class=\"spacer\" style=\"height: 40px;\"><\/div>[\/vc_column][vc_column width=&#8220;1\/4&#8243;][\/vc_column][\/vc_row][vc_row][vc_column width=&#8220;1\/1&#8243;][vc_column_text]<\/p>\n<h3 aria-level=\"3\"><span data-contrast=\"none\">Gazelle Eclipse<\/span><\/h3>\n<div id=\"attachment_33630\" style=\"width: 1117px\" class=\"wp-caption aligncenter\"><img aria-describedby=\"caption-attachment-33630\" decoding=\"async\" loading=\"lazy\" class=\"size-full wp-image-33630\" src=\"https:\/\/www.fahrrad-xxl.de\/blog\/wp-content\/uploads\/2023\/02\/Gazelle-Eclipse-2024-.jpg\" alt=\"Gazelle Eclipse 2024 \" width=\"1107\" height=\"598\" srcset=\"https:\/\/www.fahrrad-xxl.de\/blog\/wp-content\/uploads\/2023\/02\/Gazelle-Eclipse-2024-.jpg 1107w, https:\/\/www.fahrrad-xxl.de\/blog\/wp-content\/uploads\/2023\/02\/Gazelle-Eclipse-2024--300x162.jpg 300w, https:\/\/www.fahrrad-xxl.de\/blog\/wp-content\/uploads\/2023\/02\/Gazelle-Eclipse-2024--1024x553.jpg 1024w, https:\/\/www.fahrrad-xxl.de\/blog\/wp-content\/uploads\/2023\/02\/Gazelle-Eclipse-2024--768x415.jpg 768w\" sizes=\"(max-width: 1107px) 100vw, 1107px\" \/><p id=\"caption-attachment-33630\" class=\"wp-caption-text\">Gazelle Eclipse<\/p><\/div>\n<p><span data-contrast=\"auto\">Gazelle pr\u00e4sentiert mit der Eclipse Serie 2023 ein neues E-Bike-Portfolio, ausgestattet mit dem innovativen System von Bosch eBike Systems. Die Serie umfasst zwei unterschiedlich ausgerichtete Modelle: eines eher sportlich und das andere mit Fokus auf Komfort, beide jedoch mit vollst\u00e4ndiger Ausstattung. Die Rahmen der Eclipse Serie sind komplett neu entwickelt und bieten eine aktive, dennoch bequeme Sitzhaltung. Modern und fortschrittlich im Design, stehen zwei Rahmenvarianten zur Verf\u00fcgung: ein Diamantrahmen und ein Tiefeinsteiger, wobei der Tiefeinsteiger zus\u00e4tzliche Stabilit\u00e4t durch einen Unterzug am Unterrohr erh\u00e4lt.<\/span><span data-ccp-props=\"{&quot;201341983&quot;:0,&quot;335559739&quot;:160,&quot;335559740&quot;:259}\">\u00a0<\/span><\/p>\n<p><span data-contrast=\"auto\">Beide Modelle sind mit dem leistungsstarken Bosch Performance Line CX Smart System ausger\u00fcstet, welches ein Drehmoment von 85 Nm und bis zu 340% Unterst\u00fctzung der Eigenleistung bietet. Der gr\u00f6\u00dfte Akku des Systems mit 750 Wh erm\u00f6glicht lange Touren ohne Zwischenaufladung. Besondere Erw\u00e4hnung verdient auch das im individuell einstellbaren Vorbau integrierte Kiox 300 Display, welches Zugriff auf alle relevanten Informationen sowie Navigationsm\u00f6glichkeiten in Verbindung mit einem Smartphone bietet.In puncto Konnektivit\u00e4t setzt <a href=\"https:\/\/www.fahrrad-xxl.de\/fahrraeder\/e-bike\/marke.gazelle\/saison.2024\/\">Gazelle 2024<\/a> auf sein eigenes Modul, Gazelle Connect, mit integriertem GPS und einer dazugeh\u00f6rigen Smartphone-App. Dieser Dienst ist im ersten Jahr kostenlos und kann anschlie\u00dfend per Abo weitergenutzt werden.<\/span><span data-ccp-props=\"{&quot;201341983&quot;:0,&quot;335559739&quot;:160,&quot;335559740&quot;:259}\">\u00a0<\/span><\/p>\n<p><span data-contrast=\"auto\">Die Ausstattung der Eclipse Serie umfasst eine SR Suntour Mobie Federgabel mit 75 mm Federweg, wahlweise eine Enviolo TR Nabenschaltung mit Gates Zahnriemen oder eine Deore XT Kettenschaltung mit Linkglide-Technologie, sowie hydraulische Scheibenbremsen von Shimano und breite Schwalbe Marathon Efficiency Reifen. Damit vereint die Eclipse Serie von Gazelle Sportlichkeit, Komfort und moderne Technologie in einem E-Bike.<\/span><span data-ccp-props=\"{&quot;201341983&quot;:0,&quot;335559739&quot;:160,&quot;335559740&quot;:259}\">\u00a0<\/span>[\/vc_column_text][\/vc_column][\/vc_row][vc_row][vc_column width=&#8220;1\/4&#8243;][\/vc_column][vc_column width=&#8220;1\/2&#8243;]<a href=\"https:\/\/www.fahrrad-xxl.de\/fahrraeder\/e-bike\/marke.gazelle\/saison.2024\/\" target=\"_self\" class=\"button button-appear custom large \" style=\"background-color: #a82323; border-color: #a82323;border-radius: 30px;\"><span>Jetzt die Gazelle E-Bikes der Saison\u00a02024 entdecken<i class='fa fas fa-chevron-circle-right'><\/i><\/span><\/a><div class=\"spacer\" style=\"height: 40px;\"><\/div>[\/vc_column][vc_column width=&#8220;1\/4&#8243;][\/vc_column][\/vc_row][vc_row][vc_column width=&#8220;1\/1&#8243;][vc_column_text]<\/p>\n<h3 aria-level=\"3\"><span data-contrast=\"auto\">Flyer Upstreet SL<\/span><\/h3>\n<div id=\"attachment_33440\" style=\"width: 2250px\" class=\"wp-caption aligncenter\"><img aria-describedby=\"caption-attachment-33440\" decoding=\"async\" loading=\"lazy\" class=\"size-full wp-image-33440\" src=\"https:\/\/www.fahrrad-xxl.de\/blog\/wp-content\/uploads\/2019\/07\/FLYER-Upstreet-SL-2.png\" alt=\"Flyer Upstreet SL\" width=\"2240\" height=\"1400\" srcset=\"https:\/\/www.fahrrad-xxl.de\/blog\/wp-content\/uploads\/2019\/07\/FLYER-Upstreet-SL-2.png 2240w, https:\/\/www.fahrrad-xxl.de\/blog\/wp-content\/uploads\/2019\/07\/FLYER-Upstreet-SL-2-300x188.png 300w, https:\/\/www.fahrrad-xxl.de\/blog\/wp-content\/uploads\/2019\/07\/FLYER-Upstreet-SL-2-1024x640.png 1024w, https:\/\/www.fahrrad-xxl.de\/blog\/wp-content\/uploads\/2019\/07\/FLYER-Upstreet-SL-2-768x480.png 768w, https:\/\/www.fahrrad-xxl.de\/blog\/wp-content\/uploads\/2019\/07\/FLYER-Upstreet-SL-2-1536x960.png 1536w, https:\/\/www.fahrrad-xxl.de\/blog\/wp-content\/uploads\/2019\/07\/FLYER-Upstreet-SL-2-2048x1280.png 2048w\" sizes=\"(max-width: 2240px) 100vw, 2240px\" \/><p id=\"caption-attachment-33440\" class=\"wp-caption-text\">Flyer Upstreet SL<\/p><\/div>\n<p><span data-contrast=\"auto\">Das Flyer Upstreet SL ist ein leichtes City E-Bike f\u00fcr den t\u00e4glichen Einsatz, ausgestattet mit Beleuchtung, Schutzblechen und einem Gep\u00e4cktr\u00e4ger. Highlight ist der neue Bosch Performance Line SX Antrieb und ein 400 Wh Akku,\u00a0der sich durch einen zus\u00e4tzlichen Akku f\u00fcr l\u00e4ngere Strecken erg\u00e4nzen l\u00e4sst. Der Akku ist bequem seitlich abnehmbar und am Rad aufladbar.<\/span><span data-ccp-props=\"{&quot;201341983&quot;:0,&quot;335559739&quot;:160,&quot;335559740&quot;:259}\">\u00a0<\/span><\/p>\n<p><span data-contrast=\"auto\">Durch sein ansprechendes Design, seine Leichtigkeit und Vielseitigkeit gewann das Flyer Upstreet SL\u00a0den Eurobike Award 2023 in der Kategorie E-Bike. Es punktet zudem mit einem aufger\u00e4umten Erscheinungsbild dank des kompakten Bosch Motors und integrierter Kabelf\u00fchrung. Das Top-Modell, das Upstreet SL 3.63, ist mit der innovativen Classified Powershift Technologie f\u00fcr schnelle Gangwechsel ausger\u00fcstet. Zus\u00e4tzlich bietet das E-Bike Diebstahlsicherung, Navigation und App-Updates.<\/span><span data-ccp-props=\"{&quot;201341983&quot;:0,&quot;335559739&quot;:160,&quot;335559740&quot;:259}\">\u00a0<\/span><\/p>\n<p><span data-contrast=\"auto\">Das <a href=\"https:\/\/www.fahrrad-xxl.de\/serie\/flyer-upstreet\/saison.2024\/\">Flyer Upstreet 2024<\/a> ist ideal f\u00fcr Pendler, Nachtschw\u00e4rmer und jene Fahrer, die ein leichtes, flexibles und stilvolles Fortbewegungsmittel suchen.<\/span><span data-ccp-props=\"{&quot;201341983&quot;:0,&quot;335559739&quot;:160,&quot;335559740&quot;:259}\">\u00a0<\/span>[\/vc_column_text][\/vc_column][\/vc_row][vc_row][vc_column width=&#8220;1\/4&#8243;][\/vc_column][vc_column width=&#8220;1\/2&#8243;]<a href=\"https:\/\/www.fahrrad-xxl.de\/serie\/flyer-upstreet\/saison.2024\/\" target=\"_self\" class=\"button button-appear custom large \" style=\"background-color: #a82323; border-color: #a82323;border-radius: 30px;\"><span>Jetzt die Flyer Upstreet E-Bikes der Saison\u00a02024entdecken<i class='fa fas fa-chevron-circle-right'><\/i><\/span><\/a><div class=\"spacer\" style=\"height: 40px;\"><\/div>[\/vc_column][vc_column width=&#8220;1\/4&#8243;][\/vc_column][\/vc_row][vc_row][vc_column width=&#8220;1\/1&#8243;][vc_column_text]<\/p>\n<h3 aria-level=\"3\"><span data-contrast=\"none\">KTM Macina S<span class=\"TextRun SCXW236525099 BCX0\" lang=\"DE-DE\" xml:lang=\"DE-DE\" data-contrast=\"none\"><span class=\"NormalTextRun SCXW236525099 BCX0\" data-ccp-parastyle=\"heading 3\">port SX Prime<\/span><\/span><\/span><\/h3>\n<div id=\"attachment_33413\" style=\"width: 1120px\" class=\"wp-caption aligncenter\"><img aria-describedby=\"caption-attachment-33413\" decoding=\"async\" loading=\"lazy\" class=\"size-full wp-image-33413\" src=\"https:\/\/www.fahrrad-xxl.de\/blog\/wp-content\/uploads\/2023\/07\/MACINA_SPORT_SX_PRIME.jpg\" alt=\"KTM Macina Sport SX Prime\" width=\"1110\" height=\"624\" srcset=\"https:\/\/www.fahrrad-xxl.de\/blog\/wp-content\/uploads\/2023\/07\/MACINA_SPORT_SX_PRIME.jpg 1110w, https:\/\/www.fahrrad-xxl.de\/blog\/wp-content\/uploads\/2023\/07\/MACINA_SPORT_SX_PRIME-300x169.jpg 300w, https:\/\/www.fahrrad-xxl.de\/blog\/wp-content\/uploads\/2023\/07\/MACINA_SPORT_SX_PRIME-1024x576.jpg 1024w, https:\/\/www.fahrrad-xxl.de\/blog\/wp-content\/uploads\/2023\/07\/MACINA_SPORT_SX_PRIME-768x432.jpg 768w, https:\/\/www.fahrrad-xxl.de\/blog\/wp-content\/uploads\/2023\/07\/MACINA_SPORT_SX_PRIME-1000x563.jpg 1000w\" sizes=\"(max-width: 1110px) 100vw, 1110px\" \/><p id=\"caption-attachment-33413\" class=\"wp-caption-text\">Macina Sport SX Prime<\/p><\/div>\n<p><span data-contrast=\"auto\">F\u00fcr alle urbanen Radfahrer, die nach einem leichten und modernen E-Bike Ausschau halten, hat KTM mit dem Macina Sport SX Prime 2024 eine interessante Neuheit im Angebot. Dieses E-Trekking-Modell verbindet die fortschrittliche Technologie des Bosch Performance SX Smart Systems mit den Anforderungen eines flexiblen City-Bikes.<\/span><span data-ccp-props=\"{&quot;201341983&quot;:0,&quot;335559739&quot;:160,&quot;335559740&quot;:259}\">\u00a0<\/span><\/p>\n<p><span data-contrast=\"auto\">Angetrieben wird das E-Bike von einem kraftvollen 55 Nm Motor, der eine Geschwindigkeit von bis zu 25 km\/h erm\u00f6glicht. Der Energiebedarf wird dabei von einem kompakten 400Wh CompactTube Akku gedeckt. Alle wichtigen Informationen, wie die aktuelle Geschwindigkeit, die verbleibende Akkuleistung oder die eingestellte Unterst\u00fctzungsstufe, kannst du w\u00e4hrend der Fahrt bequem am Bosch Purion 200 Display ablesen.<\/span><span data-ccp-props=\"{&quot;201341983&quot;:0,&quot;335559739&quot;:160,&quot;335559740&quot;:259}\">\u00a0<\/span><\/p>\n<p><span data-contrast=\"auto\">Das <a href=\"https:\/\/www.fahrrad-xxl.de\/serie\/ktm-macina-sport\/\">Macina Macina Sport<\/a> SX Prime 2024 punktet vor allem durch seine Leichtigkeit, die sich sowohl im st\u00e4dtischen Kurzstreckenverkehr als auch bei ausgedehnten Touren in der Natur positiv bemerkbar macht. Das Bike ist \u00e4u\u00dferst wendig und agil, w\u00e4hrend die schlanken Rohre f\u00fcr eine sportliche und moderne Optik sorgen. Wer also auf der Suche nach einem leichten Trekkingrad mit optimaler Unterst\u00fctzung und einem nat\u00fcrlichen Fahrgef\u00fchl ist, sollte dem Macina Sport SX Prime 2024 unbedingt Aufmerksamkeit schenken.<\/span><span data-ccp-props=\"{&quot;201341983&quot;:0,&quot;335559739&quot;:160,&quot;335559740&quot;:259}\">\u00a0<\/span>[\/vc_column_text][\/vc_column][\/vc_row][vc_row][vc_column width=&#8220;1\/4&#8243;][\/vc_column][vc_column width=&#8220;1\/2&#8243;]<a href=\"https:\/\/www.fahrrad-xxl.de\/serie\/ktm-macina-sport\/\" target=\"_self\" class=\"button button-appear custom large \" style=\"background-color: #a82323; border-color: #a82323;border-radius: 30px;\"><span>Jetzt die KTM Macina Sport E-Bikes entdecken<i class='fa fas fa-chevron-circle-right'><\/i><\/span><\/a><div class=\"spacer\" style=\"height: 40px;\"><\/div>[\/vc_column][vc_column width=&#8220;1\/4&#8243;][\/vc_column][\/vc_row][vc_row][vc_column width=&#8220;1\/1&#8243;][vc_column_text]<\/p>\n<h3 aria-level=\"3\"><span class=\"TextRun SCXW78732396 BCX0\" lang=\"DE-DE\" xml:lang=\"DE-DE\" data-contrast=\"none\"><span class=\"NormalTextRun SCXW78732396 BCX0\" data-ccp-parastyle=\"heading 3\">Husqvarna Gran <\/span><span class=\"NormalTextRun SCXW78732396 BCX0\" data-ccp-parastyle=\"heading 3\">Pather<\/span><span class=\"NormalTextRun SCXW78732396 BCX0\" data-ccp-parastyle=\"heading 3\"> 6<\/span><\/span><span class=\"EOP SCXW78732396 BCX0\" data-ccp-props=\"{&quot;134245418&quot;:true,&quot;134245529&quot;:true,&quot;201341983&quot;:0,&quot;335559738&quot;:40,&quot;335559739&quot;:0,&quot;335559740&quot;:259}\">\u00a0<\/span><\/h3>\n<div id=\"attachment_33632\" style=\"width: 760px\" class=\"wp-caption aligncenter\"><img aria-describedby=\"caption-attachment-33632\" decoding=\"async\" loading=\"lazy\" class=\"size-full wp-image-33632\" src=\"https:\/\/www.fahrrad-xxl.de\/blog\/wp-content\/uploads\/2023\/02\/Husqvarna-Grand-Pather-6.jpg\" alt=\"Husqvarna Grand Pather 6 \" width=\"750\" height=\"500\" srcset=\"https:\/\/www.fahrrad-xxl.de\/blog\/wp-content\/uploads\/2023\/02\/Husqvarna-Grand-Pather-6.jpg 750w, https:\/\/www.fahrrad-xxl.de\/blog\/wp-content\/uploads\/2023\/02\/Husqvarna-Grand-Pather-6-300x200.jpg 300w, https:\/\/www.fahrrad-xxl.de\/blog\/wp-content\/uploads\/2023\/02\/Husqvarna-Grand-Pather-6-600x400.jpg 600w\" sizes=\"(max-width: 750px) 100vw, 750px\" \/><p id=\"caption-attachment-33632\" class=\"wp-caption-text\">Husqvarna Gran Pather 6<\/p><\/div>\n<p><span data-contrast=\"auto\">Das Husqvarna Gran Pather 6 stellt eine spannende Neuheit f\u00fcr das Jahr 2024 dar und beeindruckt als vielseitiges, leistungsstarkes Touring-E-Bike. Das City-E-Bike besticht nicht nur durch sein auff\u00e4lliges Design, sondern \u00fcberzeugt auch mit einer beeindruckend leistungsstarken Batterie von 835 Wh, die au\u00dfergew\u00f6hnliche Reichweiten f\u00fcr lange Touren erm\u00f6glicht. Husqvarna hat bei der Entwicklung dieses E-Bikes den Fokus auf Vielseitigkeit gelegt und eine breite Palette an Modellen im Allround-Segment geschaffen, die sich sowohl f\u00fcr den Stadtverkehr als auch f\u00fcr Wochenendausfl\u00fcge eignen. Dank der Full-Suspension-Konstruktion bietet das Husqvarna Grand Pather 6 selbst auf unebenem Terrain ein komfortables Fahrerlebnis.<\/span><span data-ccp-props=\"{&quot;201341983&quot;:0,&quot;335559739&quot;:160,&quot;335559740&quot;:259}\">\u00a0<\/span><\/p>\n<p><span data-contrast=\"auto\">Mit dem Gran Pather 6 betritt Husqvarna neues Terrain im Allroad-Segment und pr\u00e4sentiert ein vielseitiges, kraftvolles und f\u00fcr Anh\u00e4nger geeignetes Tourenrad. Es bietet ausreichend Komfort f\u00fcr lange Strecken, unterst\u00fctzt durch 29-Zoll-Reifen und einen verstellbaren Vorbau. Im Alltag zeigt sich das Gran Pather 6 als zuverl\u00e4ssiger Begleiter, der dank des MIK-Gep\u00e4cktr\u00e4gersystems und der M\u00f6glichkeit zur Befestigung von Kindersitzen auch die j\u00fcngsten Mitfahrer sicher transportiert.<\/span><span data-ccp-props=\"{&quot;201341983&quot;:0,&quot;335559739&quot;:160,&quot;335559740&quot;:259}\">\u00a0<\/span><\/p>\n<p><span data-contrast=\"auto\">Die robuste Technik sorgt f\u00fcr eine sichere und angenehme Fahrt. Angetrieben wird das E-Bike von einem kraftvollen Yamaha PW-X3 Motor mit 85 Nm Drehmoment, gespeist von einem integrierten Akku mit 835 Wh. Eine Federgabel in Kombination mit griffigen Reifen garantiert Traktion auf jedem Untergrund, w\u00e4hrend die 12-fach-XT-Schaltung von Shimano f\u00fcr reibungslose Gangwechsel sorgt. <\/span><span data-ccp-props=\"{&quot;201341983&quot;:0,&quot;335559739&quot;:160,&quot;335559740&quot;:259}\">\u00a0<\/span><\/p>\n<p><span data-contrast=\"auto\">Das <a href=\"https:\/\/www.fahrrad-xxl.de\/marken\/husqvarna\/\">Husqvarna E-Bike<\/a> Gran Pather 6 ist ein vielseitiges und leistungsstarkes E-Bike, das sich perfekt f\u00fcr Tourenfahrer, Pendler, Abenteurer und Familien eignet, dank seiner leistungsstarken Batterie, robusten Bauweise und flexiblen Anpassungsm\u00f6glichkeiten.<\/span><span data-ccp-props=\"{&quot;201341983&quot;:0,&quot;335559739&quot;:160,&quot;335559740&quot;:259}\">\u00a0<\/span>[\/vc_column_text][\/vc_column][\/vc_row][vc_row][vc_column width=&#8220;1\/4&#8243;][\/vc_column][vc_column width=&#8220;1\/2&#8243;]<a href=\"https:\/\/www.fahrrad-xxl.de\/marken\/husqvarna\/\" target=\"_self\" class=\"button button-appear custom large \" style=\"background-color: #a82323; border-color: #a82323;border-radius: 30px;\"><span>Jetzt die Husqvarna E-Bikes entdecken<i class='fa fas fa-chevron-circle-right'><\/i><\/span><\/a><div class=\"spacer\" style=\"height: 40px;\"><\/div>[\/vc_column][vc_column width=&#8220;1\/4&#8243;][\/vc_column][\/vc_row][vc_row][vc_column width=&#8220;1\/1&#8243;]<div class=\"spacer\" style=\"height: 40px;\"><\/div>[vc_column_text]<\/p>\n<h2><span class=\"ez-toc-section\" id=\"e-gravel-bike-und-e-rennrad-neuheiten-2024\"><\/span><span data-contrast=\"none\">E-Gravel Bike und E-Rennrad<\/span><span data-ccp-props=\"{&quot;201341983&quot;:0,&quot;335559738&quot;:40,&quot;335559739&quot;:0,&quot;335559740&quot;:259}\"> Neuheiten 2024<\/span><span class=\"ez-toc-section-end\"><\/span><\/h2>\n<h3 aria-level=\"3\"><span class=\"TextRun SCXW171576071 BCX0\" lang=\"DE-DE\" xml:lang=\"DE-DE\" data-contrast=\"none\"><span class=\"NormalTextRun SCXW171576071 BCX0\" data-ccp-parastyle=\"heading 3\">KTM<\/span> <span class=\"NormalTextRun SCXW171576071 BCX0\" data-ccp-parastyle=\"heading 3\">Gravelator<\/span><span class=\"NormalTextRun SCXW171576071 BCX0\" data-ccp-parastyle=\"heading 3\"> SX<\/span><\/span><span class=\"EOP SCXW171576071 BCX0\" data-ccp-props=\"{&quot;134245418&quot;:true,&quot;134245529&quot;:true,&quot;201341983&quot;:0,&quot;335559738&quot;:40,&quot;335559739&quot;:0,&quot;335559740&quot;:259}\">\u00a0<\/span><\/h3>\n<div id=\"attachment_33409\" style=\"width: 1120px\" class=\"wp-caption aligncenter\"><img aria-describedby=\"caption-attachment-33409\" decoding=\"async\" loading=\"lazy\" class=\"size-full wp-image-33409\" src=\"https:\/\/www.fahrrad-xxl.de\/blog\/wp-content\/uploads\/2023\/07\/MACINA_GRAVELATOR_SX_PRIME-1.jpg\" alt=\"KTM Gravelator SX \" width=\"1110\" height=\"625\" srcset=\"https:\/\/www.fahrrad-xxl.de\/blog\/wp-content\/uploads\/2023\/07\/MACINA_GRAVELATOR_SX_PRIME-1.jpg 1110w, https:\/\/www.fahrrad-xxl.de\/blog\/wp-content\/uploads\/2023\/07\/MACINA_GRAVELATOR_SX_PRIME-1-300x169.jpg 300w, https:\/\/www.fahrrad-xxl.de\/blog\/wp-content\/uploads\/2023\/07\/MACINA_GRAVELATOR_SX_PRIME-1-1024x577.jpg 1024w, https:\/\/www.fahrrad-xxl.de\/blog\/wp-content\/uploads\/2023\/07\/MACINA_GRAVELATOR_SX_PRIME-1-768x432.jpg 768w, https:\/\/www.fahrrad-xxl.de\/blog\/wp-content\/uploads\/2023\/07\/MACINA_GRAVELATOR_SX_PRIME-1-1000x563.jpg 1000w\" sizes=\"(max-width: 1110px) 100vw, 1110px\" \/><p id=\"caption-attachment-33409\" class=\"wp-caption-text\">KTM Gravelator SX<\/p><\/div>\n<p><span data-contrast=\"auto\">F\u00fcr das Modelljahr 2024 h\u00e4lt KTM eine besondere Neuheit f\u00fcr Gravel-Bike-Fans bereit: das Gravelator SX, das erste E-Gravel-Bike der Marke, das mit seinem leistungsstarken Bosch SX-Motor und einer sportlichen Formsprache begeistert. Das Bike ist sowohl mit einem hochwertigen Carbonrahmen als auch mit einem robusten Aluminiumrahmen erh\u00e4ltlich, was es besonders vielseitig macht und sowohl Einsteiger als auch erfahrene Gravel-Fahrer anspricht.<\/span><span data-ccp-props=\"{&quot;201341983&quot;:0,&quot;335559739&quot;:160,&quot;335559740&quot;:259}\">\u00a0<\/span><\/p>\n<p><span data-contrast=\"auto\">Der leichte Bosch SX-Motor verleiht dem Gravelator SX ein nat\u00fcrliches und dynamisches Fahrgef\u00fchl, wie man es sich von einem Gravel Bike w\u00fcnscht. Die kompakte Motoreinheit und die integrierten Z\u00fcge tragen zu einem cleanen und sportlichen Erscheinungsbild bei, das perfekt zur Fahrdynamik des <a href=\"https:\/\/www.fahrrad-xxl.de\/fahrraeder\/e-bike\/marke.ktm\/saison.2024\/\">KTM E-Bikes<\/a> passt.<\/span><span data-ccp-props=\"{&quot;201341983&quot;:0,&quot;335559739&quot;:160,&quot;335559740&quot;:259}\">\u00a0<\/span><\/p>\n<p><span data-contrast=\"auto\">KTM hat dem Gravelator SX zudem eine gro\u00dfz\u00fcgige Reifenfreiheit spendiert, sodass auch breitere Reifen mit viel Grip problemlos montiert werden k\u00f6nnen. Das erm\u00f6glicht es dem Bike, auch auf grobem und anspruchsvollem Terrain eine beeindruckende Leistung abzuliefern. Dank des kraftvollen Motors wird jede Fahrt zu einem Abenteuer, bei dem Sie sich voll und ganz auf den Fahrspa\u00df konzentrieren k\u00f6nnen.<\/span><span data-ccp-props=\"{&quot;201341983&quot;:0,&quot;335559739&quot;:160,&quot;335559740&quot;:259}\">\u00a0<\/span><\/p>\n<p><span data-contrast=\"auto\">Ob auf asphaltierten Stra\u00dfen oder auf Schotterwegen \u2013 das Gravelator SX ist ein echter Allrounder, der in jeder Situation \u00fcberzeugt und neue Ma\u00dfst\u00e4be im Bereich der E-Gravel-Bikes setzt.<\/span><span data-ccp-props=\"{&quot;201341983&quot;:0,&quot;335559739&quot;:160,&quot;335559740&quot;:259}\">\u00a0<\/span>[\/vc_column_text][\/vc_column][\/vc_row][vc_row][vc_column width=&#8220;1\/4&#8243;][\/vc_column][vc_column width=&#8220;1\/2&#8243;]<a href=\"https:\/\/www.fahrrad-xxl.de\/fahrraeder\/e-bike\/marke.ktm\/saison.2024\/\" target=\"_self\" class=\"button button-appear custom large \" style=\"background-color: #a82323; border-color: #a82323;border-radius: 30px;\"><span>Jetzt die KTM E-Bikes der Saison\u00a02024 entdecken<i class='fa fas fa-chevron-circle-right'><\/i><\/span><\/a><div class=\"spacer\" style=\"height: 40px;\"><\/div>[\/vc_column][vc_column width=&#8220;1\/4&#8243;][\/vc_column][\/vc_row][vc_row][vc_column width=&#8220;1\/1&#8243;][vc_column_text]<\/p>\n<h3 aria-level=\"3\"><span class=\"TextRun SCXW57486971 BCX0\" lang=\"DE-DE\" xml:lang=\"DE-DE\" data-contrast=\"none\"><span class=\"NormalTextRun SCXW57486971 BCX0\" data-ccp-parastyle=\"heading 3\">K<\/span><span class=\"NormalTextRun SCXW57486971 BCX0\" data-ccp-parastyle=\"heading 3\">TM <\/span><span class=\"NormalTextRun SCXW57486971 BCX0\" data-ccp-parastyle=\"heading 3\">Revelat<\/span><span class=\"NormalTextRun SCXW57486971 BCX0\" data-ccp-parastyle=\"heading 3\">or<\/span><span class=\"NormalTextRun SCXW57486971 BCX0\" data-ccp-parastyle=\"heading 3\"> SX Prime<\/span><\/span><span class=\"EOP SCXW57486971 BCX0\" data-ccp-props=\"{&quot;134245418&quot;:true,&quot;134245529&quot;:true,&quot;201341983&quot;:0,&quot;335559738&quot;:40,&quot;335559739&quot;:0,&quot;335559740&quot;:259}\">\u00a0<\/span><\/h3>\n<div id=\"attachment_33411\" style=\"width: 1120px\" class=\"wp-caption aligncenter\"><img aria-describedby=\"caption-attachment-33411\" decoding=\"async\" loading=\"lazy\" class=\"size-full wp-image-33411\" src=\"https:\/\/www.fahrrad-xxl.de\/blog\/wp-content\/uploads\/2023\/07\/MACINA_REVELATOR_SX_PRIME-1.jpg\" alt=\"KTM Revelator SX Prime 2024\" width=\"1110\" height=\"625\" srcset=\"https:\/\/www.fahrrad-xxl.de\/blog\/wp-content\/uploads\/2023\/07\/MACINA_REVELATOR_SX_PRIME-1.jpg 1110w, https:\/\/www.fahrrad-xxl.de\/blog\/wp-content\/uploads\/2023\/07\/MACINA_REVELATOR_SX_PRIME-1-300x169.jpg 300w, https:\/\/www.fahrrad-xxl.de\/blog\/wp-content\/uploads\/2023\/07\/MACINA_REVELATOR_SX_PRIME-1-1024x577.jpg 1024w, https:\/\/www.fahrrad-xxl.de\/blog\/wp-content\/uploads\/2023\/07\/MACINA_REVELATOR_SX_PRIME-1-768x432.jpg 768w, https:\/\/www.fahrrad-xxl.de\/blog\/wp-content\/uploads\/2023\/07\/MACINA_REVELATOR_SX_PRIME-1-1000x563.jpg 1000w\" sizes=\"(max-width: 1110px) 100vw, 1110px\" \/><p id=\"caption-attachment-33411\" class=\"wp-caption-text\">KTM Revelator SX Prime<\/p><\/div>\n<p><span data-contrast=\"auto\">KTM hat im Rahmen der Eurobike 2023 ein weiteres beeindruckendes Modell f\u00fcr das Jahr 2024 vorgestellt: Das Revelator SX Prime, ein hochmodernes Carbon-Rennrad mit Bosch-Mittelmotor. Mit einem Gewicht von unter 14 Kilogramm definiert dieses Bike Leichtbauweise im E-Rennrad Segment neu und garantiert gleichzeitig kraftvolle Unterst\u00fctzung. Das Bosch Performance SX System sorgt mit beeindruckenden 55 Nm maximalem Drehmoment f\u00fcr eine nat\u00fcrliche Tretunterst\u00fctzung, ohne Kompromisse bei der Leistung einzugehen.<\/span><span data-ccp-props=\"{&quot;201341983&quot;:0,&quot;335559739&quot;:160,&quot;335559740&quot;:259}\">\u00a0<\/span><\/p>\n<p><span data-contrast=\"auto\">Die Ausstattung des KTM Revelator SX Prime steht dem in nichts nach. Mit einer 12-Gang Shimano 105 Di2 Schaltung und hydraulischen Scheibenbremsen ist dieses E-Rennrad optimal f\u00fcr alle Bedingungen ger\u00fcstet. Die integrierte Classified Nabe erweitert die \u00dcbersetzungsbandbreite und bietet zus\u00e4tzliche Vielseitigkeit. Dieses E-Rennrad richtet sich somit sowohl an ambitionierte Hobbyfahrer als auch an Rennrad-Enthusiasten, die h\u00f6chste Anspr\u00fcche an Technik und Design stellen. Das <a href=\"https:\/\/www.fahrrad-xxl.de\/fahrraeder\/e-bike\/marke.ktm\/saison.2024\/\">KTM E-Bike 2024<\/a> Revelator SX Prime ist damit eine perfekte Kombination aus Leistung und \u00c4sthetik.<\/span>[\/vc_column_text][\/vc_column][\/vc_row][vc_row][vc_column width=&#8220;1\/4&#8243;][\/vc_column][vc_column width=&#8220;1\/2&#8243;]<a href=\"https:\/\/www.fahrrad-xxl.de\/fahrraeder\/e-bike\/marke.ktm\/saison.2024\/\" target=\"_self\" class=\"button button-appear custom large \" style=\"background-color: #a82323; border-color: #a82323;border-radius: 30px;\"><span>Jetzt die KTM E-Bikes der Saison\u00a02024 entdecken<i class='fa fas fa-chevron-circle-right'><\/i><\/span><\/a><div class=\"spacer\" style=\"height: 40px;\"><\/div>[\/vc_column][vc_column width=&#8220;1\/4&#8243;][\/vc_column][\/vc_row][vc_row][vc_column width=&#8220;1\/1&#8243;][vc_column_text]<\/p>\n<h3 aria-level=\"3\"><span data-contrast=\"none\">Bergamont\u00a0E-Grandurance<\/span><span data-ccp-props=\"{&quot;134245418&quot;:true,&quot;134245529&quot;:true,&quot;201341983&quot;:0,&quot;335559738&quot;:40,&quot;335559739&quot;:0,&quot;335559740&quot;:259}\">\u00a0<\/span><\/h3>\n<div id=\"attachment_33624\" style=\"width: 1034px\" class=\"wp-caption aligncenter\"><img aria-describedby=\"caption-attachment-33624\" decoding=\"async\" loading=\"lazy\" class=\"size-full wp-image-33624\" src=\"https:\/\/www.fahrrad-xxl.de\/blog\/wp-content\/uploads\/2023\/02\/Bergamont-E-Grandurance.jpg\" alt=\"Bergamont E-Grandurance\" width=\"1024\" height=\"683\" srcset=\"https:\/\/www.fahrrad-xxl.de\/blog\/wp-content\/uploads\/2023\/02\/Bergamont-E-Grandurance.jpg 1024w, https:\/\/www.fahrrad-xxl.de\/blog\/wp-content\/uploads\/2023\/02\/Bergamont-E-Grandurance-300x200.jpg 300w, https:\/\/www.fahrrad-xxl.de\/blog\/wp-content\/uploads\/2023\/02\/Bergamont-E-Grandurance-768x512.jpg 768w, https:\/\/www.fahrrad-xxl.de\/blog\/wp-content\/uploads\/2023\/02\/Bergamont-E-Grandurance-600x400.jpg 600w\" sizes=\"(max-width: 1024px) 100vw, 1024px\" \/><p id=\"caption-attachment-33624\" class=\"wp-caption-text\">Bergamont E-Grandurance<\/p><\/div>\n<p><span data-contrast=\"auto\">Das Bergamont E-Grandurance pr\u00e4sentiert sich im Jahr 2024 mit einem \u00fcberarbeiteten Antriebskonzept. W\u00e4hrend das Vorg\u00e4ngermodell noch mit dem Fazua Evation Antrieb ausgestattet war, wird das neue E-Grandurance von dem kompakten, leisen und leistungsstarken TQ-HPR 50 Motor angetrieben. Dieser bietet ein maximales Drehmoment von 50 Nm, wird von einem 360 Wh Intube-Akku versorgt und hat ein Gesamtgewicht von nur 3,9 kg.<\/span><span data-ccp-props=\"{&quot;201341983&quot;:0,&quot;335559739&quot;:160,&quot;335559740&quot;:259}\">\u00a0<\/span><\/p>\n<p><span data-contrast=\"auto\">Es gibt sowohl eine Carbonrahmen-Version als auch ein Aluminium-Modell des E-Grandurance, um unterschiedlichen Pr\u00e4ferenzen und Anforderungen gerecht zu werden. Dar\u00fcber hinaus wird es E-Gravel-Sportmodelle geben, die sich besonders f\u00fcr sportliche Eins\u00e4tze eignen, sowie eine oder mehrere Equipped-Versionen. Diese sind zus\u00e4tzlich mit einer Lichtanlage, Schutzblechen und einem Gep\u00e4cktr\u00e4ger ausgestattet, was sie ideal f\u00fcrs Pendeln in st\u00e4dtischen Gebieten macht.<\/span><span data-ccp-props=\"{&quot;201341983&quot;:0,&quot;335559739&quot;:160,&quot;335559740&quot;:259}\">\u00a0<\/span><\/p>\n<p><span data-contrast=\"auto\">Das Bergamont E-Grandurance ziegt sich als vielseitiges E-Bike, das sowohl f\u00fcr sportliche Aktivit\u00e4ten als auch f\u00fcr den Alltag in der Stadt konzipiert ist. Mit dem neuen Antriebssystem und den verschiedenen Modellen bietet das <a href=\"https:\/\/www.fahrrad-xxl.de\/fahrraeder\/e-bike\/marke.bergamont\/\">Bergamont E-Bike<\/a> eine breite Palette an M\u00f6glichkeiten f\u00fcr E-Bike-Fahrer.<\/span><span data-ccp-props=\"{&quot;201341983&quot;:0,&quot;335559739&quot;:160,&quot;335559740&quot;:259}\">\u00a0<\/span>[\/vc_column_text][\/vc_column][\/vc_row][vc_row][vc_column width=&#8220;1\/4&#8243;][\/vc_column][vc_column width=&#8220;1\/2&#8243;]<a href=\"https:\/\/www.fahrrad-xxl.de\/fahrraeder\/e-bike\/marke.bergamont\/\" target=\"_self\" class=\"button button-appear custom large \" style=\"background-color: #a82323; border-color: #a82323;border-radius: 30px;\"><span>Jetzt die Bergamont E-Bikes entdecken<i class='fa fas fa-chevron-circle-right'><\/i><\/span><\/a><div class=\"spacer\" style=\"height: 40px;\"><\/div>[\/vc_column][vc_column width=&#8220;1\/4&#8243;][\/vc_column][\/vc_row][vc_row][vc_column width=&#8220;1\/1&#8243;][vc_column_text]<\/p>\n<h3 aria-level=\"3\"><span data-contrast=\"none\">BH iAerolight <\/span><span data-ccp-props=\"{&quot;134245418&quot;:true,&quot;134245529&quot;:true,&quot;201341983&quot;:0,&quot;335559738&quot;:40,&quot;335559739&quot;:0,&quot;335559740&quot;:259}\">\u00a0<\/span><\/h3>\n<div id=\"attachment_33625\" style=\"width: 2570px\" class=\"wp-caption aligncenter\"><img aria-describedby=\"caption-attachment-33625\" decoding=\"async\" loading=\"lazy\" class=\"size-full wp-image-33625\" src=\"https:\/\/www.fahrrad-xxl.de\/blog\/wp-content\/uploads\/2023\/02\/BH-iAerolight-scaled.jpg\" alt=\"BH iAerolight\" width=\"2560\" height=\"1638\" srcset=\"https:\/\/www.fahrrad-xxl.de\/blog\/wp-content\/uploads\/2023\/02\/BH-iAerolight-scaled.jpg 2560w, https:\/\/www.fahrrad-xxl.de\/blog\/wp-content\/uploads\/2023\/02\/BH-iAerolight-300x192.jpg 300w, https:\/\/www.fahrrad-xxl.de\/blog\/wp-content\/uploads\/2023\/02\/BH-iAerolight-1024x655.jpg 1024w, https:\/\/www.fahrrad-xxl.de\/blog\/wp-content\/uploads\/2023\/02\/BH-iAerolight-768x492.jpg 768w, https:\/\/www.fahrrad-xxl.de\/blog\/wp-content\/uploads\/2023\/02\/BH-iAerolight-1536x983.jpg 1536w, https:\/\/www.fahrrad-xxl.de\/blog\/wp-content\/uploads\/2023\/02\/BH-iAerolight-2048x1311.jpg 2048w\" sizes=\"(max-width: 2560px) 100vw, 2560px\" \/><p id=\"caption-attachment-33625\" class=\"wp-caption-text\">BH iAerolight<\/p><\/div>\n<p><span data-contrast=\"auto\">Das iAerolight von BH Bikes repr\u00e4sentiert eine innovative elektrifizierte Version des bereits bekannten und preisgekr\u00f6nten Rennrads Aerolight. Die Entwickler legten gro\u00dfen Wert darauf, die originale Geometrie, Form und das Design beizubehalten, wobei nur der im Rahmen integrierte Mittelmotor auf den elektrischen Antrieb hindeutet. Der Carbonrahmen des iAerolight wurde in Bezug auf die Wandst\u00e4rke maximal optimiert. Die Rohre wurden im Kamm-Tail-Design gestaltet, um den Luftwiderstand zu minimieren. Auch die Integration der Bauteile und Komponenten wurde sorgf\u00e4ltig \u00fcberdacht, was sich beispielsweise in\u00a0der Kabelintegration\u00a0zeigt. Das LED-Display des iAerolight ist zudem im Vorbau integriert.<\/span><span data-ccp-props=\"{&quot;201341983&quot;:0,&quot;335559739&quot;:160,&quot;335559740&quot;:259}\">\u00a0<\/span><\/p>\n<p><span data-contrast=\"auto\">Angetrieben wird das E-Rennrad von der zweiten Generation des BH 2EXMAG Motors, welcher sowohl in mechanischer als auch in elektronischer Hinsicht verbessert wurde und nun eine noch bessere Unterst\u00fctzung sowie optimierte Nutzererfahrung bietet. Der NR-Antrieb liefert ein maximales Drehmoment von 65 Nm, arbeitet sehr leise und wiegt nur 2,1 Kilogramm. Der fest eingebaute Akku im Unterrohr hat eine Kapazit\u00e4t von 410 Wh und erm\u00f6glicht Reichweiten von bis zu 125 Kilometern, die durch einen optionalen Range Extender noch erweitert werden k\u00f6nnen.<\/span><span data-ccp-props=\"{&quot;201341983&quot;:0,&quot;335559739&quot;:160,&quot;335559740&quot;:259}\">\u00a0<\/span><\/p>\n<p><span data-contrast=\"auto\">Das E-Rennrad eignet sich besonders f\u00fcr Rennradfahrer, die die zus\u00e4tzliche Unterst\u00fctzung eines E-Antriebs w\u00fcnschen, ohne auf das klassische Rennradgef\u00fchl verzichten zu m\u00fcssen. Durch den leichten Rahmen und die fortschrittlichen Komponenten bietet das iAerolight eine optimale Mischung aus Geschwindigkeit, Komfort und Unterst\u00fctzung. Das <a href=\"https:\/\/www.fahrrad-xxl.de\/fahrraeder\/e-bike\/marke.bh-bikes\/\">BH E-Bike<\/a> ist ideal f\u00fcr l\u00e4ngere Touren, bei denen zus\u00e4tzliche Reichweite und Unterst\u00fctzung gefragt sind, sowie f\u00fcr Fahrer, die ein hochwertiges E-Rennrad mit modernster Technologie suchen.<\/span><span data-ccp-props=\"{&quot;201341983&quot;:0,&quot;335559739&quot;:160,&quot;335559740&quot;:259}\">\u00a0<\/span>[\/vc_column_text][\/vc_column][\/vc_row][vc_row][vc_column width=&#8220;1\/4&#8243;][\/vc_column][vc_column width=&#8220;1\/2&#8243;]<a href=\"https:\/\/www.fahrrad-xxl.de\/fahrraeder\/e-bike\/marke.bh-bikes\/\" target=\"_self\" class=\"button button-appear custom large \" style=\"background-color: #a82323; border-color: #a82323;border-radius: 30px;\"><span>Jetzt die BH E-Bikes entdecken<i class='fa fas fa-chevron-circle-right'><\/i><\/span><\/a><div class=\"spacer\" style=\"height: 40px;\"><\/div>[\/vc_column][vc_column width=&#8220;1\/4&#8243;][\/vc_column][\/vc_row][vc_row][vc_column width=&#8220;1\/1&#8243;][vc_column_text]<\/p>\n<h2 aria-level=\"3\"><span class=\"ez-toc-section\" id=\"e-mtb-neuheiten-2024\"><\/span>E-MTB Neuheiten 2024<span class=\"ez-toc-section-end\"><\/span><\/h2>\n<h3 aria-level=\"3\"><span data-contrast=\"none\">Haibike Hybe<\/span><span data-ccp-props=\"{&quot;134245418&quot;:true,&quot;134245529&quot;:true,&quot;201341983&quot;:0,&quot;335559738&quot;:40,&quot;335559739&quot;:0,&quot;335559740&quot;:259}\">\u00a0<\/span><\/h3>\n<div id=\"attachment_33631\" style=\"width: 810px\" class=\"wp-caption aligncenter\"><img aria-describedby=\"caption-attachment-33631\" decoding=\"async\" loading=\"lazy\" class=\"wp-image-33631 size-full\" src=\"https:\/\/www.fahrrad-xxl.de\/blog\/wp-content\/uploads\/2023\/02\/Haibike-Hybe.png\" alt=\"Haibike Hybe\" width=\"800\" height=\"533\" srcset=\"https:\/\/www.fahrrad-xxl.de\/blog\/wp-content\/uploads\/2023\/02\/Haibike-Hybe.png 800w, https:\/\/www.fahrrad-xxl.de\/blog\/wp-content\/uploads\/2023\/02\/Haibike-Hybe-300x200.png 300w, https:\/\/www.fahrrad-xxl.de\/blog\/wp-content\/uploads\/2023\/02\/Haibike-Hybe-768x512.png 768w, https:\/\/www.fahrrad-xxl.de\/blog\/wp-content\/uploads\/2023\/02\/Haibike-Hybe-600x400.png 600w\" sizes=\"(max-width: 800px) 100vw, 800px\" \/><p id=\"caption-attachment-33631\" class=\"wp-caption-text\">Haibike Hybe<\/p><\/div>\n<p><span data-contrast=\"auto\">Das Haibike Hybe ist ein leistungsstarkes E-Mountainbike, konzipiert f\u00fcr anspruchsvolle Enduro- und Renneins\u00e4tze. Mit einem Federweg von 170 mm vorne und 160 mm hinten sowie einer Laufrad-Kombination aus 29 Zoll vorne und 27,5 Zoll hinten ist es perfekt f\u00fcr anspruchsvolles Gel\u00e4nde ausger\u00fcstet. Der Rahmen aus Carbon basiert auf der bew\u00e4hrten AllMtn-Plattform von Haibike und wird durch das einzigartige Haibike-Design sowie smarte Features wie das Modular Rail System (MRS) aufgewertet. Dieses integrierte Schienenprofil im Unterrohr erm\u00f6glicht die flexible Montage verschiedener Zubeh\u00f6rteile, von Range Extendern \u00fcber Werkzeug bis hin zu Trinkflaschen und Taschen. Je nach Vorliebe kann der Fahrer den Rahmen also mit n\u00fctzlichen Extras best\u00fccken oder sich f\u00fcr einen schlichten, cleanen Look entscheiden.<\/span><span data-ccp-props=\"{&quot;201341983&quot;:0,&quot;335559739&quot;:160,&quot;335559740&quot;:259}\">\u00a0<\/span><\/p>\n<p><span data-contrast=\"auto\">Angetrieben wird das Haibike Hybe von einem leistungsstarken Bosch Performance CX oder CX Race Motor aus dem Smart System-Kosmos von Bosch, was seine Eignung f\u00fcr E-Racing unterstreicht. Mit einem Gewichtslimit von 120 kg und verf\u00fcgbaren Rahmengr\u00f6\u00dfen von S bis XL richtet sich das Bike an eine breite Zielgruppe. Die Preisspanne f\u00fcr das Hybe liegt zwischen 7.999 (UVP) und 10.999 Euro (UVP).<\/span><span data-ccp-props=\"{&quot;201341983&quot;:0,&quot;335559739&quot;:160,&quot;335559740&quot;:259}\">\u00a0<\/span><\/p>\n<p><span data-contrast=\"auto\">Das Hybe ist eine modifizierte Version des bekannten AllMtn-Modells, ausgestattet mit zus\u00e4tzlichem Federweg und einem Fokus auf E-Racing. Obwohl die \u00c4nderungen im Vergleich zum Vorg\u00e4ngermodell nicht revolution\u00e4r sind, positioniert sich das <a href=\"https:\/\/www.fahrrad-xxl.de\/fahrraeder\/e-bike\/marke.haibike\/\">Haibike E-Bike<\/a> dennoch als eine attraktive Option f\u00fcr ambitionierte E-Mountainbiker, die bereit sind, f\u00fcr die spezialisierten Features und die Rennausrichtung einen h\u00f6heren Preis zu zahlen.<\/span><span data-ccp-props=\"{&quot;201341983&quot;:0,&quot;335559739&quot;:160,&quot;335559740&quot;:259}\">\u00a0<\/span>[\/vc_column_text][\/vc_column][\/vc_row][vc_row][vc_column width=&#8220;1\/4&#8243;][\/vc_column][vc_column width=&#8220;1\/2&#8243;]<a href=\"https:\/\/www.fahrrad-xxl.de\/fahrraeder\/e-bike\/marke.haibike\/\" target=\"_self\" class=\"button button-appear custom large \" style=\"background-color: #a82323; border-color: #a82323;border-radius: 30px;\"><span>Jetzt Haibike E-Bikes entdecken<i class='fa fas fa-chevron-circle-right'><\/i><\/span><\/a><div class=\"spacer\" style=\"height: 40px;\"><\/div>[\/vc_column][vc_column width=&#8220;1\/4&#8243;][\/vc_column][\/vc_row][vc_row][vc_column width=&#8220;1\/1&#8243;][vc_column_text]<\/p>\n<h3 aria-level=\"3\"><span data-contrast=\"none\">Flyer Goroc TR:X\u00a0<\/span><span data-ccp-props=\"{&quot;134245418&quot;:true,&quot;134245529&quot;:true,&quot;201341983&quot;:0,&quot;335559738&quot;:40,&quot;335559739&quot;:0,&quot;335559740&quot;:259}\">\u00a0<\/span><\/h3>\n<div id=\"attachment_33437\" style=\"width: 2250px\" class=\"wp-caption aligncenter\"><img aria-describedby=\"caption-attachment-33437\" decoding=\"async\" loading=\"lazy\" class=\"size-full wp-image-33437\" src=\"https:\/\/www.fahrrad-xxl.de\/blog\/wp-content\/uploads\/2019\/07\/FLYER-GorocTRX-1.jpg\" alt=\"Flyer Goroc TR:X\" width=\"2240\" height=\"1400\" srcset=\"https:\/\/www.fahrrad-xxl.de\/blog\/wp-content\/uploads\/2019\/07\/FLYER-GorocTRX-1.jpg 2240w, https:\/\/www.fahrrad-xxl.de\/blog\/wp-content\/uploads\/2019\/07\/FLYER-GorocTRX-1-300x188.jpg 300w, https:\/\/www.fahrrad-xxl.de\/blog\/wp-content\/uploads\/2019\/07\/FLYER-GorocTRX-1-1024x640.jpg 1024w, https:\/\/www.fahrrad-xxl.de\/blog\/wp-content\/uploads\/2019\/07\/FLYER-GorocTRX-1-768x480.jpg 768w, https:\/\/www.fahrrad-xxl.de\/blog\/wp-content\/uploads\/2019\/07\/FLYER-GorocTRX-1-1536x960.jpg 1536w, https:\/\/www.fahrrad-xxl.de\/blog\/wp-content\/uploads\/2019\/07\/FLYER-GorocTRX-1-2048x1280.jpg 2048w\" sizes=\"(max-width: 2240px) 100vw, 2240px\" \/><p id=\"caption-attachment-33437\" class=\"wp-caption-text\">Flyer Goroc TR:X<\/p><\/div>\n<p><span data-contrast=\"auto\">Wenn du auf der Suche nach einem vielseitigen Abenteuerbegleiter bist, bietet das Goroc TR:X Light-E-MTB von Flyer genau das, was du brauchst. Es spielt keine Rolle, ob du durch st\u00e4dtische Stra\u00dfen navigierst oder unbekannte Pfade erkundest, denn dieses E-Bike ist f\u00fcr alle Situationen gewappnet. Mit seiner fortschrittlichen Technologie und dem ansprechenden Design steht es dir als zuverl\u00e4ssiger Partner auf all deinen Touren zur Seite.<\/span><span data-ccp-props=\"{&quot;201341983&quot;:0,&quot;335559739&quot;:160,&quot;335559740&quot;:259}\">\u00a0<\/span><\/p>\n<p><span data-contrast=\"auto\">Das Goroc TR:X beeindruckt mit einem sportlichen Fahrverhalten, einem hochwertigen Carbon-Hauptrahmen und einer leistungsstarken Motor-Getriebe-Einheit (MGU), die bis zu 400 Prozent Unterst\u00fctzung und 85 Nm Drehmoment liefert. Die Kombination aus Motor und 12-Gang-Schaltung in der innovativen Pinion MGU erm\u00f6glicht schnelle und pr\u00e4zise Schaltvorg\u00e4nge, die sich perfekt an deine Trittfrequenz anpassen. Mit den intelligenten Funktionen Pre.Select und Start.Select w\u00e4hlt das System automatisch den passenden Gang, egal ob du f\u00e4hrst, ohne zu treten, oder an der Ampel anh\u00e4ltst.<\/span><span data-ccp-props=\"{&quot;201341983&quot;:0,&quot;335559739&quot;:160,&quot;335559740&quot;:259}\">\u00a0<\/span><\/p>\n<p><span data-contrast=\"auto\">Das <a href=\"https:\/\/www.fahrrad-xxl.de\/serie\/flyer-goroc\/saison.2024\/\">Flyer Goroc 2024<\/a> l\u00e4dt dich ein, in eine Welt grenzenloser Freiheit und Leistung einzutauchen. Es ist Zeit, die Stra\u00dfen zu erobern und neue Horizonte zu entdecken. Steige auf und erlebe, was es bedeutet, mit einem E-Bike unterwegs zu sein, das keine Kompromisse eingeht.<\/span><span data-ccp-props=\"{&quot;201341983&quot;:0,&quot;335559739&quot;:160,&quot;335559740&quot;:259}\">\u00a0<\/span>[\/vc_column_text][\/vc_column][\/vc_row][vc_row][vc_column width=&#8220;1\/4&#8243;][\/vc_column][vc_column width=&#8220;1\/2&#8243;]<a href=\"https:\/\/www.fahrrad-xxl.de\/serie\/flyer-goroc\/saison.2024\/\" target=\"_self\" class=\"button button-appear custom large \" style=\"background-color: #a82323; border-color: #a82323;border-radius: 30px;\"><span>Jetzt die Flyer Goroc E-Bikes der Saison\u00a02024 entdecken<i class='fa fas fa-chevron-circle-right'><\/i><\/span><\/a><div class=\"spacer\" style=\"height: 40px;\"><\/div>[\/vc_column][vc_column width=&#8220;1\/4&#8243;][\/vc_column][\/vc_row][vc_row][vc_column width=&#8220;1\/1&#8243;][vc_column_text]<\/p>\n<h3 aria-level=\"3\"><span data-contrast=\"none\">Haibike Lyke CF SE Update<\/span><\/h3>\n<div id=\"attachment_33140\" style=\"width: 676px\" class=\"wp-caption aligncenter\"><a href=\"https:\/\/www.fahrrad-xxl.de\/haibike-lyke-cf-se-m000060978\"><img aria-describedby=\"caption-attachment-33140\" decoding=\"async\" loading=\"lazy\" class=\"wp-image-33140 size-full\" src=\"https:\/\/www.fahrrad-xxl.de\/blog\/wp-content\/uploads\/2019\/11\/Haibike_LYKE_SE_-e1677499280429.png\" alt=\"E-Bike Neuheiten 2024: Trends und Highlights der Saison\" width=\"666\" height=\"426\" srcset=\"https:\/\/www.fahrrad-xxl.de\/blog\/wp-content\/uploads\/2019\/11\/Haibike_LYKE_SE_-e1677499280429.png 666w, https:\/\/www.fahrrad-xxl.de\/blog\/wp-content\/uploads\/2019\/11\/Haibike_LYKE_SE_-e1677499280429-300x192.png 300w\" sizes=\"(max-width: 666px) 100vw, 666px\" \/><\/a><p id=\"caption-attachment-33140\" class=\"wp-caption-text\">Haibike LYKE SE &#8211; 2023<\/p><\/div>\n<p><span data-contrast=\"auto\">F\u00fcr das Modelljahr 2024 hat Haibike das Lyke CF SE, das Spitzenmodell der Lyke-Serie, mit einer modernisierten SRAM Eagle AXS Transmission-Schaltung ausgestattet, was eine deutliche Verbesserung in der Schaltperformance und eine Erh\u00f6hung des Preises bedeutet. Das Haibike Lyke CF SE positioniert sich als Leichtgewicht unter den E-Mountainbikes, was besonders durch den innovativen Einsatz des Fazua Ride 60 Motors und den schlanken Carbonrahmen unterstrichen wird. Mit 140 mm Federweg und 29 Zoll Laufr\u00e4dern ist es optimal f\u00fcr anspruchsvolle Trail-Fahrten konzipiert. Der Motor ist nach oben ins Sitzrohr gedreht eingebaut, was zu einem sehr zentralen Schwerpunkt f\u00fchrt und das Fahrverhalten positiv beeinflusst.<\/span><span data-ccp-props=\"{&quot;201341983&quot;:0,&quot;335559739&quot;:160,&quot;335559740&quot;:259}\">\u00a0<\/span><\/p>\n<p><span data-contrast=\"auto\">Mit diesen Merkmalen und den Updates f\u00fcr 2024 richtet sich das <a href=\"https:\/\/www.fahrrad-xxl.de\/haibike-lyke-cf-se-m000060978\">Haibike Lyke CF SE<\/a> an anspruchsvolle Biker, die Wert auf Leichtbau, modernste Technik und optimiertes Fahrverhalten legen. Der h\u00f6here Preis wird durch die technischen Innovationen und Verbesserungen gerechtfertigt.<\/span>[\/vc_column_text][\/vc_column][\/vc_row][vc_row][vc_column width=&#8220;1\/4&#8243;][\/vc_column][vc_column width=&#8220;1\/2&#8243;]<a href=\"https:\/\/www.fahrrad-xxl.de\/serie\/haibike-lyke\/\" target=\"_self\" class=\"button button-appear custom large \" style=\"background-color: #a82323; border-color: #a82323;border-radius: 30px;\"><span>Jetzt die Haibike Lyke E-Bikes entdecken<i class='fa fas fa-chevron-circle-right'><\/i><\/span><\/a><div class=\"spacer\" style=\"height: 40px;\"><\/div>[\/vc_column][vc_column width=&#8220;1\/4&#8243;][\/vc_column][\/vc_row][vc_row][vc_column width=&#8220;1\/1&#8243;][vc_column_text]<\/p>\n<h3 aria-level=\"3\"><span data-contrast=\"none\">Flyer Uproc EVO:X\u00a0<\/span><span data-ccp-props=\"{&quot;134245418&quot;:true,&quot;134245529&quot;:true,&quot;201341983&quot;:0,&quot;335559738&quot;:40,&quot;335559739&quot;:0,&quot;335559740&quot;:259}\">\u00a0<\/span><\/h3>\n<div id=\"attachment_33438\" style=\"width: 2250px\" class=\"wp-caption aligncenter\"><img aria-describedby=\"caption-attachment-33438\" decoding=\"async\" loading=\"lazy\" class=\"size-full wp-image-33438\" src=\"https:\/\/www.fahrrad-xxl.de\/blog\/wp-content\/uploads\/2019\/07\/FLYER-UprocEVOX-1.jpg\" alt=\"Flyer Uproc E:VOX\" width=\"2240\" height=\"1400\" srcset=\"https:\/\/www.fahrrad-xxl.de\/blog\/wp-content\/uploads\/2019\/07\/FLYER-UprocEVOX-1.jpg 2240w, https:\/\/www.fahrrad-xxl.de\/blog\/wp-content\/uploads\/2019\/07\/FLYER-UprocEVOX-1-300x188.jpg 300w, https:\/\/www.fahrrad-xxl.de\/blog\/wp-content\/uploads\/2019\/07\/FLYER-UprocEVOX-1-1024x640.jpg 1024w, https:\/\/www.fahrrad-xxl.de\/blog\/wp-content\/uploads\/2019\/07\/FLYER-UprocEVOX-1-768x480.jpg 768w, https:\/\/www.fahrrad-xxl.de\/blog\/wp-content\/uploads\/2019\/07\/FLYER-UprocEVOX-1-1536x960.jpg 1536w, https:\/\/www.fahrrad-xxl.de\/blog\/wp-content\/uploads\/2019\/07\/FLYER-UprocEVOX-1-2048x1280.jpg 2048w\" sizes=\"(max-width: 2240px) 100vw, 2240px\" \/><p id=\"caption-attachment-33438\" class=\"wp-caption-text\">Flyer Uproc EVO:X<\/p><\/div>\n<p><span data-contrast=\"auto\">Mit dem Flyer Uproc EVO:X entdeckst du ein leistungsstarkes E-Enduro Mountainbike, das dich souver\u00e4n \u00fcber jeden Berg und rasant bergab f\u00fchrt. Entwickelt f\u00fcr den Enduro-Bereich, kombiniert es Kraft und Fahrspa\u00df auf beeindruckende Weise.<\/span><span data-ccp-props=\"{&quot;201341983&quot;:0,&quot;335559739&quot;:160,&quot;335559740&quot;:259}\">\u00a0<\/span><\/p>\n<p><span data-contrast=\"auto\">Der leistungsstarke Bosch-Motor mit 85 Nm und der integrierte 750 Wh Akku erm\u00f6glichen m\u00fchelose Anstiege. Das 29&#8243;-Vorderrad gew\u00e4hrleistet Stabilit\u00e4t, das 27,5&#8243;-Hinterrad Agilit\u00e4t, und der Viergelenker-Hinterbau sorgt f\u00fcr optimale Federung. Mit der MonkeyLink-Schnittstelle befestigst du im Handumdrehen Scheinwerfer f\u00fcr Nachtfahrten, und das Bosch GPS ConnectModule auf deinem Smartphone dokumentiert deine Fahrten.<\/span><span data-ccp-props=\"{&quot;201341983&quot;:0,&quot;335559739&quot;:160,&quot;335559740&quot;:259}\">\u00a0<\/span><\/p>\n<p><span data-contrast=\"auto\">Das vollgefederte Uproc EVO:X, speziell konzipiert f\u00fcr anspruchsvolles Gel\u00e4nde und mit 165 mm Federweg, verspricht Laufruhe und Sicherheit. Der kraftvolle Motor und der optionale Bosch PowerTube 750 Akku sorgen f\u00fcr ausdauernde Fahrten und zus\u00e4tzliche Runden. Serienm\u00e4\u00dfig kommt das Bike mit einem PowerTube 625 Akku.<\/span><span data-ccp-props=\"{&quot;201341983&quot;:0,&quot;335559739&quot;:160,&quot;335559740&quot;:259}\">\u00a0<\/span><\/p>\n<p><span data-contrast=\"auto\">Mit integriertem Akku, erh\u00f6hter Steifigkeit, griffigen Reifen und einem schlanken Design bietet das<a href=\"https:\/\/www.fahrrad-xxl.de\/serie\/flyer-uproc\/saison.2024\/\"> Flyer Uproc 2024<\/a> ein beeindruckendes Fahrerlebnis. Entdecke neue Trails und erlebe unvergessliche Abenteuer mit voller Kontrolle und Spa\u00df auf jedem Untergrund.<\/span><span data-ccp-props=\"{&quot;201341983&quot;:0,&quot;335559739&quot;:160,&quot;335559740&quot;:259}\">\u00a0<\/span>[\/vc_column_text][\/vc_column][\/vc_row][vc_row][vc_column width=&#8220;1\/4&#8243;][\/vc_column][vc_column width=&#8220;1\/2&#8243;]<a href=\"https:\/\/www.fahrrad-xxl.de\/serie\/flyer-uproc\/saison.2024\/\" target=\"_self\" class=\"button button-appear custom large \" style=\"background-color: #a82323; border-color: #a82323;border-radius: 30px;\"><span>Jetzt die Flyer Uproc E-Bikes der Saison\u00a02024 entdecken<i class='fa fas fa-chevron-circle-right'><\/i><\/span><\/a><div class=\"spacer\" style=\"height: 40px;\"><\/div>[\/vc_column][vc_column width=&#8220;1\/4&#8243;][\/vc_column][\/vc_row][vc_row][vc_column width=&#8220;1\/1&#8243;][vc_column_text]<\/p>\n<h3 aria-level=\"3\"><span data-contrast=\"none\">KTM Macina Scarp SX Exonic<\/span><span data-ccp-props=\"{&quot;134245418&quot;:true,&quot;134245529&quot;:true,&quot;201341983&quot;:0,&quot;335559738&quot;:40,&quot;335559739&quot;:0,&quot;335559740&quot;:259}\">\u00a0<\/span><\/h3>\n<div id=\"attachment_33412\" style=\"width: 1120px\" class=\"wp-caption aligncenter\"><img aria-describedby=\"caption-attachment-33412\" decoding=\"async\" loading=\"lazy\" class=\"size-full wp-image-33412\" src=\"https:\/\/www.fahrrad-xxl.de\/blog\/wp-content\/uploads\/2023\/07\/MACINA_SCARP_SX_EXONIC_2024-1.jpg\" alt=\"KTM Macina Scarp SX Exonic\" width=\"1110\" height=\"625\" srcset=\"https:\/\/www.fahrrad-xxl.de\/blog\/wp-content\/uploads\/2023\/07\/MACINA_SCARP_SX_EXONIC_2024-1.jpg 1110w, https:\/\/www.fahrrad-xxl.de\/blog\/wp-content\/uploads\/2023\/07\/MACINA_SCARP_SX_EXONIC_2024-1-300x169.jpg 300w, https:\/\/www.fahrrad-xxl.de\/blog\/wp-content\/uploads\/2023\/07\/MACINA_SCARP_SX_EXONIC_2024-1-1024x577.jpg 1024w, https:\/\/www.fahrrad-xxl.de\/blog\/wp-content\/uploads\/2023\/07\/MACINA_SCARP_SX_EXONIC_2024-1-768x432.jpg 768w, https:\/\/www.fahrrad-xxl.de\/blog\/wp-content\/uploads\/2023\/07\/MACINA_SCARP_SX_EXONIC_2024-1-1000x563.jpg 1000w\" sizes=\"(max-width: 1110px) 100vw, 1110px\" \/><p id=\"caption-attachment-33412\" class=\"wp-caption-text\">KTM Macina Scarp SX Exonic<\/p><\/div>\n<p><span data-contrast=\"auto\">Das KTM Macina Scarp SX Exonic steht als federleichtes E-MTB Fully mit nur 16 Kilogramm Gewicht in der KTM-Produktpalette f\u00fcr 2024. Es beeindruckt vor allem durch sein au\u00dferordentlich agiles Handling und eine spielerische Leichtigkeit im Gel\u00e4nde.<\/span><span data-ccp-props=\"{&quot;201341983&quot;:0,&quot;335559739&quot;:160,&quot;335559740&quot;:259}\">\u00a0<\/span><\/p>\n<p><span data-contrast=\"auto\">Herzst\u00fcck des Bikes ist die Bosch Performance Line SX Drive Unit, die leichteste und leistungsst\u00e4rkste Antriebseinheit von Bosch, die f\u00fcr eine kraftvolle und dennoch nat\u00fcrliche Tretunterst\u00fctzung sorgt. Dies erm\u00f6glicht ein sportliches Fahrerlebnis, ohne dass auf Komfort und Unterst\u00fctzung verzichtet werden muss.<\/span><span data-ccp-props=\"{&quot;201341983&quot;:0,&quot;335559739&quot;:160,&quot;335559740&quot;:259}\">\u00a0<\/span><\/p>\n<p><span data-contrast=\"auto\">Die Macina Scarp Serie bietet verschiedene Modelle, alle ausgestattet mit einem hochwertigen Carbonrahmen. Das SX Exonic Modell hebt sich dabei durch seine spezifische Ausstattung von den anderen Varianten ab.<\/span><span data-ccp-props=\"{&quot;201341983&quot;:0,&quot;335559739&quot;:160,&quot;335559740&quot;:259}\">\u00a0<\/span><\/p>\n<p><span data-contrast=\"auto\">Ein weiteres Highlight der<a href=\"https:\/\/www.fahrrad-xxl.de\/serie\/ktm-macina\/saison.2024\/\"> KTM Macina Scarp 2024<\/a> Serie ist die innovative Akkul\u00f6sung: Der CompactPowerTube Akku ist so im Rahmen integriert, dass er zur Entnahme einfach nach oben herausgezogen werden kann. F\u00fcr alle, die eine noch gr\u00f6\u00dfere Reichweite w\u00fcnschen, besteht zudem die M\u00f6glichkeit, den Bosch Range Extender am Akkucover zu befestigen.<\/span><span data-ccp-props=\"{&quot;201341983&quot;:0,&quot;335559739&quot;:160,&quot;335559740&quot;:259}\">\u00a0<\/span><\/p>\n<p><span data-contrast=\"auto\">Das KTM Macina Scarp SX Exonic verk\u00f6rpert somit die perfekte Symbiose aus Leichtbau, sportlicher Performance und innovativer E-Bike Technologie und setzt neue Ma\u00dfst\u00e4be im E-MTB Fully Segment.<\/span><span data-ccp-props=\"{&quot;201341983&quot;:0,&quot;335559739&quot;:160,&quot;335559740&quot;:259}\">\u00a0<\/span>[\/vc_column_text][\/vc_column][\/vc_row][vc_row][vc_column width=&#8220;1\/4&#8243;][\/vc_column][vc_column width=&#8220;1\/2&#8243;]<a href=\"https:\/\/www.fahrrad-xxl.de\/serie\/ktm-macina\/saison.2024\/\" target=\"_self\" class=\"button button-appear custom large \" style=\"background-color: #a82323; border-color: #a82323;border-radius: 30px;\"><span>Jetzt die KTM Macina E-Bikes der Saison 2024 entdecken<i class='fa fas fa-chevron-circle-right'><\/i><\/span><\/a><div class=\"spacer\" style=\"height: 40px;\"><\/div>[\/vc_column][vc_column width=&#8220;1\/4&#8243;][\/vc_column][\/vc_row][vc_row][vc_column width=&#8220;1\/1&#8243;][vc_column_text]<\/p>\n<h3 aria-level=\"3\"><span data-contrast=\"none\">Cannondale Moterra Neo<\/span><span data-ccp-props=\"{&quot;134245418&quot;:true,&quot;134245529&quot;:true,&quot;201341983&quot;:0,&quot;335559738&quot;:40,&quot;335559739&quot;:0,&quot;335559740&quot;:259}\">\u00a0<\/span><\/h3>\n<div id=\"attachment_33627\" style=\"width: 1510px\" class=\"wp-caption aligncenter\"><img aria-describedby=\"caption-attachment-33627\" decoding=\"async\" loading=\"lazy\" class=\"size-full wp-image-33627\" src=\"https:\/\/www.fahrrad-xxl.de\/blog\/wp-content\/uploads\/2023\/02\/Cannondale-Moterra-Neo.jpg\" alt=\"Cannondale Moterra Neo\" width=\"1500\" height=\"830\" srcset=\"https:\/\/www.fahrrad-xxl.de\/blog\/wp-content\/uploads\/2023\/02\/Cannondale-Moterra-Neo.jpg 1500w, https:\/\/www.fahrrad-xxl.de\/blog\/wp-content\/uploads\/2023\/02\/Cannondale-Moterra-Neo-300x166.jpg 300w, https:\/\/www.fahrrad-xxl.de\/blog\/wp-content\/uploads\/2023\/02\/Cannondale-Moterra-Neo-1024x567.jpg 1024w, https:\/\/www.fahrrad-xxl.de\/blog\/wp-content\/uploads\/2023\/02\/Cannondale-Moterra-Neo-768x425.jpg 768w\" sizes=\"(max-width: 1500px) 100vw, 1500px\" \/><p id=\"caption-attachment-33627\" class=\"wp-caption-text\">Cannondale Moterra Neo<\/p><\/div>\n<p><span data-contrast=\"auto\">Das Cannondale Moterra Neo definiert die Spitzenklasse im E-Trailbike-Segment neu. Dieses Ultra-Premium-Bike basiert auf dem 2022er Modell des Moterra Neo Carbon und wurde mit einem Bosch CX Race-Motor, einer SRAM AXS Eagle Transmission und einer Ausstattung ausgestattet, die sowohl auf Gewichtsreduktion als auch auf Performance ausgelegt ist. F\u00fcr etwa 13.000 \u20ac (UVP) erh\u00e4lst du ein E-Mountainbike, das mit 150 mm Federweg vorne und hinten, einem Carbonrahmen und einem Systemgewicht von maximal 150 kg ausgestattet ist. Es verf\u00fcgt \u00fcber eine 29-Zoll-Laufradgr\u00f6\u00dfe, wobei das kleinste Modell (Rahmengr\u00f6\u00dfe S) mit Mullet-Wheels (29&#8243; vorne, 27,5&#8243; hinten) ausgestattet ist.<\/span><span data-ccp-props=\"{&quot;201341983&quot;:0,&quot;335559739&quot;:160,&quot;335559740&quot;:259}\">\u00a0<\/span><\/p>\n<p><span data-contrast=\"auto\">Das Bike ist mit hochwertigen Komponenten ausgestattet, darunter Carbonlaufr\u00e4der von Zipp, einen Carbonlenker von Cannondale selbst, 160 mm kurze Carbonkurbeln von e*Thirteen sowie einen Sattel mit Titanrails und die Carbonhebel der SRAM Code Ultimate Stealth-Bremsanlage. All diese Komponenten tragen dazu bei, das Gewicht zu minimieren und die Performance zu maximieren.Der kraftvolle Bosch Performance CX Race-Motor wird von einem 750 Wh Bosch PowerTube-Akku unterst\u00fctzt, der f\u00fcr ausreichend Reichweite und H\u00f6henmeter sorgt. Die Geometrie des Bikes mit einem Lenkwinkel von 65\u00b0 und einer Kettenstrebenl\u00e4nge von 455 mm sorgt f\u00fcr ein ausgewogenes und angenehmes Fahrverhalten.<\/span><span data-ccp-props=\"{&quot;201341983&quot;:0,&quot;335559739&quot;:160,&quot;335559740&quot;:259}\">\u00a0<\/span><\/p>\n<p><span data-contrast=\"auto\">Insgesamt ist das <a href=\"https:\/\/www.fahrrad-xxl.de\/serie\/cannondale-moterra-neo\/\">Cannondale Moterra Neo<\/a> ein herausragendes E-Mountainbike f\u00fcr anspruchsvolle Fahrer, die bereit sind, f\u00fcr h\u00f6chste Performance und Qualit\u00e4t einen entsprechenden Preis zu zahlen. Es eignet sich besonders f\u00fcr lange Touren mit vielen H\u00f6henmetern und anspruchsvolles Gel\u00e4nde.<\/span><span data-ccp-props=\"{&quot;201341983&quot;:0,&quot;335559739&quot;:160,&quot;335559740&quot;:259}\">\u00a0<\/span>[\/vc_column_text][\/vc_column][\/vc_row][vc_row][vc_column width=&#8220;1\/4&#8243;][\/vc_column][vc_column width=&#8220;1\/2&#8243;]<a href=\"https:\/\/www.fahrrad-xxl.de\/serie\/cannondale-moterra-neo\/\" target=\"_self\" class=\"button button-appear custom large \" style=\"background-color: #a82323; border-color: #a82323;border-radius: 30px;\"><span>Jetzt die Cannondale Moterra Neo E-Bikes entdecken<i class='fa fas fa-chevron-circle-right'><\/i><\/span><\/a><div class=\"spacer\" style=\"height: 40px;\"><\/div>[\/vc_column][vc_column width=&#8220;1\/4&#8243;][\/vc_column][\/vc_row][vc_row][vc_column width=&#8220;1\/1&#8243;][vc_column_text]<\/p>\n<h3 aria-level=\"3\"><span data-contrast=\"none\">Lapierre Overvolt GLP III<\/span><span data-ccp-props=\"{&quot;134245418&quot;:true,&quot;134245529&quot;:true,&quot;201341983&quot;:0,&quot;335559738&quot;:40,&quot;335559739&quot;:0,&quot;335559740&quot;:259}\">\u00a0<\/span><\/h3>\n<div id=\"attachment_33635\" style=\"width: 1510px\" class=\"wp-caption aligncenter\"><img aria-describedby=\"caption-attachment-33635\" decoding=\"async\" loading=\"lazy\" class=\"size-full wp-image-33635\" src=\"https:\/\/www.fahrrad-xxl.de\/blog\/wp-content\/uploads\/2023\/02\/Lapierre-Overvolt-GLP-III-2024.png\" alt=\"Lapierre Overvolt GLP III 2024\" width=\"1500\" height=\"1000\" srcset=\"https:\/\/www.fahrrad-xxl.de\/blog\/wp-content\/uploads\/2023\/02\/Lapierre-Overvolt-GLP-III-2024.png 1500w, https:\/\/www.fahrrad-xxl.de\/blog\/wp-content\/uploads\/2023\/02\/Lapierre-Overvolt-GLP-III-2024-300x200.png 300w, https:\/\/www.fahrrad-xxl.de\/blog\/wp-content\/uploads\/2023\/02\/Lapierre-Overvolt-GLP-III-2024-1024x683.png 1024w, https:\/\/www.fahrrad-xxl.de\/blog\/wp-content\/uploads\/2023\/02\/Lapierre-Overvolt-GLP-III-2024-768x512.png 768w, https:\/\/www.fahrrad-xxl.de\/blog\/wp-content\/uploads\/2023\/02\/Lapierre-Overvolt-GLP-III-2024-600x400.png 600w\" sizes=\"(max-width: 1500px) 100vw, 1500px\" \/><p id=\"caption-attachment-33635\" class=\"wp-caption-text\">Lapierre Overvolt GLP III<\/p><\/div>\n<p><span data-contrast=\"auto\">Das Lapierre Overvolt GLP III f\u00fcr das Jahr 2024 erf\u00e4hrt eine umfassende \u00dcberarbeitung und setzt weiterhin auf ein innovatives Designkonzept. Das neue Modell\u00a0pr\u00e4sentiert sich jedoch mit einem deutlich volumin\u00f6seren Carbonrahmen und verbesserten Komponenten.Das Bike setzt nun auf das Bosch Smart System, beinhaltet einen 725-Wh-Akku und bietet beeindruckende 170 mm Federweg an Front und Heck. Es steht in zwei unterschiedlich ausgestatteten Modellen zur Verf\u00fcgung, wobei das Einstiegsmodell bei 8.999 \u20ac und das Topmodell, das Overvolt GLP III Team, bei 11.499 \u20ac (UVP) liegt.<\/span><span data-ccp-props=\"{&quot;201341983&quot;:0,&quot;335559739&quot;:160,&quot;335559740&quot;:259}\">\u00a0<\/span><\/p>\n<p><span data-contrast=\"auto\">Das Design des <a href=\"https:\/\/www.fahrrad-xxl.de\/fahrraeder\/e-bike\/marke.lapierre\/\">Lapierre E-Bikes<\/a> ist zweckm\u00e4\u00dfig und auf den Renneinsatz ausgerichtet, was m\u00f6glicherweise nicht jedem gef\u00e4llt, aber f\u00fcr eine optimale Performance sorgt. Die Positionierung des Bosch PowerPack-Akkus direkt \u00fcber dem Motor sorgt f\u00fcr einen zentralen und tiefen Schwerpunkt und eine leichte Front, was sich positiv auf die Fahreigenschaften auswirkt. Diese Designentscheidung hat bereits in der Vergangenheit zu beeindruckenden Rennerfolgen gef\u00fchrt.<\/span><span data-ccp-props=\"{&quot;201341983&quot;:0,&quot;335559739&quot;:160,&quot;335559740&quot;:259}\">\u00a0<\/span><\/p>\n<p><span data-contrast=\"auto\">Die Ausstattung des Overvolt GLP III ist hochwertig, mit Optionen f\u00fcr verschiedene Federelemente, Bremsen, Schaltungen und Laufr\u00e4der, je nach gew\u00e4hltem Modell. Sowohl der Performance CX als auch der CX Race Motor von Bosch kommen zum Einsatz, unterst\u00fctzt von einem leistungsstarken 725 Wh Akku. Die Tourdaten k\u00f6nnen bequem auf dem im Oberrohr integrierten Kiox 300-Display abgelesen werden. Damit ist das Lapierre Overvolt GLP III ein E-Mountainbike, das besonders f\u00fcr den Renneinsatz und anspruchsvolles Terrain konzipiert ist.<\/span><span data-ccp-props=\"{&quot;201341983&quot;:0,&quot;335559739&quot;:160,&quot;335559740&quot;:259}\">\u00a0<\/span>[\/vc_column_text][\/vc_column][\/vc_row][vc_row][vc_column width=&#8220;1\/4&#8243;][\/vc_column][vc_column width=&#8220;1\/2&#8243;]<a href=\"https:\/\/www.fahrrad-xxl.de\/fahrraeder\/e-bike\/marke.lapierre\/\" target=\"_self\" class=\"button button-appear custom large \" style=\"background-color: #a82323; border-color: #a82323;border-radius: 30px;\"><span>Jetzt die Lapierre E-Bikes entdecken<i class='fa fas fa-chevron-circle-right'><\/i><\/span><\/a><div class=\"spacer\" style=\"height: 40px;\"><\/div>[\/vc_column][vc_column width=&#8220;1\/4&#8243;][\/vc_column][\/vc_row][vc_row][vc_column width=&#8220;1\/1&#8243;][vc_column_text]<\/p>\n<h3 aria-level=\"3\"><span data-contrast=\"none\">Kettler Pinniato<\/span><span data-ccp-props=\"{&quot;134245418&quot;:true,&quot;134245529&quot;:true,&quot;201341983&quot;:0,&quot;335559738&quot;:40,&quot;335559739&quot;:0,&quot;335559740&quot;:259}\">\u00a0<\/span><\/h3>\n<div id=\"attachment_33634\" style=\"width: 1576px\" class=\"wp-caption aligncenter\"><img aria-describedby=\"caption-attachment-33634\" decoding=\"async\" loading=\"lazy\" class=\"size-full wp-image-33634\" src=\"https:\/\/www.fahrrad-xxl.de\/blog\/wp-content\/uploads\/2023\/02\/Kettler-Pinniato.jpg\" alt=\"Kettler Pinniato\" width=\"1566\" height=\"991\" srcset=\"https:\/\/www.fahrrad-xxl.de\/blog\/wp-content\/uploads\/2023\/02\/Kettler-Pinniato.jpg 1566w, https:\/\/www.fahrrad-xxl.de\/blog\/wp-content\/uploads\/2023\/02\/Kettler-Pinniato-300x190.jpg 300w, https:\/\/www.fahrrad-xxl.de\/blog\/wp-content\/uploads\/2023\/02\/Kettler-Pinniato-1024x648.jpg 1024w, https:\/\/www.fahrrad-xxl.de\/blog\/wp-content\/uploads\/2023\/02\/Kettler-Pinniato-768x486.jpg 768w, https:\/\/www.fahrrad-xxl.de\/blog\/wp-content\/uploads\/2023\/02\/Kettler-Pinniato-1536x972.jpg 1536w\" sizes=\"(max-width: 1566px) 100vw, 1566px\" \/><p id=\"caption-attachment-33634\" class=\"wp-caption-text\">Kettler Pinniato<\/p><\/div>\n<p><span data-contrast=\"auto\">Das Kettler Pinniato E-Bike der Serie 2024 zeichnet sich durch den Einsatz des Pinion MGU Antriebssystems aus, das einen leistungsstarken Mittelmotor mit einer nahezu wartungsfreien Getriebeschaltung kombiniert. Diese innovative Technologie bietet ein durchschnittliches Drehmoment von 85 Nm und eine 12-Gang Schaltung mit 600% Bandbreite, was f\u00fcr eine hohe Leistungsf\u00e4higkeit und Effizienz sorgt. Die Kettler Pinniato Modelle sind in verschiedenen Ausf\u00fchrungen erh\u00e4ltlich, um unterschiedliche Bed\u00fcrfnisse zu erf\u00fcllen.<\/span><span data-ccp-props=\"{&quot;201341983&quot;:0,&quot;335559739&quot;:160,&quot;335559740&quot;:259}\">\u00a0<\/span><\/p>\n<p><span data-contrast=\"auto\">Das Kettler Pinniato FS ist als SUV E-Bike konzipiert und bietet mit einem 120 mm Federweg vorn und 100 mm hinten sowie gut profilierten Schwalbe-Reifen eine komfortable Fahrt auch auf unebenem Gel\u00e4nde. Hinzu kommen praktische Features wie eine versenkbare Sattelst\u00fctze und ein MonkeyLoad Gep\u00e4cktr\u00e4ger. Der gro\u00dfe 960 Wh Akku erm\u00f6glicht lange Fahrten, und die Option eines Range Extenders erweitert die Reichweite.<\/span><span data-ccp-props=\"{&quot;201341983&quot;:0,&quot;335559739&quot;:160,&quot;335559740&quot;:259}\">\u00a0<\/span><\/p>\n<p><span data-contrast=\"auto\">Insgesamt bietet das <a href=\"https:\/\/www.fahrrad-xxl.de\/fahrraeder\/e-bike\/marke.kettler\/\">Kettler Pinniato E-Bike<\/a> 2024 eine hochwertige Ausstattung und innovative Technologien f\u00fcr eine leistungsstarke und komfortable Fahrt. Mit Preisen ab 7.999 Euro (UVP) repr\u00e4sentiert es eine Investition in Qualit\u00e4t und Langlebigkeit, die insbesondere f\u00fcr anspruchsvolle und langstreckenorientierte Fahrer interessant sein d\u00fcrfte.<\/span><span data-ccp-props=\"{&quot;201341983&quot;:0,&quot;335559739&quot;:160,&quot;335559740&quot;:259}\">\u00a0<\/span>[\/vc_column_text][\/vc_column][\/vc_row][vc_row][vc_column width=&#8220;1\/4&#8243;][\/vc_column][vc_column width=&#8220;1\/2&#8243;]<a href=\"https:\/\/www.fahrrad-xxl.de\/fahrraeder\/e-bike\/marke.kettler\/\" target=\"_self\" class=\"button button-appear custom large \" style=\"background-color: #a82323; border-color: #a82323;border-radius: 30px;\"><span>Jetzt die Kettler E-Bikes entdecken<i class='fa fas fa-chevron-circle-right'><\/i><\/span><\/a><div class=\"spacer\" style=\"height: 40px;\"><\/div>[\/vc_column][vc_column width=&#8220;1\/4&#8243;][\/vc_column][\/vc_row][vc_row][vc_column width=&#8220;1\/1&#8243;][vc_column_text]<\/p>\n<h2 aria-level=\"2\"><span class=\"ez-toc-section\" id=\"e-lastenraeder-neuheiten-2024\"><\/span><span data-contrast=\"none\">E-Lastenr\u00e4der Neuheiten 2024<\/span><span data-ccp-props=\"{&quot;201341983&quot;:0,&quot;335559738&quot;:40,&quot;335559739&quot;:0,&quot;335559740&quot;:259}\">\u00a0<\/span><span class=\"ez-toc-section-end\"><\/span><\/h2>\n<p><span data-ccp-props=\"{&quot;201341983&quot;:0,&quot;335559739&quot;:160,&quot;335559740&quot;:259}\">\u00a0<\/span><\/p>\n<h3 aria-level=\"3\"><span data-contrast=\"none\">Cube Longtail Hybrid<\/span><span data-ccp-props=\"{&quot;134245418&quot;:true,&quot;134245529&quot;:true,&quot;201341983&quot;:0,&quot;335559738&quot;:40,&quot;335559739&quot;:0,&quot;335559740&quot;:259}\">\u00a0<\/span><\/h3>\n<div id=\"attachment_33629\" style=\"width: 1129px\" class=\"wp-caption aligncenter\"><a href=\"https:\/\/www.fahrrad-xxl.de\/cube-longtail-sport-hybrid-m000078910\"><img aria-describedby=\"caption-attachment-33629\" decoding=\"async\" loading=\"lazy\" class=\"size-full wp-image-33629\" src=\"https:\/\/www.fahrrad-xxl.de\/blog\/wp-content\/uploads\/2023\/02\/Cube-Longtail-Hybrid.jpg\" alt=\"Cube Longtail Hybrid\" width=\"1119\" height=\"689\" srcset=\"https:\/\/www.fahrrad-xxl.de\/blog\/wp-content\/uploads\/2023\/02\/Cube-Longtail-Hybrid.jpg 1119w, https:\/\/www.fahrrad-xxl.de\/blog\/wp-content\/uploads\/2023\/02\/Cube-Longtail-Hybrid-300x185.jpg 300w, https:\/\/www.fahrrad-xxl.de\/blog\/wp-content\/uploads\/2023\/02\/Cube-Longtail-Hybrid-1024x631.jpg 1024w, https:\/\/www.fahrrad-xxl.de\/blog\/wp-content\/uploads\/2023\/02\/Cube-Longtail-Hybrid-768x473.jpg 768w\" sizes=\"(max-width: 1119px) 100vw, 1119px\" \/><\/a><p id=\"caption-attachment-33629\" class=\"wp-caption-text\">Cube Longtail Hybrid<\/p><\/div>\n<p><span data-contrast=\"auto\">Cube erweitert seine E-Bike-Flotte um die innovativen E-Longtail-Cargobikes, die sich durch einen verl\u00e4ngerten Gep\u00e4cktr\u00e4ger und vielseitige Einsatzm\u00f6glichkeiten auszeichnen. Mit einem stabilen Rahmen, der bis zu 200 Kilogramm tragen kann, und einem cleveren Stauraumsystem, das auch ein Handschuhfach im Unterrohr beinhaltet, setzen die Modelle neue Ma\u00dfst\u00e4be. Das Longtail Hybrid wird von einem leistungsstarken Bosch Performance Line CX Smart System angetrieben und bietet bis zu 340 % Unterst\u00fctzung.<\/span><span data-ccp-props=\"{&quot;201341983&quot;:0,&quot;335559739&quot;:160,&quot;335559740&quot;:259}\">\u00a0<\/span><\/p>\n<p><span data-contrast=\"auto\">Der extralange Gep\u00e4cktr\u00e4ger kann bis zu 60 kg tragen, wobei 40 kg direkt auf dem Gep\u00e4cktr\u00e4ger und je 10 kg seitlich angebracht werden k\u00f6nnen. F\u00fcr weitere 20 kg Zuladung gibt es einen Frontgep\u00e4cktr\u00e4ger und einen Low Rider f\u00fcr die Starrgabel. Ein Zweibeinst\u00e4nder sorgt f\u00fcr sicheres Beladen, und diverse Zubeh\u00f6rteile erm\u00f6glichen eine individuelle Anpassung. Kindertransport ist durch Eingriffschutz, zwei Sitzfl\u00e4chen und Trittbretter aus Holz sicher und komfortabel m\u00f6glich.<\/span><span data-ccp-props=\"{&quot;201341983&quot;:0,&quot;335559739&quot;:160,&quot;335559740&quot;:259}\">\u00a0<\/span><\/p>\n<p><span data-contrast=\"auto\">Cube bietet das E-Cargobike in zwei Varianten an: Eine komfortable Version mit Enviolo Cargo Nabenschaltung und eine sportliche mit 10-fach Kettenschaltung von Shimano. Beide Modelle verf\u00fcgen \u00fcber hochwertige Komponenten, wie Magura MT5 Bremsen, Schwalbe Pick-Up Reifen und eine BySchulz Speedlifter Classic Vorbau, die eine flexible Nutzung f\u00fcr Personen zwischen 1,60 m und 1,90 m K\u00f6rpergr\u00f6\u00dfe erm\u00f6glichen.<\/span><span data-ccp-props=\"{&quot;201341983&quot;:0,&quot;335559739&quot;:160,&quot;335559740&quot;:259}\">\u00a0<\/span><\/p>\n<p><span data-contrast=\"auto\">Insgesamt bietet Cube mit dem <a href=\"https:\/\/www.fahrrad-xxl.de\/cube-longtail-sport-hybrid-m000078910\">Longtail Hybrid<\/a> und dem Longtail Sport Hybrid zwei E-Cargobikes an, die vielf\u00e4ltig einsetzbar sind. Die Modelle \u00fcberzeugen durch ihre Flexibilit\u00e4t, innovative Details und ein umfassendes Zubeh\u00f6rangebot.<\/span><span data-ccp-props=\"{&quot;201341983&quot;:0,&quot;335559739&quot;:160,&quot;335559740&quot;:259}\">\u00a0<\/span>[\/vc_column_text][\/vc_column][\/vc_row][vc_row][vc_column width=&#8220;1\/4&#8243;][\/vc_column][vc_column width=&#8220;1\/2&#8243;]<a href=\"https:\/\/www.fahrrad-xxl.de\/fahrraeder\/lastenfahrraeder\/e-lastenrad\/marke.cube\/saison.2024\/\" target=\"_self\" class=\"button button-appear custom large \" style=\"background-color: #a82323; border-color: #a82323;border-radius: 30px;\"><span>Jetzt die Cube E-Lastenr\u00e4der der Saison 2024 entdecken<i class='fa fas fa-chevron-circle-right'><\/i><\/span><\/a><div class=\"spacer\" style=\"height: 40px;\"><\/div>[\/vc_column][vc_column width=&#8220;1\/4&#8243;][\/vc_column][\/vc_row][vc_row][vc_column width=&#8220;1\/1&#8243;][vc_column_text]<\/p>\n<h3 aria-level=\"3\"><span data-contrast=\"none\">Bergamont\u00a0E-Cargoville LT<\/span><span data-ccp-props=\"{&quot;134245418&quot;:true,&quot;134245529&quot;:true,&quot;201341983&quot;:0,&quot;335559738&quot;:40,&quot;335559739&quot;:0,&quot;335559740&quot;:259}\">\u00a0<\/span><\/h3>\n<div id=\"attachment_33623\" style=\"width: 768px\" class=\"wp-caption aligncenter\"><img aria-describedby=\"caption-attachment-33623\" decoding=\"async\" loading=\"lazy\" class=\"wp-image-33623 size-full\" src=\"https:\/\/www.fahrrad-xxl.de\/blog\/wp-content\/uploads\/2023\/02\/Bergamont-E-Cargoville-LT.jpg\" alt=\"Bergamont E-Cargoville LT \" width=\"758\" height=\"468\" srcset=\"https:\/\/www.fahrrad-xxl.de\/blog\/wp-content\/uploads\/2023\/02\/Bergamont-E-Cargoville-LT.jpg 758w, https:\/\/www.fahrrad-xxl.de\/blog\/wp-content\/uploads\/2023\/02\/Bergamont-E-Cargoville-LT-300x185.jpg 300w\" sizes=\"(max-width: 758px) 100vw, 758px\" \/><p id=\"caption-attachment-33623\" class=\"wp-caption-text\">Bergamont E-Cargoville LT<\/p><\/div>\n<p><span data-contrast=\"auto\">Das Bergamont E-Cargoville LT zeigt sich als praktische L\u00f6sung im Bereich urbaner Mobilit\u00e4t und Lastentransport. Mit einem zul\u00e4ssigen Gesamtgewicht von 190 kg und einem ergonomisch tieferen Einstieg erm\u00f6glicht es eine umfangreiche Tragf\u00e4higkeit und erleichtert die Handhabung. Durch die Verlegung des Energiespeichers hinter das Sitzrohr wird eine ausgewogene Gewichtsverteilung erreicht, was die Stabilit\u00e4t und Man\u00f6vrierbarkeit des Fahrrads in st\u00e4dtischen Gebieten verbessert.<\/span><span data-ccp-props=\"{&quot;201341983&quot;:0,&quot;335559739&quot;:160,&quot;335559740&quot;:259}\">\u00a0<\/span><\/p>\n<p><span data-contrast=\"auto\">Das E-Cargoville LT ist so konzipiert, dass es vielf\u00e4ltige Einsatzm\u00f6glichkeiten bietet. Das tiefergelegte Oberrohr erleichtert nicht nur den Zugang, sondern bietet auch die Option, einen zus\u00e4tzlichen Akku zu integrieren und somit die Systemkapazit\u00e4t auf 1000 Wh zu erh\u00f6hen, was l\u00e4ngere Strecken und anspruchsvolle Transportaufgaben erm\u00f6glicht.<\/span><span data-ccp-props=\"{&quot;201341983&quot;:0,&quot;335559739&quot;:160,&quot;335559740&quot;:259}\">\u00a0<\/span><\/p>\n<p><span data-contrast=\"auto\">F\u00fcr den Antrieb hat Bergamont den Bosch CX Cargo Line Motor gew\u00e4hlt, der mit bis zu 85 Nm Drehmoment eine zuverl\u00e4ssige Unterst\u00fctzung bietet, selbst unter schweren Lasten. Das E-Cargoville LT ist somit als praktisches Transportmittel im Alltag sowie als flexibles Werkzeug f\u00fcr spezifische Transportanforderungen positioniert. Mit seinem klaren Design, der soliden Ausstattung und innovativen Funktionen tr\u00e4gt das <a href=\"https:\/\/www.fahrrad-xxl.de\/serie\/bergamont-e-cargoville\/\">Bergamont E-Cargoville<\/a> LT dazu bei, die M\u00f6glichkeiten von Lasten-E-Bikes weiter auszusch\u00f6pfen.<\/span><span data-ccp-props=\"{&quot;201341983&quot;:0,&quot;335559739&quot;:160,&quot;335559740&quot;:259}\">\u00a0<\/span>[\/vc_column_text][\/vc_column][\/vc_row][vc_row][vc_column width=&#8220;1\/4&#8243;][\/vc_column][vc_column width=&#8220;1\/2&#8243;]<a href=\"https:\/\/www.fahrrad-xxl.de\/serie\/bergamont-e-cargoville\/\" target=\"_self\" class=\"button button-appear custom large \" style=\"background-color: #a82323; border-color: #a82323;border-radius: 30px;\"><span>Jetzt die Bergamont E-Cargoville Modelle entdecken<i class='fa fas fa-chevron-circle-right'><\/i><\/span><\/a><div class=\"spacer\" style=\"height: 40px;\"><\/div>[\/vc_column][vc_column width=&#8220;1\/4&#8243;][\/vc_column][\/vc_row][vc_row][vc_column width=&#8220;1\/1&#8243;][vc_column_text]<\/p>\n<h3 aria-level=\"3\"><span data-contrast=\"none\">Ca Go CS<\/span><span data-ccp-props=\"{&quot;134245418&quot;:true,&quot;134245529&quot;:true,&quot;201341983&quot;:0,&quot;335559738&quot;:40,&quot;335559739&quot;:0,&quot;335559740&quot;:259}\">\u00a0<\/span><\/h3>\n<div id=\"attachment_33626\" style=\"width: 652px\" class=\"wp-caption aligncenter\"><img aria-describedby=\"caption-attachment-33626\" decoding=\"async\" loading=\"lazy\" class=\"wp-image-33626 size-full\" src=\"https:\/\/www.fahrrad-xxl.de\/blog\/wp-content\/uploads\/2023\/02\/Ca-Go-CS-e1699273679375.jpg\" alt=\"Ca Go CS\" width=\"642\" height=\"422\" srcset=\"https:\/\/www.fahrrad-xxl.de\/blog\/wp-content\/uploads\/2023\/02\/Ca-Go-CS-e1699273679375.jpg 642w, https:\/\/www.fahrrad-xxl.de\/blog\/wp-content\/uploads\/2023\/02\/Ca-Go-CS-e1699273679375-300x197.jpg 300w\" sizes=\"(max-width: 642px) 100vw, 642px\" \/><p id=\"caption-attachment-33626\" class=\"wp-caption-text\">Ca Go CS<\/p><\/div>\n<p><span data-contrast=\"auto\">Das Ca Go CS ist ein innovatives Cargo-E-Bike, das die Vorteile eines City-E-Bikes mit denen eines E-Lastenrads kombiniert. Mit seiner einzigartigen Konstruktion, die eine doppelst\u00f6ckige Beladung erm\u00f6glicht, bietet es eine hohe Flexibilit\u00e4t beim Transport von Gep\u00e4ck oder Waren. Der tiefe Schwerpunkt, auch bei unbeladener unterer Ladefl\u00e4che, sorgt f\u00fcr eine ausgezeichnete Stabilit\u00e4t w\u00e4hrend der Fahrt.<\/span><span data-ccp-props=\"{&quot;201341983&quot;:0,&quot;335559739&quot;:160,&quot;335559740&quot;:259}\">\u00a0<\/span><\/p>\n<p><span data-contrast=\"auto\">Das Rad kann auf der unteren Plattform bis zu 30 Kilogramm, auf dem optionalen Frontgep\u00e4cktr\u00e4ger mit Box bis zu 18 Kilogramm und auf dem Heck-Gep\u00e4cktr\u00e4ger bis zu 27 Kilogramm tragen. Die elektrische Unterst\u00fctzung erfolgt durch einen leistungsstarken Bosch Cargo Line Motor mit 85 Newtonmetern und einem Akku mit 545 Wattstunden, was eine zuverl\u00e4ssige und kraftvolle Unterst\u00fctzung garantiert. Innovative Funktionen wie die \u201eAuto\u201c-Unterst\u00fctzungsstufe und die Hill-Hold-Funktion verbessern das Fahrerlebnis zus\u00e4tzlich.<\/span><span data-ccp-props=\"{&quot;201341983&quot;:0,&quot;335559739&quot;:160,&quot;335559740&quot;:259}\">\u00a0<\/span><\/p>\n<p><span data-contrast=\"auto\">Das Ca Go CS eignet sich besonders f\u00fcr Menschen, die ein flexibles und zuverl\u00e4ssiges Transportmittel f\u00fcr den urbanen Raum suchen. Ob f\u00fcr den gesch\u00e4ftlichen Einsatz, Eink\u00e4ufe oder den Transport von Kindern \u2013 das <a href=\"https:\/\/www.fahrrad-xxl.de\/marken\/ca-go\/saison.2024\/\">Ca Go 2024<\/a> bietet eine praktische und umweltfreundliche L\u00f6sung. Es ist eine exzellente Wahl f\u00fcr alle, die die Vorteile eines E-Bikes und eines Lastenrads in einem kompakten und durchdachten Design suchen.<\/span><span data-ccp-props=\"{&quot;201341983&quot;:0,&quot;335559739&quot;:160,&quot;335559740&quot;:259}\">\u00a0<\/span>[\/vc_column_text][\/vc_column][\/vc_row][vc_row][vc_column width=&#8220;1\/4&#8243;][\/vc_column][vc_column width=&#8220;1\/2&#8243;]<a href=\"https:\/\/www.fahrrad-xxl.de\/marken\/ca-go\/saison.2024\/\" target=\"_self\" class=\"button button-appear custom large \" style=\"background-color: #a82323; border-color: #a82323;border-radius: 30px;\"><span>Jetzt die Ca Go Modelle der Saison 2024 entdecken<i class='fa fas fa-chevron-circle-right'><\/i><\/span><\/a><div class=\"spacer\" style=\"height: 40px;\"><\/div>[\/vc_column][vc_column width=&#8220;1\/4&#8243;][\/vc_column][\/vc_row][vc_row][vc_column width=&#8220;1\/1&#8243;][vc_column_text]<\/p>\n<h3 aria-level=\"3\"><span data-contrast=\"none\">Centurion Vario 960i<\/span><span data-ccp-props=\"{&quot;134245418&quot;:true,&quot;134245529&quot;:true,&quot;201341983&quot;:0,&quot;335559738&quot;:40,&quot;335559739&quot;:0,&quot;335559740&quot;:259}\">\u00a0<\/span><\/h3>\n<div id=\"attachment_33628\" style=\"width: 2510px\" class=\"wp-caption aligncenter\"><img aria-describedby=\"caption-attachment-33628\" decoding=\"async\" loading=\"lazy\" class=\"size-full wp-image-33628\" src=\"https:\/\/www.fahrrad-xxl.de\/blog\/wp-content\/uploads\/2023\/02\/Centurion-Vario-960i.jpg\" alt=\"Centurion Vario 960i\" width=\"2500\" height=\"1498\" srcset=\"https:\/\/www.fahrrad-xxl.de\/blog\/wp-content\/uploads\/2023\/02\/Centurion-Vario-960i.jpg 2500w, https:\/\/www.fahrrad-xxl.de\/blog\/wp-content\/uploads\/2023\/02\/Centurion-Vario-960i-300x180.jpg 300w, https:\/\/www.fahrrad-xxl.de\/blog\/wp-content\/uploads\/2023\/02\/Centurion-Vario-960i-1024x614.jpg 1024w, https:\/\/www.fahrrad-xxl.de\/blog\/wp-content\/uploads\/2023\/02\/Centurion-Vario-960i-768x460.jpg 768w, https:\/\/www.fahrrad-xxl.de\/blog\/wp-content\/uploads\/2023\/02\/Centurion-Vario-960i-1536x920.jpg 1536w, https:\/\/www.fahrrad-xxl.de\/blog\/wp-content\/uploads\/2023\/02\/Centurion-Vario-960i-2048x1227.jpg 2048w\" sizes=\"(max-width: 2500px) 100vw, 2500px\" \/><p id=\"caption-attachment-33628\" class=\"wp-caption-text\">Centurion Vario 960i<\/p><\/div>\n<p><span data-contrast=\"auto\">Das Centurion Vario 960i ist ein vielseitiges E-Bike, das trotz seiner schlanken Optik ein zul\u00e4ssiges Gesamtgewicht von 180 Kilogramm bietet. Das macht es zu einem idealen Transportmittel f\u00fcr Radfahrer, die Kinder, Gep\u00e4ck oder andere schwere Lasten mitnehmen m\u00f6chten. Egal ob zwei Kinder in Kindersitzen, ein Kind auf einem Sitzbrett oder verschiedene Kisten und Taschen \u2013 das Vario 960i ist auf alles vorbereitet.<\/span><span data-ccp-props=\"{&quot;201341983&quot;:0,&quot;335559739&quot;:160,&quot;335559740&quot;:259}\">\u00a0<\/span><\/p>\n<p><span data-contrast=\"auto\">Angetrieben wird das E-Bike von einem leistungsstarken Bosch Cargo Line Motor mit 85 Newtonmetern und einem Akku mit einer Kapazit\u00e4t von 625 Wattstunden. Damit ist eine zuverl\u00e4ssige Unterst\u00fctzung auch bei schweren Lasten gew\u00e4hrleistet. Bei der Bremsanlage vertraut Centurion auf die Qualit\u00e4t von Shimano, w\u00e4hrend die Kettenschaltung von Sram stammt.<\/span><span data-ccp-props=\"{&quot;201341983&quot;:0,&quot;335559739&quot;:160,&quot;335559740&quot;:259}\">\u00a0<\/span><\/p>\n<p><span data-contrast=\"auto\">Ein gro\u00dfes Plus des Vario 960i ist die umfangreiche Ausstattung. Zum Lieferumfang geh\u00f6ren neben dem Front- und Heckgep\u00e4cktr\u00e4ger auch ein Taschenset von Vaude bestehend aus vier Taschen, ein Polsterset f\u00fcr den hinteren Gep\u00e4cktr\u00e4ger, Expander f\u00fcr den Frontgep\u00e4cktr\u00e4ger, klappbare Fu\u00dfrasten, Transportb\u00fcgel und ein Trittbrett-Set. Damit ist das E-Bike sofort einsatzbereit f\u00fcr eine Vielzahl von Transportaufgaben.<\/span><span data-ccp-props=\"{&quot;201341983&quot;:0,&quot;335559739&quot;:160,&quot;335559740&quot;:259}\">\u00a0<\/span><\/p>\n<p><span data-contrast=\"auto\">Mit einem Preis von 5.899 Euro (UVP) liegt das <a href=\"https:\/\/www.fahrrad-xxl.de\/fahrraeder\/e-bike\/marke.centurion\/\">Centurion E-Bike<\/a> im Mittelfeld der kompakten Cargo-E-Bikes und bietet ein sehr gutes Preis-Leistungs-Verh\u00e4ltnis. Es eignet sich besonders f\u00fcr Familien und Gewerbetreibende, die ein flexibles und zuverl\u00e4ssiges Transportmittel f\u00fcr den Alltag suchen. Das Vario 960i ist eine ideale Wahl f\u00fcr alle, die nicht auf Komfort verzichten m\u00f6chten, auch wenn es um den Transport schwerer Lasten geht.<\/span><span data-ccp-props=\"{&quot;201341983&quot;:0,&quot;335559739&quot;:160,&quot;335559740&quot;:259}\">\u00a0<\/span>[\/vc_column_text][\/vc_column][\/vc_row][vc_row][vc_column width=&#8220;1\/4&#8243;][\/vc_column][vc_column width=&#8220;1\/2&#8243;]<a href=\"https:\/\/www.fahrrad-xxl.de\/fahrraeder\/e-bike\/marke.centurion\/\" target=\"_self\" class=\"button button-appear custom large \" style=\"background-color: #a82323; border-color: #a82323;border-radius: 30px;\"><span>Jetzt die Centurion E-Bike Modelle entdecken<i class='fa fas fa-chevron-circle-right'><\/i><\/span><\/a><div class=\"spacer\" style=\"height: 40px;\"><\/div>[\/vc_column][vc_column width=&#8220;1\/4&#8243;][\/vc_column][\/vc_row][vc_row][vc_column width=&#8220;1\/1&#8243;][vc_column_text]<\/p>\n<h3 aria-level=\"3\"><span data-contrast=\"none\">i:SY Cargo N3.8 ZR<\/span><span data-ccp-props=\"{&quot;134245418&quot;:true,&quot;134245529&quot;:true,&quot;201341983&quot;:0,&quot;335559738&quot;:40,&quot;335559739&quot;:0,&quot;335559740&quot;:259}\">\u00a0<\/span><\/h3>\n<div id=\"attachment_33633\" style=\"width: 2410px\" class=\"wp-caption aligncenter\"><img aria-describedby=\"caption-attachment-33633\" decoding=\"async\" loading=\"lazy\" class=\"size-full wp-image-33633\" src=\"https:\/\/www.fahrrad-xxl.de\/blog\/wp-content\/uploads\/2023\/02\/i.SY-Cargo-N3.8-ZR.png\" alt=\"i.SY Cargo N3.8 ZR\" width=\"2400\" height=\"1600\" srcset=\"https:\/\/www.fahrrad-xxl.de\/blog\/wp-content\/uploads\/2023\/02\/i.SY-Cargo-N3.8-ZR.png 2400w, https:\/\/www.fahrrad-xxl.de\/blog\/wp-content\/uploads\/2023\/02\/i.SY-Cargo-N3.8-ZR-300x200.png 300w, https:\/\/www.fahrrad-xxl.de\/blog\/wp-content\/uploads\/2023\/02\/i.SY-Cargo-N3.8-ZR-1024x683.png 1024w, https:\/\/www.fahrrad-xxl.de\/blog\/wp-content\/uploads\/2023\/02\/i.SY-Cargo-N3.8-ZR-768x512.png 768w, https:\/\/www.fahrrad-xxl.de\/blog\/wp-content\/uploads\/2023\/02\/i.SY-Cargo-N3.8-ZR-1536x1024.png 1536w, https:\/\/www.fahrrad-xxl.de\/blog\/wp-content\/uploads\/2023\/02\/i.SY-Cargo-N3.8-ZR-2048x1365.png 2048w, https:\/\/www.fahrrad-xxl.de\/blog\/wp-content\/uploads\/2023\/02\/i.SY-Cargo-N3.8-ZR-600x400.png 600w\" sizes=\"(max-width: 2400px) 100vw, 2400px\" \/><p id=\"caption-attachment-33633\" class=\"wp-caption-text\">i.SY Cargo N3.8 ZR<\/p><\/div>\n<p><span data-contrast=\"auto\">Die K\u00f6lner Fahrradmarke i:SY, bekannt f\u00fcr ihre Kompaktr\u00e4der in bunten Farben, erweitert ihr Sortiment um ein Cargo-E-Bike namens Cargo N3.8 ZR. In zwei unterschiedlichen Versionen erh\u00e4ltlich, variiert das Modell in der L\u00e4nge der Ladefl\u00e4che: das Cargo N3.8 ZR verf\u00fcgt \u00fcber 40 Zentimeter, w\u00e4hrend das Cargo N3.8 ZR Maxi eine 60 Zentimeter lange Ladefl\u00e4che bietet.<\/span><span data-ccp-props=\"{&quot;201341983&quot;:0,&quot;335559739&quot;:160,&quot;335559740&quot;:259}\">\u00a0<\/span><\/p>\n<p><span data-contrast=\"auto\">Trotz der kompakten Abmessungen ist das E-Bike f\u00fcr Menschen mit einer K\u00f6rpergr\u00f6\u00dfe von 1,50 Meter bis 1,95 Meter konzipiert und kann ein Gesamtgewicht von bis zu 200 Kilogramm tragen. i:SY verspricht, dass auch Lastenrad-Neulinge mit dem Cargo-E-Bike problemlos zurechtkommen. Ein besonderes Feature ist die integrierte Schiebet\u00fcr, die es besonders f\u00fcr Kinder leicht macht, bequem in den Korb einzusteigen.Das E-Bike wird von einem Bosch Cargo Line Motor mit 85 Newtonmetern angetrieben, unterst\u00fctzt von einem Akku mit 545 Wattstunden Kapazit\u00e4t. F\u00fcr zus\u00e4tzlichen Fahrkomfort sorgt die stufenlose Nabenschaltung von Enviolo. <\/span><span data-ccp-props=\"{&quot;201341983&quot;:0,&quot;335559739&quot;:160,&quot;335559740&quot;:259}\">\u00a0<\/span><\/p>\n<p><span data-contrast=\"auto\">Das <a href=\"https:\/\/www.fahrrad-xxl.de\/marken\/i-sy\/\">i:SY E-Bike<\/a> Cargo N3.8 ZR ist eine ideale L\u00f6sung f\u00fcr st\u00e4dtische Pendler und Familien, die auf der Suche nach einem kompakten, aber leistungsf\u00e4higen Cargo-E-Bike sind. Die einfache Bedienbarkeit und der bequeme Einstieg machen es insbesondere f\u00fcr Familien mit Kindern attraktiv. Mit seinem stylischen Design und der bew\u00e4hrten i:SY-Qualit\u00e4t ist das Cargo N3.8 ZR eine hervorragende Wahl f\u00fcr alle, die Funktionalit\u00e4t und \u00c4sthetik in einem E-Bike vereinen m\u00f6chten.<\/span><span data-ccp-props=\"{&quot;201341983&quot;:0,&quot;335559739&quot;:160,&quot;335559740&quot;:259}\">\u00a0<\/span>[\/vc_column_text][\/vc_column][\/vc_row][vc_row][vc_column width=&#8220;1\/4&#8243;][\/vc_column][vc_column width=&#8220;1\/2&#8243;]<a href=\"https:\/\/www.fahrrad-xxl.de\/marken\/i-sy\/\" target=\"_self\" class=\"button button-appear custom large \" style=\"background-color: #a82323; border-color: #a82323;border-radius: 30px;\"><span>Jetzt die i:SY E-Bikes entdecken<i class='fa fas fa-chevron-circle-right'><\/i><\/span><\/a><div class=\"spacer\" style=\"height: 40px;\"><\/div>[\/vc_column][vc_column width=&#8220;1\/4&#8243;][\/vc_column][\/vc_row][vc_row][vc_column width=&#8220;1\/1&#8243;][vc_column_text]<\/p>\n<h3><span data-contrast=\"none\">Kettler PiCargo<\/span><\/h3>\n<div id=\"attachment_33637\" style=\"width: 1210px\" class=\"wp-caption aligncenter\"><img aria-describedby=\"caption-attachment-33637\" decoding=\"async\" loading=\"lazy\" class=\"size-full wp-image-33637\" src=\"https:\/\/www.fahrrad-xxl.de\/blog\/wp-content\/uploads\/2023\/02\/Kettler-PiCargo.jpg\" alt=\"Kettler PiCargo\" width=\"1200\" height=\"800\" srcset=\"https:\/\/www.fahrrad-xxl.de\/blog\/wp-content\/uploads\/2023\/02\/Kettler-PiCargo.jpg 1200w, https:\/\/www.fahrrad-xxl.de\/blog\/wp-content\/uploads\/2023\/02\/Kettler-PiCargo-300x200.jpg 300w, https:\/\/www.fahrrad-xxl.de\/blog\/wp-content\/uploads\/2023\/02\/Kettler-PiCargo-1024x683.jpg 1024w, https:\/\/www.fahrrad-xxl.de\/blog\/wp-content\/uploads\/2023\/02\/Kettler-PiCargo-768x512.jpg 768w, https:\/\/www.fahrrad-xxl.de\/blog\/wp-content\/uploads\/2023\/02\/Kettler-PiCargo-600x400.jpg 600w\" sizes=\"(max-width: 1200px) 100vw, 1200px\" \/><p id=\"caption-attachment-33637\" class=\"wp-caption-text\">Kettler PiCargo<\/p><\/div>\n<p><span data-contrast=\"auto\">Das Kettler PiCargo ist ein dynamisches und variables E-Lastenrad, das sich durch seine modularen Aufbauten und anpassungsf\u00e4hige Eigenschaften auszeichnet. Es bietet die M\u00f6glichkeit, Kinder oder Lasten sicher und stabil zu transportieren. Die intelligente Einstellkinematik des Cockpits passt sich zudem den ergonomischen Eigenschaften des Fahrers an.<\/span><span data-ccp-props=\"{&quot;201341983&quot;:0,&quot;335559739&quot;:160,&quot;335559740&quot;:259}\">\u00a0<\/span><\/p>\n<p><span data-contrast=\"auto\">Eine besondere technische Innovation stellt die federnd gelagerte Radnabenlenkung dar, die nicht nur ein radikal horizontales Design erm\u00f6glicht, sondern auch viel Fahrdynamik bietet. Das Kettler Cargobike ist in vier Grundmodellen erh\u00e4ltlich, wobei zwischen einer Ladefl\u00e4che von 600 oder 800 mm und mit oder ohne Hinterradfederung gew\u00e4hlt werden kann.<\/span><span data-ccp-props=\"{&quot;201341983&quot;:0,&quot;335559739&quot;:160,&quot;335559740&quot;:259}\">\u00a0<\/span><\/p>\n<p><span data-contrast=\"auto\">Das PiCargo mit Pinion MGU Antrieb wurde bislang als Konzept auf der Eurobike 2023 vorgestellt und soll sowohl als Hardtail als auch als vollgefederte Variante erh\u00e4ltlich sein. Es setzt auf eine Achsschenkellenkung und wird verschiedene Aufbaum\u00f6glichkeiten bieten, darunter auch eine EPP-Box mit Verdeck. <\/span><span data-ccp-props=\"{&quot;201341983&quot;:0,&quot;335559739&quot;:160,&quot;335559740&quot;:259}\">\u00a0<\/span><\/p>\n<p><span data-contrast=\"auto\">Insgesamt zeigt sich das <a href=\"https:\/\/www.fahrrad-xxl.de\/fahrraeder\/e-bike\/marke.kettler\/\">Kettler E-Bike<\/a> PiCargo als eine innovative und flexible L\u00f6sung f\u00fcr den Transport von Lasten und Personen, die den Trend zu umweltfreundlichen und effizienten Transportmitteln im urbanen Raum weiter vorantreibt.<\/span><span data-ccp-props=\"{&quot;201341983&quot;:0,&quot;335559739&quot;:160,&quot;335559740&quot;:259}\">\u00a0<\/span>[\/vc_column_text][\/vc_column][\/vc_row][vc_row][vc_column width=&#8220;1\/4&#8243;][\/vc_column][vc_column width=&#8220;1\/2&#8243;]<a href=\"https:\/\/www.fahrrad-xxl.de\/fahrraeder\/e-bike\/marke.kettler\/\" target=\"_self\" class=\"button button-appear custom large \" style=\"background-color: #a82323; border-color: #a82323;border-radius: 30px;\"><span>Jetzt die Kettler E-Bikes entdecken<i class='fa fas fa-chevron-circle-right'><\/i><\/span><\/a><div class=\"spacer\" style=\"height: 40px;\"><\/div>[\/vc_column][vc_column width=&#8220;1\/4&#8243;][\/vc_column][\/vc_row][vc_row][vc_column width=&#8220;1\/1&#8243;][vc_column_text]<\/p>\n<h2><span class=\"ez-toc-section\" id=\"du-hast-fragen-zu-den-e-bikes-der-saison-2024\"><\/span>Du hast Fragen zu den E-Bikes der Saison 2024?<span class=\"ez-toc-section-end\"><\/span><\/h2>\n<div class=\"visibility-desktop\"><a href=\"https:\/\/www.facebook.com\/groups\/AllAboutEbikes\/\"><img decoding=\"async\" loading=\"lazy\" class=\"alignnone wp-image-27421 size-full\" src=\"https:\/\/www.fahrrad-xxl.de\/blog\/wp-content\/uploads\/2019\/10\/Facebook-Banner-1000x300-2-1.jpg\" alt=\"E-Bike Neuheiten 2024: Trends und Highlights der Saison\" width=\"1000\" height=\"300\" srcset=\"https:\/\/www.fahrrad-xxl.de\/blog\/wp-content\/uploads\/2019\/10\/Facebook-Banner-1000x300-2-1.jpg 1000w, https:\/\/www.fahrrad-xxl.de\/blog\/wp-content\/uploads\/2019\/10\/Facebook-Banner-1000x300-2-1-300x90.jpg 300w, https:\/\/www.fahrrad-xxl.de\/blog\/wp-content\/uploads\/2019\/10\/Facebook-Banner-1000x300-2-1-768x230.jpg 768w\" sizes=\"(max-width: 1000px) 100vw, 1000px\" \/><\/a><\/div>\n<div class=\"visibility-mobile\"><a href=\"https:\/\/www.facebook.com\/groups\/AllAboutEbikes\/\"><img decoding=\"async\" loading=\"lazy\" class=\"alignnone wp-image-27420 size-medium\" src=\"https:\/\/www.fahrrad-xxl.de\/blog\/wp-content\/uploads\/2019\/10\/Facebook-Banner-300x200-2-1-300x200.jpg\" alt=\"E-Bike Neuheiten 2024: Trends und Highlights der Saison\" width=\"300\" height=\"200\" \/><\/a><\/div>[\/vc_column_text][\/vc_column][\/vc_row][vc_section][\/vc_section][vc_column width=&#8220;1\/1&#8243;][\/vc_column][vc_column_text]<\/p>\n<p>[\/vc_column_text]<\/p>\n\n\n<div class=\"kk-star-ratings kksr-auto kksr-align-left kksr-valign-bottom\"\n    data-payload='{&quot;align&quot;:&quot;left&quot;,&quot;id&quot;:&quot;27608&quot;,&quot;slug&quot;:&quot;default&quot;,&quot;valign&quot;:&quot;bottom&quot;,&quot;ignore&quot;:&quot;&quot;,&quot;reference&quot;:&quot;auto&quot;,&quot;class&quot;:&quot;&quot;,&quot;count&quot;:&quot;2&quot;,&quot;legendonly&quot;:&quot;&quot;,&quot;readonly&quot;:&quot;&quot;,&quot;score&quot;:&quot;1&quot;,&quot;best&quot;:&quot;5&quot;,&quot;gap&quot;:&quot;5&quot;,&quot;greet&quot;:&quot;Rate this post&quot;,&quot;legend&quot;:&quot;1\\\/5 - (2 votes)&quot;,&quot;size&quot;:&quot;22&quot;,&quot;width&quot;:&quot;24.5&quot;,&quot;_legend&quot;:&quot;{score}\\\/{best} - ({count} {votes})&quot;,&quot;font_factor&quot;:&quot;1.25&quot;}'>\n            \n<div class=\"kksr-stars\">\n    \n<div class=\"kksr-stars-inactive\">\n            <div class=\"kksr-star\" data-star=\"1\" style=\"padding-right: 5px\">\n            \n\n<div class=\"kksr-icon\" style=\"width: 22px; height: 22px;\"><\/div>\n        <\/div>\n            <div class=\"kksr-star\" data-star=\"2\" style=\"padding-right: 5px\">\n            \n\n<div class=\"kksr-icon\" style=\"width: 22px; height: 22px;\"><\/div>\n        <\/div>\n            <div class=\"kksr-star\" data-star=\"3\" style=\"padding-right: 5px\">\n            \n\n<div class=\"kksr-icon\" style=\"width: 22px; height: 22px;\"><\/div>\n        <\/div>\n            <div class=\"kksr-star\" data-star=\"4\" style=\"padding-right: 5px\">\n            \n\n<div class=\"kksr-icon\" style=\"width: 22px; height: 22px;\"><\/div>\n        <\/div>\n            <div class=\"kksr-star\" data-star=\"5\" style=\"padding-right: 5px\">\n            \n\n<div class=\"kksr-icon\" style=\"width: 22px; height: 22px;\"><\/div>\n        <\/div>\n    <\/div>\n    \n<div class=\"kksr-stars-active\" style=\"width: 24.5px;\">\n            <div class=\"kksr-star\" style=\"padding-right: 5px\">\n            \n\n<div class=\"kksr-icon\" style=\"width: 22px; height: 22px;\"><\/div>\n        <\/div>\n            <div class=\"kksr-star\" style=\"padding-right: 5px\">\n            \n\n<div class=\"kksr-icon\" style=\"width: 22px; height: 22px;\"><\/div>\n        <\/div>\n            <div class=\"kksr-star\" style=\"padding-right: 5px\">\n            \n\n<div class=\"kksr-icon\" style=\"width: 22px; height: 22px;\"><\/div>\n        <\/div>\n            <div class=\"kksr-star\" style=\"padding-right: 5px\">\n            \n\n<div class=\"kksr-icon\" style=\"width: 22px; height: 22px;\"><\/div>\n        <\/div>\n            <div class=\"kksr-star\" style=\"padding-right: 5px\">\n            \n\n<div class=\"kksr-icon\" style=\"width: 22px; height: 22px;\"><\/div>\n        <\/div>\n    <\/div>\n<\/div>\n        \n\n<div class=\"kksr-legend\" style=\"font-size: 17.6px;\">\n            1\/5 - (2 votes)    <\/div>\n<\/div>\n<\/section>","protected":false},"excerpt":{"rendered":"<p>[vc_row][vc_column width=&#8220;1\/1&#8243;][vc_column_text]Die Fahrradbranche ist immer noch in Bewegung! W\u00e4hrend die einen \u00fcber ganz neue Transportm\u00f6glichkeiten mit dem E-Bike nachdenken, versuchen andere sich mit den Light E-Bikes dem urspr\u00fcnglichen Fahrgef\u00fchl von Fahrr\u00e4dern ohne E-Antrieb anzun\u00e4hern. Lese hier mehr zu den neuen E-Bike-Modellen, die neue Trends setzen und das Altbewehrte neu interpretieren. \u00a0 \u00a0 E-Bike Neuheiten und Highlights 2024\u00a0 Neuer Bosch Performance Line SX Antrieb: Leicht, hohe Leistungsdichte, speziell f\u00fcr E-MTBs, E-Gravel und E-Urban Bikes. Verbessertes Fahrgef\u00fchl und Agilit\u00e4t, insbesondere auf Trails und in st\u00e4dtischen Gebieten.\u00a0 Konnektivit\u00e4t und Digitalisierung: City E-Bikes mit Konnektivit\u00e4tsfunktionen, um Fahrten zu verfolgen, Routen zu planen und Diebstahlschutz sowie Navigation \u00fcber Smartphone-Apps zu nutzen. Diese Technologien verbessern die Gesamterfahrung und die Sicherheit.\u00a0 Nachhaltigkeit und Materialien: Nachhaltigkeit ist ein wachsender Trend in der E-Bike-Industrie. Hersteller verwenden vermehrt recycelte Materialien und setzen auf umweltfreundlichere Produktionsverfahren, um die \u00f6kologische Bilanz der E-Bikes zu verbessern.\u00a0 Nat\u00fcrliches Fahrgef\u00fchl: E-Gravel Bikes und E-Rennr\u00e4der mit Fokus auf Leichtbau und sportliche Optik bei gleichzeitiger Integration von leistungsstarken Motoren.\u00a0 [\/vc_column_text][vc_column_text] City E-Bike und E-Trekkingrad Neuheiten 2024 \u00a0 Riese &amp; M\u00fcller Culture\u00a0 Riese &amp; M\u00fcller stellt mit dem Culture ein E-Bike vor, das sich durch sein minimalistisches Design, geringes Gewicht und moderne Technologie auszeichnet &#8211; und damit perfekt [&hellip;]<\/p>\n","protected":false},"author":29,"featured_media":33640,"comment_status":"open","ping_status":"open","sticky":false,"template":"","format":"standard","meta":[],"categories":[30],"tags":[],"yoast_head":"<!-- This site is optimized with the Yoast SEO plugin v19.10 - https:\/\/yoast.com\/wordpress\/plugins\/seo\/ -->\n<title>E-Bike Neuheiten 2024: Trends, neue Modelle und echte Highlights<\/title>\n<meta name=\"description\" content=\"E-Bike Neuheiten 2024 - Die neuesten E-Rennr\u00e4der, E-MTBs und E-City-Bikes f\u00fcr deine n\u00e4chste Tour \u00a0\u261d Fahrrad XXL Blog \u27a4 Entdecke unsere Highlights!\" \/>\n<meta name=\"robots\" content=\"index, follow, max-snippet:-1, max-image-preview:large, max-video-preview:-1\" \/>\n<link rel=\"canonical\" href=\"https:\/\/www.fahrrad-xxl.de\/blog\/e-bike-neuheiten\/\" \/>\n<meta property=\"og:locale\" content=\"de_DE\" \/>\n<meta property=\"og:type\" content=\"article\" \/>\n<meta property=\"og:title\" content=\"E-Bike Neuheiten 2024: Trends, neue Modelle und echte Highlights\" \/>\n<meta property=\"og:description\" content=\"E-Bike Neuheiten 2024 - Die neuesten E-Rennr\u00e4der, E-MTBs und E-City-Bikes f\u00fcr deine n\u00e4chste Tour \u00a0\u261d Fahrrad XXL Blog \u27a4 Entdecke unsere Highlights!\" \/>\n<meta property=\"og:url\" content=\"https:\/\/www.fahrrad-xxl.de\/blog\/e-bike-neuheiten\/\" \/>\n<meta property=\"og:site_name\" content=\"Fahrrad XXL Blog\" \/>\n<meta property=\"article:publisher\" content=\"https:\/\/www.facebook.com\/FahrradXXL\" \/>\n<meta property=\"article:published_time\" content=\"2023-11-06T13:16:14+00:00\" \/>\n<meta property=\"article:modified_time\" content=\"2025-03-05T13:30:41+00:00\" \/>\n<meta property=\"og:image\" content=\"https:\/\/www.fahrrad-xxl.de\/blog\/wp-content\/uploads\/2023\/02\/E-Bike-Neuheiten-2024.jpg\" \/>\n\t<meta property=\"og:image:width\" content=\"2100\" \/>\n\t<meta property=\"og:image:height\" content=\"1400\" \/>\n\t<meta property=\"og:image:type\" content=\"image\/jpeg\" \/>\n<meta name=\"author\" content=\"Alicia\" \/>\n<meta name=\"twitter:card\" content=\"summary_large_image\" \/>\n<meta name=\"twitter:label1\" content=\"Verfasst von\" \/>\n\t<meta name=\"twitter:data1\" content=\"Alicia\" \/>\n\t<meta name=\"twitter:label2\" content=\"Gesch\u00e4tzte Lesezeit\" \/>\n\t<meta name=\"twitter:data2\" content=\"35\u00a0Minuten\" \/>\n<script type=\"application\/ld+json\" class=\"yoast-schema-graph\">{\"@context\":\"https:\/\/schema.org\",\"@graph\":[{\"@type\":\"Article\",\"@id\":\"https:\/\/www.fahrrad-xxl.de\/blog\/e-bike-neuheiten\/#article\",\"isPartOf\":{\"@id\":\"https:\/\/www.fahrrad-xxl.de\/blog\/e-bike-neuheiten\/\"},\"author\":{\"name\":\"Alicia\",\"@id\":\"https:\/\/www.fahrrad-xxl.de\/blog\/#\/schema\/person\/f4b754915dd65ad37f37994cdd21b14a\"},\"headline\":\"E-Bike Neuheiten 2024: Trends und Highlights der Saison\",\"datePublished\":\"2023-11-06T13:16:14+00:00\",\"dateModified\":\"2025-03-05T13:30:41+00:00\",\"mainEntityOfPage\":{\"@id\":\"https:\/\/www.fahrrad-xxl.de\/blog\/e-bike-neuheiten\/\"},\"wordCount\":6932,\"commentCount\":0,\"publisher\":{\"@id\":\"https:\/\/www.fahrrad-xxl.de\/blog\/#organization\"},\"articleSection\":[\"E-Bike\"],\"inLanguage\":\"de\",\"potentialAction\":[{\"@type\":\"CommentAction\",\"name\":\"Comment\",\"target\":[\"https:\/\/www.fahrrad-xxl.de\/blog\/e-bike-neuheiten\/#respond\"]}]},{\"@type\":\"WebPage\",\"@id\":\"https:\/\/www.fahrrad-xxl.de\/blog\/e-bike-neuheiten\/\",\"url\":\"https:\/\/www.fahrrad-xxl.de\/blog\/e-bike-neuheiten\/\",\"name\":\"E-Bike Neuheiten 2024: Trends, neue Modelle und echte Highlights\",\"isPartOf\":{\"@id\":\"https:\/\/www.fahrrad-xxl.de\/blog\/#website\"},\"datePublished\":\"2023-11-06T13:16:14+00:00\",\"dateModified\":\"2025-03-05T13:30:41+00:00\",\"description\":\"E-Bike Neuheiten 2024 - Die neuesten E-Rennr\u00e4der, E-MTBs und E-City-Bikes f\u00fcr deine n\u00e4chste Tour \u00a0\u261d Fahrrad XXL Blog \u27a4 Entdecke unsere Highlights!\",\"breadcrumb\":{\"@id\":\"https:\/\/www.fahrrad-xxl.de\/blog\/e-bike-neuheiten\/#breadcrumb\"},\"inLanguage\":\"de\",\"potentialAction\":[{\"@type\":\"ReadAction\",\"target\":[\"https:\/\/www.fahrrad-xxl.de\/blog\/e-bike-neuheiten\/\"]}]},{\"@type\":\"BreadcrumbList\",\"@id\":\"https:\/\/www.fahrrad-xxl.de\/blog\/e-bike-neuheiten\/#breadcrumb\",\"itemListElement\":[{\"@type\":\"ListItem\",\"position\":1,\"name\":\"Startseite\",\"item\":\"https:\/\/www.fahrrad-xxl.de\/blog\/\"},{\"@type\":\"ListItem\",\"position\":2,\"name\":\"E-Bike Neuheiten 2024: Trends und Highlights der Saison\"}]},{\"@type\":\"WebSite\",\"@id\":\"https:\/\/www.fahrrad-xxl.de\/blog\/#website\",\"url\":\"https:\/\/www.fahrrad-xxl.de\/blog\/\",\"name\":\"Fahrrad XXL Blog\",\"description\":\"Erleben | Testen | Losfahren\",\"publisher\":{\"@id\":\"https:\/\/www.fahrrad-xxl.de\/blog\/#organization\"},\"potentialAction\":[{\"@type\":\"SearchAction\",\"target\":{\"@type\":\"EntryPoint\",\"urlTemplate\":\"https:\/\/www.fahrrad-xxl.de\/blog\/?s={search_term_string}\"},\"query-input\":\"required name=search_term_string\"}],\"inLanguage\":\"de\"},{\"@type\":\"Organization\",\"@id\":\"https:\/\/www.fahrrad-xxl.de\/blog\/#organization\",\"name\":\"Fahrrad XXL\",\"url\":\"https:\/\/www.fahrrad-xxl.de\/blog\/\",\"logo\":{\"@type\":\"ImageObject\",\"inLanguage\":\"de\",\"@id\":\"https:\/\/www.fahrrad-xxl.de\/blog\/#\/schema\/logo\/image\/\",\"url\":\"https:\/\/www.fahrrad-xxl.de\/blog\/wp-content\/uploads\/2018\/03\/FXXL-Blog-Logo-100-c.png\",\"contentUrl\":\"https:\/\/www.fahrrad-xxl.de\/blog\/wp-content\/uploads\/2018\/03\/FXXL-Blog-Logo-100-c.png\",\"width\":450,\"height\":100,\"caption\":\"Fahrrad XXL\"},\"image\":{\"@id\":\"https:\/\/www.fahrrad-xxl.de\/blog\/#\/schema\/logo\/image\/\"},\"sameAs\":[\"https:\/\/www.instagram.com\/fahrradxxl\",\"https:\/\/www.youtube.com\/user\/FahrradXXLde\",\"https:\/\/www.tiktok.com\/@fahrrad_xxl\",\"https:\/\/www.facebook.com\/FahrradXXL\"]},{\"@type\":\"Person\",\"@id\":\"https:\/\/www.fahrrad-xxl.de\/blog\/#\/schema\/person\/f4b754915dd65ad37f37994cdd21b14a\",\"name\":\"Alicia\",\"description\":\"F\u00e4hrt gerne:\u00a0Stra\u00dfe, Feldwege Bikes:\u00a0Cube Nuroad, Bianchi Aria Lieblings-Radrevier: Mallorca und Taunus\",\"sameAs\":[\"a.frey@fahrrad-xxl.de\"],\"url\":\"https:\/\/www.fahrrad-xxl.de\/blog\/author\/a-freyfahrrad-xxl-de\/\"}]}<\/script>\n<!-- \/ Yoast SEO plugin. -->","yoast_head_json":{"title":"E-Bike Neuheiten 2024: Trends, neue Modelle und echte Highlights","description":"E-Bike Neuheiten 2024 - Die neuesten E-Rennr\u00e4der, E-MTBs und E-City-Bikes f\u00fcr deine n\u00e4chste Tour \u00a0\u261d Fahrrad XXL Blog \u27a4 Entdecke unsere Highlights!","robots":{"index":"index","follow":"follow","max-snippet":"max-snippet:-1","max-image-preview":"max-image-preview:large","max-video-preview":"max-video-preview:-1"},"canonical":"https:\/\/www.fahrrad-xxl.de\/blog\/e-bike-neuheiten\/","og_locale":"de_DE","og_type":"article","og_title":"E-Bike Neuheiten 2024: Trends, neue Modelle und echte Highlights","og_description":"E-Bike Neuheiten 2024 - Die neuesten E-Rennr\u00e4der, E-MTBs und E-City-Bikes f\u00fcr deine n\u00e4chste Tour \u00a0\u261d Fahrrad XXL Blog \u27a4 Entdecke unsere Highlights!","og_url":"https:\/\/www.fahrrad-xxl.de\/blog\/e-bike-neuheiten\/","og_site_name":"Fahrrad XXL Blog","article_publisher":"https:\/\/www.facebook.com\/FahrradXXL","article_published_time":"2023-11-06T13:16:14+00:00","article_modified_time":"2025-03-05T13:30:41+00:00","og_image":[{"width":2100,"height":1400,"url":"https:\/\/www.fahrrad-xxl.de\/blog\/wp-content\/uploads\/2023\/02\/E-Bike-Neuheiten-2024.jpg","type":"image\/jpeg"}],"author":"Alicia","twitter_card":"summary_large_image","twitter_misc":{"Verfasst von":"Alicia","Gesch\u00e4tzte Lesezeit":"35\u00a0Minuten"},"schema":{"@context":"https:\/\/schema.org","@graph":[{"@type":"Article","@id":"https:\/\/www.fahrrad-xxl.de\/blog\/e-bike-neuheiten\/#article","isPartOf":{"@id":"https:\/\/www.fahrrad-xxl.de\/blog\/e-bike-neuheiten\/"},"author":{"name":"Alicia","@id":"https:\/\/www.fahrrad-xxl.de\/blog\/#\/schema\/person\/f4b754915dd65ad37f37994cdd21b14a"},"headline":"E-Bike Neuheiten 2024: Trends und Highlights der Saison","datePublished":"2023-11-06T13:16:14+00:00","dateModified":"2025-03-05T13:30:41+00:00","mainEntityOfPage":{"@id":"https:\/\/www.fahrrad-xxl.de\/blog\/e-bike-neuheiten\/"},"wordCount":6932,"commentCount":0,"publisher":{"@id":"https:\/\/www.fahrrad-xxl.de\/blog\/#organization"},"articleSection":["E-Bike"],"inLanguage":"de","potentialAction":[{"@type":"CommentAction","name":"Comment","target":["https:\/\/www.fahrrad-xxl.de\/blog\/e-bike-neuheiten\/#respond"]}]},{"@type":"WebPage","@id":"https:\/\/www.fahrrad-xxl.de\/blog\/e-bike-neuheiten\/","url":"https:\/\/www.fahrrad-xxl.de\/blog\/e-bike-neuheiten\/","name":"E-Bike Neuheiten 2024: Trends, neue Modelle und echte Highlights","isPartOf":{"@id":"https:\/\/www.fahrrad-xxl.de\/blog\/#website"},"datePublished":"2023-11-06T13:16:14+00:00","dateModified":"2025-03-05T13:30:41+00:00","description":"E-Bike Neuheiten 2024 - Die neuesten E-Rennr\u00e4der, E-MTBs und E-City-Bikes f\u00fcr deine n\u00e4chste Tour \u00a0\u261d Fahrrad XXL Blog \u27a4 Entdecke unsere Highlights!","breadcrumb":{"@id":"https:\/\/www.fahrrad-xxl.de\/blog\/e-bike-neuheiten\/#breadcrumb"},"inLanguage":"de","potentialAction":[{"@type":"ReadAction","target":["https:\/\/www.fahrrad-xxl.de\/blog\/e-bike-neuheiten\/"]}]},{"@type":"BreadcrumbList","@id":"https:\/\/www.fahrrad-xxl.de\/blog\/e-bike-neuheiten\/#breadcrumb","itemListElement":[{"@type":"ListItem","position":1,"name":"Startseite","item":"https:\/\/www.fahrrad-xxl.de\/blog\/"},{"@type":"ListItem","position":2,"name":"E-Bike Neuheiten 2024: Trends und Highlights der Saison"}]},{"@type":"WebSite","@id":"https:\/\/www.fahrrad-xxl.de\/blog\/#website","url":"https:\/\/www.fahrrad-xxl.de\/blog\/","name":"Fahrrad XXL Blog","description":"Erleben | Testen | Losfahren","publisher":{"@id":"https:\/\/www.fahrrad-xxl.de\/blog\/#organization"},"potentialAction":[{"@type":"SearchAction","target":{"@type":"EntryPoint","urlTemplate":"https:\/\/www.fahrrad-xxl.de\/blog\/?s={search_term_string}"},"query-input":"required name=search_term_string"}],"inLanguage":"de"},{"@type":"Organization","@id":"https:\/\/www.fahrrad-xxl.de\/blog\/#organization","name":"Fahrrad XXL","url":"https:\/\/www.fahrrad-xxl.de\/blog\/","logo":{"@type":"ImageObject","inLanguage":"de","@id":"https:\/\/www.fahrrad-xxl.de\/blog\/#\/schema\/logo\/image\/","url":"https:\/\/www.fahrrad-xxl.de\/blog\/wp-content\/uploads\/2018\/03\/FXXL-Blog-Logo-100-c.png","contentUrl":"https:\/\/www.fahrrad-xxl.de\/blog\/wp-content\/uploads\/2018\/03\/FXXL-Blog-Logo-100-c.png","width":450,"height":100,"caption":"Fahrrad XXL"},"image":{"@id":"https:\/\/www.fahrrad-xxl.de\/blog\/#\/schema\/logo\/image\/"},"sameAs":["https:\/\/www.instagram.com\/fahrradxxl","https:\/\/www.youtube.com\/user\/FahrradXXLde","https:\/\/www.tiktok.com\/@fahrrad_xxl","https:\/\/www.facebook.com\/FahrradXXL"]},{"@type":"Person","@id":"https:\/\/www.fahrrad-xxl.de\/blog\/#\/schema\/person\/f4b754915dd65ad37f37994cdd21b14a","name":"Alicia","description":"F\u00e4hrt gerne:\u00a0Stra\u00dfe, Feldwege Bikes:\u00a0Cube Nuroad, Bianchi Aria Lieblings-Radrevier: Mallorca und Taunus","sameAs":["a.frey@fahrrad-xxl.de"],"url":"https:\/\/www.fahrrad-xxl.de\/blog\/author\/a-freyfahrrad-xxl-de\/"}]}},"_links":{"self":[{"href":"https:\/\/www.fahrrad-xxl.de\/blog\/wp-json\/wp\/v2\/posts\/27608"}],"collection":[{"href":"https:\/\/www.fahrrad-xxl.de\/blog\/wp-json\/wp\/v2\/posts"}],"about":[{"href":"https:\/\/www.fahrrad-xxl.de\/blog\/wp-json\/wp\/v2\/types\/post"}],"author":[{"embeddable":true,"href":"https:\/\/www.fahrrad-xxl.de\/blog\/wp-json\/wp\/v2\/users\/29"}],"replies":[{"embeddable":true,"href":"https:\/\/www.fahrrad-xxl.de\/blog\/wp-json\/wp\/v2\/comments?post=27608"}],"version-history":[{"count":3,"href":"https:\/\/www.fahrrad-xxl.de\/blog\/wp-json\/wp\/v2\/posts\/27608\/revisions"}],"predecessor-version":[{"id":33654,"href":"https:\/\/www.fahrrad-xxl.de\/blog\/wp-json\/wp\/v2\/posts\/27608\/revisions\/33654"}],"wp:featuredmedia":[{"embeddable":true,"href":"https:\/\/www.fahrrad-xxl.de\/blog\/wp-json\/wp\/v2\/media\/33640"}],"wp:attachment":[{"href":"https:\/\/www.fahrrad-xxl.de\/blog\/wp-json\/wp\/v2\/media?parent=27608"}],"wp:term":[{"taxonomy":"category","embeddable":true,"href":"https:\/\/www.fahrrad-xxl.de\/blog\/wp-json\/wp\/v2\/categories?post=27608"},{"taxonomy":"post_tag","embeddable":true,"href":"https:\/\/www.fahrrad-xxl.de\/blog\/wp-json\/wp\/v2\/tags?post=27608"}],"curies":[{"name":"wp","href":"https:\/\/api.w.org\/{rel}","templated":true}]}}