{"id":29501,"date":"2026-03-23T18:15:08","date_gmt":"2026-03-23T17:15:08","guid":{"rendered":"https:\/\/www.fahrrad-xxl.de\/blog\/?p=29501"},"modified":"2026-03-30T14:45:21","modified_gmt":"2026-03-30T12:45:21","slug":"cube-bikes-neuheiten","status":"publish","type":"post","link":"https:\/\/www.fahrrad-xxl.de\/blog\/cube-bikes-neuheiten\/","title":{"rendered":"Cube Neuheiten 2026 &#8211; Alle Infos &#038; Highlights der neuen (E-)Bikes"},"content":{"rendered":"<section class=\"wpb-content-wrapper\"><p>[vc_row][vc_column width=&#8220;1\/1&#8243;]<div class=\"spacer\" style=\"height: 40px;\"><\/div>[vc_column_text]<span data-contrast=\"auto\">Kein kompletter Neustart, sondern eine clevere Weiterentwicklung: Cube 2026 setzt gezielt dort an, wo es wirklich einen Unterschied macht.\u00a0Die wichtigsten Neuerungen im \u00dcberblick:<\/span><span data-ccp-props=\"{}\">\u00a0<\/span><\/p>\n<ul>\n<li aria-setsize=\"-1\" data-leveltext=\"\uf0b7\" data-font=\"Symbol\" data-listid=\"1\" data-list-defn-props=\"{&quot;335552541&quot;:1,&quot;335559685&quot;:720,&quot;335559991&quot;:360,&quot;469769226&quot;:&quot;Symbol&quot;,&quot;469769242&quot;:[8226],&quot;469777803&quot;:&quot;left&quot;,&quot;469777804&quot;:&quot;\uf0b7&quot;,&quot;469777815&quot;:&quot;hybridMultilevel&quot;}\" data-aria-posinset=\"1\" data-aria-level=\"1\"><span data-contrast=\"none\"><strong>AMS Hybrid ONE77:<\/strong> Neues Enduro-E-Fully als eigenst\u00e4ndige Baureihe<\/span><span data-ccp-props=\"{&quot;134245418&quot;:true,&quot;134245529&quot;:true,&quot;335559738&quot;:40,&quot;335559739&quot;:0}\">\u00a0<\/span><\/li>\n<\/ul>\n<ul>\n<li aria-setsize=\"-1\" data-leveltext=\"\uf0b7\" data-font=\"Symbol\" data-listid=\"1\" data-list-defn-props=\"{&quot;335552541&quot;:1,&quot;335559685&quot;:720,&quot;335559991&quot;:360,&quot;469769226&quot;:&quot;Symbol&quot;,&quot;469769242&quot;:[8226],&quot;469777803&quot;:&quot;left&quot;,&quot;469777804&quot;:&quot;\uf0b7&quot;,&quot;469777815&quot;:&quot;hybridMultilevel&quot;}\" data-aria-posinset=\"2\" data-aria-level=\"1\"><span data-contrast=\"none\"><strong>Kathmandu Hybrid ONE11:<\/strong> Erstes\u00a0Fullsuspension-Trekkingbike von Cube \u00fcberhaupt<\/span><span data-ccp-props=\"{&quot;134245418&quot;:true,&quot;134245529&quot;:true,&quot;335559738&quot;:40,&quot;335559739&quot;:0}\">\u00a0<\/span><\/li>\n<\/ul>\n<ul>\n<li aria-setsize=\"-1\" data-leveltext=\"\uf0b7\" data-font=\"Symbol\" data-listid=\"1\" data-list-defn-props=\"{&quot;335552541&quot;:1,&quot;335559685&quot;:720,&quot;335559991&quot;:360,&quot;469769226&quot;:&quot;Symbol&quot;,&quot;469769242&quot;:[8226],&quot;469777803&quot;:&quot;left&quot;,&quot;469777804&quot;:&quot;\uf0b7&quot;,&quot;469777815&quot;:&quot;hybridMultilevel&quot;}\" data-aria-posinset=\"3\" data-aria-level=\"1\"><span data-contrast=\"none\"><strong>Nuroad\u00a0HPA komplett neu:<\/strong> Smooth Welding, integrierte Sattelklemme, saubereres Kabelrouting<\/span><span data-ccp-props=\"{&quot;134245418&quot;:true,&quot;134245529&quot;:true,&quot;335559738&quot;:40,&quot;335559739&quot;:0}\">\u00a0<\/span><\/li>\n<\/ul>\n<ul>\n<li aria-setsize=\"-1\" data-leveltext=\"\uf0b7\" data-font=\"Symbol\" data-listid=\"1\" data-list-defn-props=\"{&quot;335552541&quot;:1,&quot;335559685&quot;:720,&quot;335559991&quot;:360,&quot;469769226&quot;:&quot;Symbol&quot;,&quot;469769242&quot;:[8226],&quot;469777803&quot;:&quot;left&quot;,&quot;469777804&quot;:&quot;\uf0b7&quot;,&quot;469777815&quot;:&quot;hybridMultilevel&quot;}\" data-aria-posinset=\"4\" data-aria-level=\"1\"><span data-contrast=\"none\"><strong>Phenix\u00a0C:68X:<\/strong> Brandneue XC-Hardtail-Baureihe &#8211; Gewichte ab 8,7 kg<\/span><span data-ccp-props=\"{&quot;134245418&quot;:true,&quot;134245529&quot;:true,&quot;335559738&quot;:40,&quot;335559739&quot;:0}\">\u00a0<\/span><\/li>\n<\/ul>\n<ul>\n<li aria-setsize=\"-1\" data-leveltext=\"\uf0b7\" data-font=\"Symbol\" data-listid=\"1\" data-list-defn-props=\"{&quot;335552541&quot;:1,&quot;335559685&quot;:720,&quot;335559991&quot;:360,&quot;469769226&quot;:&quot;Symbol&quot;,&quot;469769242&quot;:[8226],&quot;469777803&quot;:&quot;left&quot;,&quot;469777804&quot;:&quot;\uf0b7&quot;,&quot;469777815&quot;:&quot;hybridMultilevel&quot;}\" data-aria-posinset=\"5\" data-aria-level=\"1\"><span data-contrast=\"none\"><strong>Litening\u00a0AIR C:68X:<\/strong> Neues Aero-Cockpit f\u00fcr bis zu 8 Watt Leistungsersparnis<\/span><span data-ccp-props=\"{&quot;134245418&quot;:true,&quot;134245529&quot;:true,&quot;335559738&quot;:40,&quot;335559739&quot;:0}\">\u00a0<\/span><\/li>\n<\/ul>\n<ul>\n<li aria-setsize=\"-1\" data-leveltext=\"\uf0b7\" data-font=\"Symbol\" data-listid=\"1\" data-list-defn-props=\"{&quot;335552541&quot;:1,&quot;335559685&quot;:720,&quot;335559991&quot;:360,&quot;469769226&quot;:&quot;Symbol&quot;,&quot;469769242&quot;:[8226],&quot;469777803&quot;:&quot;left&quot;,&quot;469777804&quot;:&quot;\uf0b7&quot;,&quot;469777815&quot;:&quot;hybridMultilevel&quot;}\" data-aria-posinset=\"6\" data-aria-level=\"1\"><span data-contrast=\"none\"><strong>Bosch ABS Pro<\/strong> jetzt auch an\u00a0Hardtails\u00a0(Reaction\u00a0Hybrid) und mehr Fully-Modellen<\/span><span data-ccp-props=\"{&quot;134245418&quot;:true,&quot;134245529&quot;:true,&quot;335559738&quot;:40,&quot;335559739&quot;:0}\">\u00a0<\/span><\/li>\n<\/ul>\n<ul>\n<li aria-setsize=\"-1\" data-leveltext=\"\uf0b7\" data-font=\"Symbol\" data-listid=\"1\" data-list-defn-props=\"{&quot;335552541&quot;:1,&quot;335559685&quot;:720,&quot;335559991&quot;:360,&quot;469769226&quot;:&quot;Symbol&quot;,&quot;469769242&quot;:[8226],&quot;469777803&quot;:&quot;left&quot;,&quot;469777804&quot;:&quot;\uf0b7&quot;,&quot;469777815&quot;:&quot;hybridMultilevel&quot;}\" data-aria-posinset=\"7\" data-aria-level=\"1\"><span data-contrast=\"none\"><strong>Agree-Serie:<\/strong> Powermeter ab Werk &#8211; bereits ab der\u00a0Race-Version<\/span><\/li>\n<\/ul>\n<p><span data-contrast=\"auto\">Alle Highlights, Topseller und Neuheiten der<\/span><span class=\"NormalTextRun SCXW137410229 BCX0\">\u00a0<a href=\"https:\/\/www.fahrrad-xxl.de\/marken\/cube\/saison.2026\/\">Cube Bikes 2026<\/a><\/span><span class=\"NormalTextRun SCXW137410229 BCX0\">\u00a0findest du hier!<\/span><\/p>\n<p><span data-ccp-props=\"{&quot;201341983&quot;:0,&quot;335551550&quot;:0,&quot;335551620&quot;:0,&quot;335559739&quot;:160,&quot;335559740&quot;:259}\">\u00a0<\/span><\/p>\n<div id=\"attachment_34124\" style=\"width: 1930px\" class=\"wp-caption aligncenter\"><img aria-describedby=\"caption-attachment-34124\" decoding=\"async\" loading=\"lazy\" class=\"wp-image-34124 size-full\" src=\"https:\/\/www.fahrrad-xxl.de\/blog\/wp-content\/uploads\/2026\/03\/Cube_2025_30_03043-1.jpg\" alt=\"Cube AMS Hybrid ONE77 2026\" width=\"1920\" height=\"1280\" srcset=\"https:\/\/www.fahrrad-xxl.de\/blog\/wp-content\/uploads\/2026\/03\/Cube_2025_30_03043-1.jpg 1920w, https:\/\/www.fahrrad-xxl.de\/blog\/wp-content\/uploads\/2026\/03\/Cube_2025_30_03043-1-300x200.jpg 300w, https:\/\/www.fahrrad-xxl.de\/blog\/wp-content\/uploads\/2026\/03\/Cube_2025_30_03043-1-1024x683.jpg 1024w, https:\/\/www.fahrrad-xxl.de\/blog\/wp-content\/uploads\/2026\/03\/Cube_2025_30_03043-1-768x512.jpg 768w, https:\/\/www.fahrrad-xxl.de\/blog\/wp-content\/uploads\/2026\/03\/Cube_2025_30_03043-1-1536x1024.jpg 1536w, https:\/\/www.fahrrad-xxl.de\/blog\/wp-content\/uploads\/2026\/03\/Cube_2025_30_03043-1-600x400.jpg 600w\" sizes=\"(max-width: 1920px) 100vw, 1920px\" \/><p id=\"caption-attachment-34124\" class=\"wp-caption-text\">Cube AMS Hybrid ONE77 2026<\/p><\/div>\n<p>[\/vc_column_text][\/vc_column][\/vc_row][vc_row][vc_column width=&#8220;1\/6&#8243;][\/vc_column][vc_column width=&#8220;2\/3&#8243;]<a href=\"https:\/\/www.fahrrad-xxl.de\/marken\/cube\/saison.2026\/\" target=\"_self\" class=\"button button-appear custom large \" style=\"background-color: #a82323; border-color: #a82323;border-radius: 30px;\"><span>Entdecke unsere Cube Bikes 2026<i class='fa fas fa-chevron-circle-right'><\/i><\/span><\/a>[\/vc_column][vc_column width=&#8220;1\/6&#8243;][\/vc_column][\/vc_row][vc_row][vc_column width=&#8220;1\/1&#8243;]<div class=\"spacer\" style=\"height: 40px;\"><\/div>[vc_column_text]<\/p>\n<h2 aria-level=\"3\"><span class=\"ez-toc-section\" id=\"cube-ams-hybrid-one77-c-62-super-tm-600x-das-neue-e-enduro-von-cube\"><\/span><b><span data-contrast=\"none\"><span class=\"TextRun SCXW266459209 BCX0\" lang=\"EN-US\" xml:lang=\"EN-US\" data-contrast=\"none\"><span class=\"NormalTextRun SCXW266459209 BCX0\" data-ccp-parastyle=\"heading 2\">Cube AMS Hybrid ONE77 C:62 SUPER TM 600X<\/span><span class=\"NormalTextRun SCXW266459209 BCX0\" data-ccp-parastyle=\"heading 2\"> das neue E-Enduro von Cube<\/span><\/span><\/span><\/b><span data-ccp-props=\"{&quot;134233117&quot;:false,&quot;134233118&quot;:false,&quot;134245418&quot;:true,&quot;134245529&quot;:true,&quot;335559738&quot;:281,&quot;335559739&quot;:281}\">\u00a0<\/span><span class=\"ez-toc-section-end\"><\/span><\/h2>\n<div id=\"attachment_34106\" style=\"width: 1129px\" class=\"wp-caption aligncenter\"><img aria-describedby=\"caption-attachment-34106\" decoding=\"async\" loading=\"lazy\" class=\"wp-image-34106 size-full\" src=\"https:\/\/www.fahrrad-xxl.de\/blog\/wp-content\/uploads\/2024\/12\/Cube-AMS-Hybrid-ONE77-C62-Super-TM-600X.jpg\" alt=\"Cube AMS Hybrid ONE77 C:62 SUPER TM 600X - 600 Wh - 29 - 27,5 Zoll - Fully\" width=\"1119\" height=\"689\" srcset=\"https:\/\/www.fahrrad-xxl.de\/blog\/wp-content\/uploads\/2024\/12\/Cube-AMS-Hybrid-ONE77-C62-Super-TM-600X.jpg 1119w, https:\/\/www.fahrrad-xxl.de\/blog\/wp-content\/uploads\/2024\/12\/Cube-AMS-Hybrid-ONE77-C62-Super-TM-600X-300x185.jpg 300w, https:\/\/www.fahrrad-xxl.de\/blog\/wp-content\/uploads\/2024\/12\/Cube-AMS-Hybrid-ONE77-C62-Super-TM-600X-1024x631.jpg 1024w, https:\/\/www.fahrrad-xxl.de\/blog\/wp-content\/uploads\/2024\/12\/Cube-AMS-Hybrid-ONE77-C62-Super-TM-600X-768x473.jpg 768w\" sizes=\"(max-width: 1119px) 100vw, 1119px\" \/><p id=\"caption-attachment-34106\" class=\"wp-caption-text\">Cube AMS Hybrid ONE77 C:62 SUPER TM 600X<\/p><\/div>\n<p><span data-contrast=\"auto\"><strong>Brandneu in der Cube-Familie: Die AMS Hybrid ONE77 Serie 2026<\/strong> tritt als eigenst\u00e4ndige Baureihe an und positioniert sich als alpentaugliches <strong>E-Enduro mit Renn-DNA<\/strong>. 170 mm Federweg, aggressive Geometrie, Mullet-Setup (29 Zoll vorne, 27,5 Zoll hinten) &#8211; und dank <strong>Carbon-Rahmen und kompaktem Akku<\/strong> sp\u00fcrbar leichter als das Stereo ONE77. Das AMS Hybrid ist kein schweres Tourenbike, sondern ein echtes Enduro: bergauf unterst\u00fctzt es kraftvoll, bergab l\u00e4sst es v\u00f6llig vergessen, dass ein Motor an Bord ist.<\/span><span data-ccp-props=\"{}\">\u00a0<\/span><\/p>\n<p><span data-contrast=\"auto\">Das Topmodell der neuen AMS-Baureihe, das <a class=\"Hyperlink SCXW126778486 BCX0\" href=\"https:\/\/www.fahrrad-xxl.de\/cube-ams-hybrid-one77-c-62-super-tm-600x-m000104569\" target=\"_blank\" rel=\"noreferrer noopener\"><span class=\"TextRun Underlined SCXW126778486 BCX0\" lang=\"EN-US\" xml:lang=\"EN-US\" data-contrast=\"none\"><span class=\"NormalTextRun SCXW126778486 BCX0\" data-ccp-charstyle=\"Hyperlink\">Cube AMS Hybrid ONE77 C:62 SUPER TM 600X 2026<\/span><\/span><\/a> setzt konsequent auf maximale Performance. Der <strong>Bosch Performance Line CX-R<\/strong> liefert <strong>100\u00a0Nm\u00a0Drehmomen<\/strong>t und 750 W Spitzenleistung. Die<strong> Fox Podium Factory GRIPX2-Federgabel<\/strong> mit vollst\u00e4ndig einstellbarer D\u00e4mpfertechnologie und der Fox\u00a0Float\u00a0X2 Factory D\u00e4mpfer sorgen f\u00fcr pr\u00e4zises Handling auf technischen Trails. <strong>Die SRAM XX Eagle AXS Transmission<\/strong> arbeitet elektronisch und pr\u00e4zise &#8211; auch unter maximaler Belastung. Trotz Fox-Podium-Federgabel und <strong>wuchtigen Continental Downhill-Reifen<\/strong> wiegt das Bike sensationelle <strong>21,7 kg.<\/strong><\/span><strong>\u00a0<\/strong><\/p>\n<p aria-level=\"3\"><strong>Features im \u00dcberblick:\u00a0<\/strong><\/p>\n<ul>\n<li aria-level=\"7\"><span data-contrast=\"none\"><strong>Preis:<\/strong> 9.999 EUR UVP<\/span><span data-ccp-props=\"{&quot;134245418&quot;:true,&quot;134245529&quot;:true,&quot;335559738&quot;:40,&quot;335559739&quot;:0}\">\u00a0<\/span><\/li>\n<li aria-level=\"7\"><span data-contrast=\"none\"><strong>Motor:<\/strong> Bosch Performance Line CX-R, 100\u00a0Nm, 750 W Spitzenleistung<\/span><span data-ccp-props=\"{&quot;134245418&quot;:true,&quot;134245529&quot;:true,&quot;335559738&quot;:40,&quot;335559739&quot;:0}\">\u00a0<\/span><\/li>\n<li aria-level=\"7\"><span data-contrast=\"none\"><strong>Akku:<\/strong> Bosch\u00a0PowerTube\u00a0600 Wh, fest integriert<\/span><span data-ccp-props=\"{&quot;134245418&quot;:true,&quot;134245529&quot;:true,&quot;335559738&quot;:40,&quot;335559739&quot;:0}\">\u00a0<\/span><\/li>\n<li aria-level=\"7\"><span data-contrast=\"none\"><strong>Rahmen:<\/strong> C:62 Monocoque Carbon, FSP 4-Link, Agile Trail Geometry<\/span><span data-ccp-props=\"{&quot;134245418&quot;:true,&quot;134245529&quot;:true,&quot;335559738&quot;:40,&quot;335559739&quot;:0}\">\u00a0<\/span><\/li>\n<li aria-level=\"7\"><span data-contrast=\"none\"><strong>Federweg:<\/strong> 170 mm vorn und hinten<\/span><span data-ccp-props=\"{&quot;134245418&quot;:true,&quot;134245529&quot;:true,&quot;335559738&quot;:40,&quot;335559739&quot;:0}\">\u00a0<\/span><\/li>\n<li aria-level=\"7\"><span data-contrast=\"none\"><strong>Federgabel:<\/strong> Fox Podium Factory GRIPX2<\/span><span data-ccp-props=\"{&quot;134245418&quot;:true,&quot;134245529&quot;:true,&quot;335559738&quot;:40,&quot;335559739&quot;:0}\">\u00a0<\/span><\/li>\n<li aria-level=\"7\"><span data-contrast=\"none\"><strong>Schaltung:<\/strong> SRAM XX Eagle AXS Transmission, 12-fach elektronisch<\/span><span data-ccp-props=\"{&quot;134245418&quot;:true,&quot;134245529&quot;:true,&quot;335559738&quot;:40,&quot;335559739&quot;:0}\">\u00a0<\/span><\/li>\n<li aria-level=\"7\"><span data-contrast=\"none\"><strong>Bremsen:<\/strong> SRAM Maven Ultimate, 200\/200 mm Scheiben<\/span><span data-ccp-props=\"{&quot;134245418&quot;:true,&quot;134245529&quot;:true,&quot;335559738&quot;:40,&quot;335559739&quot;:0}\">\u00a0<\/span><\/li>\n<li aria-level=\"7\"><span data-contrast=\"none\"><strong>Reifen:<\/strong> Continental\u00a0Argotal\u00a0(vorn) \/ Kryptotal\u00a0Rear\u00a0DH Soft (hinten), 2.4 Zoll TLR<\/span><span data-ccp-props=\"{&quot;134245418&quot;:true,&quot;134245529&quot;:true,&quot;335559738&quot;:40,&quot;335559739&quot;:0}\">\u00a0<\/span><\/li>\n<li aria-level=\"7\"><span data-contrast=\"none\"><strong>Gewicht:<\/strong> 21,7 kg | Systemgewicht: max. 135 kg<\/span><span data-ccp-props=\"{&quot;134245418&quot;:true,&quot;134245529&quot;:true,&quot;335559738&quot;:40,&quot;335559739&quot;:0}\">\u00a0<\/span><\/li>\n<li aria-level=\"7\"><span data-contrast=\"none\"><strong>Rahmengr\u00f6\u00dfen:<\/strong> M, L, XL<\/span><span data-ccp-props=\"{&quot;134245418&quot;:true,&quot;134245529&quot;:true,&quot;335559738&quot;:40,&quot;335559739&quot;:0}\">\u00a0<\/span><\/li>\n<\/ul>\n<p><span data-contrast=\"auto\">F\u00fcr wen? <strong>Erfahrene Enduro- und All-Mountain-Fahrer<\/strong>, die keine Kompromisse eingehen wollen. Der bewusst kleinere <strong>600-Wh-Akku<\/strong> ist eine Entscheidung f\u00fcr weniger Gewicht und mehr Fahrspa\u00df bergab. Wer<strong> lange Touren<\/strong> mit maximalem Komfort sucht, greift besser zum <strong>Stereo Hybrid ONE77.<\/strong><\/span><strong>\u00a0<\/strong><\/p>\n<p aria-level=\"3\"><strong>Ebenfalls neu: Cube Stereo Hybrid und Cube\u00a0Reaction\u00a0Hybrid 2026<\/strong><span data-ccp-props=\"{&quot;134245418&quot;:true,&quot;134245529&quot;:true,&quot;335559738&quot;:160,&quot;335559739&quot;:80}\">\u00a0<\/span><\/p>\n<p><span data-contrast=\"auto\">Das Stereo Hybrid &#8211; das Herzst\u00fcck des Cube E-MTB-Angebots &#8211; wird 2026 konsequent modernisiert: Bosch ABS Pro ab dem AT-Modell serienm\u00e4\u00dfig, Shimano XT Di2\u00a0wireless\u00a0mit automatischem\u00a0eShift\u00a0und das Topmodell SLT mit dem neuen Bosch CX-R (100\u00a0Nm, 750 W). Das\u00a0Reaction\u00a0Hybrid bekommt als erstes E-Hardtail\u00a0\u00fcberhaupt Bosch ABS Gustav Pro &#8211; bisher war das den\u00a0Fullys\u00a0vorbehalten. Alle Modelle erhalten zus\u00e4tzlich X-Connect f\u00fcr einfaches Lichtnachr\u00fcsten.<\/span><span data-ccp-props=\"{}\">\u00a0<\/span><\/p>\n<p><strong><a class=\"Hyperlink SCXW259263577 BCX0\" href=\"https:\/\/www.fahrrad-xxl.de\/serie\/cube-stereo-hybrid\/saison.2026\/\" target=\"_blank\" rel=\"noreferrer noopener\"><span class=\"TextRun Underlined SCXW259263577 BCX0\" lang=\"DE-DE\" xml:lang=\"DE-DE\" data-contrast=\"none\"><span class=\"NormalTextRun SCXW259263577 BCX0\" data-ccp-charstyle=\"Hyperlink\">Cube Stereo Hybrid 2026 &#8211; alle Modelle<\/span><\/span><\/a><\/strong><\/p>\n<p><strong><a href=\"https:\/\/www.fahrrad-xxl.de\/serie\/cube-reaction-hybrid\/saison.2026\/\">Cube Reaction Hybrid 2026 &#8211; alle Modelle<\/a>\u00a0<\/strong>[\/vc_column_text][\/vc_column][\/vc_row][vc_row][vc_column width=&#8220;1\/6&#8243;][\/vc_column][vc_column width=&#8220;2\/3&#8243;]<a href=\"https:\/\/www.fahrrad-xxl.de\/serie\/cube-ams-hybrid-one77\/saison.2026\/\" target=\"_self\" class=\"button button-appear custom large \" style=\"background-color: #a82323; border-color: #a82323;border-radius: 30px;\"><span>Cube AMS Hybrid ONE77 2026 &#8211; alle Modelle<i class='fa fas fa-chevron-circle-right'><\/i><\/span><\/a>[\/vc_column][vc_column width=&#8220;1\/6&#8243;][\/vc_column][\/vc_row][vc_row][vc_column width=&#8220;1\/1&#8243;][vc_column_text]<div class=\"BorlabsCookie _brlbs-cb-youtube\"><div class=\"_brlbs-content-blocker\"> <div class=\"_brlbs-embed _brlbs-video-youtube\"> <img class=\"_brlbs-thumbnail\" src=\"https:\/\/www.fahrrad-xxl.de\/blog\/wp-content\/plugins\/borlabs-cookie\/assets\/images\/cb-no-thumbnail.png\" alt=\"YouTube\"> <div class=\"_brlbs-caption\"> <p>Mit dem Laden des Videos akzeptieren Sie die Datenschutzerkl\u00e4rung von YouTube.<br><a href=\"https:\/\/policies.google.com\/privacy\" target=\"_blank\" rel=\"nofollow noopener noreferrer\">Mehr erfahren<\/a><\/p> <p><a class=\"_brlbs-btn _brlbs-icon-play-white\" href=\"#\" data-borlabs-cookie-unblock role=\"button\">Video laden<\/a><\/p> <p><label><input type=\"checkbox\" name=\"unblockAll\" value=\"1\" checked> <small>YouTube immer entsperren<\/small><\/label><\/p> <\/div> <\/div> <\/div><div class=\"borlabs-hide\" data-borlabs-cookie-type=\"content-blocker\" data-borlabs-cookie-id=\"youtube\"><script type=\"text\/template\">PGlmcmFtZSBsb2FkaW5nPSJsYXp5IiB0aXRsZT0iWW91VHViZSB2aWRlbyBwbGF5ZXIiIHNyYz0iaHR0cHM6Ly93d3cueW91dHViZS1ub2Nvb2tpZS5jb20vZW1iZWQvcVJQamgzTTJCUzQiIHdpZHRoPSI4MDAiIGhlaWdodD0iNDUwIiBmcmFtZWJvcmRlcj0iMCIgYWxsb3dmdWxsc2NyZWVuPSJhbGxvd2Z1bGxzY3JlZW4iPjxzcGFuIGRhdGEtbWNlLXR5cGU9ImJvb2ttYXJrIiBzdHlsZT0iZGlzcGxheTogaW5saW5lLWJsb2NrOyB3aWR0aDogMHB4OyBvdmVyZmxvdzogaGlkZGVuOyBsaW5lLWhlaWdodDogMDsiIGNsYXNzPSJtY2VfU0VMUkVTX3N0YXJ0Ij7vu788L3NwYW4+PC9pZnJhbWU+<\/script><\/div><\/div>[\/vc_column_text]<div class=\"spacer\" style=\"height: 20px;\"><\/div>[\/vc_column][\/vc_row][vc_row][vc_column width=&#8220;1\/1&#8243;][vc_column_text]<\/p>\n<h2 aria-level=\"3\"><span class=\"ez-toc-section\" id=\"cube-kathmandu-hybrid-one11-%e2%80%93-das-erste-vollgefederte-e-trekkingbike\"><\/span><b><span data-contrast=\"none\"><span class=\"TextRun SCXW64528514 BCX0\" lang=\"EN-US\" xml:lang=\"EN-US\" data-contrast=\"none\"><span class=\"NormalTextRun SCXW64528514 BCX0\" data-ccp-parastyle=\"heading 2\">Cube Kathmandu Hybrid ONE11<\/span><\/span><span class=\"EOP SCXW64528514 BCX0\" data-ccp-props=\"{&quot;134245418&quot;:true,&quot;134245529&quot;:true,&quot;335559738&quot;:160,&quot;335559739&quot;:80}\"> &#8211; Das erste vollgefederte E-Trekkingbike<\/span><\/span><\/b><span data-ccp-props=\"{&quot;134233117&quot;:false,&quot;134233118&quot;:false,&quot;134245418&quot;:true,&quot;134245529&quot;:true,&quot;335559738&quot;:281,&quot;335559739&quot;:281}\">\u00a0<\/span><span class=\"ez-toc-section-end\"><\/span><\/h2>\n<div id=\"attachment_34107\" style=\"width: 1960px\" class=\"wp-caption aligncenter\"><a href=\"https:\/\/www.fahrrad-xxl.de\/serie\/cube-kathmandu-hybrid\/saison.2026\/\"><img aria-describedby=\"caption-attachment-34107\" decoding=\"async\" loading=\"lazy\" class=\"wp-image-34107 size-full\" src=\"https:\/\/www.fahrrad-xxl.de\/blog\/wp-content\/uploads\/2024\/12\/Kathmandu-Hybrid-ONE11-2026.jpg\" alt=\"Cube Kathmandu Hybrid ONE11 \" width=\"1950\" height=\"1224\" srcset=\"https:\/\/www.fahrrad-xxl.de\/blog\/wp-content\/uploads\/2024\/12\/Kathmandu-Hybrid-ONE11-2026.jpg 1950w, https:\/\/www.fahrrad-xxl.de\/blog\/wp-content\/uploads\/2024\/12\/Kathmandu-Hybrid-ONE11-2026-300x188.jpg 300w, https:\/\/www.fahrrad-xxl.de\/blog\/wp-content\/uploads\/2024\/12\/Kathmandu-Hybrid-ONE11-2026-1024x643.jpg 1024w, https:\/\/www.fahrrad-xxl.de\/blog\/wp-content\/uploads\/2024\/12\/Kathmandu-Hybrid-ONE11-2026-768x482.jpg 768w, https:\/\/www.fahrrad-xxl.de\/blog\/wp-content\/uploads\/2024\/12\/Kathmandu-Hybrid-ONE11-2026-1536x964.jpg 1536w\" sizes=\"(max-width: 1950px) 100vw, 1950px\" \/><\/a><p id=\"caption-attachment-34107\" class=\"wp-caption-text\">Cube Kathmandu Hybrid ONE11<\/p><\/div>\n<p><span data-contrast=\"auto\">Das ist eine echte Sensation: Das Kathmandu Hybrid ONE11 ist das erste vollgefederte Trekkingbike, das Cube je gebaut hat. 100 mm Federweg vorne und hinten, ein HPC-Rahmendesign (Carbon vorne, Aluminium hinten) und der Bosch Performance TX-Motor machen es zum Flaggschiff der Kathmandu-Familie.<\/span><span data-ccp-props=\"{}\">\u00a0<\/span><\/p>\n<p><span data-contrast=\"auto\">Wer lange Strecken entspannt und komfortabel zur\u00fccklegen will, bekommt hier das konsequenteste Trekking-E-Bike des Cube-Programms. Fox ABL-Federgabel, integrierter ACID-Gep\u00e4cktr\u00e4ger und vollst\u00e4ndig integrierte Beleuchtung sorgen f\u00fcr maximalen Komfort auf jedem Terrain. Das SLT-Topmodell ist mit Shimano XT Di2 und Magura Gustav Pro mit Bosch ABS ausgestattet.<\/span><span data-ccp-props=\"{}\">\u00a0<\/span><\/p>\n<p aria-level=\"4\"><b><i><span data-contrast=\"none\">Features im \u00dcberblick:<\/span><\/i><\/b><span data-ccp-props=\"{&quot;134233117&quot;:false,&quot;134233118&quot;:false,&quot;134245418&quot;:true,&quot;134245529&quot;:true,&quot;335559738&quot;:319,&quot;335559739&quot;:319}\">\u00a0<\/span><\/p>\n<ul>\n<li aria-level=\"7\"><span data-contrast=\"none\"><strong>Motor:<\/strong> Bosch Performance TX, 85-100\u00a0Nm<\/span><\/li>\n<li aria-level=\"7\"><span data-contrast=\"none\"><strong>Akku:<\/strong> 800 Wh<\/span><span data-ccp-props=\"{&quot;134245418&quot;:true,&quot;134245529&quot;:true,&quot;335559738&quot;:40,&quot;335559739&quot;:0}\">\u00a0<\/span><\/li>\n<li aria-level=\"7\"><span data-contrast=\"none\"><strong>Federweg:<\/strong> 100 mm vorne und hinten<\/span><span data-ccp-props=\"{&quot;134245418&quot;:true,&quot;134245529&quot;:true,&quot;335559738&quot;:40,&quot;335559739&quot;:0}\">\u00a0<\/span><\/li>\n<li aria-level=\"7\"><span data-contrast=\"none\"><strong>Rahmen:<\/strong> HPC (Carbon vorne, Alu hinten)<\/span><\/li>\n<li aria-level=\"7\"><span data-contrast=\"none\"><strong>Federgabel:<\/strong> Fox ABL<\/span><span data-ccp-props=\"{&quot;134245418&quot;:true,&quot;134245529&quot;:true,&quot;335559738&quot;:40,&quot;335559739&quot;:0}\">\u00a0<\/span><\/li>\n<li aria-level=\"7\"><span data-contrast=\"none\"><strong>Schaltung:<\/strong> Shimano XT Di2 (elektronisch)<\/span><\/li>\n<li aria-level=\"7\"><span data-contrast=\"none\"><strong>Bremsen:<\/strong> Magura Gustav Pro mit Bosch ABS (SLT)<\/span><span data-ccp-props=\"{&quot;134245418&quot;:true,&quot;134245529&quot;:true,&quot;335559738&quot;:40,&quot;335559739&quot;:0}\">\u00a0<\/span><\/li>\n<li aria-level=\"7\"><span data-contrast=\"none\"><strong>Preis:<\/strong> ab 4.199 EUR | Topmodell SLT: 5.999 EUR<\/span><\/li>\n<li aria-level=\"7\"><span data-contrast=\"none\"><strong>Verf\u00fcgbar:<\/strong> ab Februar 2026<\/span><span data-ccp-props=\"{&quot;134245418&quot;:true,&quot;134245529&quot;:true,&quot;335559738&quot;:40,&quot;335559739&quot;:0}\">\u00a0<\/span><\/li>\n<\/ul>\n<p aria-level=\"3\"><span data-contrast=\"none\">Ebenfalls aktualisiert: <strong>Cube Kathmandu Hybrid, Cube\u00a0Nuride\u00a0Hybrid und Cube Supreme Hybrid 2026<\/strong><\/span><strong>\u00a0<\/strong><\/p>\n<p><span data-contrast=\"auto\">Alle anderen Kathmandu Hybrid-Modelle erhalten den neuen IC 3.0 Gep\u00e4cktr\u00e4ger, ab dem Pro-Modell eine Luftfedergabel sowie Bosch ABS im EXC- und SLT-Modell. Die\u00a0Nuride\u00a0Hybrid-Serie punktet mit sportlicherem Charakter (Bosch CX, bis 625 Wh). Das Supreme Hybrid bietet maximalen Alltagskomfort mit Riemenantrieb (Gates Carbon Drive) und\u00a0Enviolo-Nabenschaltung.<\/span><span data-ccp-props=\"{}\">\u00a0<\/span>[\/vc_column_text][\/vc_column][\/vc_row][vc_row][vc_column width=&#8220;1\/6&#8243;][\/vc_column][vc_column width=&#8220;2\/3&#8243;]<a href=\"https:\/\/www.fahrrad-xxl.de\/serie\/cube-kathmandu-hybrid\/saison.2026\/\" target=\"_self\" class=\"button button-appear custom large \" style=\"background-color: #a82323; border-color: #a82323;border-radius: 30px;\"><span>Cube Kathmandu Hybrid 2026 &#8211; alle Modelle<i class='fa fas fa-chevron-circle-right'><\/i><\/span><\/a>[\/vc_column][vc_column width=&#8220;1\/6&#8243;][\/vc_column][\/vc_row][vc_row][vc_column width=&#8220;1\/1&#8243;][vc_column_text]<div class=\"BorlabsCookie _brlbs-cb-youtube\"><div class=\"_brlbs-content-blocker\"> <div class=\"_brlbs-embed _brlbs-video-youtube\"> <img class=\"_brlbs-thumbnail\" src=\"https:\/\/www.fahrrad-xxl.de\/blog\/wp-content\/plugins\/borlabs-cookie\/assets\/images\/cb-no-thumbnail.png\" alt=\"YouTube\"> <div class=\"_brlbs-caption\"> <p>Mit dem Laden des Videos akzeptieren Sie die Datenschutzerkl\u00e4rung von YouTube.<br><a href=\"https:\/\/policies.google.com\/privacy\" target=\"_blank\" rel=\"nofollow noopener noreferrer\">Mehr erfahren<\/a><\/p> <p><a class=\"_brlbs-btn _brlbs-icon-play-white\" href=\"#\" data-borlabs-cookie-unblock role=\"button\">Video laden<\/a><\/p> <p><label><input type=\"checkbox\" name=\"unblockAll\" value=\"1\" checked> <small>YouTube immer entsperren<\/small><\/label><\/p> <\/div> <\/div> <\/div><div class=\"borlabs-hide\" data-borlabs-cookie-type=\"content-blocker\" data-borlabs-cookie-id=\"youtube\"><script type=\"text\/template\">PGlmcmFtZSBsb2FkaW5nPSJsYXp5IiB0aXRsZT0iWW91VHViZSB2aWRlbyBwbGF5ZXIiIHNyYz0iaHR0cHM6Ly93d3cueW91dHViZS1ub2Nvb2tpZS5jb20vZW1iZWQvcTlVWmVETTVXUzgiIHdpZHRoPSI4MDAiIGhlaWdodD0iNDUwIiBmcmFtZWJvcmRlcj0iMCIgYWxsb3dmdWxsc2NyZWVuPSJhbGxvd2Z1bGxzY3JlZW4iPjxzcGFuIGRhdGEtbWNlLXR5cGU9ImJvb2ttYXJrIiBzdHlsZT0iZGlzcGxheTogaW5saW5lLWJsb2NrOyB3aWR0aDogMHB4OyBvdmVyZmxvdzogaGlkZGVuOyBsaW5lLWhlaWdodDogMDsiIGNsYXNzPSJtY2VfU0VMUkVTX3N0YXJ0Ij7vu788L3NwYW4+PC9pZnJhbWU+<\/script><\/div><\/div>[\/vc_column_text]<div class=\"spacer\" style=\"height: 40px;\"><\/div>[\/vc_column][\/vc_row][vc_row][vc_column width=&#8220;1\/1&#8243;][vc_column_text]<\/p>\n<h2 aria-level=\"3\"><span class=\"ez-toc-section\" id=\"cube-nuroad-slx-2026-%e2%80%93-das-gravel-bike-highlight-von-cube-2026\"><\/span><b><span data-contrast=\"none\"><span class=\"TextRun SCXW30348401 BCX0\" lang=\"EN-US\" xml:lang=\"EN-US\" data-contrast=\"none\"><span class=\"NormalTextRun SCXW30348401 BCX0\" data-ccp-parastyle=\"heading 2\">Cube <\/span><span class=\"NormalTextRun SpellingErrorV2Themed SCXW30348401 BCX0\" data-ccp-parastyle=\"heading 2\">Nuroad<\/span><span class=\"NormalTextRun SCXW30348401 BCX0\" data-ccp-parastyle=\"heading 2\">\u00a0SLX 2026<\/span><span class=\"NormalTextRun SCXW30348401 BCX0\" data-ccp-parastyle=\"heading 2\"> \u2013 Das Gravel-Bike-Highlight von Cube 2026<\/span><\/span><\/span><\/b><span data-ccp-props=\"{&quot;134233117&quot;:false,&quot;134233118&quot;:false,&quot;134245418&quot;:true,&quot;134245529&quot;:true,&quot;335559738&quot;:281,&quot;335559739&quot;:281}\">\u00a0<\/span><span class=\"ez-toc-section-end\"><\/span><\/h2>\n<div id=\"attachment_34108\" style=\"width: 1129px\" class=\"wp-caption aligncenter\"><a href=\"https:\/\/www.fahrrad-xxl.de\/cube-nuroad-slx-m000104738\"><img aria-describedby=\"caption-attachment-34108\" decoding=\"async\" loading=\"lazy\" class=\"wp-image-34108 size-full\" src=\"https:\/\/www.fahrrad-xxl.de\/blog\/wp-content\/uploads\/2024\/12\/Cube-Nuroad-SLX.jpg\" alt=\"Cube Nuroad SLX 2026\" width=\"1119\" height=\"689\" srcset=\"https:\/\/www.fahrrad-xxl.de\/blog\/wp-content\/uploads\/2024\/12\/Cube-Nuroad-SLX.jpg 1119w, https:\/\/www.fahrrad-xxl.de\/blog\/wp-content\/uploads\/2024\/12\/Cube-Nuroad-SLX-300x185.jpg 300w, https:\/\/www.fahrrad-xxl.de\/blog\/wp-content\/uploads\/2024\/12\/Cube-Nuroad-SLX-1024x631.jpg 1024w, https:\/\/www.fahrrad-xxl.de\/blog\/wp-content\/uploads\/2024\/12\/Cube-Nuroad-SLX-768x473.jpg 768w\" sizes=\"(max-width: 1119px) 100vw, 1119px\" \/><\/a><p id=\"caption-attachment-34108\" class=\"wp-caption-text\">Cube Nuroad SLX 2026 Gr\u00fcn | molotov\u00b4n\u00b4black<\/p><\/div>\n<p><span data-contrast=\"auto\">Das Cube\u00a0Nuroad\u00a0ist seit Jahren eine der beliebtesten\u00a0Gravel-Serien \u00fcberhaupt &#8211; und das aus gutem Grund: Kein anderes Bike in dieser Preisklasse bietet eine vergleichbare Kombination aus Vielseitigkeit, Ausstattungstiefe und Preis-Leistungs-Verh\u00e4ltnis. F\u00fcr 2026 hat Cube die Aluminium-Modelle (HPA) grundlegend \u00fcberarbeitet.<\/span><span data-ccp-props=\"{}\">\u00a0<\/span><\/p>\n<p><span data-contrast=\"auto\">Der neue HPA-Aluminiumrahmen kommt mit Smooth Welding: Die Schwei\u00dfn\u00e4hte sind sauber verschliffen und verleihen dem Rad optisch fast schon eine Carbon-Anmutung. Dazu gibt es eine eleganter integrierte Sattelklemme und ein deutlich\u00a0aufger\u00e4umteres\u00a0Kabelrouting &#8211; die Z\u00fcge laufen dezent unterhalb des Vorbaus ins Steuerrohr. Optisch sauber, trotzdem wartungsfreundlich.<\/span><span data-ccp-props=\"{}\">\u00a0<\/span><\/p>\n<p><span data-contrast=\"auto\">Das <a href=\"https:\/\/www.fahrrad-xxl.de\/cube-nuroad-slx-m000104738\"><strong>Cube Nuroad SLX 2026<\/strong><\/a> bietet Oberklasse-Ausstattung f\u00fcr 1.699 EUR UVP &#8211; ein klares Preis-Leistungs-Statement in dieser Klasse. Dank 130 kg Systemgewicht bleibt es auch f\u00fcr schwerere Fahrer (plus Gep\u00e4ck) realistisch. Die frischen Farben ashgrey&#8217;n&#8217;grey und molotov&#8217;n&#8217;black &#8211; je nach Licht mit wechselndem Effekt von violett\/metallisch bis gr\u00fcnlich-gelb &#8211; setzen optisch neue Akzente.<\/span><span data-ccp-props=\"{}\">\u00a0<\/span><\/p>\n<p aria-level=\"3\"><strong>Features im \u00dcberblick:\u00a0<\/strong><\/p>\n<ul>\n<li aria-level=\"7\"><span data-contrast=\"none\"><strong>Preis:<\/strong> 1.699 EUR UVP<\/span><span data-ccp-props=\"{&quot;134245418&quot;:true,&quot;134245529&quot;:true,&quot;335559738&quot;:40,&quot;335559739&quot;:0}\">\u00a0<\/span><\/li>\n<li aria-level=\"7\"><span data-contrast=\"none\"><strong>Rahmen:<\/strong> Aluminium mit Smooth Welding<\/span><span data-ccp-props=\"{&quot;134245418&quot;:true,&quot;134245529&quot;:true,&quot;335559738&quot;:40,&quot;335559739&quot;:0}\">\u00a0<\/span><\/li>\n<li aria-level=\"7\"><span data-contrast=\"none\"><strong>Systemgewicht:<\/strong> bis 130 kg<\/span><span data-ccp-props=\"{&quot;134245418&quot;:true,&quot;134245529&quot;:true,&quot;335559738&quot;:40,&quot;335559739&quot;:0}\">\u00a0<\/span><\/li>\n<li aria-level=\"7\"><span data-contrast=\"none\"><strong>Montagepunkte:<\/strong> Gep\u00e4cktr\u00e4ger, Schutzbleche,\u00a0Lowrider\u00a0an der Gabel<\/span><span data-ccp-props=\"{&quot;134245418&quot;:true,&quot;134245529&quot;:true,&quot;335559738&quot;:40,&quot;335559739&quot;:0}\">\u00a0<\/span><\/li>\n<li aria-level=\"7\"><span data-contrast=\"none\"><strong>Kabelrouting:<\/strong> sauber ins Steuerrohr, wartungsfreundlich<\/span><span data-ccp-props=\"{&quot;134245418&quot;:true,&quot;134245529&quot;:true,&quot;335559738&quot;:40,&quot;335559739&quot;:0}\">\u00a0<\/span><\/li>\n<li aria-level=\"7\"><span data-contrast=\"none\"><strong>Reifen:<\/strong> Schwalbe G-One\u00a0R, 45 mm, TLR (Reifenfreiheit bis 50 mm)<\/span><span data-ccp-props=\"{&quot;134245418&quot;:true,&quot;134245529&quot;:true,&quot;335559738&quot;:40,&quot;335559739&quot;:0}\">\u00a0<\/span><\/li>\n<li aria-level=\"7\"><span data-contrast=\"none\"><strong>Schaltung:<\/strong> Shimano GRX 1&#215;12, 40T vorn \/ 10-51 hinten<\/span><span data-ccp-props=\"{&quot;134245418&quot;:true,&quot;134245529&quot;:true,&quot;335559738&quot;:40,&quot;335559739&quot;:0}\">\u00a0<\/span><\/li>\n<li aria-level=\"7\"><span data-contrast=\"none\"><strong>Laufr\u00e4der:<\/strong>\u00a0Newmen\u00a0Performance X.R.25, TLR, 28 Speichen, Aluminium<\/span><span data-ccp-props=\"{&quot;134245418&quot;:true,&quot;134245529&quot;:true,&quot;335559738&quot;:40,&quot;335559739&quot;:0}\">\u00a0<\/span><\/li>\n<li aria-level=\"7\"><span data-contrast=\"none\"><strong>Gewicht:<\/strong> ca. 10,3 kg<\/span><span data-ccp-props=\"{&quot;134245418&quot;:true,&quot;134245529&quot;:true,&quot;335559738&quot;:40,&quot;335559739&quot;:0}\">\u00a0<\/span><\/li>\n<li aria-level=\"7\"><span data-contrast=\"none\"><strong>Farben:<\/strong>\u00a0ashgrey&#8217;n&#8217;grey\u00a0\/\u00a0molotov&#8217;n&#8217;black<\/span><span data-ccp-props=\"{&quot;134245418&quot;:true,&quot;134245529&quot;:true,&quot;335559738&quot;:40,&quot;335559739&quot;:0}\">\u00a0<\/span><\/li>\n<\/ul>\n<p><span data-contrast=\"auto\"><strong>F\u00fcr wen?<\/strong> Wer ein <strong>Gravelbike f\u00fcr alles<\/strong> sucht &#8211; schnelle Feierabendrunde, Pendeln, Schottertouren und Bikepacking. Die 45-mm-Reifen bringen mehr <strong>Komfort und Sicherhei<\/strong>t, ohne dass sich das Bike tr\u00e4ge anf\u00fchlt.<\/span><span data-ccp-props=\"{}\">\u00a0<\/span><\/p>\n<p aria-level=\"3\"><strong>Ebenfalls aktualisiert: Cube\u00a0Nuroad\u00a0C:62 2026\u00a0<\/strong><\/p>\n<p><span data-contrast=\"auto\">Die <a href=\"https:\/\/www.fahrrad-xxl.de\/serie\/cube-nuroad\/rahmenmaterial.carbon\/saison.2026\/\"><strong>Cube Nuroad C:62 Carbon-Modelle<\/strong><\/a> erhalten schmalere Lenker, k\u00fcrzere Kurbeln und breitere Reifen mit bis zu 50 mm Reifenfreiheit. Ab dem EX-Modell ist elektronische Schaltung dabei, ab dem EXC ein Powermeter &#8211; serienm\u00e4\u00dfig.<\/span><span data-ccp-props=\"{}\">\u00a0<\/span>[\/vc_column_text][\/vc_column][\/vc_row][vc_row][vc_column width=&#8220;1\/6&#8243;][\/vc_column][vc_column width=&#8220;2\/3&#8243;]<a href=\"https:\/\/www.fahrrad-xxl.de\/serie\/cube-nuroad\/saison.2026\/\" target=\"_self\" class=\"button button-appear custom large \" style=\"background-color: #a82323; border-color: #a82323;border-radius: 30px;\"><span>Cube Nuroad 2026 &#8211; alle Modelle<i class='fa fas fa-chevron-circle-right'><\/i><\/span><\/a>[\/vc_column][vc_column width=&#8220;1\/6&#8243;][\/vc_column][\/vc_row][vc_row][vc_column width=&#8220;1\/1&#8243;][vc_column_text]<div class=\"BorlabsCookie _brlbs-cb-youtube\"><div class=\"_brlbs-content-blocker\"> <div class=\"_brlbs-embed _brlbs-video-youtube\"> <img class=\"_brlbs-thumbnail\" src=\"https:\/\/www.fahrrad-xxl.de\/blog\/wp-content\/plugins\/borlabs-cookie\/assets\/images\/cb-no-thumbnail.png\" alt=\"YouTube\"> <div class=\"_brlbs-caption\"> <p>Mit dem Laden des Videos akzeptieren Sie die Datenschutzerkl\u00e4rung von YouTube.<br><a href=\"https:\/\/policies.google.com\/privacy\" target=\"_blank\" rel=\"nofollow noopener noreferrer\">Mehr erfahren<\/a><\/p> <p><a class=\"_brlbs-btn _brlbs-icon-play-white\" href=\"#\" data-borlabs-cookie-unblock role=\"button\">Video laden<\/a><\/p> <p><label><input type=\"checkbox\" name=\"unblockAll\" value=\"1\" checked> <small>YouTube immer entsperren<\/small><\/label><\/p> <\/div> <\/div> <\/div><div class=\"borlabs-hide\" data-borlabs-cookie-type=\"content-blocker\" data-borlabs-cookie-id=\"youtube\"><script type=\"text\/template\">PGlmcmFtZSBsb2FkaW5nPSJsYXp5IiB0aXRsZT0iWW91VHViZSB2aWRlbyBwbGF5ZXIiIHNyYz0iaHR0cHM6Ly93d3cueW91dHViZS1ub2Nvb2tpZS5jb20vZW1iZWQvUHJwcFF5Vl9KUmMiIHdpZHRoPSI4MDAiIGhlaWdodD0iNDUwIiBmcmFtZWJvcmRlcj0iMCIgYWxsb3dmdWxsc2NyZWVuPSJhbGxvd2Z1bGxzY3JlZW4iPjwvaWZyYW1lPg==<\/script><\/div><\/div>[\/vc_column_text]<div class=\"spacer\" style=\"height: 20px;\"><\/div>[\/vc_column][\/vc_row][vc_row][vc_column width=&#8220;1\/1&#8243;]<div class=\"spacer\" style=\"height: 20px;\"><\/div>[\/vc_column][\/vc_row][vc_row][vc_column width=&#8220;1\/1&#8243;][vc_column_text]<\/p>\n<h2 aria-level=\"3\"><span class=\"ez-toc-section\" id=\"cube-phenix-c-68x-slt-2026-%e2%80%93-die-neue-mtb-cross-country-hardtail-serie-2026-von-cube\"><\/span><span data-contrast=\"none\"><span class=\"TextRun SCXW66223786 BCX0\" lang=\"DE-DE\" xml:lang=\"DE-DE\" data-contrast=\"none\"><span class=\"NormalTextRun SCXW66223786 BCX0\" data-ccp-parastyle=\"heading 2\">Cube <\/span><span class=\"NormalTextRun SpellingErrorV2Themed SCXW66223786 BCX0\" data-ccp-parastyle=\"heading 2\">Phenix<\/span><span class=\"NormalTextRun SCXW66223786 BCX0\" data-ccp-parastyle=\"heading 2\">\u00a0C:68X SLT 2026<\/span><span class=\"NormalTextRun SCXW66223786 BCX0\" data-ccp-parastyle=\"heading 2\">\u00a0\u2013 Die\u00a0<\/span><span class=\"NormalTextRun SCXW66223786 BCX0\" data-ccp-parastyle=\"heading 2\">neue<\/span><span class=\"NormalTextRun SCXW66223786 BCX0\" data-ccp-parastyle=\"heading 2\">\u00a0<\/span><span class=\"NormalTextRun SCXW66223786 BCX0\" data-ccp-parastyle=\"heading 2\">MTB-<\/span><span class=\"NormalTextRun SCXW66223786 BCX0\" data-ccp-parastyle=\"heading 2\">Cross-Country-<\/span><span class=\"NormalTextRun SpellingErrorV2Themed SCXW66223786 BCX0\" data-ccp-parastyle=\"heading 2\">Hardtail<\/span><span class=\"NormalTextRun SCXW66223786 BCX0\" data-ccp-parastyle=\"heading 2\">-Serie 2026 von Cube<\/span><\/span><\/span><span class=\"ez-toc-section-end\"><\/span><\/h2>\n<div id=\"attachment_34109\" style=\"width: 1129px\" class=\"wp-caption aligncenter\"><a href=\"https:\/\/www.fahrrad-xxl.de\/cube-nuroad-c-62-one-m000092425\"><img aria-describedby=\"caption-attachment-34109\" decoding=\"async\" loading=\"lazy\" class=\"wp-image-34109 size-full\" src=\"https:\/\/www.fahrrad-xxl.de\/blog\/wp-content\/uploads\/2024\/12\/Cube-Phenix-C68X-SLT.jpg\" alt=\"Cube Phenix C:68X SLT 2026 \u2013 Die neue MTB-Crosscountry Hardtail-Serie 2026 von Cube \" width=\"1119\" height=\"689\" srcset=\"https:\/\/www.fahrrad-xxl.de\/blog\/wp-content\/uploads\/2024\/12\/Cube-Phenix-C68X-SLT.jpg 1119w, https:\/\/www.fahrrad-xxl.de\/blog\/wp-content\/uploads\/2024\/12\/Cube-Phenix-C68X-SLT-300x185.jpg 300w, https:\/\/www.fahrrad-xxl.de\/blog\/wp-content\/uploads\/2024\/12\/Cube-Phenix-C68X-SLT-1024x631.jpg 1024w, https:\/\/www.fahrrad-xxl.de\/blog\/wp-content\/uploads\/2024\/12\/Cube-Phenix-C68X-SLT-768x473.jpg 768w\" sizes=\"(max-width: 1119px) 100vw, 1119px\" \/><\/a><p id=\"caption-attachment-34109\" class=\"wp-caption-text\">Cube Phenix C:68X SLT 2026<\/p><\/div>\n<p><span data-contrast=\"auto\">Das ist die <strong>gr\u00f6\u00dfte Neuheit im analogen MTB-Segment:<\/strong> Mit dem<strong> Cube Phenix\u00a0C:68X<\/strong> pr\u00e4sentiert Cube eine komplett neue<strong> Cross-Country-Hardtail-Serie<\/strong>. Hochwertige Carbon-Rahmen, Gewichte unter 9 kg und Top-Komponenten positionieren den\u00a0Phenix\u00a0direkt im wettkampforientierten XC-Bereich &#8211; das leichteste und schnellste\u00a0Hardtail, das Cube je gebaut hat.<\/span><span data-ccp-props=\"{}\">\u00a0<\/span><\/p>\n<p><span data-contrast=\"auto\">Das Topmodell\u00a0<strong>Phenix\u00a0C:68X SLT<\/strong> bringt alles mit, was ein modernes XC-Wettkampfbike braucht: <strong>SRAM XX SL Transmission<\/strong> mit integriertem Powermeter, <strong>einteiliges Carbon-Cockpit und Fox 32\u00a0Step-Cast Factory Federgabel<\/strong> &#8211; bei einem <strong>Gewicht unter 9 kg<\/strong>. F\u00fcr wen? XC-Fahrer und ambitionierte\u00a0Trailfahrer, die maximale Effizienz am Berg und Wettkampf-Performance suchen.<\/span><span data-ccp-props=\"{}\">\u00a0<\/span><\/p>\n<p aria-level=\"3\"><strong>Die drei Modellvarianten im \u00dcberblick:\u00a0<\/strong><\/p>\n<p aria-level=\"7\"><span data-contrast=\"none\"><strong>Cube\u00a0Phenix\u00a0C:68X\u00a0Race:<\/strong> <strong>SRAM XX\/XO Transmission<\/strong>,\u00a0RockShox\u00a0SID SL Ultimate &#8211; ca. 9 kg, ab 4.999 EUR<\/span><span data-ccp-props=\"{&quot;134245418&quot;:true,&quot;134245529&quot;:true,&quot;335559738&quot;:40,&quot;335559739&quot;:0}\">\u00a0<\/span><\/p>\n<p aria-level=\"7\"><span data-contrast=\"none\"><strong>Cube Phenix C:68X SLX:<\/strong> <strong>Shimano XTR Di2<\/strong>, Fox 32 SC Float Factory &#8211; ca. 8,7 kg, ab 5.499 EUR<\/span><span data-ccp-props=\"{&quot;134245418&quot;:true,&quot;134245529&quot;:true,&quot;335559738&quot;:40,&quot;335559739&quot;:0}\">\u00a0<\/span><\/p>\n<p aria-level=\"7\"><span data-contrast=\"none\"><strong>Cube Phenix C:68X SLT:<\/strong> <strong>SRAM XX SL +\u00a0Powermeter<\/strong>,\u00a0einteiliges\u00a0Carbon-Cockpit, Fox 32 Step-Cast Factory &#8211;\u00a0unter\u00a09 kg, ab 6.499 EUR<\/span><span data-ccp-props=\"{&quot;134245418&quot;:true,&quot;134245529&quot;:true,&quot;335559738&quot;:40,&quot;335559739&quot;:0}\">\u00a0<\/span><\/p>\n<p aria-level=\"3\"><strong>Ebenfalls: Cube\u00a0Reaction\u00a02026\u00a0<\/strong><\/p>\n<p><span data-contrast=\"auto\"><strong>Das\u00a0Reaction\u00a0TM<\/strong> &#8211; seit Jahren Testsieger bis 1.500 EUR bei mtb-news.de &#8211; bleibt 2026 nahezu unver\u00e4ndert: neue<strong> Continental Kryptotal-Bereifung<\/strong> und Shimano Deore 1&#215;12 ab 1.099 EUR. Neu im Fully-Segment: Das <strong>Stereo ONE77 Pro<\/strong> mit 170 mm Federweg, <strong>Flip-Chip-Technologie (+\/-0,6 Grad Lenkwinkel)<\/strong> und DVO-D\u00e4mpfern ab 2.799 EUR.<\/span><span data-ccp-props=\"{}\">\u00a0<\/span><\/p>\n<p><strong><a href=\"https:\/\/www.fahrrad-xxl.de\/serie\/cube-reaction\/saison.2026\/\">Cube Reaction 2026 &#8211; alle Modelle<\/a>\u00a0<\/strong>[\/vc_column_text][\/vc_column][\/vc_row][vc_row][vc_column width=&#8220;1\/6&#8243;][\/vc_column][vc_column width=&#8220;2\/3&#8243;]<a href=\"https:\/\/www.fahrrad-xxl.de\/serie\/cube-phenix\/saison.2026\/\" target=\"_self\" class=\"button button-appear custom large \" style=\"background-color: #a82323; border-color: #a82323;border-radius: 30px;\"><span>Cube Phenix C:68X 2026 &#8211; alle Modelle<i class='fa fas fa-chevron-circle-right'><\/i><\/span><\/a>[\/vc_column][vc_column width=&#8220;1\/6&#8243;][\/vc_column][\/vc_row][vc_row][vc_column width=&#8220;1\/1&#8243;]<div class=\"spacer\" style=\"height: 20px;\"><\/div>[\/vc_column][\/vc_row][vc_row][vc_column width=&#8220;1\/1&#8243;][vc_column_text]<\/p>\n<h2><span class=\"ez-toc-section\" id=\"cube-litening-air-c-68x-slt-2026-%e2%80%93-das-leichteste-rennrad-von-cube-bekommt-2026-einen-aero-upgrade\"><\/span><b><span data-contrast=\"auto\"><span class=\"TextRun SCXW22661606 BCX0\" lang=\"DE-DE\" xml:lang=\"DE-DE\" data-contrast=\"none\"><span class=\"NormalTextRun SCXW22661606 BCX0\" data-ccp-parastyle=\"heading 2\">Cube <\/span><span class=\"NormalTextRun SpellingErrorV2Themed SCXW22661606 BCX0\" data-ccp-parastyle=\"heading 2\">Litening<\/span><span class=\"NormalTextRun SCXW22661606 BCX0\" data-ccp-parastyle=\"heading 2\">\u00a0AIR C:68X SLT 2026<\/span><span class=\"NormalTextRun SCXW22661606 BCX0\" data-ccp-parastyle=\"heading 2\">\u00a0\u2013 Das leichteste Rennrad von Cube bekommt\u00a0<\/span><span class=\"NormalTextRun SCXW22661606 BCX0\" data-ccp-parastyle=\"heading 2\">2026\u00a0<\/span><span class=\"NormalTextRun SCXW22661606 BCX0\" data-ccp-parastyle=\"heading 2\">einen Aero-<\/span><span class=\"NormalTextRun SCXW22661606 BCX0\" data-ccp-parastyle=\"heading 2\">Upgrad<\/span><span class=\"NormalTextRun SCXW22661606 BCX0\" data-ccp-parastyle=\"heading 2\">e<\/span><\/span><\/span><\/b><span class=\"ez-toc-section-end\"><\/span><\/h2>\n<div id=\"attachment_34110\" style=\"width: 1129px\" class=\"wp-caption aligncenter\"><img aria-describedby=\"caption-attachment-34110\" decoding=\"async\" loading=\"lazy\" class=\"wp-image-34110 size-full\" src=\"https:\/\/www.fahrrad-xxl.de\/blog\/wp-content\/uploads\/2024\/12\/Cube-Litening-AIR-C68X-SLX.jpg\" alt=\"Cube Litening AIR C:68X SLT 2026\" width=\"1119\" height=\"689\" srcset=\"https:\/\/www.fahrrad-xxl.de\/blog\/wp-content\/uploads\/2024\/12\/Cube-Litening-AIR-C68X-SLX.jpg 1119w, https:\/\/www.fahrrad-xxl.de\/blog\/wp-content\/uploads\/2024\/12\/Cube-Litening-AIR-C68X-SLX-300x185.jpg 300w, https:\/\/www.fahrrad-xxl.de\/blog\/wp-content\/uploads\/2024\/12\/Cube-Litening-AIR-C68X-SLX-1024x631.jpg 1024w, https:\/\/www.fahrrad-xxl.de\/blog\/wp-content\/uploads\/2024\/12\/Cube-Litening-AIR-C68X-SLX-768x473.jpg 768w\" sizes=\"(max-width: 1119px) 100vw, 1119px\" \/><p id=\"caption-attachment-34110\" class=\"wp-caption-text\">Cube Litening AIR C:68X SLT 2026<\/p><\/div>\n<p><span data-contrast=\"auto\">Das <a href=\"https:\/\/www.fahrrad-xxl.de\/cube-litening-air-c-68x-slt-m000104667\"><strong>Cube Litening AIR C:68X SLT 2026<\/strong><\/a>\u00a0 ist das leichteste Rennrad im Cube-Programm &#8211; und bekommt 2026 ein aerodynamisches Upgrade. Ein neu entwickeltes <strong>Aero-Cockpit<\/strong> soll laut Cube <strong>bis zu 8 Watt Leistungsersparnis<\/strong> gegen\u00fcber dem Vorg\u00e4nger bringen. F\u00fcr Fahrer, bei denen im Wettkampf jede Sekunde z\u00e4hlt, ist das ein echter, messbarer Unterschied.<\/span><span data-ccp-props=\"{}\">\u00a0<\/span><\/p>\n<p><span data-contrast=\"auto\"><strong>Der C:68X-Carbonrahmen<\/strong> aus der\u00a0Advanced\u00a0Twin\u00a0Mold\u00a0Technology &#8211; <strong>einer der leichtesten und steifsten Rahmen, die Cube je gebaut hat<\/strong> &#8211; bleibt unver\u00e4ndert. Das neue Aero-Cockpit setzt gezielt dort an, wo aerodynamische Gewinne am g\u00fcnstigsten erzielt werden.<\/span><span data-ccp-props=\"{}\">\u00a0<\/span><\/p>\n<p aria-level=\"3\"><span data-contrast=\"none\">Ebenfalls aktualisiert:<strong> Cube\u00a0Agree\u00a0C:62 und Cube\u00a0Attain\u00a0C:62 2026<\/strong><\/span><strong>\u00a0<\/strong><\/p>\n<p><span data-contrast=\"auto\"><strong>Cube\u00a0Agree\u00a0C:62 2026 &#8211; Powermeter ab Werk:<\/strong> Das gr\u00f6\u00dfte Update der\u00a0Agree-Serie ist ein Feature, das bisher Topmodellen vorbehalten war. Bereits ab der\u00a0Race-Version ist ein Powermeter serienm\u00e4\u00dfig verbaut &#8211; pr\u00e4zises Leistungstraining ohne teure Nachr\u00fcstung. Eines der attraktivsten Angebote am Markt f\u00fcr ambitionierte Radsportler.<\/span><span data-ccp-props=\"{}\">\u00a0<\/span><\/p>\n<p><strong><a href=\"https:\/\/www.fahrrad-xxl.de\/serie\/cube-agree\/saison.2026\/\">Cube\u00a0Agree\u00a0C:62 2026 &#8211; alle Modelle<\/a>\u00a0<\/strong><\/p>\n<p><span data-contrast=\"auto\"><strong>Cube\u00a0Attain\u00a0C:62 2026 &#8211; Einstieg in die Carbon-Welt:<\/strong> Die Serie startet bei 1.699 EUR mit mechanischer Shimano 105 2&#215;12. Das Topmodell SLT erh\u00e4lt Shimano Ultegra Di2, 50 mm hohe\u00a0Newmen-Carbonfelgen\u00a0und Continental Grand Prix 5000 ab Werk (2.999 EUR). Neuer Farbton &#8218;Lucid\u00a0Lilac&#8216; &#8211; eine der auff\u00e4lligsten Lackierungen, die Cube je angeboten hat.<\/span><span data-ccp-props=\"{}\">\u00a0<\/span><\/p>\n<p><strong><a href=\"https:\/\/www.fahrrad-xxl.de\/serie\/cube-attain\/saison.2026\/\">Cube Attain\u00a0C:62 2026 &#8211; alle Modelle<\/a>\u00a0<\/strong>[\/vc_column_text][\/vc_column][\/vc_row][vc_row][vc_column width=&#8220;1\/6&#8243;][\/vc_column][vc_column width=&#8220;2\/3&#8243;]<a href=\"https:\/\/www.fahrrad-xxl.de\/serie\/cube-litening-air\/saison.2026\/\" target=\"_self\" class=\"button button-appear custom large \" style=\"background-color: #a82323; border-color: #a82323;border-radius: 30px;\"><span>Cube Litening AIR C:68X 2026 &#8211; alle Modelle<i class='fa fas fa-chevron-circle-right'><\/i><\/span><\/a>[\/vc_column][vc_column width=&#8220;1\/6&#8243;][\/vc_column][\/vc_row][vc_row][vc_column width=&#8220;1\/1&#8243;][vc_column_text]<div class=\"BorlabsCookie _brlbs-cb-youtube\"><div class=\"_brlbs-content-blocker\"> <div class=\"_brlbs-embed _brlbs-video-youtube\"> <img class=\"_brlbs-thumbnail\" src=\"https:\/\/www.fahrrad-xxl.de\/blog\/wp-content\/plugins\/borlabs-cookie\/assets\/images\/cb-no-thumbnail.png\" alt=\"YouTube\"> <div class=\"_brlbs-caption\"> <p>Mit dem Laden des Videos akzeptieren Sie die Datenschutzerkl\u00e4rung von YouTube.<br><a href=\"https:\/\/policies.google.com\/privacy\" target=\"_blank\" rel=\"nofollow noopener noreferrer\">Mehr erfahren<\/a><\/p> <p><a class=\"_brlbs-btn _brlbs-icon-play-white\" href=\"#\" data-borlabs-cookie-unblock role=\"button\">Video laden<\/a><\/p> <p><label><input type=\"checkbox\" name=\"unblockAll\" value=\"1\" checked> <small>YouTube immer entsperren<\/small><\/label><\/p> <\/div> <\/div> <\/div><div class=\"borlabs-hide\" data-borlabs-cookie-type=\"content-blocker\" data-borlabs-cookie-id=\"youtube\"><script type=\"text\/template\">PGlmcmFtZSBsb2FkaW5nPSJsYXp5IiB0aXRsZT0iWW91VHViZSB2aWRlbyBwbGF5ZXIiIHNyYz0iaHR0cHM6Ly93d3cueW91dHViZS1ub2Nvb2tpZS5jb20vZW1iZWQvRDhVN1JNZ0JnUUkiIHdpZHRoPSI4MDAiIGhlaWdodD0iNDUwIiBmcmFtZWJvcmRlcj0iMCIgYWxsb3dmdWxsc2NyZWVuPSJhbGxvd2Z1bGxzY3JlZW4iPjxzcGFuIGRhdGEtbWNlLXR5cGU9ImJvb2ttYXJrIiBzdHlsZT0iZGlzcGxheTogaW5saW5lLWJsb2NrOyB3aWR0aDogMHB4OyBvdmVyZmxvdzogaGlkZGVuOyBsaW5lLWhlaWdodDogMDsiIGNsYXNzPSJtY2VfU0VMUkVTX3N0YXJ0Ij7vu788L3NwYW4+PC9pZnJhbWU+<\/script><\/div><\/div>[\/vc_column_text][vc_column_text]<\/p>\n<p>I am text block. Click edit button to change this text. Lorem ipsum dolor sit amet, consectetur adipiscing elit. Ut elit tellus, luctus nec ullamcorper mattis, pulvinar dapibus leo.<\/p>\n<p>[\/vc_column_text]<div class=\"spacer\" style=\"height: 40px;\"><\/div>[vc_column_text]<\/p>\n<h2><span class=\"ez-toc-section\" id=\"cube-aruba-hybrid-600-2026-serie-ersetzt-die-ella-serie-im-urbanen-bereich\"><\/span><b><span data-contrast=\"auto\"><span class=\"TextRun SCXW65521857 BCX0\" lang=\"DE-DE\" xml:lang=\"DE-DE\" data-contrast=\"none\"><span class=\"NormalTextRun SCXW65521857 BCX0\" data-ccp-parastyle=\"heading 2\">Cube Aruba Hybrid 600 2026<\/span><span class=\"NormalTextRun SCXW65521857 BCX0\" data-ccp-parastyle=\"heading 2\">\u00a0Serie\u00a0<\/span><span class=\"NormalTextRun SpellingErrorV2Themed SCXW65521857 BCX0\" data-ccp-parastyle=\"heading 2\">ersetzt<\/span><span class=\"NormalTextRun SCXW65521857 BCX0\" data-ccp-parastyle=\"heading 2\">\u00a0die Ella-Serie im Urbanen\u00a0<\/span><span class=\"NormalTextRun SCXW65521857 BCX0\" data-ccp-parastyle=\"heading 2\">Bereich<\/span><\/span><\/span><\/b><span class=\"ez-toc-section-end\"><\/span><\/h2>\n<div id=\"attachment_34111\" style=\"width: 1129px\" class=\"wp-caption aligncenter\"><a href=\"https:\/\/www.fahrrad-xxl.de\/cube-longtail-hybrid-m000078909\"><img aria-describedby=\"caption-attachment-34111\" decoding=\"async\" loading=\"lazy\" class=\"wp-image-34111 size-full\" src=\"https:\/\/www.fahrrad-xxl.de\/blog\/wp-content\/uploads\/2024\/12\/Cube-Aruba-hybrid-600-2026.jpg\" alt=\"Cube Aruba Hybrid 600 2026 Serie\" width=\"1119\" height=\"689\" srcset=\"https:\/\/www.fahrrad-xxl.de\/blog\/wp-content\/uploads\/2024\/12\/Cube-Aruba-hybrid-600-2026.jpg 1119w, https:\/\/www.fahrrad-xxl.de\/blog\/wp-content\/uploads\/2024\/12\/Cube-Aruba-hybrid-600-2026-300x185.jpg 300w, https:\/\/www.fahrrad-xxl.de\/blog\/wp-content\/uploads\/2024\/12\/Cube-Aruba-hybrid-600-2026-1024x631.jpg 1024w, https:\/\/www.fahrrad-xxl.de\/blog\/wp-content\/uploads\/2024\/12\/Cube-Aruba-hybrid-600-2026-768x473.jpg 768w\" sizes=\"(max-width: 1119px) 100vw, 1119px\" \/><\/a><p id=\"caption-attachment-34111\" class=\"wp-caption-text\">Cube Aruba Hybrid 600 2026<\/p><\/div>\n<p><span class=\"TextRun SCXW231186294 BCX0\" lang=\"DE-DE\" xml:lang=\"DE-DE\" data-contrast=\"auto\"><span class=\"NormalTextRun SCXW231186294 BCX0\"><strong>Frischer Wind im Urban-Segment:<\/strong> Das Aruba und das Aruba Hybrid l\u00f6sen die bekannte Ella-Serie ab. Beide Modelle setzen auf modernes Design mit frischen Farben und einer robusten Shimano 7- und 8-Gang-Nabenschaltung &#8211; wartungsarm, alltagstauglich und stylisch.\u00a0<\/span><span class=\"NormalTextRun SCXW231186294 BCX0\">Die\u00a0<\/span><span class=\"NormalTextRun SCXW231186294 BCX0\">Cube-<\/span><span class=\"NormalTextRun AdvancedProofingIssueV2Themed SCXW231186294 BCX0\">Ella<\/span><span class=\"NormalTextRun AdvancedProofingIssueV2Themed SCXW231186294 BCX0\">&#8211;<\/span><span class=\"NormalTextRun SCXW231186294 BCX0\">Serie<\/span><span class=\"NormalTextRun SCXW231186294 BCX0\">\u00a0<\/span><span class=\"NormalTextRun SCXW231186294 BCX0\">war jahrelang ein Bestseller &#8211; das Aruba ist ihr w\u00fcrdiger Nachfolger mit zeitgem\u00e4\u00dfem Look. Schau dir das<a href=\"https:\/\/www.fahrrad-xxl.de\/cube-aruba-hybrid-600-m000104574#selected_color_blueblossom%C2%B4n%C2%B4creme\"><strong> Cube Aruba Hyvrid 600 2026 als Teifeindteiger<\/strong> <\/a>in den verschiedenen Farben an.<\/span><\/span><\/p>\n<p aria-level=\"3\"><strong>Ebenfalls: Cube Editor 2026\u00a0<\/strong><\/p>\n<p><span data-contrast=\"auto\">Das <strong>Editor\u00a0bleibt das Bike f\u00fcr Puristen:<\/strong> wartungsarmer Riemenantrieb, schlanke Geometrie, minimalistisches Design. Neu 2026: <strong>Das Editor\u00a0One\u00a0als absolutes Singlespeed<\/strong> f\u00fcr alle, die es noch einfacher m\u00f6gen.<\/span><span data-ccp-props=\"{}\">\u00a0<\/span><\/p>\n<p><strong>\u00a0<a href=\"https:\/\/www.fahrrad-xxl.de\/serie\/cube-editor\/saison.2026\/\">Cube Editor 2026 &#8211; alle Modelle<\/a><\/strong>[\/vc_column_text][\/vc_column][\/vc_row][vc_row][vc_column width=&#8220;1\/6&#8243;][\/vc_column][vc_column width=&#8220;2\/3&#8243;]<a href=\"https:\/\/www.fahrrad-xxl.de\/fahrraeder\/lastenfahrraeder\/marke.cube\/saison.2025\/\" target=\"_self\" class=\"button button-appear custom large \" style=\"background-color: #a82323; border-color: #a82323;border-radius: 30px;\"><span>Cube Aruba 2026 und Aruba Hybrid 2026 &#8211; alle Modelle<i class='fa fas fa-chevron-circle-right'><\/i><\/span><\/a>[\/vc_column][vc_column width=&#8220;1\/6&#8243;][\/vc_column][\/vc_row][vc_row][vc_column width=&#8220;1\/1&#8243;]<div class=\"spacer\" style=\"height: 40px;\"><\/div>[vc_column_text]<\/p>\n<h2 aria-level=\"2\"><span class=\"ez-toc-section\" id=\"cube-kathmandu-slt-2026\"><\/span><span data-contrast=\"none\">Cube Kathmandu SLT 2026<\/span><span data-ccp-props=\"{&quot;134245418&quot;:true,&quot;134245529&quot;:true,&quot;335559738&quot;:160,&quot;335559739&quot;:80}\">\u00a0<\/span><span class=\"ez-toc-section-end\"><\/span><\/h2>\n<div id=\"attachment_34116\" style=\"width: 1129px\" class=\"wp-caption aligncenter\"><a href=\"https:\/\/www.fahrrad-xxl.de\/cube-kathmandu-slt-m000104657\"><img aria-describedby=\"caption-attachment-34116\" decoding=\"async\" loading=\"lazy\" class=\"size-full wp-image-34116\" src=\"https:\/\/www.fahrrad-xxl.de\/blog\/wp-content\/uploads\/2026\/03\/Cube-Kathmandu-SLT-28-Zoll-Diamant-2026.jpg\" alt=\"Cube Kathmandu SLT 2026 \" width=\"1119\" height=\"689\" srcset=\"https:\/\/www.fahrrad-xxl.de\/blog\/wp-content\/uploads\/2026\/03\/Cube-Kathmandu-SLT-28-Zoll-Diamant-2026.jpg 1119w, https:\/\/www.fahrrad-xxl.de\/blog\/wp-content\/uploads\/2026\/03\/Cube-Kathmandu-SLT-28-Zoll-Diamant-2026-300x185.jpg 300w, https:\/\/www.fahrrad-xxl.de\/blog\/wp-content\/uploads\/2026\/03\/Cube-Kathmandu-SLT-28-Zoll-Diamant-2026-1024x631.jpg 1024w, https:\/\/www.fahrrad-xxl.de\/blog\/wp-content\/uploads\/2026\/03\/Cube-Kathmandu-SLT-28-Zoll-Diamant-2026-768x473.jpg 768w\" sizes=\"(max-width: 1119px) 100vw, 1119px\" \/><\/a><p id=\"caption-attachment-34116\" class=\"wp-caption-text\">Cube Kathmandu SLT 2026<\/p><\/div>\n<p><span data-contrast=\"auto\"><a href=\"https:\/\/www.fahrrad-xxl.de\/cube-kathmandu-slt-m000104657\">Das Kathmandu SLT 2026<\/a> ist der verl\u00e4ssliche Allrounder f\u00fcr lange Touren, Alltagspendler und alle, die ein robustes und komfortables Rad suchen &#8211; daran hat sich 2026 nichts ge\u00e4ndert. Die Neuerungen kommen dort an, wo sie den gr\u00f6\u00dften Alltagsnutzen bringen:<\/span><span data-ccp-props=\"{}\">\u00a0<\/span><\/p>\n<p aria-level=\"7\"><span data-contrast=\"none\">Alle Modelle: neuer IC 3.0 Gep\u00e4cktr\u00e4ger<\/span><span data-ccp-props=\"{&quot;134245418&quot;:true,&quot;134245529&quot;:true,&quot;335559738&quot;:40,&quot;335559739&quot;:0}\">\u00a0<\/span><\/p>\n<p aria-level=\"7\"><span data-contrast=\"none\">Ab Pro-Modell: Luftfedergabel<\/span><span data-ccp-props=\"{&quot;134245418&quot;:true,&quot;134245529&quot;:true,&quot;335559738&quot;:40,&quot;335559739&quot;:0}\">\u00a0<\/span><\/p>\n<p aria-level=\"7\"><span data-contrast=\"none\">Topmodell SLT: neue Shimano\u00a0Q&#8217;Auto-Schaltung (schaltet automatisch &#8211; ideal f\u00fcr Einsteiger und Pendler)<\/span><span data-ccp-props=\"{&quot;134245418&quot;:true,&quot;134245529&quot;:true,&quot;335559738&quot;:40,&quot;335559739&quot;:0}\">\u00a0<\/span><\/p>\n<p><span data-contrast=\"auto\">F\u00fcr wen? Wer ein zuverl\u00e4ssiges Alltagsrad f\u00fcr Arbeit und Wochenendtouren sucht, ohne auf Komfort zu verzichten.<\/span>[\/vc_column_text][\/vc_column][\/vc_row][vc_row][vc_column width=&#8220;1\/6&#8243;][\/vc_column][vc_column width=&#8220;4\/6&#8243;]<a href=\"https:\/\/www.fahrrad-xxl.de\/serie\/cube-kathmandu\/saison.2026\/\" target=\"_self\" class=\"button color-1 small \" style=\"border-radius: 2px;\">Cube Kathmandu 2026 alle Modelle<\/a>[\/vc_column][vc_column width=&#8220;1\/6&#8243;][\/vc_column][\/vc_row][vc_row][vc_column width=&#8220;1\/1&#8243;]<div class=\"spacer\" style=\"height: 40px;\"><\/div>[vc_column_text]<\/p>\n<h2 aria-level=\"2\"><span class=\"ez-toc-section\" id=\"fazit-cube-2026-%e2%80%93-innovation-mit-augenmass\"><\/span><span data-contrast=\"none\">Fazit: Cube 2026 &#8211; Innovation mit Augenma\u00df<\/span><span data-ccp-props=\"{&quot;134245418&quot;:true,&quot;134245529&quot;:true,&quot;335559738&quot;:160,&quot;335559739&quot;:80}\">\u00a0<\/span><span class=\"ez-toc-section-end\"><\/span><\/h2>\n<p><span data-contrast=\"auto\">Die Cube Neuheiten 2026 zeigen, dass die Marke aus Waldershof genau wei\u00df, was sie tut:<strong> Echte Neuerungen dort, wo sie Sinn ergeben<\/strong> &#8211; die brandneue <strong>AMS Hybrid ONE77-Baureihe, das erste Vollsuspension-Trekkingbike, eine komplett neue XC-Hardtail-Baureihe und Bosch ABS Pro erstmals im\u00a0Hardtail.<\/strong> Gleichzeitig bleibt Bew\u00e4hrtes, weil es funktioniert: das\u00a0Reaction\u00a0als <strong>unschlagbares Preis-Leistungs-Hardtail<\/strong>,\u00a0das\u00a0Kathmandu als verl\u00e4sslicher Tourenbegleiter, das\u00a0Nuroad\u00a0als vielseitigstes Gravelbike seiner Klasse.<\/span><span data-ccp-props=\"{}\">\u00a0<\/span><\/p>\n<p><span data-contrast=\"auto\">Egal ob du dein erstes E-Bike suchst, ambitioniert auf Trails oder im\u00a0Gravel\u00a0unterwegs bist, t\u00e4glich zur Arbeit pendelst oder auf Wochenendtouren gehst &#8211;<strong> in der Cube-Kollektion 2026 findest du mit gro\u00dfer Wahrscheinlichkeit genau das richtige Rad.<\/strong> Alle Modelle sind ab sofort in unserem Onlineshop verf\u00fcgbar. Preise und Verf\u00fcgbarkeit k\u00f6nnen je nach Modell variieren.<\/span><span data-ccp-props=\"{}\">\u00a0<\/span>[\/vc_column_text][\/vc_column][\/vc_row]<\/p>\n\n\n<div class=\"kk-star-ratings kksr-auto kksr-align-left kksr-valign-bottom\"\n    data-payload='{&quot;align&quot;:&quot;left&quot;,&quot;id&quot;:&quot;29501&quot;,&quot;slug&quot;:&quot;default&quot;,&quot;valign&quot;:&quot;bottom&quot;,&quot;ignore&quot;:&quot;&quot;,&quot;reference&quot;:&quot;auto&quot;,&quot;class&quot;:&quot;&quot;,&quot;count&quot;:&quot;8&quot;,&quot;legendonly&quot;:&quot;&quot;,&quot;readonly&quot;:&quot;&quot;,&quot;score&quot;:&quot;4.6&quot;,&quot;best&quot;:&quot;5&quot;,&quot;gap&quot;:&quot;5&quot;,&quot;greet&quot;:&quot;Rate this post&quot;,&quot;legend&quot;:&quot;4.6\\\/5 - (8 votes)&quot;,&quot;size&quot;:&quot;22&quot;,&quot;width&quot;:&quot;121.7&quot;,&quot;_legend&quot;:&quot;{score}\\\/{best} - ({count} {votes})&quot;,&quot;font_factor&quot;:&quot;1.25&quot;}'>\n            \n<div class=\"kksr-stars\">\n    \n<div class=\"kksr-stars-inactive\">\n            <div class=\"kksr-star\" data-star=\"1\" style=\"padding-right: 5px\">\n            \n\n<div class=\"kksr-icon\" style=\"width: 22px; height: 22px;\"><\/div>\n        <\/div>\n            <div class=\"kksr-star\" data-star=\"2\" style=\"padding-right: 5px\">\n            \n\n<div class=\"kksr-icon\" style=\"width: 22px; height: 22px;\"><\/div>\n        <\/div>\n            <div class=\"kksr-star\" data-star=\"3\" style=\"padding-right: 5px\">\n            \n\n<div class=\"kksr-icon\" style=\"width: 22px; height: 22px;\"><\/div>\n        <\/div>\n            <div class=\"kksr-star\" data-star=\"4\" style=\"padding-right: 5px\">\n            \n\n<div class=\"kksr-icon\" style=\"width: 22px; height: 22px;\"><\/div>\n        <\/div>\n            <div class=\"kksr-star\" data-star=\"5\" style=\"padding-right: 5px\">\n            \n\n<div class=\"kksr-icon\" style=\"width: 22px; height: 22px;\"><\/div>\n        <\/div>\n    <\/div>\n    \n<div class=\"kksr-stars-active\" style=\"width: 121.7px;\">\n            <div class=\"kksr-star\" style=\"padding-right: 5px\">\n            \n\n<div class=\"kksr-icon\" style=\"width: 22px; height: 22px;\"><\/div>\n        <\/div>\n            <div class=\"kksr-star\" style=\"padding-right: 5px\">\n            \n\n<div class=\"kksr-icon\" style=\"width: 22px; height: 22px;\"><\/div>\n        <\/div>\n            <div class=\"kksr-star\" style=\"padding-right: 5px\">\n            \n\n<div class=\"kksr-icon\" style=\"width: 22px; height: 22px;\"><\/div>\n        <\/div>\n            <div class=\"kksr-star\" style=\"padding-right: 5px\">\n            \n\n<div class=\"kksr-icon\" style=\"width: 22px; height: 22px;\"><\/div>\n        <\/div>\n            <div class=\"kksr-star\" style=\"padding-right: 5px\">\n            \n\n<div class=\"kksr-icon\" style=\"width: 22px; height: 22px;\"><\/div>\n        <\/div>\n    <\/div>\n<\/div>\n        \n\n<div class=\"kksr-legend\" style=\"font-size: 17.6px;\">\n            4.6\/5 - (8 votes)    <\/div>\n<\/div>\n<\/section>","protected":false},"excerpt":{"rendered":"<p>[vc_row][vc_column width=&#8220;1\/1&#8243;][vc_column_text]Kein kompletter Neustart, sondern eine clevere Weiterentwicklung: Cube 2026 setzt gezielt dort an, wo es wirklich einen Unterschied macht.\u00a0Die wichtigsten Neuerungen im \u00dcberblick:\u00a0 AMS Hybrid ONE77: Neues Enduro-E-Fully als eigenst\u00e4ndige Baureihe\u00a0 Kathmandu Hybrid ONE11: Erstes\u00a0Fullsuspension-Trekkingbike von Cube \u00fcberhaupt\u00a0 Nuroad\u00a0HPA komplett neu: Smooth Welding, integrierte Sattelklemme, saubereres Kabelrouting\u00a0 Phenix\u00a0C:68X: Brandneue XC-Hardtail-Baureihe &#8211; Gewichte ab 8,7 kg\u00a0 Litening\u00a0AIR C:68X: Neues Aero-Cockpit f\u00fcr bis zu 8 Watt Leistungsersparnis\u00a0 Bosch ABS Pro jetzt auch an\u00a0Hardtails\u00a0(Reaction\u00a0Hybrid) und mehr Fully-Modellen\u00a0 Agree-Serie: Powermeter ab Werk &#8211; bereits ab der\u00a0Race-Version Alle Highlights, Topseller und Neuheiten der\u00a0Cube Bikes 2026\u00a0findest du hier! \u00a0 [\/vc_column_text][\/vc_column][\/vc_row][vc_row][vc_column width=&#8220;1\/6&#8243;][\/vc_column][vc_column width=&#8220;2\/3&#8243;][\/vc_column][vc_column width=&#8220;1\/6&#8243;][\/vc_column][\/vc_row][vc_row][vc_column width=&#8220;1\/1&#8243;][vc_column_text] Cube AMS Hybrid ONE77 C:62 SUPER TM 600X das neue E-Enduro von Cube\u00a0 Brandneu in der Cube-Familie: Die AMS Hybrid ONE77 Serie 2026 tritt als eigenst\u00e4ndige Baureihe an und positioniert sich als alpentaugliches E-Enduro mit Renn-DNA. 170 mm Federweg, aggressive Geometrie, Mullet-Setup (29 Zoll vorne, 27,5 Zoll hinten) &#8211; und dank Carbon-Rahmen und kompaktem Akku sp\u00fcrbar leichter als das Stereo ONE77. Das AMS Hybrid ist kein schweres Tourenbike, sondern ein echtes Enduro: bergauf unterst\u00fctzt es kraftvoll, bergab l\u00e4sst es v\u00f6llig vergessen, dass ein Motor an Bord ist.\u00a0 Das Topmodell der neuen AMS-Baureihe, das Cube AMS Hybrid ONE77 C:62 SUPER TM 600X [&hellip;]<\/p>\n","protected":false},"author":28,"featured_media":34121,"comment_status":"open","ping_status":"open","sticky":false,"template":"","format":"standard","meta":[],"categories":[1,29],"tags":[],"yoast_head":"<!-- This site is optimized with the Yoast SEO plugin v19.10 - https:\/\/yoast.com\/wordpress\/plugins\/seo\/ -->\n<title>Cube Neuheiten 2026: alle Infos &amp; Highlights \u00bb Fahrrad XXL<\/title>\n<meta name=\"description\" content=\"Cube Bike Neuheiten 2026 \u26a1 Erfahre hier was die Neuheiten &amp; Highlights der Cube Bikes f\u00fcr die Saison 2026 sind. Jetzt entdecken!\" \/>\n<meta name=\"robots\" content=\"index, follow, max-snippet:-1, max-image-preview:large, max-video-preview:-1\" \/>\n<link rel=\"canonical\" href=\"https:\/\/www.fahrrad-xxl.de\/blog\/cube-bikes-neuheiten\/\" \/>\n<meta property=\"og:locale\" content=\"de_DE\" \/>\n<meta property=\"og:type\" content=\"article\" \/>\n<meta property=\"og:title\" content=\"Cube Neuheiten 2026: alle Infos &amp; Highlights \u00bb Fahrrad XXL\" \/>\n<meta property=\"og:description\" content=\"Cube Bike Neuheiten 2026 \u26a1 Erfahre hier was die Neuheiten &amp; Highlights der Cube Bikes f\u00fcr die Saison 2026 sind. Jetzt entdecken!\" \/>\n<meta property=\"og:url\" content=\"https:\/\/www.fahrrad-xxl.de\/blog\/cube-bikes-neuheiten\/\" \/>\n<meta property=\"og:site_name\" content=\"Fahrrad XXL Blog\" \/>\n<meta property=\"article:publisher\" content=\"https:\/\/www.facebook.com\/FahrradXXL\" \/>\n<meta property=\"article:published_time\" content=\"2026-03-23T17:15:08+00:00\" \/>\n<meta property=\"article:modified_time\" content=\"2026-03-30T12:45:21+00:00\" \/>\n<meta property=\"og:image\" content=\"https:\/\/www.fahrrad-xxl.de\/blog\/wp-content\/uploads\/2026\/03\/Cube_2025_30_04038.jpg\" \/>\n\t<meta property=\"og:image:width\" content=\"1920\" \/>\n\t<meta property=\"og:image:height\" content=\"1280\" \/>\n\t<meta property=\"og:image:type\" content=\"image\/jpeg\" \/>\n<meta name=\"author\" content=\"Nilo Posamentier\" \/>\n<meta name=\"twitter:card\" content=\"summary_large_image\" \/>\n<meta name=\"twitter:label1\" content=\"Verfasst von\" \/>\n\t<meta name=\"twitter:data1\" content=\"Nilo Posamentier\" \/>\n\t<meta name=\"twitter:label2\" content=\"Gesch\u00e4tzte Lesezeit\" \/>\n\t<meta name=\"twitter:data2\" content=\"13\u00a0Minuten\" \/>\n<script type=\"application\/ld+json\" class=\"yoast-schema-graph\">{\"@context\":\"https:\/\/schema.org\",\"@graph\":[{\"@type\":\"Article\",\"@id\":\"https:\/\/www.fahrrad-xxl.de\/blog\/cube-bikes-neuheiten\/#article\",\"isPartOf\":{\"@id\":\"https:\/\/www.fahrrad-xxl.de\/blog\/cube-bikes-neuheiten\/\"},\"author\":{\"name\":\"Nilo Posamentier\",\"@id\":\"https:\/\/www.fahrrad-xxl.de\/blog\/#\/schema\/person\/aed618670d38d8d337d07ca43180aeec\"},\"headline\":\"Cube Neuheiten 2026 &#8211; Alle Infos &#038; Highlights der neuen (E-)Bikes\",\"datePublished\":\"2026-03-23T17:15:08+00:00\",\"dateModified\":\"2026-03-30T12:45:21+00:00\",\"mainEntityOfPage\":{\"@id\":\"https:\/\/www.fahrrad-xxl.de\/blog\/cube-bikes-neuheiten\/\"},\"wordCount\":2537,\"commentCount\":0,\"publisher\":{\"@id\":\"https:\/\/www.fahrrad-xxl.de\/blog\/#organization\"},\"articleSection\":{\"1\":\"News\/Interessantes\"},\"inLanguage\":\"de\",\"potentialAction\":[{\"@type\":\"CommentAction\",\"name\":\"Comment\",\"target\":[\"https:\/\/www.fahrrad-xxl.de\/blog\/cube-bikes-neuheiten\/#respond\"]}]},{\"@type\":\"WebPage\",\"@id\":\"https:\/\/www.fahrrad-xxl.de\/blog\/cube-bikes-neuheiten\/\",\"url\":\"https:\/\/www.fahrrad-xxl.de\/blog\/cube-bikes-neuheiten\/\",\"name\":\"Cube Neuheiten 2026: alle Infos & Highlights \u00bb Fahrrad XXL\",\"isPartOf\":{\"@id\":\"https:\/\/www.fahrrad-xxl.de\/blog\/#website\"},\"datePublished\":\"2026-03-23T17:15:08+00:00\",\"dateModified\":\"2026-03-30T12:45:21+00:00\",\"description\":\"Cube Bike Neuheiten 2026 \u26a1 Erfahre hier was die Neuheiten & Highlights der Cube Bikes f\u00fcr die Saison 2026 sind. Jetzt entdecken!\",\"breadcrumb\":{\"@id\":\"https:\/\/www.fahrrad-xxl.de\/blog\/cube-bikes-neuheiten\/#breadcrumb\"},\"inLanguage\":\"de\",\"potentialAction\":[{\"@type\":\"ReadAction\",\"target\":[\"https:\/\/www.fahrrad-xxl.de\/blog\/cube-bikes-neuheiten\/\"]}]},{\"@type\":\"BreadcrumbList\",\"@id\":\"https:\/\/www.fahrrad-xxl.de\/blog\/cube-bikes-neuheiten\/#breadcrumb\",\"itemListElement\":[{\"@type\":\"ListItem\",\"position\":1,\"name\":\"Startseite\",\"item\":\"https:\/\/www.fahrrad-xxl.de\/blog\/\"},{\"@type\":\"ListItem\",\"position\":2,\"name\":\"Cube Neuheiten 2026 &#8211; Alle Infos &#038; Highlights der neuen (E-)Bikes\"}]},{\"@type\":\"WebSite\",\"@id\":\"https:\/\/www.fahrrad-xxl.de\/blog\/#website\",\"url\":\"https:\/\/www.fahrrad-xxl.de\/blog\/\",\"name\":\"Fahrrad XXL Blog\",\"description\":\"Erleben | Testen | Losfahren\",\"publisher\":{\"@id\":\"https:\/\/www.fahrrad-xxl.de\/blog\/#organization\"},\"potentialAction\":[{\"@type\":\"SearchAction\",\"target\":{\"@type\":\"EntryPoint\",\"urlTemplate\":\"https:\/\/www.fahrrad-xxl.de\/blog\/?s={search_term_string}\"},\"query-input\":\"required name=search_term_string\"}],\"inLanguage\":\"de\"},{\"@type\":\"Organization\",\"@id\":\"https:\/\/www.fahrrad-xxl.de\/blog\/#organization\",\"name\":\"Fahrrad XXL\",\"url\":\"https:\/\/www.fahrrad-xxl.de\/blog\/\",\"logo\":{\"@type\":\"ImageObject\",\"inLanguage\":\"de\",\"@id\":\"https:\/\/www.fahrrad-xxl.de\/blog\/#\/schema\/logo\/image\/\",\"url\":\"https:\/\/www.fahrrad-xxl.de\/blog\/wp-content\/uploads\/2018\/03\/FXXL-Blog-Logo-100-c.png\",\"contentUrl\":\"https:\/\/www.fahrrad-xxl.de\/blog\/wp-content\/uploads\/2018\/03\/FXXL-Blog-Logo-100-c.png\",\"width\":450,\"height\":100,\"caption\":\"Fahrrad XXL\"},\"image\":{\"@id\":\"https:\/\/www.fahrrad-xxl.de\/blog\/#\/schema\/logo\/image\/\"},\"sameAs\":[\"https:\/\/www.instagram.com\/fahrradxxl\",\"https:\/\/www.youtube.com\/user\/FahrradXXLde\",\"https:\/\/www.tiktok.com\/@fahrrad_xxl\",\"https:\/\/www.facebook.com\/FahrradXXL\"]},{\"@type\":\"Person\",\"@id\":\"https:\/\/www.fahrrad-xxl.de\/blog\/#\/schema\/person\/aed618670d38d8d337d07ca43180aeec\",\"name\":\"Nilo Posamentier\",\"url\":\"https:\/\/www.fahrrad-xxl.de\/blog\/author\/nilo\/\"}]}<\/script>\n<!-- \/ Yoast SEO plugin. -->","yoast_head_json":{"title":"Cube Neuheiten 2026: alle Infos & Highlights \u00bb Fahrrad XXL","description":"Cube Bike Neuheiten 2026 \u26a1 Erfahre hier was die Neuheiten & Highlights der Cube Bikes f\u00fcr die Saison 2026 sind. Jetzt entdecken!","robots":{"index":"index","follow":"follow","max-snippet":"max-snippet:-1","max-image-preview":"max-image-preview:large","max-video-preview":"max-video-preview:-1"},"canonical":"https:\/\/www.fahrrad-xxl.de\/blog\/cube-bikes-neuheiten\/","og_locale":"de_DE","og_type":"article","og_title":"Cube Neuheiten 2026: alle Infos & Highlights \u00bb Fahrrad XXL","og_description":"Cube Bike Neuheiten 2026 \u26a1 Erfahre hier was die Neuheiten & Highlights der Cube Bikes f\u00fcr die Saison 2026 sind. Jetzt entdecken!","og_url":"https:\/\/www.fahrrad-xxl.de\/blog\/cube-bikes-neuheiten\/","og_site_name":"Fahrrad XXL Blog","article_publisher":"https:\/\/www.facebook.com\/FahrradXXL","article_published_time":"2026-03-23T17:15:08+00:00","article_modified_time":"2026-03-30T12:45:21+00:00","og_image":[{"width":1920,"height":1280,"url":"https:\/\/www.fahrrad-xxl.de\/blog\/wp-content\/uploads\/2026\/03\/Cube_2025_30_04038.jpg","type":"image\/jpeg"}],"author":"Nilo Posamentier","twitter_card":"summary_large_image","twitter_misc":{"Verfasst von":"Nilo Posamentier","Gesch\u00e4tzte Lesezeit":"13\u00a0Minuten"},"schema":{"@context":"https:\/\/schema.org","@graph":[{"@type":"Article","@id":"https:\/\/www.fahrrad-xxl.de\/blog\/cube-bikes-neuheiten\/#article","isPartOf":{"@id":"https:\/\/www.fahrrad-xxl.de\/blog\/cube-bikes-neuheiten\/"},"author":{"name":"Nilo Posamentier","@id":"https:\/\/www.fahrrad-xxl.de\/blog\/#\/schema\/person\/aed618670d38d8d337d07ca43180aeec"},"headline":"Cube Neuheiten 2026 &#8211; Alle Infos &#038; Highlights der neuen (E-)Bikes","datePublished":"2026-03-23T17:15:08+00:00","dateModified":"2026-03-30T12:45:21+00:00","mainEntityOfPage":{"@id":"https:\/\/www.fahrrad-xxl.de\/blog\/cube-bikes-neuheiten\/"},"wordCount":2537,"commentCount":0,"publisher":{"@id":"https:\/\/www.fahrrad-xxl.de\/blog\/#organization"},"articleSection":{"1":"News\/Interessantes"},"inLanguage":"de","potentialAction":[{"@type":"CommentAction","name":"Comment","target":["https:\/\/www.fahrrad-xxl.de\/blog\/cube-bikes-neuheiten\/#respond"]}]},{"@type":"WebPage","@id":"https:\/\/www.fahrrad-xxl.de\/blog\/cube-bikes-neuheiten\/","url":"https:\/\/www.fahrrad-xxl.de\/blog\/cube-bikes-neuheiten\/","name":"Cube Neuheiten 2026: alle Infos & Highlights \u00bb Fahrrad XXL","isPartOf":{"@id":"https:\/\/www.fahrrad-xxl.de\/blog\/#website"},"datePublished":"2026-03-23T17:15:08+00:00","dateModified":"2026-03-30T12:45:21+00:00","description":"Cube Bike Neuheiten 2026 \u26a1 Erfahre hier was die Neuheiten & Highlights der Cube Bikes f\u00fcr die Saison 2026 sind. Jetzt entdecken!","breadcrumb":{"@id":"https:\/\/www.fahrrad-xxl.de\/blog\/cube-bikes-neuheiten\/#breadcrumb"},"inLanguage":"de","potentialAction":[{"@type":"ReadAction","target":["https:\/\/www.fahrrad-xxl.de\/blog\/cube-bikes-neuheiten\/"]}]},{"@type":"BreadcrumbList","@id":"https:\/\/www.fahrrad-xxl.de\/blog\/cube-bikes-neuheiten\/#breadcrumb","itemListElement":[{"@type":"ListItem","position":1,"name":"Startseite","item":"https:\/\/www.fahrrad-xxl.de\/blog\/"},{"@type":"ListItem","position":2,"name":"Cube Neuheiten 2026 &#8211; Alle Infos &#038; Highlights der neuen (E-)Bikes"}]},{"@type":"WebSite","@id":"https:\/\/www.fahrrad-xxl.de\/blog\/#website","url":"https:\/\/www.fahrrad-xxl.de\/blog\/","name":"Fahrrad XXL Blog","description":"Erleben | Testen | Losfahren","publisher":{"@id":"https:\/\/www.fahrrad-xxl.de\/blog\/#organization"},"potentialAction":[{"@type":"SearchAction","target":{"@type":"EntryPoint","urlTemplate":"https:\/\/www.fahrrad-xxl.de\/blog\/?s={search_term_string}"},"query-input":"required name=search_term_string"}],"inLanguage":"de"},{"@type":"Organization","@id":"https:\/\/www.fahrrad-xxl.de\/blog\/#organization","name":"Fahrrad XXL","url":"https:\/\/www.fahrrad-xxl.de\/blog\/","logo":{"@type":"ImageObject","inLanguage":"de","@id":"https:\/\/www.fahrrad-xxl.de\/blog\/#\/schema\/logo\/image\/","url":"https:\/\/www.fahrrad-xxl.de\/blog\/wp-content\/uploads\/2018\/03\/FXXL-Blog-Logo-100-c.png","contentUrl":"https:\/\/www.fahrrad-xxl.de\/blog\/wp-content\/uploads\/2018\/03\/FXXL-Blog-Logo-100-c.png","width":450,"height":100,"caption":"Fahrrad XXL"},"image":{"@id":"https:\/\/www.fahrrad-xxl.de\/blog\/#\/schema\/logo\/image\/"},"sameAs":["https:\/\/www.instagram.com\/fahrradxxl","https:\/\/www.youtube.com\/user\/FahrradXXLde","https:\/\/www.tiktok.com\/@fahrrad_xxl","https:\/\/www.facebook.com\/FahrradXXL"]},{"@type":"Person","@id":"https:\/\/www.fahrrad-xxl.de\/blog\/#\/schema\/person\/aed618670d38d8d337d07ca43180aeec","name":"Nilo Posamentier","url":"https:\/\/www.fahrrad-xxl.de\/blog\/author\/nilo\/"}]}},"_links":{"self":[{"href":"https:\/\/www.fahrrad-xxl.de\/blog\/wp-json\/wp\/v2\/posts\/29501"}],"collection":[{"href":"https:\/\/www.fahrrad-xxl.de\/blog\/wp-json\/wp\/v2\/posts"}],"about":[{"href":"https:\/\/www.fahrrad-xxl.de\/blog\/wp-json\/wp\/v2\/types\/post"}],"author":[{"embeddable":true,"href":"https:\/\/www.fahrrad-xxl.de\/blog\/wp-json\/wp\/v2\/users\/28"}],"replies":[{"embeddable":true,"href":"https:\/\/www.fahrrad-xxl.de\/blog\/wp-json\/wp\/v2\/comments?post=29501"}],"version-history":[{"count":5,"href":"https:\/\/www.fahrrad-xxl.de\/blog\/wp-json\/wp\/v2\/posts\/29501\/revisions"}],"predecessor-version":[{"id":34141,"href":"https:\/\/www.fahrrad-xxl.de\/blog\/wp-json\/wp\/v2\/posts\/29501\/revisions\/34141"}],"wp:featuredmedia":[{"embeddable":true,"href":"https:\/\/www.fahrrad-xxl.de\/blog\/wp-json\/wp\/v2\/media\/34121"}],"wp:attachment":[{"href":"https:\/\/www.fahrrad-xxl.de\/blog\/wp-json\/wp\/v2\/media?parent=29501"}],"wp:term":[{"taxonomy":"category","embeddable":true,"href":"https:\/\/www.fahrrad-xxl.de\/blog\/wp-json\/wp\/v2\/categories?post=29501"},{"taxonomy":"post_tag","embeddable":true,"href":"https:\/\/www.fahrrad-xxl.de\/blog\/wp-json\/wp\/v2\/tags?post=29501"}],"curies":[{"name":"wp","href":"https:\/\/api.w.org\/{rel}","templated":true}]}}