{"id":31518,"date":"2021-07-29T12:06:42","date_gmt":"2021-07-29T10:06:42","guid":{"rendered":"https:\/\/www.fahrrad-xxl.de\/blog\/?p=31518"},"modified":"2022-11-22T12:08:04","modified_gmt":"2022-11-22T11:08:04","slug":"fahrradhelme-im-test","status":"publish","type":"post","link":"https:\/\/www.fahrrad-xxl.de\/blog\/fahrradhelme-im-test\/","title":{"rendered":"Fahrradhelm Test &#8211; Testsieger von ADAC &#038; Co."},"content":{"rendered":"<section class=\"wpb-content-wrapper\"><p>[vc_row][vc_column width=&#8220;1\/1&#8243;][vc_row_inner][vc_column_inner][vc_column_text]<\/p>\n<h2><span class=\"ez-toc-section\" id=\"spitzenplatzierungen-fuer-abus-und-uvex\"><\/span>Spitzenplatzierungen f\u00fcr Abus und Uvex<span class=\"ez-toc-section-end\"><\/span><\/h2>\n<p>Unter den getesteten Helmen konnten besonders Helme der Marken Abus und Uvex hervorstechen. Sie \u00fcberzeugten mit dem verarbeiteten Material, \u00fcberwiegend guter Bel\u00fcftung, ausreichenden Einstellungsm\u00f6glichkeiten und zus\u00e4tzlichen Sicherheitsmerkmalen wie Reflektoren und LED-Lichtern. Sie bieten guten Schutz bei St\u00fcrzen und konnten ebenfalls in ADAC-Tests mit guten Ergebnissen punkten. Wie genau Fahrradhelme getestet werden und welche Kriterien dabei im Fokus standen, erkl\u00e4ren wir dir im n\u00e4chsten Kapitel.<\/p>\n<p>&nbsp;<\/p>\n<h2><span class=\"ez-toc-section\" id=\"diese-verfahren-und-kriterien-stehen-hinter-den-testergebnissen\"><\/span>Diese Verfahren und Kriterien stehen hinter den Testergebnissen<span class=\"ez-toc-section-end\"><\/span><\/h2>\n<p>Diese Kriterien wurden bei der Beurteilung der Fahrradhelme ber\u00fccksichtigt:<\/p>\n<p><strong>Einstellungsm\u00f6glichkeiten<\/strong><\/p>\n<p>Bei einem Sturz ist die Gr\u00f6\u00dfe des Helmes entscheidend. Daher ist ein Kriterium wie die Einstellungsm\u00f6glichkeiten eines Helmes sind. Fein justierbare Kinnriemen und Drehverschl\u00fcsse am Hinterkopf erm\u00f6glichen es, den Helm passgenau an den Kopf anzulegen. Helme mit diesen Eigenschaften bieten daher bereits einen Vorteil, wenn es um St\u00fcrze geht.<\/p>\n<p><strong>Sicherheitsmerkmale<\/strong><\/p>\n<p>Helme, die eine LED-Beleuchtung haben oder zus\u00e4tzliche Reflektoren besitzen, bieten mehr Sicherheit. Als Fahrradfahrer kann man besonders bei D\u00e4mmerung oder in der Nacht deutlich besser erkannt werden. Bei MTB-Helmen ist es ebenfalls von Relevanz, ob die Sicherheitsnormen EN1078 und CPSC erf\u00fcllt oder \u00fcbertroffen werden k\u00f6nnen.<\/p>\n<p><strong>Komfort<\/strong><\/p>\n<p>Neben der Sicherheit spielt auch der Komfort eine wichtige Rolle. Mit dem Helm sollte man sich wohlf\u00fchlen, damit dieser dann auch regelm\u00e4\u00dfig und im Alltag getragen wird. Zum Komfort tragen gen\u00fcgend Einstellungsm\u00f6glichkeiten, sowie eine gute Bel\u00fcftung und eine gute Verarbeitung bei. Au\u00dferdem bietet ein Insektennetz Schutz vor l\u00e4stigen Insekten. Zudem kann ein geringes Gewicht von ca. 200 g auf Dauer auch deutlich angenehmer sein als ein Helm mit einem Gewicht von 350 g oder mehr. Zum Komfort z\u00e4hlt in diesem Fall auch, ob sich, falls vorhanden, die Polster des Helmes herausnehmen und waschen lassen.[\/vc_column_text][vc_column_text]<\/p>\n<h2><span class=\"ez-toc-section\" id=\"die-sichersten-und-am-bestem-getesteten-fahrradhelme-in-der-uebersicht\"><\/span>Die sichersten und am bestem getesteten Fahrradhelme in der \u00dcbersicht<span class=\"ez-toc-section-end\"><\/span><\/h2>\n<p>[\/vc_column_text][vc_column_text css_animation=&#8220;none&#8220;]<\/p>\n<h2><span class=\"ez-toc-section\" id=\"allrounder-fahrradhelme\"><\/span>Allrounder Fahrradhelme<span class=\"ez-toc-section-end\"><\/span><\/h2>\n<p>Zun\u00e4chst zu den Allroundern: Sie sind wie der Name verr\u00e4t f\u00fcr fast alle Szenarien geeignet. Sie \u00e4hneln sehr den Cityhelmen, da sie rundum gut alltagsf\u00e4hig sind. Eine gute Bel\u00fcftung, ein Insektengitter sowie Reflektoren und teilweise auch LED-Lichter geh\u00f6ren hier zur Ausstattung. Sie bieten gute Einstellungsm\u00f6glichkeiten und k\u00f6nnen bei Tag und Nacht mit gen\u00fcgend Sicherheit getragen werden. Sie eignen sich zwar auch f\u00fcr den MTB-Bereich, allerdings nur f\u00fcr leichtes Gel\u00e4nde. F\u00fcr sportlichere MTB-Action wie Downhill-Fahrten sollte dann doch lieber ein richtiger MTB-Helm angeschafft werden.<\/p>\n<p>&nbsp;<\/p>\n<p>&nbsp;<\/p>\n<h3>Abus Aduro 2.0<\/h3>\n<p><img decoding=\"async\" loading=\"lazy\" class=\"alignnone size-medium wp-image-31524\" src=\"https:\/\/www.fahrrad-xxl.de\/blog\/wp-content\/uploads\/2021\/06\/abus_aduro_2_0-300x185.jpg\" alt=\"Abus Aduro 2.0\" width=\"300\" height=\"185\" srcset=\"https:\/\/www.fahrrad-xxl.de\/blog\/wp-content\/uploads\/2021\/06\/abus_aduro_2_0-300x185.jpg 300w, https:\/\/www.fahrrad-xxl.de\/blog\/wp-content\/uploads\/2021\/06\/abus_aduro_2_0-1024x631.jpg 1024w, https:\/\/www.fahrrad-xxl.de\/blog\/wp-content\/uploads\/2021\/06\/abus_aduro_2_0-768x473.jpg 768w, https:\/\/www.fahrrad-xxl.de\/blog\/wp-content\/uploads\/2021\/06\/abus_aduro_2_0.jpg 1119w\" sizes=\"(max-width: 300px) 100vw, 300px\" \/>[\/vc_column_text][vc_column_text][\/vc_column_text][\/vc_column_inner][\/vc_row_inner][\/vc_column][\/vc_row][vc_row][vc_column width=&#8220;1\/2&#8243;][vc_column_text css_animation=&#8220;none&#8220;]<\/p>\n<ul>\n<li><span style=\"color: #008000;\">LED R\u00fcckleuchte &amp; Reflektoren<\/span><\/li>\n<li><span style=\"color: #008000;\">feinjustierbares Verstellsystem<\/span><\/li>\n<li><span style=\"color: #008000;\">sehr gute Bel\u00fcftungseigenschaften<\/span><\/li>\n<li><span style=\"color: #008000;\">mit Insektennetz<\/span><\/li>\n<\/ul>\n<p>[\/vc_column_text][\/vc_column][vc_column width=&#8220;1\/2&#8243;][vc_column_text css_animation=&#8220;none&#8220;]<strong>Produktbewertung unserer Kunden:<\/strong><\/p>\n<div>\n<div><\/div>\n<div class=\"pvd-r__review-comment\"><strong>Pro:<\/strong><\/div>\n<div class=\"pvd-r__review-comment\">\n<p>passt super, habe vorher das gleiche Modell gehabt und wegen Alter mal durch einen neuen Helm ersetzt, super, dass es das Modell immer noch gibt, f\u00fcr meinen Kopf perfekt<\/p>\n<p><strong>Contra:<\/strong><\/p>\n<\/div>\n<div class=\"pvd-r__review-comment\">\n<p>kein Kontra<\/p>\n<p><strong>Fazit:<\/strong><\/p>\n<\/div>\n<div class=\"pvd-r__review-comment\">w\u00fcrde ich weiter empfehlen<\/div>\n<\/div>\n<div class=\"pvd-r__review-comment\">\n<p><em>von P. Gilberg 11.04.2021<\/em><\/p>\n<\/div>\n<p>[\/vc_column_text][\/vc_column][\/vc_row][vc_row][vc_column width=&#8220;1\/1&#8243;]<a href=\"https:\/\/www.fahrrad-xxl.de\/fahrradzubehoer\/fahrradhelme\/marke.abus\/?fxxlint=blog-fahrradhelme-test-cta-1\" target=\"_blank\" class=\"button button-appear custom large \" style=\"background-color: #a82323; border-color: #a82323;border-radius: 30px;\"><span>Jetzt g\u00fcnstig den Abus Aduro 2.0 entdecken!<i class='fa fas fa-chevron-circle-right'><\/i><\/span><\/a><div class=\"newdivider align-center\" style=\"border-bottom-style: solid; border-color: #999999; border-bottom-width: 2px; margin-top: 20px; margin-bottom: 10px; width: 100%; \"><\/div><div class=\"clear\"><\/div>[\/vc_column][\/vc_row][vc_row bg_color=&#8220;#ffffff&#8220;][vc_column width=&#8220;1\/1&#8243;][vc_column_text css_animation=&#8220;none&#8220;]<\/p>\n<h3>Uvex I-VO CC 2021<\/h3>\n<p><img decoding=\"async\" loading=\"lazy\" class=\"alignnone size-medium wp-image-31529\" src=\"https:\/\/www.fahrrad-xxl.de\/blog\/wp-content\/uploads\/2021\/06\/uvex_i_vo_cc_2021-300x185.jpg\" alt=\"Uvex I-VO CC 2021\" width=\"300\" height=\"185\" srcset=\"https:\/\/www.fahrrad-xxl.de\/blog\/wp-content\/uploads\/2021\/06\/uvex_i_vo_cc_2021-300x185.jpg 300w, https:\/\/www.fahrrad-xxl.de\/blog\/wp-content\/uploads\/2021\/06\/uvex_i_vo_cc_2021-1024x631.jpg 1024w, https:\/\/www.fahrrad-xxl.de\/blog\/wp-content\/uploads\/2021\/06\/uvex_i_vo_cc_2021-768x473.jpg 768w, https:\/\/www.fahrrad-xxl.de\/blog\/wp-content\/uploads\/2021\/06\/uvex_i_vo_cc_2021.jpg 1119w\" sizes=\"(max-width: 300px) 100vw, 300px\" \/>[\/vc_column_text][vc_column_text][\/vc_column_text][vc_row_inner][vc_column_inner width=&#8220;1\/2&#8243;][vc_column_text css_animation=&#8220;none&#8220;]<\/p>\n<ul>\n<li><span style=\"color: #008000;\">sehr gute Passform<\/span><\/li>\n<li><span style=\"color: #008000;\">sehr gute Bel\u00fcftungseigenschaften<\/span><\/li>\n<li><span style=\"color: #008000;\">sehr leicht<\/span><\/li>\n<li>Verstellbarkeit der Kinnschnalle begrenzt<\/li>\n<\/ul>\n<p>[\/vc_column_text][\/vc_column_inner][vc_column_inner width=&#8220;1\/2&#8243;][vc_column_text css_animation=&#8220;none&#8220;]<strong>Produktbewertung unserer Kunden:<\/strong><\/p>\n<div>\n<div class=\"pvd-r__review-comment-title\">1a Helm<\/div>\n<div><\/div>\n<div class=\"pvd-r__review-comment\"><strong>Pro:<\/strong><\/div>\n<div class=\"pvd-r__review-comment\">\n<p>sch\u00f6ner dezenter Helm mit individuellen M\u00f6glichkeiten noch lichter anzubringen, super Qualit\u00e4t<\/p>\n<p><strong>Contra:<\/strong><\/p>\n<\/div>\n<div class=\"pvd-r__review-comment\">\n<p>das Band f\u00fcr die L\u00e4nge der schnalle unterm Kinn l\u00e4sst sich etwas umst\u00e4ndlich verk\u00fcrzen oder verl\u00e4ngern<\/p>\n<p><strong>Fazit:<\/strong><\/p>\n<\/div>\n<div class=\"pvd-r__review-comment\">Im ganzen ein super Helm der einfach nur weiterzuempfehlen, da man die Einstellung unterm in der Regel nur einmal machen muss st\u00f6rt dieses eigentlich nicht<\/div>\n<\/div>\n<div class=\"pvd-r__review-comment\">\n<p><em>von Katrin 27.04.2021<\/em><\/p>\n<\/div>\n<p>[\/vc_column_text][\/vc_column_inner][\/vc_row_inner]<a href=\"https:\/\/www.fahrrad-xxl.de\/fahrradzubehoer\/fahrradhelme\/marke.uvex\/?fxxlint=blog-fahrradhelme-test-cta-2\" target=\"_blank\" class=\"button button-appear custom large \" style=\"background-color: #a82323; border-color: #a82323;border-radius: 30px;\"><span>Jetzt g\u00fcnstig den Uvex I-VO CC entdecken!<i class='fa fas fa-chevron-circle-right'><\/i><\/span><\/a><div class=\"newdivider align-center\" style=\"border-bottom-style: solid; border-color: #999999; border-bottom-width: 2px; margin-top: 20px; margin-bottom: 10px; width: 100%; \"><\/div><div class=\"clear\"><\/div>[\/vc_column][\/vc_row][vc_row bg_color=&#8220;#ffffff&#8220;][vc_column width=&#8220;1\/1&#8243;][vc_column_text css_animation=&#8220;none&#8220;]<\/p>\n<h3>Abus Urban-I 3.0<\/h3>\n<p><img decoding=\"async\" loading=\"lazy\" class=\"alignnone size-medium wp-image-31530\" src=\"https:\/\/www.fahrrad-xxl.de\/blog\/wp-content\/uploads\/2021\/06\/Abus_Urban_i_30_2021-300x185.jpg\" alt=\"Abus Urban-I 3.0\" width=\"300\" height=\"185\" srcset=\"https:\/\/www.fahrrad-xxl.de\/blog\/wp-content\/uploads\/2021\/06\/Abus_Urban_i_30_2021-300x185.jpg 300w, https:\/\/www.fahrrad-xxl.de\/blog\/wp-content\/uploads\/2021\/06\/Abus_Urban_i_30_2021-1024x631.jpg 1024w, https:\/\/www.fahrrad-xxl.de\/blog\/wp-content\/uploads\/2021\/06\/Abus_Urban_i_30_2021-768x473.jpg 768w, https:\/\/www.fahrrad-xxl.de\/blog\/wp-content\/uploads\/2021\/06\/Abus_Urban_i_30_2021.jpg 1119w\" sizes=\"(max-width: 300px) 100vw, 300px\" \/><\/p>\n<p><em>&#8222;Der Helm von Abus ist bequem zu tragen und l\u00e4sst sich einfach sowie umfangreich an den Kopf des Radlers anpassen. Schw\u00e4chen zeigen sich jedoch beim Unfallschutz. Der Abus erreicht so nur ein befriedigend in der Gesamtnote.&#8220;<\/em><\/p>\n<p>Fazit von <a href=\"https:\/\/www.adac.de\/rund-ums-fahrzeug\/tests\/fahrrad\/fahrradhelme\/details\/4518\/abus-urban-i-30-mips\/\">adac.de<\/a>[\/vc_column_text][vc_row_inner][vc_column_inner width=&#8220;1\/2&#8243;][vc_column_text css_animation=&#8220;none&#8220;]<\/p>\n<ul>\n<li><span style=\"color: #008000;\">LED R\u00fcckleuchte &amp; Reflektoren<\/span><\/li>\n<li><span style=\"color: #008000;\">feinjustierbares Verstellsystem<\/span><\/li>\n<li><span style=\"color: #008000;\">sehr gute Bel\u00fcftungseigenschaften<\/span><\/li>\n<li><span style=\"color: #008000;\">mit Insektennetz<\/span><\/li>\n<li>Optik Geschmackssache<\/li>\n<\/ul>\n<p>[\/vc_column_text][\/vc_column_inner][vc_column_inner width=&#8220;1\/2&#8243;][vc_column_text css_animation=&#8220;none&#8220;]<strong>Produktbewertung unserer Kunden:<\/strong><\/p>\n<div>\n<div class=\"pvd-r__review-comment-title\">\n<div class=\"pvd-r__review-comment-title\">Ein hochwertiger Helm f\u00fcr einen fairen Preis<\/div>\n<\/div>\n<div><\/div>\n<div class=\"pvd-r__review-comment\"><strong>Pro:<\/strong><\/div>\n<div class=\"pvd-r__review-comment\">\n<p>Der Helm wirkt qualitativ hochwertig<\/p>\n<p><strong>Contra:<\/strong><\/p>\n<\/div>\n<div class=\"pvd-r__review-comment\">\n<p>Optisch gesehen ist es Geschmackssache. Ich pers\u00f6nlich finde Fahrradhelme sowieso ganz selten sch\u00f6n.<\/p>\n<p><strong>Fazit:<\/strong><\/p>\n<\/div>\n<div class=\"pvd-r__review-comment\">Definitiv zu empfehlen -&gt; erf\u00fcllt seinen Zweck -&gt; fairer Preis<\/div>\n<\/div>\n<div class=\"pvd-r__review-comment\">\n<p><em>von Bartos Mura 04.06.2021<\/em><\/p>\n<\/div>\n<p>[\/vc_column_text][\/vc_column_inner][\/vc_row_inner]<a href=\"https:\/\/www.fahrrad-xxl.de\/fahrradzubehoer\/fahrradhelme\/marke.abus\/?fxxlint=blog-fahrradhelme-test-cta-3\" target=\"_blank\" class=\"button button-appear custom large \" style=\"background-color: #a82323; border-color: #a82323;border-radius: 30px;\"><span>Jetzt g\u00fcnstig Abus Urban-I 3.0 entdecken!<i class='fa fas fa-chevron-circle-right'><\/i><\/span><\/a><div class=\"newdivider align-center\" style=\"border-bottom-style: solid; border-color: #999999; border-bottom-width: 2px; margin-top: 20px; margin-bottom: 10px; width: 100%; \"><\/div><div class=\"clear\"><\/div>[\/vc_column][\/vc_row][vc_row bg_color=&#8220;#ffffff&#8220;][vc_column width=&#8220;1\/1&#8243;][vc_column_text css_animation=&#8220;none&#8220;]<\/p>\n<h3>KED Crom 2021<\/h3>\n<p><img decoding=\"async\" loading=\"lazy\" class=\"alignnone size-medium wp-image-31531\" src=\"https:\/\/www.fahrrad-xxl.de\/blog\/wp-content\/uploads\/2021\/06\/KED_crom_2021-300x185.jpg\" alt=\"KED Crom 2021\" width=\"300\" height=\"185\" srcset=\"https:\/\/www.fahrrad-xxl.de\/blog\/wp-content\/uploads\/2021\/06\/KED_crom_2021-300x185.jpg 300w, https:\/\/www.fahrrad-xxl.de\/blog\/wp-content\/uploads\/2021\/06\/KED_crom_2021-1024x631.jpg 1024w, https:\/\/www.fahrrad-xxl.de\/blog\/wp-content\/uploads\/2021\/06\/KED_crom_2021-768x473.jpg 768w, https:\/\/www.fahrrad-xxl.de\/blog\/wp-content\/uploads\/2021\/06\/KED_crom_2021.jpg 1119w\" sizes=\"(max-width: 300px) 100vw, 300px\" \/>[\/vc_column_text][vc_column_text][\/vc_column_text][vc_row_inner][vc_column_inner width=&#8220;1\/2&#8243;][vc_column_text css_animation=&#8220;none&#8220;]<\/p>\n<ul>\n<li><span style=\"color: #008000;\">hochwertige Verarbeitung<\/span><\/li>\n<li><span style=\"color: #008000;\">gute Bel\u00fcftung inkl. Insektengitter<\/span><\/li>\n<li><span style=\"color: #008000;\">LED-Blinklicht f\u00fcr mehr Sicherheit<\/span><\/li>\n<li>Optik und Tragekomfort eher nach Herren ausgerichtet<\/li>\n<\/ul>\n<p>[\/vc_column_text][\/vc_column_inner][vc_column_inner width=&#8220;1\/2&#8243;][vc_column_text css_animation=&#8220;none&#8220;]Leider haben wir f\u00fcr dieses Produkt noch keine Bewertung in unserem Shop. Wenn du den Helm besitzt, kannst du gerne eine Bewertung hinterlassen, um deine Erfahrungen mit anderen zu teilen.[\/vc_column_text][\/vc_column_inner][\/vc_row_inner]<a href=\"https:\/\/www.fahrrad-xxl.de\/fahrradzubehoer\/fahrradhelme\/marke.ked\/?fxxlint=blog-fahrradhelme-test-cta-4\" target=\"_blank\" class=\"button button-appear custom large \" style=\"background-color: #a82323; border-color: #a82323;border-radius: 30px;\"><span>Jetzt g\u00fcnstig den KED Crom 2021 entdecken!<i class='fa fas fa-chevron-circle-right'><\/i><\/span><\/a><div class=\"newdivider align-center\" style=\"border-bottom-style: solid; border-color: #999999; border-bottom-width: 2px; margin-top: 20px; margin-bottom: 10px; width: 100%; \"><\/div><div class=\"clear\"><\/div>[\/vc_column][\/vc_row][vc_row bg_color=&#8220;#ffffff&#8220;][vc_column width=&#8220;1\/1&#8243;][vc_column_text css_animation=&#8220;none&#8220;]<\/p>\n<h3>Casco Activ 2<\/h3>\n<p><img decoding=\"async\" loading=\"lazy\" class=\"alignnone size-medium wp-image-31532\" src=\"https:\/\/www.fahrrad-xxl.de\/blog\/wp-content\/uploads\/2021\/06\/casco_activ2_2021-300x185.jpg\" alt=\"Casco Activ2\" width=\"300\" height=\"185\" srcset=\"https:\/\/www.fahrrad-xxl.de\/blog\/wp-content\/uploads\/2021\/06\/casco_activ2_2021-300x185.jpg 300w, https:\/\/www.fahrrad-xxl.de\/blog\/wp-content\/uploads\/2021\/06\/casco_activ2_2021-1024x631.jpg 1024w, https:\/\/www.fahrrad-xxl.de\/blog\/wp-content\/uploads\/2021\/06\/casco_activ2_2021-768x473.jpg 768w, https:\/\/www.fahrrad-xxl.de\/blog\/wp-content\/uploads\/2021\/06\/casco_activ2_2021.jpg 1119w\" sizes=\"(max-width: 300px) 100vw, 300px\" \/>[\/vc_column_text][vc_column_text][\/vc_column_text][vc_row_inner][vc_column_inner width=&#8220;1\/2&#8243;][vc_column_text css_animation=&#8220;none&#8220;]<\/p>\n<ul>\n<li><span style=\"color: #008000;\">reflektierende Streifen<\/span><\/li>\n<li><span style=\"color: #008000;\">Komfortabel dank senkrechter- und horizontaler Verstellm\u00f6glichkeiten<\/span><\/li>\n<li><span style=\"color: #008000;\">stylisch! &#8211; farbige Steifen k\u00f6nnen getauscht werden<\/span><\/li>\n<li>mit 400 g nicht sehr leicht<\/li>\n<\/ul>\n<p>[\/vc_column_text][\/vc_column_inner][vc_column_inner width=&#8220;1\/2&#8243;][vc_column_text css_animation=&#8220;none&#8220;]<strong>Produktbewertung unserer Kunden:<\/strong><\/p>\n<div>\n<div class=\"pvd-r__review-comment-title\">\n<div class=\"pvd-r__review-comment-title\"><\/div>\n<\/div>\n<div><\/div>\n<div class=\"pvd-r__review-comment\"><strong>Pro:<\/strong><\/div>\n<div class=\"pvd-r__review-comment\"><\/div>\n<div class=\"pvd-r__review-comment\">\n<p>Sehr gut<\/p>\n<p><strong>Fazit:<\/strong><\/p>\n<\/div>\n<div class=\"pvd-r__review-comment\">Sehr gut<\/div>\n<\/div>\n<div class=\"pvd-r__review-comment\">\n<p><em>von Alex 07.04.2021<\/em><\/p>\n<\/div>\n<p>[\/vc_column_text][\/vc_column_inner][\/vc_row_inner]<a href=\"https:\/\/www.fahrrad-xxl.de\/fahrradzubehoer\/fahrradhelme\/marke.casco\/?fxxlint=blog-fahrradhelme-test-cta-5\" target=\"_blank\" class=\"button button-appear custom large \" style=\"background-color: #a82323; border-color: #a82323;border-radius: 30px;\"><span>Jetzt g\u00fcnstig den Casco Activ2 entdecken!<i class='fa fas fa-chevron-circle-right'><\/i><\/span><\/a><div class=\"newdivider align-center\" style=\"border-bottom-style: solid; border-color: #999999; border-bottom-width: 2px; margin-top: 20px; margin-bottom: 10px; width: 100%; \"><\/div><div class=\"clear\"><\/div>[\/vc_column][\/vc_row][vc_row bg_color=&#8220;#ffffff&#8220;][vc_column width=&#8220;1\/1&#8243;][vc_column_text css_animation=&#8220;none&#8220;]<\/p>\n<h2><span class=\"ez-toc-section\" id=\"city-fahrradhelme-im-test\"><\/span>City-Fahrradhelme im Test<span class=\"ez-toc-section-end\"><\/span><\/h2>\n<p>Cityhelme zeichnen sich dadurch aus, dass sie perfekt f\u00fcr den Alltag geeignet sind. Dazu tr\u00e4gt Beispielsweise eine gute Bel\u00fcftung bei.\u00a0 Das bedeutet der Tragekomfort und die Haltbarkeit sind wichtige Kriterien. Dar\u00fcber hinaus gibt es Cityhelme in unz\u00e4hligen Designs und Ausf\u00fchrungen. Sicherheitsfeatures sind oft Reflektoren und LED Leuchten. Mit in die Bewertung flie\u00dft au\u00dferdem ein, ob ein Helm f\u00fcr Zopffrisuren geeignet ist und ob er ein Insektengitter enth\u00e4lt.<\/p>\n<p>&nbsp;<\/p>\n<p>&nbsp;<\/p>\n<h3>Abus Hyban 2.0<\/h3>\n<p><img decoding=\"async\" loading=\"lazy\" class=\"alignnone size-medium wp-image-31533\" src=\"https:\/\/www.fahrrad-xxl.de\/blog\/wp-content\/uploads\/2021\/06\/abus_hyban_20-300x185.jpg\" alt=\"Abus Hyban 2.0\" width=\"300\" height=\"185\" srcset=\"https:\/\/www.fahrrad-xxl.de\/blog\/wp-content\/uploads\/2021\/06\/abus_hyban_20-300x185.jpg 300w, https:\/\/www.fahrrad-xxl.de\/blog\/wp-content\/uploads\/2021\/06\/abus_hyban_20-1024x631.jpg 1024w, https:\/\/www.fahrrad-xxl.de\/blog\/wp-content\/uploads\/2021\/06\/abus_hyban_20-768x473.jpg 768w, https:\/\/www.fahrrad-xxl.de\/blog\/wp-content\/uploads\/2021\/06\/abus_hyban_20.jpg 1119w\" sizes=\"(max-width: 300px) 100vw, 300px\" \/>[\/vc_column_text][vc_column_text][\/vc_column_text][vc_row_inner][vc_column_inner width=&#8220;1\/2&#8243;][vc_column_text css_animation=&#8220;none&#8220;]<\/p>\n<ul>\n<li><span style=\"color: #008000;\">LED R\u00fcckleuchte &amp; Reflektoren<\/span><\/li>\n<li><span style=\"color: #008000;\">feinjustierbares Verstellsystem<\/span><\/li>\n<li><span style=\"color: #008000;\">f\u00fcr Zopf-Frisuren geeignet<\/span><\/li>\n<li><span style=\"color: #008000;\">mit Insektennetz<\/span><\/li>\n<li>Optik Geschmackssache<\/li>\n<\/ul>\n<p>[\/vc_column_text][\/vc_column_inner][vc_column_inner width=&#8220;1\/2&#8243;][vc_column_text css_animation=&#8220;none&#8220;]Leider haben wir f\u00fcr dieses Produkt noch keine Bewertung in unserem Shop. Wenn du den Helm besitzt, kannst du gerne eine Bewertung hinterlassen, um deine Erfahrungen mit anderen zu teilen.[\/vc_column_text][\/vc_column_inner][\/vc_row_inner]<a href=\"https:\/\/www.fahrrad-xxl.de\/fahrradzubehoer\/fahrradhelme\/marke.abus\/?fxxlint=blog-fahrradhelme-test-cta-6\" target=\"_blank\" class=\"button button-appear custom large \" style=\"background-color: #a82323; border-color: #a82323;border-radius: 30px;\"><span>Jetzt g\u00fcnstig den Abus Hyban 2.0 entdecken!<i class='fa fas fa-chevron-circle-right'><\/i><\/span><\/a><div class=\"newdivider align-center\" style=\"border-bottom-style: solid; border-color: #999999; border-bottom-width: 2px; margin-top: 20px; margin-bottom: 10px; width: 100%; \"><\/div><div class=\"clear\"><\/div>[\/vc_column][\/vc_row][vc_row bg_color=&#8220;#ffffff&#8220;][vc_column width=&#8220;1\/1&#8243;][vc_column_text css_animation=&#8220;none&#8220;]<\/p>\n<h3>Abus Youn-I ACE<\/h3>\n<p><img decoding=\"async\" loading=\"lazy\" class=\"alignnone size-medium wp-image-31534\" src=\"https:\/\/www.fahrrad-xxl.de\/blog\/wp-content\/uploads\/2021\/06\/abus_youn-i_ace-300x185.jpg\" alt=\"Abus Youn-I ACE\" width=\"300\" height=\"185\" srcset=\"https:\/\/www.fahrrad-xxl.de\/blog\/wp-content\/uploads\/2021\/06\/abus_youn-i_ace-300x185.jpg 300w, https:\/\/www.fahrrad-xxl.de\/blog\/wp-content\/uploads\/2021\/06\/abus_youn-i_ace-1024x631.jpg 1024w, https:\/\/www.fahrrad-xxl.de\/blog\/wp-content\/uploads\/2021\/06\/abus_youn-i_ace-768x473.jpg 768w, https:\/\/www.fahrrad-xxl.de\/blog\/wp-content\/uploads\/2021\/06\/abus_youn-i_ace.jpg 1119w\" sizes=\"(max-width: 300px) 100vw, 300px\" \/>[\/vc_column_text][vc_column_text][\/vc_column_text][vc_row_inner][vc_column_inner width=&#8220;1\/2&#8243;][vc_column_text css_animation=&#8220;none&#8220;]<\/p>\n<ul>\n<li><span style=\"color: #008000;\">LED R\u00fcckleuchte &amp; Reflektoren<\/span><\/li>\n<li><span style=\"color: #008000;\">feinjustierbares Verstellsystem<\/span><\/li>\n<li><span style=\"color: #008000;\">f\u00fcr Zopf-Frisuren geeignet<\/span><\/li>\n<li><span style=\"color: #008000;\">sehr leicht<\/span><\/li>\n<li>Sonnenblende zwar abnehmbar aber nicht verstellbar<\/li>\n<\/ul>\n<p>[\/vc_column_text][\/vc_column_inner][vc_column_inner width=&#8220;1\/2&#8243;][vc_column_text css_animation=&#8220;none&#8220;]Leider haben wir f\u00fcr dieses Produkt noch keine Bewertung in unserem Shop. Wenn du den Helm besitzt, kannst du gerne eine Bewertung hinterlassen, um deine Erfahrungen mit anderen zu teilen.[\/vc_column_text][\/vc_column_inner][\/vc_row_inner]<a href=\"https:\/\/www.fahrrad-xxl.de\/fahrradzubehoer\/fahrradhelme\/marke.abus\/?fxxlint=blog-fahrradhelme-test-cta-7\" target=\"_blank\" class=\"button button-appear custom large \" style=\"background-color: #a82323; border-color: #a82323;border-radius: 30px;\"><span>Jetzt g\u00fcnstig den Abus Youn-I entdecken!<i class='fa fas fa-chevron-circle-right'><\/i><\/span><\/a><div class=\"newdivider align-center\" style=\"border-bottom-style: solid; border-color: #999999; border-bottom-width: 2px; margin-top: 20px; margin-bottom: 10px; width: 100%; \"><\/div><div class=\"clear\"><\/div>[\/vc_column][\/vc_row][vc_row bg_color=&#8220;#ffffff&#8220;][vc_column width=&#8220;1\/1&#8243;][vc_column_text css_animation=&#8220;none&#8220;]<\/p>\n<h3>Uvex City I-VO MIPS<\/h3>\n<p><img decoding=\"async\" loading=\"lazy\" class=\"alignnone size-medium wp-image-31570\" src=\"https:\/\/www.fahrrad-xxl.de\/blog\/wp-content\/uploads\/2021\/07\/uvex-ivo_city_mips-300x185.jpg\" alt=\"Uvex City I-VO MIPS\" width=\"300\" height=\"185\" srcset=\"https:\/\/www.fahrrad-xxl.de\/blog\/wp-content\/uploads\/2021\/07\/uvex-ivo_city_mips-300x185.jpg 300w, https:\/\/www.fahrrad-xxl.de\/blog\/wp-content\/uploads\/2021\/07\/uvex-ivo_city_mips-1024x631.jpg 1024w, https:\/\/www.fahrrad-xxl.de\/blog\/wp-content\/uploads\/2021\/07\/uvex-ivo_city_mips-768x473.jpg 768w, https:\/\/www.fahrrad-xxl.de\/blog\/wp-content\/uploads\/2021\/07\/uvex-ivo_city_mips.jpg 1119w\" sizes=\"(max-width: 300px) 100vw, 300px\" \/>[\/vc_column_text][vc_column_text]<em>&#8222;Verdienter Testsieg f\u00fcr den Helm von Uvex. Er ist bequem, komfortabel einstellbar und gut bel\u00fcftet. Dazu kommt das zweitbeste Ergebnis beim Unfallschutz. Einzig bei der Abstreifpr\u00fcfung nach hinten zeigt er Schw\u00e4chen. Daf\u00fcr ist er der Primus bei der Handhabung.&#8220;<\/em><\/p>\n<p>Fazit von <a href=\"https:\/\/www.adac.de\/rund-ums-fahrzeug\/tests\/fahrrad\/fahrradhelme\/details\/4508\/uvex-city-i-vo-mips\/\">adac.de<\/a>[\/vc_column_text][vc_row_inner][vc_column_inner width=&#8220;1\/2&#8243;][vc_column_text css_animation=&#8220;none&#8220;]<\/p>\n<ul>\n<li><span style=\"color: #008000;\">sehr gute Bel\u00fcftung<\/span><\/li>\n<li><span style=\"color: #008000;\">sehr guter Komfort<\/span><\/li>\n<li><span style=\"color: #008000;\">leicht<\/span><\/li>\n<li><span style=\"color: #008000;\">Reflektoren und LED-Beleuchtung hinten<\/span><\/li>\n<li>nicht g\u00fcnstig<\/li>\n<\/ul>\n<p>[\/vc_column_text][\/vc_column_inner][vc_column_inner width=&#8220;1\/2&#8243;][vc_column_text css_animation=&#8220;none&#8220;]Leider haben wir f\u00fcr dieses Produkt noch keine Bewertung in unserem Shop. Wenn du den Helm besitzt, kannst du gerne eine Bewertung hinterlassen, um deine Erfahrungen mit anderen zu teilen.[\/vc_column_text][\/vc_column_inner][\/vc_row_inner]<a href=\"https:\/\/www.fahrrad-xxl.de\/fahrradzubehoer\/fahrradhelme\/marke.uvex\/?fxxlint=blog-fahrradhelme-test-cta-8\" target=\"_blank\" class=\"button button-appear custom large \" style=\"background-color: #a82323; border-color: #a82323;border-radius: 30px;\"><span>Jetzt g\u00fcnstig den Uvex City I-VO MIPS entdecken!<i class='fa fas fa-chevron-circle-right'><\/i><\/span><\/a><div class=\"newdivider align-center\" style=\"border-bottom-style: solid; border-color: #999999; border-bottom-width: 2px; margin-top: 20px; margin-bottom: 10px; width: 100%; \"><\/div><div class=\"clear\"><\/div>[\/vc_column][\/vc_row][vc_row bg_color=&#8220;#ffffff&#8220;][vc_column width=&#8220;1\/1&#8243;][vc_column_text css_animation=&#8220;none&#8220;]<\/p>\n<h3>Casco Cuda2<\/h3>\n<p><img decoding=\"async\" loading=\"lazy\" class=\"alignnone size-medium wp-image-31571\" src=\"https:\/\/www.fahrrad-xxl.de\/blog\/wp-content\/uploads\/2021\/07\/casco_cuda2-300x185.jpg\" alt=\"Casco Cuda2\" width=\"300\" height=\"185\" srcset=\"https:\/\/www.fahrrad-xxl.de\/blog\/wp-content\/uploads\/2021\/07\/casco_cuda2-300x185.jpg 300w, https:\/\/www.fahrrad-xxl.de\/blog\/wp-content\/uploads\/2021\/07\/casco_cuda2-1024x631.jpg 1024w, https:\/\/www.fahrrad-xxl.de\/blog\/wp-content\/uploads\/2021\/07\/casco_cuda2-768x473.jpg 768w, https:\/\/www.fahrrad-xxl.de\/blog\/wp-content\/uploads\/2021\/07\/casco_cuda2.jpg 1119w\" sizes=\"(max-width: 300px) 100vw, 300px\" \/>[\/vc_column_text][vc_column_text]<em>&#8222;Das Modell Cuda2 von Casco erm\u00f6glicht das Anbringen von Reflektorb\u00e4ndern in unterschiedlichen Farben (optional erh\u00e4ltlich). Im Lieferumfang ist bereits eine Variante verbaut. Der Schutz vor Kopfverletzungen und auch die Abstreifsicherheit werden nur \u201ebefriedigend\u201c bewertet. Zudem leidet der Komfort bei Nutzung einer <a href=\"https:\/\/www.fahrrad-xxl.de\/fahrradzubehoer\/sportbrillen\/fahrradbrillen\/\">Sportbrille<\/a>.&#8220;<\/em><\/p>\n<p>Fazit von <a href=\"https:\/\/www.adac.de\/rund-ums-fahrzeug\/tests\/fahrrad\/fahrradhelme\/details\/4513\/casco-cuda2\/\">adac.de<\/a>[\/vc_column_text][vc_row_inner][vc_column_inner width=&#8220;1\/2&#8243;][vc_column_text css_animation=&#8220;none&#8220;]<\/p>\n<ul>\n<li><span style=\"color: #008000;\">komfortabel<\/span><\/li>\n<li><span style=\"color: #008000;\">sehr gute Bel\u00fcftung<\/span><\/li>\n<li><span style=\"color: #008000;\">h\u00f6henverstellbares Kopfband<\/span><\/li>\n<li><span style=\"color: #008000;\">Sonnenblende l\u00e4sst sich in der Neigung einstellen<\/span><\/li>\n<li>nicht g\u00fcnstig<\/li>\n<li>Schutz vor Kopfverletzungen nur Urteil &#8222;befriedigend&#8220; vom ADAC<\/li>\n<\/ul>\n<p>[\/vc_column_text][\/vc_column_inner][vc_column_inner width=&#8220;1\/2&#8243;][vc_column_text css_animation=&#8220;none&#8220;]Leider haben wir f\u00fcr dieses Produkt noch keine Bewertung in unserem Shop. Wenn du den Helm besitzt, kannst du gerne eine Bewertung hinterlassen, um deine Erfahrungen mit anderen zu teilen.[\/vc_column_text][\/vc_column_inner][\/vc_row_inner]<a href=\"https:\/\/www.fahrrad-xxl.de\/fahrradzubehoer\/fahrradhelme\/trekking-urban-city-helme\/marke.casco\/?fxxlint=blog-fahrradhelme-test-cta-9\" target=\"_blank\" class=\"button button-appear custom large \" style=\"background-color: #a82323; border-color: #a82323;border-radius: 30px;\"><span>Jetzt g\u00fcnstig den Casco Cuda2 entdecken!<i class='fa fas fa-chevron-circle-right'><\/i><\/span><\/a><div class=\"newdivider align-center\" style=\"border-bottom-style: solid; border-color: #999999; border-bottom-width: 2px; margin-top: 20px; margin-bottom: 10px; width: 100%; \"><\/div><div class=\"clear\"><\/div>[\/vc_column][\/vc_row][vc_row bg_color=&#8220;#ffffff&#8220;][vc_column width=&#8220;1\/1&#8243;][vc_column_text css_animation=&#8220;none&#8220;]<\/p>\n<h2><span class=\"ez-toc-section\" id=\"kinderhelme-test\"><\/span>Kinderhelme Test<span class=\"ez-toc-section-end\"><\/span><\/h2>\n<p>Bei Kinderhelmen liegt der Fokus nat\u00fcrlich besonders auf dem Merkmal Sicherheit!\u00a0 Die Einhaltung der aktuellen Sicherheitsnormen, die Bel\u00fcftungseigenschaften, das Gewicht und die Optik flie\u00dfen hier besonders in die Bewertung der Helme ein.<\/p>\n<p>&nbsp;<\/p>\n<p>&nbsp;<\/p>\n<h3>Abus MountZ<\/h3>\n<p><img decoding=\"async\" loading=\"lazy\" class=\"alignnone size-medium wp-image-31536\" src=\"https:\/\/www.fahrrad-xxl.de\/blog\/wp-content\/uploads\/2021\/06\/abus_mountz_2021-300x185.jpg\" alt=\"Abus MountZ\" width=\"300\" height=\"185\" srcset=\"https:\/\/www.fahrrad-xxl.de\/blog\/wp-content\/uploads\/2021\/06\/abus_mountz_2021-300x185.jpg 300w, https:\/\/www.fahrrad-xxl.de\/blog\/wp-content\/uploads\/2021\/06\/abus_mountz_2021-1024x631.jpg 1024w, https:\/\/www.fahrrad-xxl.de\/blog\/wp-content\/uploads\/2021\/06\/abus_mountz_2021-768x473.jpg 768w, https:\/\/www.fahrrad-xxl.de\/blog\/wp-content\/uploads\/2021\/06\/abus_mountz_2021.jpg 1119w\" sizes=\"(max-width: 300px) 100vw, 300px\" \/>[\/vc_column_text][vc_column_text][\/vc_column_text][vc_row_inner][vc_column_inner width=&#8220;1\/2&#8243;][vc_column_text css_animation=&#8220;none&#8220;]<\/p>\n<ul>\n<li><span style=\"color: #008000;\">f\u00fcr Gel\u00e4nde- und Offroadeinsatz<\/span><\/li>\n<li><span style=\"color: #008000;\">gute Bel\u00fcftungseigenschaften<\/span><\/li>\n<li>Leider keine Reflektoren &amp; LED-Lichter<\/li>\n<\/ul>\n<p>[\/vc_column_text][\/vc_column_inner][vc_column_inner width=&#8220;1\/2&#8243;][vc_column_text css_animation=&#8220;none&#8220;]Leider haben wir f\u00fcr dieses Produkt noch keine Bewertung in unserem Shop. Wenn du den Helm besitzt, kannst du gerne eine Bewertung hinterlassen, um deine Erfahrungen mit anderen zu teilen.[\/vc_column_text][\/vc_column_inner][\/vc_row_inner]<a href=\"https:\/\/www.fahrrad-xxl.de\/fahrradzubehoer\/fahrradhelme\/marke.abus\/?fxxlint=blog-fahrradhelme-test-cta-10\" target=\"_blank\" class=\"button button-appear custom large \" style=\"background-color: #a82323; border-color: #a82323;border-radius: 30px;\"><span>Jetzt g\u00fcnstig den Abus MountZ entdecken!<i class='fa fas fa-chevron-circle-right'><\/i><\/span><\/a><div class=\"newdivider align-center\" style=\"border-bottom-style: solid; border-color: #999999; border-bottom-width: 2px; margin-top: 20px; margin-bottom: 10px; width: 100%; \"><\/div><div class=\"clear\"><\/div>[\/vc_column][\/vc_row][vc_row bg_color=&#8220;#ffffff&#8220;][vc_column width=&#8220;1\/1&#8243;][vc_column_text css_animation=&#8220;none&#8220;]<\/p>\n<h3>KED Meggy 2 Helme<\/h3>\n<p><img decoding=\"async\" loading=\"lazy\" class=\"alignnone size-medium wp-image-31537\" src=\"https:\/\/www.fahrrad-xxl.de\/blog\/wp-content\/uploads\/2021\/06\/Ked_meggy_2-300x185.jpg\" alt=\"KED Meggy 2\" width=\"300\" height=\"185\" srcset=\"https:\/\/www.fahrrad-xxl.de\/blog\/wp-content\/uploads\/2021\/06\/Ked_meggy_2-300x185.jpg 300w, https:\/\/www.fahrrad-xxl.de\/blog\/wp-content\/uploads\/2021\/06\/Ked_meggy_2-1024x631.jpg 1024w, https:\/\/www.fahrrad-xxl.de\/blog\/wp-content\/uploads\/2021\/06\/Ked_meggy_2-768x473.jpg 768w, https:\/\/www.fahrrad-xxl.de\/blog\/wp-content\/uploads\/2021\/06\/Ked_meggy_2.jpg 1119w\" sizes=\"(max-width: 300px) 100vw, 300px\" \/>[\/vc_column_text][vc_column_text][\/vc_column_text][vc_row_inner][vc_column_inner width=&#8220;1\/2&#8243;][vc_column_text css_animation=&#8220;none&#8220;]<\/p>\n<ul>\n<li><span style=\"color: #008000;\">hochwertige Reflektoren<\/span><\/li>\n<li><span style=\"color: #008000;\">sehr leicht<\/span><\/li>\n<li><span style=\"color: #008000;\">angenehme Luftzirkulation<\/span><\/li>\n<li>leider nur 10 statt 18 L\u00f6chern<\/li>\n<\/ul>\n<p>[\/vc_column_text][\/vc_column_inner][vc_column_inner width=&#8220;1\/2&#8243;][vc_column_text css_animation=&#8220;none&#8220;]Leider haben wir f\u00fcr dieses Produkt noch keine Bewertung in unserem Shop. Wenn du den Helm besitzt, kannst du gerne eine Bewertung hinterlassen, um deine Erfahrungen mit anderen zu teilen.[\/vc_column_text][\/vc_column_inner][\/vc_row_inner]<a href=\"https:\/\/www.fahrrad-xxl.de\/fahrradzubehoer\/fahrradhelme\/marke.ked\/?fxxlint=blog-fahrradhelme-test-cta-11\" target=\"_blank\" class=\"button button-appear custom large \" style=\"background-color: #a82323; border-color: #a82323;border-radius: 30px;\"><span>Jetzt g\u00fcnstig den KED Meggy 2 entdecken!<i class='fa fas fa-chevron-circle-right'><\/i><\/span><\/a><div class=\"newdivider align-center\" style=\"border-bottom-style: solid; border-color: #999999; border-bottom-width: 2px; margin-top: 20px; margin-bottom: 10px; width: 100%; \"><\/div><div class=\"clear\"><\/div>[\/vc_column][\/vc_row][vc_row bg_color=&#8220;#ffffff&#8220;][vc_column width=&#8220;1\/1&#8243;][vc_column_text][\/vc_column_text][vc_column_text css_animation=&#8220;none&#8220;]<\/p>\n<h2><span class=\"ez-toc-section\" id=\"mtb-helme-test\"><\/span>MTB Helme Test<span class=\"ez-toc-section-end\"><\/span><\/h2>\n<p>Egal ob als Hobby oder als sportliche Herausforderung: Wer mit dem Mountainbike unterwegs ist, tr\u00e4gt dabei einen MTB-Helm. Mountainbike Helme haben durch ihre Optik nat\u00fcrlich einen hohen Wiedererkennungswert, allerdings liegt der Fokus ganz klar bei der Sicherheit. Besonders abseits vom Asphalt, wenn es \u00fcber Stock und Stein geht, ben\u00f6tigt man einen Kopfschutz, um schwerwiegenden Kopfverletzungen vorzubeugen. Das Innenfutter, das gen\u00fcgend D\u00e4mpfung bietet, ist im besten Fall auch waschbar. Dar\u00fcber hinaus flie\u00dft in die Bewertung ein, wie die Bel\u00fcftung des Helmes ist, denn bei diesem Sport ist Schwei\u00df garantiert!<\/p>\n<p>&nbsp;<\/p>\n<p>&nbsp;<\/p>\n<h3>O&#8217;Neal Trailfinder 2021<\/h3>\n<p><img decoding=\"async\" loading=\"lazy\" class=\"alignnone size-medium wp-image-31538\" src=\"https:\/\/www.fahrrad-xxl.de\/blog\/wp-content\/uploads\/2021\/06\/oneal_trailfinder_solid-300x185.jpg\" alt=\"O'Neal Trailfinder\" width=\"300\" height=\"185\" srcset=\"https:\/\/www.fahrrad-xxl.de\/blog\/wp-content\/uploads\/2021\/06\/oneal_trailfinder_solid-300x185.jpg 300w, https:\/\/www.fahrrad-xxl.de\/blog\/wp-content\/uploads\/2021\/06\/oneal_trailfinder_solid-1024x631.jpg 1024w, https:\/\/www.fahrrad-xxl.de\/blog\/wp-content\/uploads\/2021\/06\/oneal_trailfinder_solid-768x473.jpg 768w, https:\/\/www.fahrrad-xxl.de\/blog\/wp-content\/uploads\/2021\/06\/oneal_trailfinder_solid.jpg 1119w\" sizes=\"(max-width: 300px) 100vw, 300px\" \/>[\/vc_column_text][vc_row_inner][vc_column_inner width=&#8220;1\/2&#8243;][vc_column_text css_animation=&#8220;none&#8220;]<\/p>\n<ul>\n<li><span style=\"color: #008000;\">\u00fcbertrifft sicherheitsnormen EN1078 und CPSC<\/span><\/li>\n<li><span style=\"color: #008000;\">herausnehmbares, schwei\u00dfabsorbierendes, waschbares Innenfutter<\/span><\/li>\n<li>keine M\u00f6glichkeit f\u00fcr Beleuchtung<\/li>\n<\/ul>\n<p>[\/vc_column_text][\/vc_column_inner][vc_column_inner width=&#8220;1\/2&#8243;][vc_column_text css_animation=&#8220;none&#8220;]<\/p>\n<div><strong>Produktbewertung unserer Kunden:<\/strong><\/div>\n<div><\/div>\n<div class=\"pvd-r__review-comment-title\">\n<div class=\"pvd-r__review-comment-title\">Prima Helm, super leicht, sehr gute Passform<\/div>\n<\/div>\n<div class=\"pvd-r__review-comment\">\n<p><strong>Pro:<\/strong><\/p>\n<p>Der Helm hat eine sehr gute Passform, tr\u00e4gt sich durch sein geringes Gewicht sehr angenehm. Der Verschluss l\u00e4sst sich auch mit Handschuhen leicht \u00f6ffnen und schlie\u00dfen.<\/p>\n<p><strong>Contra:<\/strong><\/p>\n<p>Negative Aspekte konnte ich noch keine finden.<\/p>\n<p><strong>Fazit:<\/strong><\/p>\n<p>Ein guter Helm, f\u00fcr einen angemessenen Preis. Ich w\u00fcrde ihn wieder kaufen.<\/p>\n<p><em>von R\u00fcdiger 05.04.2021<\/em><\/p>\n<\/div>\n<p>[\/vc_column_text][\/vc_column_inner][\/vc_row_inner]<a href=\"https:\/\/www.fahrrad-xxl.de\/fahrradzubehoer\/fahrradhelme\/mtb-helme\/marke.o-neal\/?fxxlint=blog-fahrradhelme-test-cta-12\" target=\"_blank\" class=\"button button-appear custom large \" style=\"background-color: #a82323; border-color: #a82323;border-radius: 30px;\"><span>Jetzt g\u00fcnstig den O&#8217;Neal Trailfinder 2021 entdecken!<i class='fa fas fa-chevron-circle-right'><\/i><\/span><\/a><div class=\"newdivider align-center\" style=\"border-bottom-style: solid; border-color: #999999; border-bottom-width: 2px; margin-top: 20px; margin-bottom: 10px; width: 100%; \"><\/div><div class=\"clear\"><\/div>[\/vc_column][\/vc_row][vc_row bg_color=&#8220;#ffffff&#8220;][vc_column width=&#8220;1\/1&#8243;][vc_column_text css_animation=&#8220;none&#8220;]<\/p>\n<h3>Uvex Quatro<\/h3>\n<p><img decoding=\"async\" loading=\"lazy\" class=\"alignnone size-medium wp-image-31539\" src=\"https:\/\/www.fahrrad-xxl.de\/blog\/wp-content\/uploads\/2021\/06\/uvex_quatro_2021-300x185.jpg\" alt=\"Uvex Quatro\" width=\"300\" height=\"185\" srcset=\"https:\/\/www.fahrrad-xxl.de\/blog\/wp-content\/uploads\/2021\/06\/uvex_quatro_2021-300x185.jpg 300w, https:\/\/www.fahrrad-xxl.de\/blog\/wp-content\/uploads\/2021\/06\/uvex_quatro_2021-1024x631.jpg 1024w, https:\/\/www.fahrrad-xxl.de\/blog\/wp-content\/uploads\/2021\/06\/uvex_quatro_2021-768x473.jpg 768w, https:\/\/www.fahrrad-xxl.de\/blog\/wp-content\/uploads\/2021\/06\/uvex_quatro_2021.jpg 1119w\" sizes=\"(max-width: 300px) 100vw, 300px\" \/>[\/vc_column_text][vc_column_text][\/vc_column_text][vc_row_inner][vc_column_inner width=&#8220;1\/2&#8243;][vc_column_text css_animation=&#8220;none&#8220;]<\/p>\n<ul>\n<li><span style=\"color: #008000;\">mit insektennetz<\/span><\/li>\n<li><span style=\"color: #008000;\">leicht<\/span><\/li>\n<li><span style=\"color: #008000;\">herausnehmbare- &amp; waschbare Polster<\/span><\/li>\n<li>Bel\u00fcftung k\u00f6nnte etwas besser sein<\/li>\n<\/ul>\n<p>[\/vc_column_text][\/vc_column_inner][vc_column_inner width=&#8220;1\/2&#8243;][vc_column_text css_animation=&#8220;none&#8220;]Leider haben wir f\u00fcr dieses Produkt noch keine Bewertung in unserem Shop. Wenn du den Helm besitzt, kannst du gerne eine Bewertung hinterlassen, um deine Erfahrungen mit anderen zu teilen.[\/vc_column_text][\/vc_column_inner][\/vc_row_inner]<a href=\"https:\/\/www.fahrrad-xxl.de\/fahrradzubehoer\/fahrradhelme\/marke.uvex\/?fxxlint=blog-fahrradhelme-test-cta-13\" target=\"_blank\" class=\"button button-appear custom large \" style=\"background-color: #a82323; border-color: #a82323;border-radius: 30px;\"><span>Jetzt g\u00fcnstig den Uvex Quatro entdecken!<i class='fa fas fa-chevron-circle-right'><\/i><\/span><\/a><div class=\"newdivider align-center\" style=\"border-bottom-style: solid; border-color: #999999; border-bottom-width: 2px; margin-top: 20px; margin-bottom: 10px; width: 100%; \"><\/div><div class=\"clear\"><\/div>[\/vc_column][\/vc_row][vc_row bg_color=&#8220;#ffffff&#8220;][vc_column width=&#8220;1\/1&#8243;][vc_column_text css_animation=&#8220;none&#8220;]<\/p>\n<h3>Uvex Finale 2.0<\/h3>\n<p><img decoding=\"async\" loading=\"lazy\" class=\"alignnone size-medium wp-image-31540\" src=\"https:\/\/www.fahrrad-xxl.de\/blog\/wp-content\/uploads\/2021\/06\/uvex_finale_20-300x185.jpg\" alt=\"Uvex Finale 2.0\" width=\"300\" height=\"185\" srcset=\"https:\/\/www.fahrrad-xxl.de\/blog\/wp-content\/uploads\/2021\/06\/uvex_finale_20-300x185.jpg 300w, https:\/\/www.fahrrad-xxl.de\/blog\/wp-content\/uploads\/2021\/06\/uvex_finale_20-1024x631.jpg 1024w, https:\/\/www.fahrrad-xxl.de\/blog\/wp-content\/uploads\/2021\/06\/uvex_finale_20-768x473.jpg 768w, https:\/\/www.fahrrad-xxl.de\/blog\/wp-content\/uploads\/2021\/06\/uvex_finale_20.jpg 1119w\" sizes=\"(max-width: 300px) 100vw, 300px\" \/>[\/vc_column_text][vc_column_text][\/vc_column_text][vc_row_inner][vc_column_inner width=&#8220;1\/2&#8243;][vc_column_text css_animation=&#8220;none&#8220;]<\/p>\n<ul>\n<li><span style=\"color: #008000;\">leicht<\/span><\/li>\n<li><span style=\"color: #008000;\">herausnehmbare- &amp; waschbare Polster<\/span><\/li>\n<li><span style=\"color: #008000;\">gute Bel\u00fcftung dank 20 Bel\u00fcftungskan\u00e4le<\/span><\/li>\n<li><span style=\"color: #008000;\">mit Insektennetz<\/span><\/li>\n<li>Sonnenblende nicht abnehmbar<\/li>\n<\/ul>\n<p>[\/vc_column_text][\/vc_column_inner][vc_column_inner width=&#8220;1\/2&#8243;][vc_column_text css_animation=&#8220;none&#8220;]Leider haben wir f\u00fcr dieses Produkt noch keine Bewertung in unserem Shop. Wenn du den Helm besitzt, kannst du gerne eine Bewertung hinterlassen, um deine Erfahrungen mit anderen zu teilen.[\/vc_column_text][\/vc_column_inner][\/vc_row_inner]<a href=\"https:\/\/www.fahrrad-xxl.de\/fahrradzubehoer\/fahrradhelme\/marke.uvex\/?fxxlint=blog-fahrradhelme-test-cta-14\" target=\"_blank\" class=\"button button-appear custom large \" style=\"background-color: #a82323; border-color: #a82323;border-radius: 30px;\"><span>Jetzt g\u00fcnstig den Uvex Finale 2.0 entdecken!<i class='fa fas fa-chevron-circle-right'><\/i><\/span><\/a><div class=\"newdivider align-center\" style=\"border-bottom-style: solid; border-color: #999999; border-bottom-width: 2px; margin-top: 20px; margin-bottom: 10px; width: 100%; \"><\/div><div class=\"clear\"><\/div>[\/vc_column][\/vc_row][vc_row bg_color=&#8220;#ffffff&#8220;][vc_column width=&#8220;1\/1&#8243;][vc_column_text css_animation=&#8220;none&#8220;]<\/p>\n<h3>O&#8217;Neal Fury Synthy<\/h3>\n<p><img decoding=\"async\" loading=\"lazy\" class=\"alignnone size-medium wp-image-31541\" src=\"https:\/\/www.fahrrad-xxl.de\/blog\/wp-content\/uploads\/2021\/06\/oneal_fury_synthy-300x185.jpg\" alt=\"O'Neal Fury Synthy\" width=\"300\" height=\"185\" srcset=\"https:\/\/www.fahrrad-xxl.de\/blog\/wp-content\/uploads\/2021\/06\/oneal_fury_synthy-300x185.jpg 300w, https:\/\/www.fahrrad-xxl.de\/blog\/wp-content\/uploads\/2021\/06\/oneal_fury_synthy-1024x631.jpg 1024w, https:\/\/www.fahrrad-xxl.de\/blog\/wp-content\/uploads\/2021\/06\/oneal_fury_synthy-768x473.jpg 768w, https:\/\/www.fahrrad-xxl.de\/blog\/wp-content\/uploads\/2021\/06\/oneal_fury_synthy.jpg 1119w\" sizes=\"(max-width: 300px) 100vw, 300px\" \/>[\/vc_column_text][vc_column_text][\/vc_column_text][vc_row_inner][vc_column_inner width=&#8220;1\/2&#8243;][vc_column_text css_animation=&#8220;none&#8220;]<\/p>\n<ul>\n<li><span style=\"color: #008000;\">Downhill- &amp; Enduro geeignet<\/span><\/li>\n<li><span style=\"color: #008000;\">herausnehmbares- &amp; waschbares Polster<\/span><\/li>\n<li>keine Gr\u00f6\u00dfenanpassung per Drehrad m\u00f6glich<\/li>\n<li>keine Halterung f\u00fcr Beleuchtung<\/li>\n<\/ul>\n<p>[\/vc_column_text][\/vc_column_inner][vc_column_inner width=&#8220;1\/2&#8243;][vc_column_text css_animation=&#8220;none&#8220;]Leider haben wir f\u00fcr dieses Produkt noch keine Bewertung in unserem Shop. Wenn du den Helm besitzt, kannst du gerne eine Bewertung hinterlassen, um deine Erfahrungen mit anderen zu teilen.[\/vc_column_text][\/vc_column_inner][\/vc_row_inner]<a href=\"https:\/\/www.fahrrad-xxl.de\/fahrradzubehoer\/fahrradhelme\/fullface-downhill-helme\/marke.o-neal\/?fxxlint=blog-fahrradhelme-test-cta-15\" target=\"_blank\" class=\"button button-appear custom large \" style=\"background-color: #a82323; border-color: #a82323;border-radius: 30px;\"><span>Jetzt g\u00fcnstig den O&#8217;Neal Fury Synthy entdecken!<i class='fa fas fa-chevron-circle-right'><\/i><\/span><\/a><div class=\"newdivider align-center\" style=\"border-bottom-style: solid; border-color: #999999; border-bottom-width: 2px; margin-top: 20px; margin-bottom: 10px; width: 100%; \"><\/div><div class=\"clear\"><\/div>[\/vc_column][\/vc_row][vc_row bg_color=&#8220;#ffffff&#8220;][vc_column width=&#8220;1\/1&#8243;][vc_column_text css_animation=&#8220;none&#8220;]<\/p>\n<h2><span class=\"ez-toc-section\" id=\"rennrad-helme-test\"><\/span>Rennrad Helme Test<span class=\"ez-toc-section-end\"><\/span><\/h2>\n<p>Rennradhelme m\u00fcssen nicht nur leicht sein, sondern m\u00fcssen auch komfortabel sein und eine gute Bel\u00fcftung bieten. Moderne Rennradhelme bieten mindestens genauso viel Schutz wie es Cityhelme tun. Fokus bei den Herstellern liegt hier in der Regel aber auch auf der Aerodynamik. Denn beim Rennradfahren dreht sich vieles um das Gewicht und um den Luftwiderstand. Diese Faktoren wurden in den verschiedenen Helmtests ber\u00fccksichtigt, auch wenn diese nicht unbedingt in der Zusammenfassung erw\u00e4hnt werden!<\/p>\n<p>&nbsp;<\/p>\n<p>&nbsp;<\/p>\n<h3>Uvex Boss Race 2021<\/h3>\n<p><img decoding=\"async\" loading=\"lazy\" class=\"alignnone size-medium wp-image-31542\" src=\"https:\/\/www.fahrrad-xxl.de\/blog\/wp-content\/uploads\/2021\/06\/uvex_boss_race-300x185.jpg\" alt=\"Uvex Boss Race 2021\" width=\"300\" height=\"185\" srcset=\"https:\/\/www.fahrrad-xxl.de\/blog\/wp-content\/uploads\/2021\/06\/uvex_boss_race-300x185.jpg 300w, https:\/\/www.fahrrad-xxl.de\/blog\/wp-content\/uploads\/2021\/06\/uvex_boss_race-1024x631.jpg 1024w, https:\/\/www.fahrrad-xxl.de\/blog\/wp-content\/uploads\/2021\/06\/uvex_boss_race-768x473.jpg 768w, https:\/\/www.fahrrad-xxl.de\/blog\/wp-content\/uploads\/2021\/06\/uvex_boss_race.jpg 1119w\" sizes=\"(max-width: 300px) 100vw, 300px\" \/>[\/vc_column_text][vc_column_text][\/vc_column_text][vc_row_inner][vc_column_inner width=&#8220;1\/2&#8243;][vc_column_text css_animation=&#8220;none&#8220;]<\/p>\n<ul>\n<li><span style=\"color: #008000;\">geringes Gewicht<\/span><\/li>\n<li><span style=\"color: #008000;\">reflektierende Aufkleber<\/span><\/li>\n<li><span style=\"color: #008000;\">sehr gute Bel\u00fcftung<\/span><\/li>\n<li>kein Visier<\/li>\n<\/ul>\n<p>[\/vc_column_text][\/vc_column_inner][vc_column_inner width=&#8220;1\/2&#8243;][vc_column_text css_animation=&#8220;none&#8220;]Leider haben wir f\u00fcr dieses Produkt noch keine Bewertung in unserem Shop. Wenn du den Helm besitzt, kannst du gerne eine Bewertung hinterlassen, um deine Erfahrungen mit anderen zu teilen.[\/vc_column_text][\/vc_column_inner][\/vc_row_inner]<a href=\"https:\/\/www.fahrrad-xxl.de\/fahrradzubehoer\/fahrradhelme\/rennrad-helme\/marke.uvex\/?fxxlint=blog-fahrradhelme-test-cta-16\" target=\"_blank\" class=\"button button-appear custom large \" style=\"background-color: #a82323; border-color: #a82323;border-radius: 30px;\"><span>Jetzt g\u00fcnstig den Uvex Boss Race 2021 entdecken!<i class='fa fas fa-chevron-circle-right'><\/i><\/span><\/a><div class=\"newdivider align-center\" style=\"border-bottom-style: solid; border-color: #999999; border-bottom-width: 2px; margin-top: 20px; margin-bottom: 10px; width: 100%; \"><\/div><div class=\"clear\"><\/div>[\/vc_column][\/vc_row][vc_row bg_color=&#8220;#ffffff&#8220;][vc_column width=&#8220;1\/1&#8243;][vc_column_text css_animation=&#8220;none&#8220;]<\/p>\n<h3>POC Omne Air SPIN<\/h3>\n<p><img decoding=\"async\" loading=\"lazy\" class=\"alignnone size-medium wp-image-31573\" src=\"https:\/\/www.fahrrad-xxl.de\/blog\/wp-content\/uploads\/2021\/07\/poc_omne_air_spin-300x185.jpg\" alt=\"POC Omne Air SPIN\" width=\"300\" height=\"185\" srcset=\"https:\/\/www.fahrrad-xxl.de\/blog\/wp-content\/uploads\/2021\/07\/poc_omne_air_spin-300x185.jpg 300w, https:\/\/www.fahrrad-xxl.de\/blog\/wp-content\/uploads\/2021\/07\/poc_omne_air_spin-1024x631.jpg 1024w, https:\/\/www.fahrrad-xxl.de\/blog\/wp-content\/uploads\/2021\/07\/poc_omne_air_spin-768x473.jpg 768w, https:\/\/www.fahrrad-xxl.de\/blog\/wp-content\/uploads\/2021\/07\/poc_omne_air_spin.jpg 1119w\" sizes=\"(max-width: 300px) 100vw, 300px\" \/>[\/vc_column_text][vc_column_text]<em>&#8222;Der Helm von POC kommt ohne jegliche Reflektoren oder LED-Beleuchtung und besitzt damit eine mangelhafte Erkennbarkeit im Dunkeln. Da auch der Schutz vor Kopfverletzungen nur befriedigend ist, gibt es trotz guter Bewertung der Kinnbandfestigkeit und Abstreifsicherheit beim Unfallschutz nur ein befriedigend. Positiv f\u00e4llt dagegen der bequeme Tragekomfort auf.&#8220;<\/em><\/p>\n<p>Fazit von <a href=\"https:\/\/www.adac.de\/rund-ums-fahrzeug\/tests\/fahrrad\/fahrradhelme\/details\/4520\/poc-omne-air-spin\/\">adac.de<\/a>[\/vc_column_text][vc_row_inner][vc_column_inner width=&#8220;1\/2&#8243;][vc_column_text css_animation=&#8220;none&#8220;]<\/p>\n<ul>\n<li><span style=\"color: #008000;\">gute Bel\u00fcftung<\/span><\/li>\n<li><span style=\"color: #008000;\">hoher Tragekomfort<\/span><\/li>\n<li><span style=\"color: #008000;\">h\u00f6henverstellbares Kopfband<\/span><\/li>\n<li>Sichtbarkeit im Dunkeln mangelhaft<\/li>\n<li>hoher Preis<\/li>\n<\/ul>\n<p>[\/vc_column_text][\/vc_column_inner][vc_column_inner width=&#8220;1\/2&#8243;][vc_column_text css_animation=&#8220;none&#8220;]Leider haben wir f\u00fcr dieses Produkt noch keine Bewertung in unserem Shop. Wenn du den Helm besitzt, kannst du gerne eine Bewertung hinterlassen, um deine Erfahrungen mit anderen zu teilen.[\/vc_column_text][\/vc_column_inner][\/vc_row_inner]<a href=\"https:\/\/www.fahrrad-xxl.de\/fahrradzubehoer\/fahrradhelme\/rennrad-helme\/marke.poc\/?fxxlint=blog-fahrradhelme-test-cta-17\" target=\"_blank\" class=\"button button-appear custom large \" style=\"background-color: #a82323; border-color: #a82323;border-radius: 30px;\"><span>Jetzt g\u00fcnstig den POC Omne Air SPIN entdecken!<i class='fa fas fa-chevron-circle-right'><\/i><\/span><\/a><div class=\"newdivider align-center\" style=\"border-bottom-style: solid; border-color: #999999; border-bottom-width: 2px; margin-top: 20px; margin-bottom: 10px; width: 100%; \"><\/div><div class=\"clear\"><\/div>[\/vc_column][\/vc_row][vc_row bg_color=&#8220;#ffffff&#8220;][vc_column width=&#8220;1\/1&#8243;][vc_column_text css_animation=&#8220;none&#8220;]<\/p>\n<h3>Abus Stormchaser<\/h3>\n<p><img decoding=\"async\" loading=\"lazy\" class=\"alignnone size-medium wp-image-31543\" src=\"https:\/\/www.fahrrad-xxl.de\/blog\/wp-content\/uploads\/2021\/06\/abus_stormchaser-300x185.jpg\" alt=\"Abus Stormchaser\" width=\"300\" height=\"185\" srcset=\"https:\/\/www.fahrrad-xxl.de\/blog\/wp-content\/uploads\/2021\/06\/abus_stormchaser-300x185.jpg 300w, https:\/\/www.fahrrad-xxl.de\/blog\/wp-content\/uploads\/2021\/06\/abus_stormchaser-1024x631.jpg 1024w, https:\/\/www.fahrrad-xxl.de\/blog\/wp-content\/uploads\/2021\/06\/abus_stormchaser-768x473.jpg 768w, https:\/\/www.fahrrad-xxl.de\/blog\/wp-content\/uploads\/2021\/06\/abus_stormchaser.jpg 1119w\" sizes=\"(max-width: 300px) 100vw, 300px\" \/>[\/vc_column_text][vc_column_text][\/vc_column_text][vc_row_inner][vc_column_inner width=&#8220;1\/2&#8243;][vc_column_text css_animation=&#8220;none&#8220;]<\/p>\n<ul>\n<li><span style=\"color: #008000;\">mit 200g geringes Gewicht<\/span><\/li>\n<li><span style=\"color: #008000;\">sehr gute Bel\u00fcftungseigenschaften<\/span><\/li>\n<li><span style=\"color: #008000;\">sehr gute Einstellungsm\u00f6glichkeiten und Reflektoren am Helm<\/span><\/li>\n<li>ohne Visier und Insektenschutz<\/li>\n<\/ul>\n<p>[\/vc_column_text][\/vc_column_inner][vc_column_inner width=&#8220;1\/2&#8243;][vc_column_text css_animation=&#8220;none&#8220;]Leider haben wir f\u00fcr dieses Produkt noch keine Bewertung in unserem Shop. Wenn du den Helm besitzt, kannst du gerne eine Bewertung hinterlassen, um deine Erfahrungen mit anderen zu teilen.[\/vc_column_text][\/vc_column_inner][\/vc_row_inner]<a href=\"https:\/\/www.fahrrad-xxl.de\/fahrradzubehoer\/fahrradhelme\/rennrad-helme\/marke.abus\/?fxxlint=blog-fahrradhelme-test-cta-18\" target=\"_blank\" class=\"button button-appear custom large \" style=\"background-color: #a82323; border-color: #a82323;border-radius: 30px;\"><span>Jetzt g\u00fcnstig den Abus Stormchaser entdecken!<i class='fa fas fa-chevron-circle-right'><\/i><\/span><\/a><div class=\"newdivider align-center\" style=\"border-bottom-style: solid; border-color: #999999; border-bottom-width: 2px; margin-top: 20px; margin-bottom: 10px; width: 100%; \"><\/div><div class=\"clear\"><\/div>[\/vc_column][\/vc_row][vc_row bg_color=&#8220;#ffffff&#8220;][vc_column width=&#8220;1\/1&#8243;][vc_column_text css_animation=&#8220;none&#8220;]<\/p>\n<h2><span class=\"ez-toc-section\" id=\"fahrradhelme-mit-visier-im-test\"><\/span>Fahrradhelme mit Visier im Test<span class=\"ez-toc-section-end\"><\/span><\/h2>\n<h3>Abus Pedelec 2.0 ACE<\/h3>\n<p><img decoding=\"async\" loading=\"lazy\" class=\"alignnone size-medium wp-image-31544\" src=\"https:\/\/www.fahrrad-xxl.de\/blog\/wp-content\/uploads\/2021\/06\/abus_pedelec_20_ace-300x185.jpg\" alt=\"Abus Pedelec 2.0\" width=\"300\" height=\"185\" srcset=\"https:\/\/www.fahrrad-xxl.de\/blog\/wp-content\/uploads\/2021\/06\/abus_pedelec_20_ace-300x185.jpg 300w, https:\/\/www.fahrrad-xxl.de\/blog\/wp-content\/uploads\/2021\/06\/abus_pedelec_20_ace-1024x631.jpg 1024w, https:\/\/www.fahrrad-xxl.de\/blog\/wp-content\/uploads\/2021\/06\/abus_pedelec_20_ace-768x473.jpg 768w, https:\/\/www.fahrrad-xxl.de\/blog\/wp-content\/uploads\/2021\/06\/abus_pedelec_20_ace.jpg 1119w\" sizes=\"(max-width: 300px) 100vw, 300px\" \/>[\/vc_column_text][vc_column_text][\/vc_column_text][vc_row_inner][vc_column_inner width=&#8220;1\/2&#8243;][vc_column_text css_animation=&#8220;none&#8220;]<\/p>\n<ul>\n<li><span style=\"color: #008000;\">f\u00fcr 45 km\/h S-Pedelecs geeignet<\/span><\/li>\n<li><span style=\"color: #008000;\">LED Beleuchtung zur verbesserten Sichtbarkeit<\/span><\/li>\n<li><span style=\"color: #008000;\">Visier abnehmbar<\/span><\/li>\n<li>Visier nicht get\u00f6nt<\/li>\n<\/ul>\n<p>[\/vc_column_text][\/vc_column_inner][vc_column_inner width=&#8220;1\/2&#8243;][vc_column_text css_animation=&#8220;none&#8220;]Leider haben wir f\u00fcr dieses Produkt noch keine Bewertung in unserem Shop. Wenn du den Helm besitzt, kannst du gerne eine Bewertung hinterlassen, um deine Erfahrungen mit anderen zu teilen.[\/vc_column_text][\/vc_column_inner][\/vc_row_inner]<a href=\"https:\/\/www.fahrrad-xxl.de\/fahrradzubehoer\/fahrradhelme\/trekking-urban-city-helme\/marke.abus\/?fxxlint=blog-fahrradhelme-test-cta-19\" target=\"_blank\" class=\"button button-appear custom large \" style=\"background-color: #a82323; border-color: #a82323;border-radius: 30px;\"><span>Jetzt g\u00fcnstig den Abus Pedelec 2.0 ACE entdecken!<i class='fa fas fa-chevron-circle-right'><\/i><\/span><\/a><div class=\"newdivider align-center\" style=\"border-bottom-style: solid; border-color: #999999; border-bottom-width: 2px; margin-top: 20px; margin-bottom: 10px; width: 100%; \"><\/div><div class=\"clear\"><\/div>[\/vc_column][\/vc_row][vc_row bg_color=&#8220;#ffffff&#8220;][vc_column width=&#8220;1\/1&#8243;][vc_column_text css_animation=&#8220;none&#8220;]<\/p>\n<h3>Uvex Finale Visor 2021<\/h3>\n<p><img decoding=\"async\" loading=\"lazy\" class=\"alignnone size-medium wp-image-31545\" src=\"https:\/\/www.fahrrad-xxl.de\/blog\/wp-content\/uploads\/2021\/06\/uvex_finale_visor_2021-300x185.jpg\" alt=\"Uvex Finale Visor 2021\" width=\"300\" height=\"185\" srcset=\"https:\/\/www.fahrrad-xxl.de\/blog\/wp-content\/uploads\/2021\/06\/uvex_finale_visor_2021-300x185.jpg 300w, https:\/\/www.fahrrad-xxl.de\/blog\/wp-content\/uploads\/2021\/06\/uvex_finale_visor_2021-1024x631.jpg 1024w, https:\/\/www.fahrrad-xxl.de\/blog\/wp-content\/uploads\/2021\/06\/uvex_finale_visor_2021-768x473.jpg 768w, https:\/\/www.fahrrad-xxl.de\/blog\/wp-content\/uploads\/2021\/06\/uvex_finale_visor_2021.jpg 1119w\" sizes=\"(max-width: 300px) 100vw, 300px\" \/>[\/vc_column_text][vc_column_text][\/vc_column_text][vc_row_inner][vc_column_inner width=&#8220;1\/2&#8243;][vc_column_text css_animation=&#8220;none&#8220;]<\/p>\n<ul>\n<li><span style=\"color: #008000;\">300 g leicht &#8211; f\u00fcr Visierhelme wenig Gewicht<\/span><\/li>\n<li><span style=\"color: #008000;\">Polster herausnehmbar- und waschbar<\/span><\/li>\n<li><span style=\"color: #008000;\">Visier abnehmbar<\/span><\/li>\n<li>Komfort k\u00f6nnte leicht besser sein<\/li>\n<\/ul>\n<p>[\/vc_column_text][\/vc_column_inner][vc_column_inner width=&#8220;1\/2&#8243;][vc_column_text css_animation=&#8220;none&#8220;]Leider haben wir f\u00fcr dieses Produkt noch keine Bewertung in unserem Shop. Wenn du den Helm besitzt, kannst du gerne eine Bewertung hinterlassen, um deine Erfahrungen mit anderen zu teilen.[\/vc_column_text][\/vc_column_inner][\/vc_row_inner]<a href=\"https:\/\/www.fahrrad-xxl.de\/fahrradzubehoer\/fahrradhelme\/trekking-urban-city-helme\/marke.uvex\/?fxxlint=blog-fahrradhelme-test-cta-20\" target=\"_blank\" class=\"button button-appear custom large \" style=\"background-color: #a82323; border-color: #a82323;border-radius: 30px;\"><span>Jetzt g\u00fcnstig den Uvex Finale Visor 2021 entdecken!<i class='fa fas fa-chevron-circle-right'><\/i><\/span><\/a><div class=\"newdivider align-center\" style=\"border-bottom-style: solid; border-color: #999999; border-bottom-width: 2px; margin-top: 20px; margin-bottom: 10px; width: 100%; \"><\/div><div class=\"clear\"><\/div>[\/vc_column][\/vc_row][vc_row bg_color=&#8220;#ffffff&#8220;][vc_column width=&#8220;1\/1&#8243;][vc_column_text css_animation=&#8220;none&#8220;]<\/p>\n<h2><span class=\"ez-toc-section\" id=\"airbag-fahrradhelm-test\"><\/span>Airbag Fahrradhelm Test<span class=\"ez-toc-section-end\"><\/span><\/h2>\n<h3>H\u00f6vding 3 Airbag Helm 2021 im Test<\/h3>\n<p>Dieser Helm wird auch gerne als Airbag bezeichnet, denn ein klassischer Helm ist er nicht. Der Airbag befindet sich in einer Art &#8222;Halskrause&#8220; und wird um den Hals gelegt. In nur 80 Millisekunden l\u00f6st der H\u00f6vding 3 beim Sturz aus und der Airbag \u00f6ffnet sich \u00fcber dem Kopf. Wie und ob das funktioniert zeigt ein vor kurzem ver\u00f6ffentlichter <a href=\"https:\/\/www.youtube.com\/watch?v=YXyjxz0WxIs\">Test des H\u00f6vding 3 vom ADAC<\/a>. <a href=\"https:\/\/hovding.com\/de\/hovding3\/\">H\u00f6vding<\/a> selbst beschreibt den Airbag Helm als 8x sicherer als einen herk\u00f6mmlichen Fahrradhelm. Daf\u00fcr verlangt H\u00f6vding auch einen stolzen Preis von rund 349,95 Euro UVP. Wir haben dir die wichtigsten Eigenschaften und ein Fazit des H\u00f6vding 3 zusammengestellt![\/vc_column_text]<div class=\"flexslider wpb_content_element\"><ul class=\"slides\"><li><img src=\"https:\/\/www.fahrrad-xxl.de\/blog\/wp-content\/uploads\/2021\/07\/H\u00f6vding_3_Airbag_Helm3.jpg\" alt=\"H\u00f6vding 3 Airbag Helm\" \/><\/li><li><img src=\"https:\/\/www.fahrrad-xxl.de\/blog\/wp-content\/uploads\/2021\/07\/H\u00f6vding_3_Airbag_Helm2.jpg\" alt=\"H\u00f6vding 3 Airbag Helm\" \/><\/li><li><img src=\"https:\/\/www.fahrrad-xxl.de\/blog\/wp-content\/uploads\/2021\/07\/H\u00f6vding_3_Airbag_Helm1.jpg\" alt=\"H\u00f6vding 3 Airbag Helm\" \/><\/li><\/ul><\/div>[vc_column_text]<em>&#8222;Beim H\u00f6vding steht nicht nur Innovation drauf, es ist tats\u00e4chlich auch Innovation drin. Sp\u00e4testens nach der aktuellen Generation sind die Daten so gut ausgewertet, dass der H\u00f6vding jede Situation richtig interpretiert und im Falle der F\u00e4lle dein ganz pers\u00f6nlicher Schutzengel wird. [&#8230;] Der H\u00f6vding 3 leistet hier definitiv seinen Anteil und stellt eine\u00a0<strong>sichere und stylische Alternative zum herk\u00f6mmlichen Helm<\/strong>\u00a0dar. Wenn einem die eigene oder die Sicherheit der Liebsten am Herzen liegt, ist der H\u00f6vding daher eine wirklich gute Investition.<\/em><em>&#8222;<\/em><br \/>\nFazit von <a href=\"https:\/\/ebike-news.de\/hoevding-3-im-test-wie-verhaelt-sich-der-airbag-helm-im-alltag\/189395\/\">ebike-news.de<\/a>[\/vc_column_text][vc_row_inner][vc_column_inner width=&#8220;1\/2&#8243;][vc_column_text css_animation=&#8220;none&#8220;]<\/p>\n<ul>\n<li><span style=\"color: #008000;\">l\u00f6st bei einem Sturz souver\u00e4n aus<\/span><\/li>\n<li><span style=\"color: #008000;\">hohe Sicherheit des Kopfes bei einem Sturz<\/span><\/li>\n<li><span style=\"color: #008000;\">waschbarer \u00dcberzug<\/span><\/li>\n<li><span style=\"color: #008000;\">f\u00fcr manch einen mag es stylischer sein als ein &#8222;normaler Helm&#8220;<\/span><\/li>\n<li>selten berichtete F\u00e4lle in denen der H\u00f6vding 3 ausl\u00f6st, obwohl es nicht zwingend notwendig gewesen w\u00e4re<\/li>\n<li>kein Schutz vor z. B. \u00c4sten<\/li>\n<li>hoher Preis<\/li>\n<\/ul>\n<p>[\/vc_column_text][\/vc_column_inner][vc_column_inner width=&#8220;1\/2&#8243;][vc_column_text css_animation=&#8220;none&#8220;]Leider haben wir f\u00fcr dieses Produkt noch keine Bewertung in unserem Shop. Wenn du den Helm besitzt, kannst du gerne eine Bewertung hinterlassen, um deine Erfahrungen mit anderen zu teilen.[\/vc_column_text][\/vc_column_inner][\/vc_row_inner]<a href=\"https:\/\/www.fahrrad-xxl.de\/fahrradzubehoer\/fahrradhelme\/marke.hoevding\/?fxxlint=blog-fahrradhelme-test-cta-21\" target=\"_blank\" class=\"button button-appear custom large \" style=\"background-color: #a82323; border-color: #a82323;border-radius: 30px;\"><span>Jetzt g\u00fcnstig den H\u00f6vding 3 Airbag Helm entdecken!<i class='fa fas fa-chevron-circle-right'><\/i><\/span><\/a><div class=\"newdivider align-center\" style=\"border-bottom-style: solid; border-color: #999999; border-bottom-width: 2px; margin-top: 20px; margin-bottom: 10px; width: 100%; \"><\/div><div class=\"clear\"><\/div>[\/vc_column][\/vc_row][vc_row][vc_column width=&#8220;1\/1&#8243;]<div class=\"divider divider1\" style='margin:60px 0 60px 0 !important;'><\/div>[vc_column_text]<\/p>\n<h2><span class=\"ez-toc-section\" id=\"entdecke-auch-unsere-fahrradhelme-themenwelt\"><\/span>Entdecke auch unsere Fahrradhelme Themenwelt:<span class=\"ez-toc-section-end\"><\/span><\/h2>\n<p>[\/vc_column_text][\/vc_column][\/vc_row][vc_row][vc_column width=&#8220;1\/2&#8243;][vc_column_text]<\/p>\n<h3>Fahrradhelm Beratung<\/h3>\n<p><img decoding=\"async\" loading=\"lazy\" class=\"alignnone size-medium wp-image-31606\" src=\"https:\/\/www.fahrrad-xxl.de\/blog\/wp-content\/uploads\/2021\/07\/fahrradhelm_slider-300x86.jpg\" alt=\"Fahrradhelm Slider\" width=\"300\" height=\"86\" srcset=\"https:\/\/www.fahrrad-xxl.de\/blog\/wp-content\/uploads\/2021\/07\/fahrradhelm_slider-300x86.jpg 300w, https:\/\/www.fahrrad-xxl.de\/blog\/wp-content\/uploads\/2021\/07\/fahrradhelm_slider-1024x293.jpg 1024w, https:\/\/www.fahrrad-xxl.de\/blog\/wp-content\/uploads\/2021\/07\/fahrradhelm_slider-768x220.jpg 768w, https:\/\/www.fahrrad-xxl.de\/blog\/wp-content\/uploads\/2021\/07\/fahrradhelm_slider-1536x440.jpg 1536w, https:\/\/www.fahrrad-xxl.de\/blog\/wp-content\/uploads\/2021\/07\/fahrradhelm_slider.jpg 1920w\" sizes=\"(max-width: 300px) 100vw, 300px\" \/><\/p>\n<p>Wenn du dir noch unsicher bist, welchen Fahrradhelm du ben\u00f6tigst, bist du in unserer <a href=\"https:\/\/www.fahrrad-xxl.de\/beratung\/zubehoer\/welcher-fahrradhelm\/\">Fahrradhelm-Beratung<\/a> genau richtig aufgehoben. Hier findest du heraus, welcher Fahrradhelm der richtige f\u00fcr deine Anforderungen ist.[\/vc_column_text][vc_column_text]<\/p>\n<h3>Die richtige Fahrradhelm-Gr\u00f6\u00dfe<\/h3>\n<p><img decoding=\"async\" loading=\"lazy\" class=\"alignnone size-medium wp-image-31608\" src=\"https:\/\/www.fahrrad-xxl.de\/blog\/wp-content\/uploads\/2021\/07\/fahrradhelm_gr\u00f6\u00dfe-300x86.jpg\" alt=\"Fahrradhelm-Gr\u00f6\u00dfe\" width=\"300\" height=\"86\" srcset=\"https:\/\/www.fahrrad-xxl.de\/blog\/wp-content\/uploads\/2021\/07\/fahrradhelm_gr\u00f6\u00dfe-300x86.jpg 300w, https:\/\/www.fahrrad-xxl.de\/blog\/wp-content\/uploads\/2021\/07\/fahrradhelm_gr\u00f6\u00dfe-1024x293.jpg 1024w, https:\/\/www.fahrrad-xxl.de\/blog\/wp-content\/uploads\/2021\/07\/fahrradhelm_gr\u00f6\u00dfe-768x220.jpg 768w, https:\/\/www.fahrrad-xxl.de\/blog\/wp-content\/uploads\/2021\/07\/fahrradhelm_gr\u00f6\u00dfe-1536x440.jpg 1536w, https:\/\/www.fahrrad-xxl.de\/blog\/wp-content\/uploads\/2021\/07\/fahrradhelm_gr\u00f6\u00dfe.jpg 1920w\" sizes=\"(max-width: 300px) 100vw, 300px\" \/><\/p>\n<p>Du bist dir unsicher welche <a href=\"https:\/\/www.fahrrad-xxl.de\/beratung\/zubehoer\/richtige-helmgroesse\/\">Fahrradhelm-Gr\u00f6\u00dfe<\/a> du ben\u00f6tigst oder wie du den Kopfumfang messen musst? Alle wichtigen Informationen zur richtigen Helmgr\u00f6\u00dfe findest du auf unserer Beratungsseite.[\/vc_column_text][\/vc_column][vc_column width=&#8220;1\/2&#8243;][vc_column_text]<\/p>\n<h3>MIPS-Technologie bei Fahrradhelmen<\/h3>\n<p><img decoding=\"async\" loading=\"lazy\" class=\"alignnone size-medium wp-image-31607\" src=\"https:\/\/www.fahrrad-xxl.de\/blog\/wp-content\/uploads\/2021\/07\/mips_Beratung-300x86.jpg\" alt=\"MIPS Beratung\" width=\"300\" height=\"86\" srcset=\"https:\/\/www.fahrrad-xxl.de\/blog\/wp-content\/uploads\/2021\/07\/mips_Beratung-300x86.jpg 300w, https:\/\/www.fahrrad-xxl.de\/blog\/wp-content\/uploads\/2021\/07\/mips_Beratung-1024x293.jpg 1024w, https:\/\/www.fahrrad-xxl.de\/blog\/wp-content\/uploads\/2021\/07\/mips_Beratung-768x220.jpg 768w, https:\/\/www.fahrrad-xxl.de\/blog\/wp-content\/uploads\/2021\/07\/mips_Beratung-1536x440.jpg 1536w, https:\/\/www.fahrrad-xxl.de\/blog\/wp-content\/uploads\/2021\/07\/mips_Beratung.jpg 1920w\" sizes=\"(max-width: 300px) 100vw, 300px\" \/><\/p>\n<p>Du bist dir unsicher was es mit der MIPS-Technologie auf sich hat oder willst dir noch mehr Informationen dazu einholen? Kein Problem. Alle wichtigen Informationen zur <a href=\"https:\/\/www.fahrrad-xxl.de\/beratung\/zubehoer\/mips-fahrradhelme\/\">MIPS-System<\/a> bei Fahrradhelmen findest du auf unserer Beratungsseite.[\/vc_column_text][\/vc_column][vc_column][vc_column_text]<\/p>\n<h2><span class=\"ez-toc-section\" id=\"unser-fahrradhelme-im-sortiment\"><\/span>Unser Fahrradhelme im Sortiment:<span class=\"ez-toc-section-end\"><\/span><\/h2>\n<p>[\/vc_column_text][vc_column_text]Alle Arten von <a href=\"https:\/\/www.fahrrad-xxl.de\/fahrradzubehoer\/fahrradhelme\/\">Fahrradhelmen<\/a> im \u00dcberblick:<\/p>\n<ul>\n<li><a href=\"https:\/\/www.fahrrad-xxl.de\/fahrradzubehoer\/fahrradhelme\/trekking-urban-city-helme\/\">Trekkinghelme \/ Urban &amp; City Helme<\/a><\/li>\n<li><a href=\"https:\/\/www.fahrrad-xxl.de\/fahrradzubehoer\/fahrradhelme\/kinderhelme\/\">Kinderhelme<\/a><\/li>\n<li><a href=\"https:\/\/www.fahrrad-xxl.de\/fahrradzubehoer\/fahrradhelme\/mtb-helme\/\">MTB Helme<\/a><\/li>\n<li><a href=\"https:\/\/www.fahrrad-xxl.de\/fahrradzubehoer\/fahrradhelme\/fullface-downhill-helme\/\">Downhill &amp; Fullface Helme<\/a><\/li>\n<li><a href=\"https:\/\/www.fahrrad-xxl.de\/fahrradzubehoer\/fahrradhelme\/rennrad-helme\/\">Rennrad Helme<\/a><\/li>\n<\/ul>\n<p>Fahrradhelme mit besonderer Ausstattung:<\/p>\n<ul>\n<li><a href=\"https:\/\/www.fahrrad-xxl.de\/fahrradzubehoer\/fahrradhelme\/helm_ausfuehrung.mips\/\">MIPS-Fahrradhelme<\/a><\/li>\n<li><a href=\"https:\/\/www.fahrrad-xxl.de\/fahrradzubehoer\/fahrradhelme\/kinderhelme\/helm_ausfuehrung.licht\/\">Fahrradhelme mit Licht<\/a><\/li>\n<li><a href=\"https:\/\/www.fahrrad-xxl.de\/fahrradzubehoer\/fahrradhelme\/helm_ausfuehrung.blinker\/\">Fahrradhelme mit Blinker<\/a><\/li>\n<li><a href=\"https:\/\/www.fahrrad-xxl.de\/fahrradzubehoer\/fahrradhelme\/helm_ausfuehrung.smart-funktionen\/\">Smarte Fahrradhelme mit Bluetooth<\/a><\/li>\n<li><a href=\"https:\/\/www.fahrrad-xxl.de\/fahrradzubehoer\/fahrradhelme\/helm_ausfuehrung.visier\/\">Fahrradhelme mit Visier<\/a><\/li>\n<li><a href=\"https:\/\/www.fahrrad-xxl.de\/fahrradzubehoer\/fahrradhelme\/fullface-downhill-helme\/filter_helm_ausfuehrung.kinnbuegel-abnehmbar\/\">Fully Face Helme mit abnehmbarem Kinnb\u00fcgel<\/a><\/li>\n<li><a href=\"https:\/\/www.fahrrad-xxl.de\/fahrradzubehoer\/fahrradhelme\/marke.closca\/\">Faltbare Fahrradhelme<\/a><\/li>\n<li><a href=\"https:\/\/www.fahrrad-xxl.de\/fahrradzubehoer\/fahrradhelme\/marke.hoevding\/\">Airbag Fahrradhelm<\/a><\/li>\n<\/ul>\n<p>[\/vc_column_text][vc_column_text]<\/p>\n<h3>Die getesteten Fahrradhelm Marken im Shop:<\/h3>\n<p>[\/vc_column_text][\/vc_column][\/vc_row][vc_row][vc_column width=&#8220;1\/2&#8243;][vc_column_text]<img decoding=\"async\" loading=\"lazy\" class=\"alignnone wp-image-31584\" src=\"https:\/\/www.fahrrad-xxl.de\/blog\/wp-content\/uploads\/2021\/07\/abus-300x123.png\" alt=\"Abus Logo\" width=\"210\" height=\"86\" srcset=\"https:\/\/www.fahrrad-xxl.de\/blog\/wp-content\/uploads\/2021\/07\/abus-300x123.png 300w, https:\/\/www.fahrrad-xxl.de\/blog\/wp-content\/uploads\/2021\/07\/abus.png 351w\" sizes=\"(max-width: 210px) 100vw, 210px\" \/><\/p>\n<p><a href=\"https:\/\/www.fahrrad-xxl.de\/fahrradzubehoer\/fahrradhelme\/marke.abus\/\">Abus Fahrradhelme<\/a>[\/vc_column_text]<div class=\"newdivider align-center\" style=\"border-bottom-style: solid; border-color: #999999; border-bottom-width: 2px; margin-top: 20px; margin-bottom: 10px; width: 100%; \"><\/div><div class=\"clear\"><\/div>[vc_column_text]<img decoding=\"async\" loading=\"lazy\" class=\"alignnone wp-image-31586\" src=\"https:\/\/www.fahrrad-xxl.de\/blog\/wp-content\/uploads\/2021\/07\/h\u00f6vding_logo-300x164.png\" alt=\"H\u00f6vding Logo\" width=\"229\" height=\"125\" srcset=\"https:\/\/www.fahrrad-xxl.de\/blog\/wp-content\/uploads\/2021\/07\/h\u00f6vding_logo-300x164.png 300w, https:\/\/www.fahrrad-xxl.de\/blog\/wp-content\/uploads\/2021\/07\/h\u00f6vding_logo.png 304w\" sizes=\"(max-width: 229px) 100vw, 229px\" \/><\/p>\n<p><a href=\"https:\/\/www.fahrrad-xxl.de\/fahrradzubehoer\/fahrradhelme\/marke.hoevding\/\">H\u00f6vding Fahrradhelm \/ Fahrradairbag<\/a>[\/vc_column_text]<div class=\"newdivider align-center\" style=\"border-bottom-style: solid; border-color: #999999; border-bottom-width: 2px; margin-top: 20px; margin-bottom: 10px; width: 100%; \"><\/div><div class=\"clear\"><\/div>[vc_column_text]<img decoding=\"async\" loading=\"lazy\" class=\"alignnone wp-image-31588\" src=\"https:\/\/www.fahrrad-xxl.de\/blog\/wp-content\/uploads\/2021\/07\/oneal_logo.png\" alt=\"O'Neal Logo\" width=\"169\" height=\"169\" srcset=\"https:\/\/www.fahrrad-xxl.de\/blog\/wp-content\/uploads\/2021\/07\/oneal_logo.png 225w, https:\/\/www.fahrrad-xxl.de\/blog\/wp-content\/uploads\/2021\/07\/oneal_logo-150x150.png 150w, https:\/\/www.fahrrad-xxl.de\/blog\/wp-content\/uploads\/2021\/07\/oneal_logo-80x80.png 80w\" sizes=\"(max-width: 169px) 100vw, 169px\" \/><\/p>\n<p><a href=\"https:\/\/www.fahrrad-xxl.de\/fahrradzubehoer\/fahrradhelme\/marke.o-neal\/\">O&#8217;Neal Fahrradhelme<\/a>[\/vc_column_text]<div class=\"newdivider align-center\" style=\"border-bottom-style: solid; border-color: #999999; border-bottom-width: 2px; margin-top: 20px; margin-bottom: 10px; width: 100%; \"><\/div><div class=\"clear\"><\/div>[\/vc_column][vc_column width=&#8220;1\/2&#8243;][vc_column_text]<img decoding=\"async\" loading=\"lazy\" class=\"alignnone wp-image-31585\" src=\"https:\/\/www.fahrrad-xxl.de\/blog\/wp-content\/uploads\/2021\/07\/casco_logo-300x101.png\" alt=\"Casco Logo\" width=\"229\" height=\"77\" srcset=\"https:\/\/www.fahrrad-xxl.de\/blog\/wp-content\/uploads\/2021\/07\/casco_logo-300x101.png 300w, https:\/\/www.fahrrad-xxl.de\/blog\/wp-content\/uploads\/2021\/07\/casco_logo.png 388w\" sizes=\"(max-width: 229px) 100vw, 229px\" \/><\/p>\n<p><a href=\"https:\/\/www.fahrrad-xxl.de\/fahrradzubehoer\/fahrradhelme\/marke.casco\/\">Casco Fahrradhelme<\/a>[\/vc_column_text]<div class=\"newdivider align-center\" style=\"border-bottom-style: solid; border-color: #999999; border-bottom-width: 2px; margin-top: 20px; margin-bottom: 10px; width: 100%; \"><\/div><div class=\"clear\"><\/div>[vc_column_text]<img decoding=\"async\" loading=\"lazy\" class=\"alignnone wp-image-31587\" src=\"https:\/\/www.fahrrad-xxl.de\/blog\/wp-content\/uploads\/2021\/07\/ked_helme_logo.png\" alt=\"KED Logo\" width=\"208\" height=\"88\" \/><\/p>\n<p><a href=\"https:\/\/www.fahrrad-xxl.de\/fahrradzubehoer\/fahrradhelme\/marke.ked\/\">KED Fahrradhelme<\/a>[\/vc_column_text]<div class=\"newdivider align-center\" style=\"border-bottom-style: solid; border-color: #999999; border-bottom-width: 2px; margin-top: 20px; margin-bottom: 10px; width: 100%; \"><\/div><div class=\"clear\"><\/div>[vc_column_text]<img decoding=\"async\" loading=\"lazy\" class=\"alignnone wp-image-31589\" src=\"https:\/\/www.fahrrad-xxl.de\/blog\/wp-content\/uploads\/2021\/07\/poc_logo-300x137.png\" alt=\"POC Logo\" width=\"243\" height=\"111\" srcset=\"https:\/\/www.fahrrad-xxl.de\/blog\/wp-content\/uploads\/2021\/07\/poc_logo-300x137.png 300w, https:\/\/www.fahrrad-xxl.de\/blog\/wp-content\/uploads\/2021\/07\/poc_logo.png 332w\" sizes=\"(max-width: 243px) 100vw, 243px\" \/><\/p>\n<p><a href=\"https:\/\/www.fahrrad-xxl.de\/fahrradzubehoer\/fahrradhelme\/marke.poc\/\">POC Fahrradhelme<\/a>[\/vc_column_text]<div class=\"newdivider align-center\" style=\"border-bottom-style: solid; border-color: #999999; border-bottom-width: 2px; margin-top: 20px; margin-bottom: 10px; width: 100%; \"><\/div><div class=\"clear\"><\/div>[vc_column_text]<img decoding=\"async\" loading=\"lazy\" class=\"alignnone wp-image-31590\" src=\"https:\/\/www.fahrrad-xxl.de\/blog\/wp-content\/uploads\/2021\/07\/uvex_logo.png\" alt=\"Uvex Logo\" width=\"162\" height=\"162\" srcset=\"https:\/\/www.fahrrad-xxl.de\/blog\/wp-content\/uploads\/2021\/07\/uvex_logo.png 225w, https:\/\/www.fahrrad-xxl.de\/blog\/wp-content\/uploads\/2021\/07\/uvex_logo-150x150.png 150w, https:\/\/www.fahrrad-xxl.de\/blog\/wp-content\/uploads\/2021\/07\/uvex_logo-80x80.png 80w\" sizes=\"(max-width: 162px) 100vw, 162px\" \/><\/p>\n<p><a href=\"https:\/\/www.fahrrad-xxl.de\/fahrradzubehoer\/fahrradhelme\/marke.uvex\/\">Uvex Fahrradhelme<\/a>[\/vc_column_text][\/vc_column][\/vc_row][vc_row][vc_column width=&#8220;1\/1&#8243;][vc_column_text]<\/p>\n<h2><span class=\"ez-toc-section\" id=\"haeufige-fragen-im-zusammenhang-mit-dem-kauf-eines-fahrradhelms\"><\/span>H\u00e4ufige Fragen im Zusammenhang mit dem Kauf eines Fahrradhelms<span class=\"ez-toc-section-end\"><\/span><\/h2>\n<p>[\/vc_column_text][vc_column_text]<\/p>\n<h3>Die Vorteile eines Fahrradhelms<\/h3>\n<p>Ein Fahrradhelm ist ein zuverl\u00e4ssiger und unabdingbarer Begleiter auf deinem Bike. Egal ob du eine Sch\u00f6nwetter-Tour machst, die Landschaft erkundigst oder nur kurz zum B\u00e4cker f\u00e4hrst, der Fahrradhelm sch\u00fctzt dich vor schweren Kopfverletzungen und kann dir dein Leben retten! Fahrradhelme gibt es f\u00fcr Damen, Herren, Kinder und f\u00fcr alle Einsatzgebiete: Zum Mountainbiken, zum BMX Fahren, f\u00fcr allt\u00e4gliche Citytouren oder f\u00fcr den Rennradsport. <strong>Verzichte nicht auf den Lebensretter.<\/strong><\/p>\n<h3>Wie muss ein Fahrradhelm sitzen?<\/h3>\n<p>Der Helm sollte als Erstes nicht wackeln. Auch wenn der Riemen am Kinn noch nicht geschlossen ist, sollte er einen guten Halt haben. Der Helm sollte sich nicht wegdr\u00fccken lassen und sollte auch ein sch\u00fctteln des Kopfes abhaben k\u00f6nnen, ohne herunter zu fallen. Falls der Helm noch zu locker sitzt, haben viele Helme einen Verschluss am Hinterkopf, um ihn etwas enger zu stellen. Zudem sollte er m\u00f6glichst waagerecht sitzen und an den Ohren denselben Abstand aufweisen. Au\u00dferdem sollte er auch nicht zu weit in den Nacken oder nach vorne \u00fcber die Stirn ragen. Als Faustregel gilt: 2 cm Abstand vom vorderen Ende des Helmes zu den Augenbrauen sollten gegeben sein. Der Kinnriemen sollte nicht zu locker sitzen, sondern sollte angenehm anliegen. Als Faustregel gilt hier: zwei Finger sollten noch zwischen Kinn und Riemen passen!<\/p>\n<h3>Gibt es eine Fahrradhelm-Pflicht?<\/h3>\n<p>In Deutschland gibt es grunds\u00e4tzlich keine <a href=\"https:\/\/www.fahrrad-xxl.de\/beratung\/zubehoer\/fahrradhelm-pflicht\/\">Fahrradhelm-Pflicht<\/a>, wenn es um das Fahren mit einem herk\u00f6mmlichen Fahrrad geht. Allerdings empfehlen wir dringend einen Helm zu tragen, da er im Ernstfall dein Leben retten kann! Besonders bei E-Bikes werden h\u00f6here Geschwindigkeiten und eine gesteigerte Agilit\u00e4t erreicht, die die Unfallwahrscheinlichkeit erh\u00f6hen k\u00f6nnen.<\/p>\n<p><strong>Eine Ausnahme sind die S-Pedelecs!\u00a0<\/strong>Bei S-Pedelecs handelt es sich um Fahrr\u00e4der mit elektrischer Unterst\u00fctzung bis zu 45 km\/h. Damit z\u00e4hlen sie nicht als &#8222;gew\u00f6hnliche&#8220; E-Bikes und unterliegen einer Helmpflicht. Laut gesetzt muss der Helm allerdings &#8222;nur&#8220; geeignet sein. Die Niederlande dahingegen hat eine Norm f\u00fcr S-Pedelec Helme entwickelt: NTA 8776. Wir empfehlen dir daher, dich an dieser Norm beim Kauf deines Helmes zu orientieren.<\/p>\n<h3>Was ist ein MIPS Helm?<\/h3>\n<p>MIPS steht f\u00fcr: Muli-Directional-Impact-Protection-System. Im Namen steckt bereits der entscheidende Faktor drin. N\u00e4mlich Muli-Directional. <a href=\"https:\/\/www.fahrrad-xxl.de\/fahrradzubehoer\/fahrradhelme\/helm_ausfuehrung.mips\/\">MIPS-Fahrradhelme<\/a> sch\u00fctzen den Kopf auch vor schr\u00e4gen St\u00fcrzen mit dem Kopf. Also dann, wenn man nicht linear (gerade nach Vorne) auf den Kopf st\u00fcrzt, sondern auch, wenn man eine seitliche Sturzbewegung vollzieht. Die Wahrscheinlichkeit, dass man nicht linear aufschl\u00e4gt, sondern schr\u00e4g, ist enorm gro\u00df, daher ist ein MIPS Helm sehr zu empfehlen. Besonders beim Mountainbiken oder E-Bike Fahren, wo viel Rotation und Energie zusammenkommt, kann ein solcher Helm besonders zur Sicherheit beitragen.<\/p>\n<h3>Worin unterscheiden sich Fahrradhelme f\u00fcr Erwachsene und f\u00fcr Kinder?<\/h3>\n<p>Von der Funktion her unterscheiden sich Fahrradhelme zun\u00e4chst nicht, denn: Beide Helme sollen vor allem beim Sturz vor Kopfverletzungen sch\u00fctzen. Der erste wesentliche Unterschied liegt in der Gr\u00f6\u00dfe. Die K\u00f6pfe der kleinen Radler sind wesentlich kleiner, daher m\u00fcssen auch passende Helme her. Dar\u00fcber hinaus wachsen die K\u00f6pfe der Kinder noch und die Helme m\u00fcssen \u00fcber gen\u00fcgend Verstellmechanismen verf\u00fcgen. Zudem sind Kinderhelme meist Farbenfroher gestaltet oder mit Mustern und Figuren versehen. Wichtig ist es also, dass der Kleine selbst mitentscheiden kann welcher Helm es werden soll, damit dieser ihn dann auch gerne und oft tr\u00e4gt!<\/p>\n<p>Mehr Informationen rund um die <a href=\"https:\/\/www.fahrrad-xxl.de\/beratung\/zubehoer\/mips-fahrradhelme\/\">MIPS-Technologie<\/a> findest du auf unserer Beratungsseite.[\/vc_column_text][vc_column_text]<\/p>\n<h3>Diese Videos helfen dir beim Kauf deines Fahrradhelmes weiter<\/h3>\n<p>[\/vc_column_text][vc_column_text]<\/p>\n<h3>Welchen Fahrradhelm ben\u00f6tige ich? Und welche Helmtypen gibt es?<\/h3>\n<p>[\/vc_column_text]<div class=\"video-embed  wpb_content_element\"><div class=\"BorlabsCookie _brlbs-cb-youtube\"><div class=\"_brlbs-content-blocker\"> <div class=\"_brlbs-embed _brlbs-video-youtube\"> <img class=\"_brlbs-thumbnail\" src=\"https:\/\/www.fahrrad-xxl.de\/blog\/wp-content\/plugins\/borlabs-cookie\/assets\/images\/cb-no-thumbnail.png\" alt=\"YouTube\"> <div class=\"_brlbs-caption\"> <p>Mit dem Laden des Videos akzeptieren Sie die Datenschutzerkl\u00e4rung von YouTube.<br><a href=\"https:\/\/policies.google.com\/privacy\" target=\"_blank\" rel=\"nofollow noopener noreferrer\">Mehr erfahren<\/a><\/p> <p><a class=\"_brlbs-btn _brlbs-icon-play-white\" href=\"#\" data-borlabs-cookie-unblock role=\"button\">Video laden<\/a><\/p> <p><label><input type=\"checkbox\" name=\"unblockAll\" value=\"1\" checked> <small>YouTube immer entsperren<\/small><\/label><\/p> <\/div> <\/div> <\/div><div class=\"borlabs-hide\" data-borlabs-cookie-type=\"content-blocker\" data-borlabs-cookie-id=\"youtube\"><script type=\"text\/template\">PGlmcmFtZSB0aXRsZT0iV2VsY2hlciBGYWhycmFkaGVsbSBwYXNzdCB6dSBkaXI\/IC0gSGVsbXR5cGVuIGltIMOcYmVyYmxpY2sg4puRIiB3aWR0aD0iMTE2MSIgaGVpZ2h0PSI2NTMiIHNyYz0iaHR0cHM6Ly93d3cueW91dHViZS1ub2Nvb2tpZS5jb20vZW1iZWQvQWU1ckRfUDVjMVE\/ZmVhdHVyZT1vZW1iZWQiIGZyYW1lYm9yZGVyPSIwIiBhbGxvdz0iYWNjZWxlcm9tZXRlcjsgYXV0b3BsYXk7IGNsaXBib2FyZC13cml0ZTsgZW5jcnlwdGVkLW1lZGlhOyBneXJvc2NvcGU7IHBpY3R1cmUtaW4tcGljdHVyZTsgd2ViLXNoYXJlIiByZWZlcnJlcnBvbGljeT0ic3RyaWN0LW9yaWdpbi13aGVuLWNyb3NzLW9yaWdpbiIgYWxsb3dmdWxsc2NyZWVuPjwvaWZyYW1lPg==<\/script><\/div><\/div><\/div><div class=\"divider divider1\" style='margin:60px 0 60px 0 !important;'><\/div>[vc_column_text]<\/p>\n<h3>Welche Rennradhelme gibt es?<\/h3>\n<p>[\/vc_column_text]<div class=\"video-embed  wpb_content_element\"><div class=\"BorlabsCookie _brlbs-cb-youtube\"><div class=\"_brlbs-content-blocker\"> <div class=\"_brlbs-embed _brlbs-video-youtube\"> <img class=\"_brlbs-thumbnail\" src=\"https:\/\/www.fahrrad-xxl.de\/blog\/wp-content\/plugins\/borlabs-cookie\/assets\/images\/cb-no-thumbnail.png\" alt=\"YouTube\"> <div class=\"_brlbs-caption\"> <p>Mit dem Laden des Videos akzeptieren Sie die Datenschutzerkl\u00e4rung von YouTube.<br><a href=\"https:\/\/policies.google.com\/privacy\" target=\"_blank\" rel=\"nofollow noopener noreferrer\">Mehr erfahren<\/a><\/p> <p><a class=\"_brlbs-btn _brlbs-icon-play-white\" href=\"#\" data-borlabs-cookie-unblock role=\"button\">Video laden<\/a><\/p> <p><label><input type=\"checkbox\" name=\"unblockAll\" value=\"1\" checked> <small>YouTube immer entsperren<\/small><\/label><\/p> <\/div> <\/div> <\/div><div class=\"borlabs-hide\" data-borlabs-cookie-type=\"content-blocker\" data-borlabs-cookie-id=\"youtube\"><script type=\"text\/template\">PGlmcmFtZSB0aXRsZT0iV2VsY2hlciBSZW5ucmFkaGVsbSBpc3QgZGVyIHJpY2h0aWdlIGbDvHIgbWljaD8iIHdpZHRoPSIxMTYxIiBoZWlnaHQ9IjY1MyIgc3JjPSJodHRwczovL3d3dy55b3V0dWJlLW5vY29va2llLmNvbS9lbWJlZC9KUkR6cGN0SGJQdz9mZWF0dXJlPW9lbWJlZCIgZnJhbWVib3JkZXI9IjAiIGFsbG93PSJhY2NlbGVyb21ldGVyOyBhdXRvcGxheTsgY2xpcGJvYXJkLXdyaXRlOyBlbmNyeXB0ZWQtbWVkaWE7IGd5cm9zY29wZTsgcGljdHVyZS1pbi1waWN0dXJlOyB3ZWItc2hhcmUiIHJlZmVycmVycG9saWN5PSJzdHJpY3Qtb3JpZ2luLXdoZW4tY3Jvc3Mtb3JpZ2luIiBhbGxvd2Z1bGxzY3JlZW4+PC9pZnJhbWU+<\/script><\/div><\/div><\/div><div class=\"divider divider1\" style='margin:60px 0 60px 0 !important;'><\/div>[vc_column_text]<\/p>\n<h3>Die richtige Helmgr\u00f6\u00dfe ermitteln<\/h3>\n<p>[\/vc_column_text]<div class=\"video-embed  wpb_content_element\"><div class=\"BorlabsCookie _brlbs-cb-youtube\"><div class=\"_brlbs-content-blocker\"> <div class=\"_brlbs-embed _brlbs-video-youtube\"> <img class=\"_brlbs-thumbnail\" src=\"https:\/\/www.fahrrad-xxl.de\/blog\/wp-content\/plugins\/borlabs-cookie\/assets\/images\/cb-no-thumbnail.png\" alt=\"YouTube\"> <div class=\"_brlbs-caption\"> <p>Mit dem Laden des Videos akzeptieren Sie die Datenschutzerkl\u00e4rung von YouTube.<br><a href=\"https:\/\/policies.google.com\/privacy\" target=\"_blank\" rel=\"nofollow noopener noreferrer\">Mehr erfahren<\/a><\/p> <p><a class=\"_brlbs-btn _brlbs-icon-play-white\" href=\"#\" data-borlabs-cookie-unblock role=\"button\">Video laden<\/a><\/p> <p><label><input type=\"checkbox\" name=\"unblockAll\" value=\"1\" checked> <small>YouTube immer entsperren<\/small><\/label><\/p> <\/div> <\/div> <\/div><div class=\"borlabs-hide\" data-borlabs-cookie-type=\"content-blocker\" data-borlabs-cookie-id=\"youtube\"><script type=\"text\/template\">PGlmcmFtZSB0aXRsZT0iRGllIHJpY2h0aWdlIEhlbG1ncsO2w59lIGbDvHIgZGVuIEZhaHJyYWRoZWxtIGVybWl0dGVsbiAtIEtvcGZ1bWZhbmcgbWVzc2VuIiB3aWR0aD0iMTE2MSIgaGVpZ2h0PSI2NTMiIHNyYz0iaHR0cHM6Ly93d3cueW91dHViZS1ub2Nvb2tpZS5jb20vZW1iZWQvMXNpLTMxNzlzODg\/ZmVhdHVyZT1vZW1iZWQiIGZyYW1lYm9yZGVyPSIwIiBhbGxvdz0iYWNjZWxlcm9tZXRlcjsgYXV0b3BsYXk7IGNsaXBib2FyZC13cml0ZTsgZW5jcnlwdGVkLW1lZGlhOyBneXJvc2NvcGU7IHBpY3R1cmUtaW4tcGljdHVyZTsgd2ViLXNoYXJlIiByZWZlcnJlcnBvbGljeT0ic3RyaWN0LW9yaWdpbi13aGVuLWNyb3NzLW9yaWdpbiIgYWxsb3dmdWxsc2NyZWVuPjwvaWZyYW1lPg==<\/script><\/div><\/div><\/div><div class=\"divider divider1\" style='margin:60px 0 60px 0 !important;'><\/div>[vc_column_text]<\/p>\n<h3>Fahrradhelm richtig einstellen<\/h3>\n<p>[\/vc_column_text]<div class=\"video-embed  wpb_content_element\"><div class=\"BorlabsCookie _brlbs-cb-youtube\"><div class=\"_brlbs-content-blocker\"> <div class=\"_brlbs-embed _brlbs-video-youtube\"> <img class=\"_brlbs-thumbnail\" src=\"https:\/\/www.fahrrad-xxl.de\/blog\/wp-content\/plugins\/borlabs-cookie\/assets\/images\/cb-no-thumbnail.png\" alt=\"YouTube\"> <div class=\"_brlbs-caption\"> <p>Mit dem Laden des Videos akzeptieren Sie die Datenschutzerkl\u00e4rung von YouTube.<br><a href=\"https:\/\/policies.google.com\/privacy\" target=\"_blank\" rel=\"nofollow noopener noreferrer\">Mehr erfahren<\/a><\/p> <p><a class=\"_brlbs-btn _brlbs-icon-play-white\" href=\"#\" data-borlabs-cookie-unblock role=\"button\">Video laden<\/a><\/p> <p><label><input type=\"checkbox\" name=\"unblockAll\" value=\"1\" checked> <small>YouTube immer entsperren<\/small><\/label><\/p> <\/div> <\/div> <\/div><div class=\"borlabs-hide\" data-borlabs-cookie-type=\"content-blocker\" data-borlabs-cookie-id=\"youtube\"><script type=\"text\/template\">PGlmcmFtZSB0aXRsZT0iRmFocnJhZGhlbG0gcmljaHRpZyBlaW5zdGVsbGVuIC0gU28gZ2VodCYjMDM5O3MgU2Nocml0dCBmw7xyIFNjaHJpdHQiIHdpZHRoPSIxMTYxIiBoZWlnaHQ9IjY1MyIgc3JjPSJodHRwczovL3d3dy55b3V0dWJlLW5vY29va2llLmNvbS9lbWJlZC8tQWt3a3hTd0JtUT9mZWF0dXJlPW9lbWJlZCIgZnJhbWVib3JkZXI9IjAiIGFsbG93PSJhY2NlbGVyb21ldGVyOyBhdXRvcGxheTsgY2xpcGJvYXJkLXdyaXRlOyBlbmNyeXB0ZWQtbWVkaWE7IGd5cm9zY29wZTsgcGljdHVyZS1pbi1waWN0dXJlOyB3ZWItc2hhcmUiIHJlZmVycmVycG9saWN5PSJzdHJpY3Qtb3JpZ2luLXdoZW4tY3Jvc3Mtb3JpZ2luIiBhbGxvd2Z1bGxzY3JlZW4+PC9pZnJhbWU+<\/script><\/div><\/div><\/div>[\/vc_column][\/vc_row]<\/p>\n\n\n<div class=\"kk-star-ratings kksr-auto kksr-align-left kksr-valign-bottom\"\n    data-payload='{&quot;align&quot;:&quot;left&quot;,&quot;id&quot;:&quot;31518&quot;,&quot;slug&quot;:&quot;default&quot;,&quot;valign&quot;:&quot;bottom&quot;,&quot;ignore&quot;:&quot;&quot;,&quot;reference&quot;:&quot;auto&quot;,&quot;class&quot;:&quot;&quot;,&quot;count&quot;:&quot;1&quot;,&quot;legendonly&quot;:&quot;&quot;,&quot;readonly&quot;:&quot;&quot;,&quot;score&quot;:&quot;1&quot;,&quot;best&quot;:&quot;5&quot;,&quot;gap&quot;:&quot;5&quot;,&quot;greet&quot;:&quot;Rate this post&quot;,&quot;legend&quot;:&quot;1\\\/5 - (1 vote)&quot;,&quot;size&quot;:&quot;22&quot;,&quot;width&quot;:&quot;24.5&quot;,&quot;_legend&quot;:&quot;{score}\\\/{best} - ({count} {votes})&quot;,&quot;font_factor&quot;:&quot;1.25&quot;}'>\n            \n<div class=\"kksr-stars\">\n    \n<div class=\"kksr-stars-inactive\">\n            <div class=\"kksr-star\" data-star=\"1\" style=\"padding-right: 5px\">\n            \n\n<div class=\"kksr-icon\" style=\"width: 22px; height: 22px;\"><\/div>\n        <\/div>\n            <div class=\"kksr-star\" data-star=\"2\" style=\"padding-right: 5px\">\n            \n\n<div class=\"kksr-icon\" style=\"width: 22px; height: 22px;\"><\/div>\n        <\/div>\n            <div class=\"kksr-star\" data-star=\"3\" style=\"padding-right: 5px\">\n            \n\n<div class=\"kksr-icon\" style=\"width: 22px; height: 22px;\"><\/div>\n        <\/div>\n            <div class=\"kksr-star\" data-star=\"4\" style=\"padding-right: 5px\">\n            \n\n<div class=\"kksr-icon\" style=\"width: 22px; height: 22px;\"><\/div>\n        <\/div>\n            <div class=\"kksr-star\" data-star=\"5\" style=\"padding-right: 5px\">\n            \n\n<div class=\"kksr-icon\" style=\"width: 22px; height: 22px;\"><\/div>\n        <\/div>\n    <\/div>\n    \n<div class=\"kksr-stars-active\" style=\"width: 24.5px;\">\n            <div class=\"kksr-star\" style=\"padding-right: 5px\">\n            \n\n<div class=\"kksr-icon\" style=\"width: 22px; height: 22px;\"><\/div>\n        <\/div>\n            <div class=\"kksr-star\" style=\"padding-right: 5px\">\n            \n\n<div class=\"kksr-icon\" style=\"width: 22px; height: 22px;\"><\/div>\n        <\/div>\n            <div class=\"kksr-star\" style=\"padding-right: 5px\">\n            \n\n<div class=\"kksr-icon\" style=\"width: 22px; height: 22px;\"><\/div>\n        <\/div>\n            <div class=\"kksr-star\" style=\"padding-right: 5px\">\n            \n\n<div class=\"kksr-icon\" style=\"width: 22px; height: 22px;\"><\/div>\n        <\/div>\n            <div class=\"kksr-star\" style=\"padding-right: 5px\">\n            \n\n<div class=\"kksr-icon\" style=\"width: 22px; height: 22px;\"><\/div>\n        <\/div>\n    <\/div>\n<\/div>\n        \n\n<div class=\"kksr-legend\" style=\"font-size: 17.6px;\">\n            1\/5 - (1 vote)    <\/div>\n<\/div>\n<\/section>","protected":false},"excerpt":{"rendered":"<p>[vc_row][vc_column width=&#8220;1\/1&#8243;][vc_row_inner][vc_column_inner][vc_column_text] Spitzenplatzierungen f\u00fcr Abus und Uvex Unter den getesteten Helmen konnten besonders Helme der Marken Abus und Uvex hervorstechen. Sie \u00fcberzeugten mit dem verarbeiteten Material, \u00fcberwiegend guter Bel\u00fcftung, ausreichenden Einstellungsm\u00f6glichkeiten und zus\u00e4tzlichen Sicherheitsmerkmalen wie Reflektoren und LED-Lichtern. Sie bieten guten Schutz bei St\u00fcrzen und konnten ebenfalls in ADAC-Tests mit guten Ergebnissen punkten. Wie genau Fahrradhelme getestet werden und welche Kriterien dabei im Fokus standen, erkl\u00e4ren wir dir im n\u00e4chsten Kapitel. &nbsp; Diese Verfahren und Kriterien stehen hinter den Testergebnissen Diese Kriterien wurden bei der Beurteilung der Fahrradhelme ber\u00fccksichtigt: Einstellungsm\u00f6glichkeiten Bei einem Sturz ist die Gr\u00f6\u00dfe des Helmes entscheidend. Daher ist ein Kriterium wie die Einstellungsm\u00f6glichkeiten eines Helmes sind. Fein justierbare Kinnriemen und Drehverschl\u00fcsse am Hinterkopf erm\u00f6glichen es, den Helm passgenau an den Kopf anzulegen. Helme mit diesen Eigenschaften bieten daher bereits einen Vorteil, wenn es um St\u00fcrze geht. Sicherheitsmerkmale Helme, die eine LED-Beleuchtung haben oder zus\u00e4tzliche Reflektoren besitzen, bieten mehr Sicherheit. Als Fahrradfahrer kann man besonders bei D\u00e4mmerung oder in der Nacht deutlich besser erkannt werden. Bei MTB-Helmen ist es ebenfalls von Relevanz, ob die Sicherheitsnormen EN1078 und CPSC erf\u00fcllt oder \u00fcbertroffen werden k\u00f6nnen. Komfort Neben der Sicherheit spielt auch der Komfort eine wichtige Rolle. Mit dem Helm sollte [&hellip;]<\/p>\n","protected":false},"author":16,"featured_media":31523,"comment_status":"open","ping_status":"open","sticky":false,"template":"","format":"standard","meta":[],"categories":[42],"tags":[],"yoast_head":"<!-- This site is optimized with the Yoast SEO plugin v19.10 - https:\/\/yoast.com\/wordpress\/plugins\/seo\/ -->\n<title>Fahrradhelm Test - Testsieger von ADAC &amp; Co. - Fahrrad XXL Blog<\/title>\n<meta name=\"description\" content=\"Fahrradhelme Test \u2705 Alle Helm-Arten getestet \u2705 Finde deinen passenden Helm im Test-Vergleich \u27a4 Entdecke Testsieger, Kauftipps &amp; mehr\" \/>\n<meta name=\"robots\" content=\"index, follow, max-snippet:-1, max-image-preview:large, max-video-preview:-1\" \/>\n<link rel=\"canonical\" href=\"https:\/\/www.fahrrad-xxl.de\/blog\/fahrradhelme-im-test\/\" \/>\n<meta property=\"og:locale\" content=\"de_DE\" \/>\n<meta property=\"og:type\" content=\"article\" \/>\n<meta property=\"og:title\" content=\"Fahrradhelm Test - Testsieger von ADAC &amp; Co. - Fahrrad XXL Blog\" \/>\n<meta property=\"og:description\" content=\"Fahrradhelme Test \u2705 Alle Helm-Arten getestet \u2705 Finde deinen passenden Helm im Test-Vergleich \u27a4 Entdecke Testsieger, Kauftipps &amp; mehr\" \/>\n<meta property=\"og:url\" content=\"https:\/\/www.fahrrad-xxl.de\/blog\/fahrradhelme-im-test\/\" \/>\n<meta property=\"og:site_name\" content=\"Fahrrad XXL Blog\" \/>\n<meta property=\"article:publisher\" content=\"https:\/\/www.facebook.com\/FahrradXXL\" \/>\n<meta property=\"article:published_time\" content=\"2021-07-29T10:06:42+00:00\" \/>\n<meta property=\"article:modified_time\" content=\"2022-11-22T11:08:04+00:00\" \/>\n<meta property=\"og:image\" content=\"https:\/\/www.fahrrad-xxl.de\/blog\/wp-content\/uploads\/2021\/06\/Fahrradhelme-im-Test-1.jpg\" \/>\n\t<meta property=\"og:image:width\" content=\"2100\" \/>\n\t<meta property=\"og:image:height\" content=\"1400\" \/>\n\t<meta property=\"og:image:type\" content=\"image\/jpeg\" \/>\n<meta name=\"author\" content=\"Noel Freund\" \/>\n<meta name=\"twitter:card\" content=\"summary_large_image\" \/>\n<meta name=\"twitter:label1\" content=\"Verfasst von\" \/>\n\t<meta name=\"twitter:data1\" content=\"Noel Freund\" \/>\n\t<meta name=\"twitter:label2\" content=\"Gesch\u00e4tzte Lesezeit\" \/>\n\t<meta name=\"twitter:data2\" content=\"26\u00a0Minuten\" \/>\n<script type=\"application\/ld+json\" class=\"yoast-schema-graph\">{\"@context\":\"https:\/\/schema.org\",\"@graph\":[{\"@type\":\"Article\",\"@id\":\"https:\/\/www.fahrrad-xxl.de\/blog\/fahrradhelme-im-test\/#article\",\"isPartOf\":{\"@id\":\"https:\/\/www.fahrrad-xxl.de\/blog\/fahrradhelme-im-test\/\"},\"author\":{\"name\":\"Noel Freund\",\"@id\":\"https:\/\/www.fahrrad-xxl.de\/blog\/#\/schema\/person\/791fb9574a32e7f786b0366769de5158\"},\"headline\":\"Fahrradhelm Test &#8211; Testsieger von ADAC &#038; Co.\",\"datePublished\":\"2021-07-29T10:06:42+00:00\",\"dateModified\":\"2022-11-22T11:08:04+00:00\",\"mainEntityOfPage\":{\"@id\":\"https:\/\/www.fahrrad-xxl.de\/blog\/fahrradhelme-im-test\/\"},\"wordCount\":5781,\"commentCount\":0,\"publisher\":{\"@id\":\"https:\/\/www.fahrrad-xxl.de\/blog\/#organization\"},\"articleSection\":[\"Produkttests\"],\"inLanguage\":\"de\",\"potentialAction\":[{\"@type\":\"CommentAction\",\"name\":\"Comment\",\"target\":[\"https:\/\/www.fahrrad-xxl.de\/blog\/fahrradhelme-im-test\/#respond\"]}]},{\"@type\":\"WebPage\",\"@id\":\"https:\/\/www.fahrrad-xxl.de\/blog\/fahrradhelme-im-test\/\",\"url\":\"https:\/\/www.fahrrad-xxl.de\/blog\/fahrradhelme-im-test\/\",\"name\":\"Fahrradhelm Test - Testsieger von ADAC & Co. - Fahrrad XXL Blog\",\"isPartOf\":{\"@id\":\"https:\/\/www.fahrrad-xxl.de\/blog\/#website\"},\"datePublished\":\"2021-07-29T10:06:42+00:00\",\"dateModified\":\"2022-11-22T11:08:04+00:00\",\"description\":\"Fahrradhelme Test \u2705 Alle Helm-Arten getestet \u2705 Finde deinen passenden Helm im Test-Vergleich \u27a4 Entdecke Testsieger, Kauftipps & mehr\",\"breadcrumb\":{\"@id\":\"https:\/\/www.fahrrad-xxl.de\/blog\/fahrradhelme-im-test\/#breadcrumb\"},\"inLanguage\":\"de\",\"potentialAction\":[{\"@type\":\"ReadAction\",\"target\":[\"https:\/\/www.fahrrad-xxl.de\/blog\/fahrradhelme-im-test\/\"]}]},{\"@type\":\"BreadcrumbList\",\"@id\":\"https:\/\/www.fahrrad-xxl.de\/blog\/fahrradhelme-im-test\/#breadcrumb\",\"itemListElement\":[{\"@type\":\"ListItem\",\"position\":1,\"name\":\"Startseite\",\"item\":\"https:\/\/www.fahrrad-xxl.de\/blog\/\"},{\"@type\":\"ListItem\",\"position\":2,\"name\":\"Fahrradhelm Test &#8211; Testsieger von ADAC &#038; Co.\"}]},{\"@type\":\"WebSite\",\"@id\":\"https:\/\/www.fahrrad-xxl.de\/blog\/#website\",\"url\":\"https:\/\/www.fahrrad-xxl.de\/blog\/\",\"name\":\"Fahrrad XXL Blog\",\"description\":\"Erleben | Testen | Losfahren\",\"publisher\":{\"@id\":\"https:\/\/www.fahrrad-xxl.de\/blog\/#organization\"},\"potentialAction\":[{\"@type\":\"SearchAction\",\"target\":{\"@type\":\"EntryPoint\",\"urlTemplate\":\"https:\/\/www.fahrrad-xxl.de\/blog\/?s={search_term_string}\"},\"query-input\":\"required name=search_term_string\"}],\"inLanguage\":\"de\"},{\"@type\":\"Organization\",\"@id\":\"https:\/\/www.fahrrad-xxl.de\/blog\/#organization\",\"name\":\"Fahrrad XXL\",\"url\":\"https:\/\/www.fahrrad-xxl.de\/blog\/\",\"logo\":{\"@type\":\"ImageObject\",\"inLanguage\":\"de\",\"@id\":\"https:\/\/www.fahrrad-xxl.de\/blog\/#\/schema\/logo\/image\/\",\"url\":\"https:\/\/www.fahrrad-xxl.de\/blog\/wp-content\/uploads\/2018\/03\/FXXL-Blog-Logo-100-c.png\",\"contentUrl\":\"https:\/\/www.fahrrad-xxl.de\/blog\/wp-content\/uploads\/2018\/03\/FXXL-Blog-Logo-100-c.png\",\"width\":450,\"height\":100,\"caption\":\"Fahrrad XXL\"},\"image\":{\"@id\":\"https:\/\/www.fahrrad-xxl.de\/blog\/#\/schema\/logo\/image\/\"},\"sameAs\":[\"https:\/\/www.instagram.com\/fahrradxxl\",\"https:\/\/www.youtube.com\/user\/FahrradXXLde\",\"https:\/\/www.tiktok.com\/@fahrrad_xxl\",\"https:\/\/www.facebook.com\/FahrradXXL\"]},{\"@type\":\"Person\",\"@id\":\"https:\/\/www.fahrrad-xxl.de\/blog\/#\/schema\/person\/791fb9574a32e7f786b0366769de5158\",\"name\":\"Noel Freund\",\"description\":\"Radrevier sind die sch\u00f6nen Weinberge in Rheinhessen, da kann man sch\u00f6ne Radtouren machen. Ansonsten bin ich in der City unterwegs.\",\"url\":\"https:\/\/www.fahrrad-xxl.de\/blog\/author\/noel\/\"}]}<\/script>\n<!-- \/ Yoast SEO plugin. -->","yoast_head_json":{"title":"Fahrradhelm Test - Testsieger von ADAC & Co. - Fahrrad XXL Blog","description":"Fahrradhelme Test \u2705 Alle Helm-Arten getestet \u2705 Finde deinen passenden Helm im Test-Vergleich \u27a4 Entdecke Testsieger, Kauftipps & mehr","robots":{"index":"index","follow":"follow","max-snippet":"max-snippet:-1","max-image-preview":"max-image-preview:large","max-video-preview":"max-video-preview:-1"},"canonical":"https:\/\/www.fahrrad-xxl.de\/blog\/fahrradhelme-im-test\/","og_locale":"de_DE","og_type":"article","og_title":"Fahrradhelm Test - Testsieger von ADAC & Co. - Fahrrad XXL Blog","og_description":"Fahrradhelme Test \u2705 Alle Helm-Arten getestet \u2705 Finde deinen passenden Helm im Test-Vergleich \u27a4 Entdecke Testsieger, Kauftipps & mehr","og_url":"https:\/\/www.fahrrad-xxl.de\/blog\/fahrradhelme-im-test\/","og_site_name":"Fahrrad XXL Blog","article_publisher":"https:\/\/www.facebook.com\/FahrradXXL","article_published_time":"2021-07-29T10:06:42+00:00","article_modified_time":"2022-11-22T11:08:04+00:00","og_image":[{"width":2100,"height":1400,"url":"https:\/\/www.fahrrad-xxl.de\/blog\/wp-content\/uploads\/2021\/06\/Fahrradhelme-im-Test-1.jpg","type":"image\/jpeg"}],"author":"Noel Freund","twitter_card":"summary_large_image","twitter_misc":{"Verfasst von":"Noel Freund","Gesch\u00e4tzte Lesezeit":"26\u00a0Minuten"},"schema":{"@context":"https:\/\/schema.org","@graph":[{"@type":"Article","@id":"https:\/\/www.fahrrad-xxl.de\/blog\/fahrradhelme-im-test\/#article","isPartOf":{"@id":"https:\/\/www.fahrrad-xxl.de\/blog\/fahrradhelme-im-test\/"},"author":{"name":"Noel Freund","@id":"https:\/\/www.fahrrad-xxl.de\/blog\/#\/schema\/person\/791fb9574a32e7f786b0366769de5158"},"headline":"Fahrradhelm Test &#8211; Testsieger von ADAC &#038; Co.","datePublished":"2021-07-29T10:06:42+00:00","dateModified":"2022-11-22T11:08:04+00:00","mainEntityOfPage":{"@id":"https:\/\/www.fahrrad-xxl.de\/blog\/fahrradhelme-im-test\/"},"wordCount":5781,"commentCount":0,"publisher":{"@id":"https:\/\/www.fahrrad-xxl.de\/blog\/#organization"},"articleSection":["Produkttests"],"inLanguage":"de","potentialAction":[{"@type":"CommentAction","name":"Comment","target":["https:\/\/www.fahrrad-xxl.de\/blog\/fahrradhelme-im-test\/#respond"]}]},{"@type":"WebPage","@id":"https:\/\/www.fahrrad-xxl.de\/blog\/fahrradhelme-im-test\/","url":"https:\/\/www.fahrrad-xxl.de\/blog\/fahrradhelme-im-test\/","name":"Fahrradhelm Test - Testsieger von ADAC & Co. - Fahrrad XXL Blog","isPartOf":{"@id":"https:\/\/www.fahrrad-xxl.de\/blog\/#website"},"datePublished":"2021-07-29T10:06:42+00:00","dateModified":"2022-11-22T11:08:04+00:00","description":"Fahrradhelme Test \u2705 Alle Helm-Arten getestet \u2705 Finde deinen passenden Helm im Test-Vergleich \u27a4 Entdecke Testsieger, Kauftipps & mehr","breadcrumb":{"@id":"https:\/\/www.fahrrad-xxl.de\/blog\/fahrradhelme-im-test\/#breadcrumb"},"inLanguage":"de","potentialAction":[{"@type":"ReadAction","target":["https:\/\/www.fahrrad-xxl.de\/blog\/fahrradhelme-im-test\/"]}]},{"@type":"BreadcrumbList","@id":"https:\/\/www.fahrrad-xxl.de\/blog\/fahrradhelme-im-test\/#breadcrumb","itemListElement":[{"@type":"ListItem","position":1,"name":"Startseite","item":"https:\/\/www.fahrrad-xxl.de\/blog\/"},{"@type":"ListItem","position":2,"name":"Fahrradhelm Test &#8211; Testsieger von ADAC &#038; Co."}]},{"@type":"WebSite","@id":"https:\/\/www.fahrrad-xxl.de\/blog\/#website","url":"https:\/\/www.fahrrad-xxl.de\/blog\/","name":"Fahrrad XXL Blog","description":"Erleben | Testen | Losfahren","publisher":{"@id":"https:\/\/www.fahrrad-xxl.de\/blog\/#organization"},"potentialAction":[{"@type":"SearchAction","target":{"@type":"EntryPoint","urlTemplate":"https:\/\/www.fahrrad-xxl.de\/blog\/?s={search_term_string}"},"query-input":"required name=search_term_string"}],"inLanguage":"de"},{"@type":"Organization","@id":"https:\/\/www.fahrrad-xxl.de\/blog\/#organization","name":"Fahrrad XXL","url":"https:\/\/www.fahrrad-xxl.de\/blog\/","logo":{"@type":"ImageObject","inLanguage":"de","@id":"https:\/\/www.fahrrad-xxl.de\/blog\/#\/schema\/logo\/image\/","url":"https:\/\/www.fahrrad-xxl.de\/blog\/wp-content\/uploads\/2018\/03\/FXXL-Blog-Logo-100-c.png","contentUrl":"https:\/\/www.fahrrad-xxl.de\/blog\/wp-content\/uploads\/2018\/03\/FXXL-Blog-Logo-100-c.png","width":450,"height":100,"caption":"Fahrrad XXL"},"image":{"@id":"https:\/\/www.fahrrad-xxl.de\/blog\/#\/schema\/logo\/image\/"},"sameAs":["https:\/\/www.instagram.com\/fahrradxxl","https:\/\/www.youtube.com\/user\/FahrradXXLde","https:\/\/www.tiktok.com\/@fahrrad_xxl","https:\/\/www.facebook.com\/FahrradXXL"]},{"@type":"Person","@id":"https:\/\/www.fahrrad-xxl.de\/blog\/#\/schema\/person\/791fb9574a32e7f786b0366769de5158","name":"Noel Freund","description":"Radrevier sind die sch\u00f6nen Weinberge in Rheinhessen, da kann man sch\u00f6ne Radtouren machen. Ansonsten bin ich in der City unterwegs.","url":"https:\/\/www.fahrrad-xxl.de\/blog\/author\/noel\/"}]}},"_links":{"self":[{"href":"https:\/\/www.fahrrad-xxl.de\/blog\/wp-json\/wp\/v2\/posts\/31518"}],"collection":[{"href":"https:\/\/www.fahrrad-xxl.de\/blog\/wp-json\/wp\/v2\/posts"}],"about":[{"href":"https:\/\/www.fahrrad-xxl.de\/blog\/wp-json\/wp\/v2\/types\/post"}],"author":[{"embeddable":true,"href":"https:\/\/www.fahrrad-xxl.de\/blog\/wp-json\/wp\/v2\/users\/16"}],"replies":[{"embeddable":true,"href":"https:\/\/www.fahrrad-xxl.de\/blog\/wp-json\/wp\/v2\/comments?post=31518"}],"version-history":[{"count":4,"href":"https:\/\/www.fahrrad-xxl.de\/blog\/wp-json\/wp\/v2\/posts\/31518\/revisions"}],"predecessor-version":[{"id":32982,"href":"https:\/\/www.fahrrad-xxl.de\/blog\/wp-json\/wp\/v2\/posts\/31518\/revisions\/32982"}],"wp:featuredmedia":[{"embeddable":true,"href":"https:\/\/www.fahrrad-xxl.de\/blog\/wp-json\/wp\/v2\/media\/31523"}],"wp:attachment":[{"href":"https:\/\/www.fahrrad-xxl.de\/blog\/wp-json\/wp\/v2\/media?parent=31518"}],"wp:term":[{"taxonomy":"category","embeddable":true,"href":"https:\/\/www.fahrrad-xxl.de\/blog\/wp-json\/wp\/v2\/categories?post=31518"},{"taxonomy":"post_tag","embeddable":true,"href":"https:\/\/www.fahrrad-xxl.de\/blog\/wp-json\/wp\/v2\/tags?post=31518"}],"curies":[{"name":"wp","href":"https:\/\/api.w.org\/{rel}","templated":true}]}}