{"id":31664,"date":"2021-08-17T16:40:18","date_gmt":"2021-08-17T14:40:18","guid":{"rendered":"https:\/\/www.fahrrad-xxl.de\/blog\/?p=31664"},"modified":"2021-08-31T13:51:37","modified_gmt":"2021-08-31T11:51:37","slug":"fahrradbeleuchtungen-im-test","status":"publish","type":"post","link":"https:\/\/www.fahrrad-xxl.de\/blog\/fahrradbeleuchtungen-im-test\/","title":{"rendered":"Fahrradbeleuchtung Test &#038; Vergleich 2021: Kauftipps, Testsieger &#038; mehr"},"content":{"rendered":"<section class=\"wpb-content-wrapper\"><p>[vc_row][vc_column width=&#8220;1\/1&#8243;][vc_row_inner][vc_column_inner][vc_column_text]<\/p>\n<h2><span class=\"ez-toc-section\" id=\"spitzenplatzierungen-fuer-sigma-und-trelock\"><\/span>Spitzenplatzierungen f\u00fcr Sigma und Trelock<span class=\"ez-toc-section-end\"><\/span><\/h2>\n<p>Besonders Fahrradbeleuchtungen von Sigma und Trelock konnten in den verschiedenen Tests \u00fcberzeugen. Sigma bietet verschiedene Beleuchtungskombinationen an die dazu in der Leuchtkraft frei w\u00e4hlbar sind. Mit den verschiedenen Lichtmodi kann damit jeder Wunsch von 15 Lux bis 80 Lux erf\u00fcllt werden. Die Montage ist bei Sigma gewohnt einfach und erfordert nur wenige Minuten wenn nicht sogar Sekunden. Sie sind zudem allesamt hochwertig verarbeitet. Lediglich die Leuchtdauer ist ausbauf\u00e4hig.<\/p>\n<p>Trelock konnte ebenfalls mit einer hervorragenden Verarbeitung und vielen Auswahlm\u00f6glichkeiten Punkten. Die Montage verl\u00e4uft auch hier vorbildlich einfach. Von g\u00fcnstig bis teuer, von weniger hell bis leuchtstark ist hier alles dabei. Die einfache Handhabung unterstreicht dabei den Charakter der Trelock Fahrradlichter. Dar\u00fcber hinaus bieten viele der Trelock Beleuchtungen eine Ladestandanzeige.<\/p>\n<p>Doch nicht nur Sigma und Trelock konnten in den Testergebnissen \u00fcberzeugen. Andere Anbieter wie Lezyne, Busch &amp; M\u00fcller und Supernova bieten ebenfalls gute Fahrradlichter f\u00fcr Tag- und Nacht. Alle Ergebnisse findest du in dieser Fahrradlicht Test Zusammenstellung.<\/p>\n<p>&nbsp;<\/p>\n<h2><span class=\"ez-toc-section\" id=\"diese-verfahren-und-kriterien-stehen-hinter-den-testergebnissen\"><\/span>Diese Verfahren und Kriterien stehen hinter den Testergebnissen<span class=\"ez-toc-section-end\"><\/span><\/h2>\n<p>Bei den getesteten Fahrradbeleuchtungen haben besonders diese Kriterien zu den Bewertungen beigetragen:<\/p>\n<p><strong>Verarbeitung<\/strong><\/p>\n<p>Wie ist die Beleuchtung Verarbeitet? Wirkt diese nur hochwertig oder ist sie es auch? Au\u00dferdem spielt es eine Rolle, welche Materialien in der Beleuchtung verarbeitet worden sind. Insbesondere der Nachhaltigkeitsaspekt sollte hier ber\u00fccksichtigt werden. Fahrradlichter sollten m\u00f6glichst wenig Schadstoffe enthalten und so umweltvertr\u00e4glich wie nur m\u00f6glich hergestellt und verarbeitet werden.<\/p>\n<p><strong>Gr\u00f6\u00dfe und Gewicht?<\/strong><\/p>\n<p>Wie schwer oder wie leicht ist die Beleuchtung? Besonders gro\u00dfe Akkus beeinflussen das Gewicht und damit das Fahrverhalten. Dies ist besonders bei Rennr\u00e4dern \u00e4rgerlich, wenn es auf jeden Gramm ankommt. Zudem spielt es eine Rolle, ob das Licht einfach in der Jackentasche zu transportieren und dann zu montieren ist oder man eine extra Tasche daf\u00fcr ben\u00f6tigt.<\/p>\n<p><strong>Handhabung \/ Montage<\/strong><\/p>\n<p>Wie einfach l\u00e4sst sich das Licht montieren? Das Anbringen der Fahrradbeleuchtung sollte nur wenige Minuten dauern und nicht zu komplex sein. Zudem sollte man kein Werkzeug gebrauchen, um die Montage bzw. Demontage nicht unn\u00f6tig kompliziert zu machen.<\/p>\n<p><strong>Bedienung<\/strong><\/p>\n<p>Wie l\u00e4sst sich das Licht bedienen? Sind alle Tasten sanft zu bedienen und haben diese einen ordentlichen Druckpunkt? Wie einfach lassen sich die Lichter aufladen?<\/p>\n<p><strong>Lichtmodi &amp; Leuchtkraft<\/strong><\/p>\n<p>Welche und wie viele Lichtmodi bietet die Beleuchtung? So mehr Lichtmodi w\u00e4hlbar sind, desto besser. Um gen\u00fcgend zu sehen und auch ordentlich gesehen zu werden, sollten die Beleuchtungsanlagen gen\u00fcgend Lux bzw. Lumen besitzen. Je mehr Lux ein Fahrradlicht besitzt, desto heller ist es.<\/p>\n<p><strong>Akkulaufzeit- &amp; Ladezeit<\/strong><\/p>\n<p>wie lange h\u00e4lt die Beleuchtung in den verschiedenen Modi durch? Hierbei ist die minimale- und maximale Leuchtdauer interessant. Wie lange dauert es den leeren Akku wieder aufzuladen? Gibt es eine Anzeige f\u00fcr die Restkapazit\u00e4t des Akkus?[\/vc_column_text][vc_column_text]<\/p>\n<h2><span class=\"ez-toc-section\" id=\"die-am-besten-getesteten-fahrradbeleuchtungen-im-ueberblick\"><\/span>Die am besten getesteten Fahrradbeleuchtungen im \u00dcberblick<span class=\"ez-toc-section-end\"><\/span><\/h2>\n<p>[\/vc_column_text][vc_column_text css_animation=&#8220;none&#8220;]<\/p>\n<h2><span class=\"ez-toc-section\" id=\"fahrradbeleuchtungen-als-set-im-test\"><\/span>Fahrradbeleuchtungen als Set im Test<span class=\"ez-toc-section-end\"><\/span><\/h2>\n<p>&nbsp;<\/p>\n<p>&nbsp;<\/p>\n<h3>Sigma Aura 80 &amp; Nugget II<\/h3>\n<p><img decoding=\"async\" loading=\"lazy\" class=\"alignnone size-medium wp-image-31670\" src=\"https:\/\/www.fahrrad-xxl.de\/blog\/wp-content\/uploads\/2021\/08\/sigma_aura_80_nugget2-300x185.jpg\" alt=\"Sigma Aura 80 &amp; Nugget II\" width=\"300\" height=\"185\" srcset=\"https:\/\/www.fahrrad-xxl.de\/blog\/wp-content\/uploads\/2021\/08\/sigma_aura_80_nugget2-300x185.jpg 300w, https:\/\/www.fahrrad-xxl.de\/blog\/wp-content\/uploads\/2021\/08\/sigma_aura_80_nugget2-1024x631.jpg 1024w, https:\/\/www.fahrrad-xxl.de\/blog\/wp-content\/uploads\/2021\/08\/sigma_aura_80_nugget2-768x473.jpg 768w, https:\/\/www.fahrrad-xxl.de\/blog\/wp-content\/uploads\/2021\/08\/sigma_aura_80_nugget2.jpg 1119w\" sizes=\"(max-width: 300px) 100vw, 300px\" \/>[\/vc_column_text][vc_column_text]<em>&#8222;Gut, aber nicht fest montiert. F\u00fcr die meisten Radler gute, im Nahfeld breite Ausleuchtung. Bis 18 Meter Sicht, eher nichts f\u00fcr Raser. Muss nach jedem Abnehmen neu justiert werden. Mehrstufige Restleuchtanzeige.&#8220;<\/em><\/p>\n<p>Fazit von <a href=\"https:\/\/www.test.de\/Fahrradbeleuchtung-im-Test-5423684-0\/\">Stiftung Warentest<\/a>[\/vc_column_text][\/vc_column_inner][\/vc_row_inner][\/vc_column][\/vc_row][vc_row][vc_column width=&#8220;1\/2&#8243;][vc_column_text css_animation=&#8220;none&#8220;]<\/p>\n<ul>\n<li><span style=\"color: #008000;\">mit 80 Lux stark + 3 weitere Modi w\u00e4hlbar (60 lx, 40 lx und 20 lx)<\/span><\/li>\n<li><span style=\"color: #008000;\">sehr leicht abzunehmen<\/span><\/li>\n<li><span style=\"color: #008000;\">Kabel inkl.<\/span><\/li>\n<li>Leuchtdauer Vorderlicht maximal 15h<\/li>\n<\/ul>\n<p>[\/vc_column_text][\/vc_column][vc_column width=&#8220;1\/2&#8243;][vc_column_text css_animation=&#8220;none&#8220;]<strong>Produktbewertung unserer Kunden:<\/strong><\/p>\n<div>\n<div>\n<div class=\"pvd-r__review-comment-title\">Tolles Set mit Akku<\/div>\n<div><\/div>\n<\/div>\n<div class=\"pvd-r__review-comment\"><strong>Pro:<\/strong><\/div>\n<div class=\"pvd-r__review-comment\">\n<p>Ich bin total zufrieden mit dem Set. Vor allem gef\u00e4llt mir, dass man keine Batterien braucht, sondern die Lichter zuhause bequem wieder aufladen kann.<\/p>\n<p><strong>Contra:<\/strong><\/p>\n<\/div>\n<div class=\"pvd-r__review-comment\">\n<p>&#8211;<\/p>\n<\/div>\n<\/div>\n<div class=\"pvd-r__review-comment\">\n<p><em>von Lisa 20.04.2021<\/em><\/p>\n<\/div>\n<p>[\/vc_column_text][\/vc_column][\/vc_row][vc_row][vc_column width=&#8220;1\/1&#8243;]<a href=\"https:\/\/www.fahrrad-xxl.de\/fahrradzubehoer\/fahrradbeleuchtung\/marke.sigma\/?fxxlint=blog-fahrradbeleuchtung-test-cta-1\" target=\"_blank\" class=\"button button-appear custom large \" style=\"background-color: #a82323; border-color: #a82323;border-radius: 30px;\"><span>Jetzt g\u00fcnstig das Sigma 80 &amp; Nugget II Beleuchtungsset entdecken!<i class='fa fas fa-chevron-circle-right'><\/i><\/span><\/a><div class=\"newdivider align-center\" style=\"border-bottom-style: solid; border-color: #999999; border-bottom-width: 2px; margin-top: 20px; margin-bottom: 10px; width: 100%; \"><\/div><div class=\"clear\"><\/div>[\/vc_column][\/vc_row][vc_row bg_color=&#8220;#ffffff&#8220;][vc_column width=&#8220;1\/1&#8243;][vc_column_text css_animation=&#8220;none&#8220;]<\/p>\n<h3>Sigma Aura 60 &amp; Nugget II<\/h3>\n<p><img decoding=\"async\" loading=\"lazy\" class=\"alignnone size-medium wp-image-31671\" src=\"https:\/\/www.fahrrad-xxl.de\/blog\/wp-content\/uploads\/2021\/08\/sigma_aura_60_nugget2-300x185.jpg\" alt=\"Sigma Aura 60 &amp; Nugget II\" width=\"300\" height=\"185\" srcset=\"https:\/\/www.fahrrad-xxl.de\/blog\/wp-content\/uploads\/2021\/08\/sigma_aura_60_nugget2-300x185.jpg 300w, https:\/\/www.fahrrad-xxl.de\/blog\/wp-content\/uploads\/2021\/08\/sigma_aura_60_nugget2-1024x631.jpg 1024w, https:\/\/www.fahrrad-xxl.de\/blog\/wp-content\/uploads\/2021\/08\/sigma_aura_60_nugget2-768x473.jpg 768w, https:\/\/www.fahrrad-xxl.de\/blog\/wp-content\/uploads\/2021\/08\/sigma_aura_60_nugget2.jpg 1119w\" sizes=\"(max-width: 300px) 100vw, 300px\" \/>[\/vc_column_text][vc_row_inner][vc_column_inner width=&#8220;1\/2&#8243;][vc_column_text css_animation=&#8220;none&#8220;]<\/p>\n<ul>\n<li><span style=\"color: #008000;\">60 Lux stark + 2 weitere Modi w\u00e4hlbar (30 lx und 18 lx)<\/span><\/li>\n<li><span style=\"color: #008000;\">sehr leicht abzunehmen<\/span><\/li>\n<li><span style=\"color: #008000;\">Kabel inkl.<\/span><\/li>\n<li>Maximale Leuchtdauer Vorderlicht nur 10h und R\u00fccklicht nur 6h<\/li>\n<\/ul>\n<p>[\/vc_column_text][\/vc_column_inner][vc_column_inner width=&#8220;1\/2&#8243;][vc_column_text css_animation=&#8220;none&#8220;]<strong>Produktbewertung unserer Kunden:<\/strong><\/p>\n<div>\n<div class=\"pvd-r__review-comment-title\">\n<div class=\"pvd-r__review-comment-title\">\n<div class=\"pvd-r__review-comment-title\">Unabh\u00e4ngige Lichtquelle<\/div>\n<\/div>\n<\/div>\n<div><\/div>\n<div class=\"pvd-r__review-comment\"><strong>Pro:<\/strong><\/div>\n<div class=\"pvd-r__review-comment\">\n<p>Geringes Gewicht, gute und leichte Handhabung, gute Leuchtkraft, leicht zu montieren, leistungsstark<\/p>\n<p><strong>Contra:<\/strong><\/p>\n<\/div>\n<div class=\"pvd-r__review-comment\">\n<p>Montagematerial d\u00fcrfte etwas stabiler sein<\/p>\n<p><strong>Fazit:<\/strong><\/p>\n<\/div>\n<div class=\"pvd-r__review-comment\">\n<div id=\"pvd-mfw\" class=\"fxxl-artikel-detail__mobile-fullscreen-wrapper pvd-mfw\" data-active-mobile-tab-group=\"0\">\n<div id=\"pvd-cvr\" class=\"fxxl-artikel__mobile-tab-group\" data-mobile-tab-group=\"1\" data-mobile-tab-title=\"Kundenmeinungen\" data-mobile-tab-group-title=\"Produktinformationen\">\n<div id=\"pvd-r\" class=\"fxxl-artikel-detail__reviews pvd-r\">\n<div class=\"fxxl-artikel-detail__section_content fxxl-container pvd-r__content\">\n<div class=\"pvd-r__reviews-container\" data-artikelid=\"498972\">\n<div class=\"pvd-r__review\" data-published=\"2021-01-23 19:07:24\" data-stars=\"5\" data-vote=\"0\" data-id=\"29263\">\n<div class=\"pvd-r__review-comment\">F\u00fcr diesen Preis ein absolut gutes, gen\u00fcgendes Produkt, das durchaus zu empfehlen ist<\/div>\n<div class=\"pvd-r__review-voting\"><\/div>\n<\/div>\n<\/div>\n<\/div>\n<\/div>\n<\/div>\n<\/div>\n<div class=\"fxxl-artikel-detail__x\">\n<div class=\"fxxl-artikel-detail__xref gtm__artikel--xref\" data-xref=\"3\"><\/div>\n<\/div>\n<\/div>\n<\/div>\n<div class=\"pvd-r__review-comment\">\n<p><em>von Peter 06.11.2020<\/em><\/p>\n<\/div>\n<p>[\/vc_column_text][\/vc_column_inner][\/vc_row_inner]<a href=\"https:\/\/www.fahrrad-xxl.de\/fahrradzubehoer\/fahrradbeleuchtung\/marke.sigma\/?fxxlint=blog-fahrradbeleuchtung-test-cta-2\" target=\"_blank\" class=\"button button-appear custom large \" style=\"background-color: #a82323; border-color: #a82323;border-radius: 30px;\"><span>Jetzt g\u00fcnstig das Sigma 60 &amp; Nugget II Beleuchtungsset entdecken!<i class='fa fas fa-chevron-circle-right'><\/i><\/span><\/a><div class=\"newdivider align-center\" style=\"border-bottom-style: solid; border-color: #999999; border-bottom-width: 2px; margin-top: 20px; margin-bottom: 10px; width: 100%; \"><\/div><div class=\"clear\"><\/div>[\/vc_column][\/vc_row][vc_row bg_color=&#8220;#ffffff&#8220;][vc_column width=&#8220;1\/1&#8243;][vc_column_text css_animation=&#8220;none&#8220;]<\/p>\n<h3>Lezyne Hecto Drive 40 &amp; KTV<\/h3>\n<p><img decoding=\"async\" loading=\"lazy\" class=\"alignnone size-medium wp-image-31672\" src=\"https:\/\/www.fahrrad-xxl.de\/blog\/wp-content\/uploads\/2021\/08\/lezyne_hecto_drive_40_ktv-300x185.jpg\" alt=\"Lezyne Hecto Drive 40 &amp; KTV\" width=\"300\" height=\"185\" srcset=\"https:\/\/www.fahrrad-xxl.de\/blog\/wp-content\/uploads\/2021\/08\/lezyne_hecto_drive_40_ktv-300x185.jpg 300w, https:\/\/www.fahrrad-xxl.de\/blog\/wp-content\/uploads\/2021\/08\/lezyne_hecto_drive_40_ktv-1024x631.jpg 1024w, https:\/\/www.fahrrad-xxl.de\/blog\/wp-content\/uploads\/2021\/08\/lezyne_hecto_drive_40_ktv-768x473.jpg 768w, https:\/\/www.fahrrad-xxl.de\/blog\/wp-content\/uploads\/2021\/08\/lezyne_hecto_drive_40_ktv.jpg 1119w\" sizes=\"(max-width: 300px) 100vw, 300px\" \/>[\/vc_column_text][vc_row_inner][vc_column_inner width=&#8220;1\/2&#8243;][vc_column_text css_animation=&#8220;none&#8220;]<\/p>\n<ul>\n<li><span style=\"color: #008000;\">gute Verarbeitung<\/span><\/li>\n<li><span style=\"color: #008000;\">robust<\/span><\/li>\n<li><span style=\"color: #008000;\">einfache Montage<\/span><\/li>\n<li><span style=\"color: #008000;\">zwei Modi w\u00e4hlbar: 40 Lux und 15 Lux<\/span><\/li>\n<li>maximale Leuchtdauer nur bei 7 Stunden bei 15 Lux<\/li>\n<\/ul>\n<p>[\/vc_column_text][\/vc_column_inner][vc_column_inner width=&#8220;1\/2&#8243;][vc_column_text css_animation=&#8220;none&#8220;]<strong>Produktbewertung unserer Kunden:<\/strong><\/p>\n<div>\n<div>\n<div class=\"pvd-r__review-comment-title\">klein, leicht, Helligkeit ausreichend<\/div>\n<div><\/div>\n<\/div>\n<div class=\"pvd-r__review-comment\"><strong>Pro:<\/strong><\/div>\n<div class=\"pvd-r__review-comment\">\n<p>klein, leicht, einfache Montage m\u00f6glich, in 2 Stufen dimmbar<\/p>\n<p><strong>Contra:<\/strong><\/p>\n<\/div>\n<div class=\"pvd-r__review-comment\">\n<p>&#8211;<\/p>\n<p><strong>Fazit:<\/strong><\/p>\n<\/div>\n<div class=\"pvd-r__review-comment\">\n<div id=\"pvd-mfw\" class=\"fxxl-artikel-detail__mobile-fullscreen-wrapper pvd-mfw\" data-active-mobile-tab-group=\"0\">\n<div id=\"pvd-cvr\" class=\"fxxl-artikel__mobile-tab-group\" data-mobile-tab-group=\"1\" data-mobile-tab-title=\"Kundenmeinungen\" data-mobile-tab-group-title=\"Produktinformationen\">\n<div id=\"pvd-r\" class=\"fxxl-artikel-detail__reviews pvd-r\">\n<div class=\"fxxl-artikel-detail__section_content fxxl-container pvd-r__content\">\n<div class=\"pvd-r__reviews-container\" data-artikelid=\"444682\">\n<div class=\"pvd-r__review\" data-published=\"2021-03-10 09:10:20\" data-stars=\"5\" data-vote=\"0\" data-id=\"30067\">\n<div class=\"pvd-r__review-comment\">zu empfehlen<\/div>\n<\/div>\n<\/div>\n<\/div>\n<\/div>\n<\/div>\n<\/div>\n<\/div>\n<\/div>\n<div class=\"pvd-r__review-comment\">\n<p><em>Von Martin 10.03.2021<\/em><\/p>\n<\/div>\n<p>[\/vc_column_text][\/vc_column_inner][\/vc_row_inner]<a href=\"https:\/\/www.fahrrad-xxl.de\/fahrradzubehoer\/fahrradbeleuchtung\/marke.lezyne\/?fxxlint=blog-fahrradbeleuchtung-test-cta-3\" target=\"_blank\" class=\"button button-appear custom large \" style=\"background-color: #a82323; border-color: #a82323;border-radius: 30px;\"><span>Jetzt g\u00fcnstig das Lezyne Hecto Drive 40 &amp; KTV Beleuchtungsset entdecken!<i class='fa fas fa-chevron-circle-right'><\/i><\/span><\/a><div class=\"newdivider align-center\" style=\"border-bottom-style: solid; border-color: #999999; border-bottom-width: 2px; margin-top: 20px; margin-bottom: 10px; width: 100%; \"><\/div><div class=\"clear\"><\/div>[\/vc_column][\/vc_row][vc_row bg_color=&#8220;#ffffff&#8220;][vc_column width=&#8220;1\/1&#8243;][vc_column_text css_animation=&#8220;none&#8220;]<\/p>\n<h3>Trelock LS 560 I-Go Control &amp; LS 720 Reego<\/h3>\n<p><img decoding=\"async\" loading=\"lazy\" class=\"alignnone size-medium wp-image-31673\" src=\"https:\/\/www.fahrrad-xxl.de\/blog\/wp-content\/uploads\/2021\/08\/trelock_ls560_i_go_control_ls720_reego-300x185.jpg\" alt=\"Trelock LS 560 I-Go Control &amp; LS 720 Reego\" width=\"300\" height=\"185\" srcset=\"https:\/\/www.fahrrad-xxl.de\/blog\/wp-content\/uploads\/2021\/08\/trelock_ls560_i_go_control_ls720_reego-300x185.jpg 300w, https:\/\/www.fahrrad-xxl.de\/blog\/wp-content\/uploads\/2021\/08\/trelock_ls560_i_go_control_ls720_reego-1024x631.jpg 1024w, https:\/\/www.fahrrad-xxl.de\/blog\/wp-content\/uploads\/2021\/08\/trelock_ls560_i_go_control_ls720_reego-768x473.jpg 768w, https:\/\/www.fahrrad-xxl.de\/blog\/wp-content\/uploads\/2021\/08\/trelock_ls560_i_go_control_ls720_reego.jpg 1119w\" sizes=\"(max-width: 300px) 100vw, 300px\" \/>[\/vc_column_text][vc_column_text]<em>&#8222;Die LS 560 ist eine durchaus brauchbare Fahrradlampe die ihr Einsatzgebiet nicht nur in der Stadt hat. Durch die 50 LUX kann man mit der Akku-Lampe auch auf weniger gut beleuchteten Fahrradwegen fahren und kann dennoch ausreichend sehen. \u00a0Die Laufzeit kann sich ebenfalls sehen lassen, auch wenn es Lampen anderer Hersteller gibt, die l\u00e4nger Leuchten. Etwas schade ist das kurze USB Kabel, es ist keine 20 cm\u00a0 lang und so muss die Lampe beim Laden fast immer \u201ein der Luft h\u00e4ngen\u201c was durchaus eine Belastung f\u00fcr den USB Anschluss werden kann.&#8220;<\/em><\/p>\n<p>Fazit der <a href=\"https:\/\/www.fahrradmagazin.net\/testberichte\/trelock-ls-560-test\/\">Fahrradmagazin.de Redaktion<\/a>[\/vc_column_text][vc_row_inner][vc_column_inner width=&#8220;1\/2&#8243;][vc_column_text css_animation=&#8220;none&#8220;]<\/p>\n<ul>\n<li><span style=\"color: #008000;\">gute Verarbeitung<\/span><\/li>\n<li><span style=\"color: #008000;\">Ladestandsanzeige<\/span><\/li>\n<li><span style=\"color: #008000;\">einfache Montage<\/span><\/li>\n<li>schwerg\u00e4ngiger Schalter<\/li>\n<\/ul>\n<p>[\/vc_column_text][\/vc_column_inner][vc_column_inner width=&#8220;1\/2&#8243;][vc_column_text]Leider haben wir f\u00fcr dieses Produkt noch keine Bewertung in unserem Shop. Wenn du diese Fahrradbeleuchtung besitzt, kannst du gerne eine Bewertung hinterlassen, um deine Erfahrungen mit anderen zu teilen.[\/vc_column_text][\/vc_column_inner][\/vc_row_inner]<a href=\"https:\/\/www.fahrrad-xxl.de\/fahrradzubehoer\/fahrradbeleuchtung\/marke.trelock\/?fxxlint=blog-fahrradbeleuchtung-test-cta-4\" target=\"_blank\" class=\"button button-appear custom large \" style=\"background-color: #a82323; border-color: #a82323;border-radius: 30px;\"><span>Jetzt g\u00fcnstig das Trelock LS 560 I-Go &amp; LS 720 Reego Beleuchtungsset entdecken!<i class='fa fas fa-chevron-circle-right'><\/i><\/span><\/a><div class=\"newdivider align-center\" style=\"border-bottom-style: solid; border-color: #999999; border-bottom-width: 2px; margin-top: 20px; margin-bottom: 10px; width: 100%; \"><\/div><div class=\"clear\"><\/div>[\/vc_column][\/vc_row][vc_row bg_color=&#8220;#ffffff&#8220;][vc_column width=&#8220;1\/1&#8243;][vc_column_text css_animation=&#8220;none&#8220;]<\/p>\n<h3>VDO Eco Light M30 &amp; Eco Light Red<\/h3>\n<p><img decoding=\"async\" loading=\"lazy\" class=\"alignnone size-medium wp-image-31674\" src=\"https:\/\/www.fahrrad-xxl.de\/blog\/wp-content\/uploads\/2021\/08\/vdo_eco_light_m30_eco_light_red-300x185.jpg\" alt=\"VDO Eco Light M30 &amp; Eco Light Red\" width=\"300\" height=\"185\" srcset=\"https:\/\/www.fahrrad-xxl.de\/blog\/wp-content\/uploads\/2021\/08\/vdo_eco_light_m30_eco_light_red-300x185.jpg 300w, https:\/\/www.fahrrad-xxl.de\/blog\/wp-content\/uploads\/2021\/08\/vdo_eco_light_m30_eco_light_red-1024x631.jpg 1024w, https:\/\/www.fahrrad-xxl.de\/blog\/wp-content\/uploads\/2021\/08\/vdo_eco_light_m30_eco_light_red-768x473.jpg 768w, https:\/\/www.fahrrad-xxl.de\/blog\/wp-content\/uploads\/2021\/08\/vdo_eco_light_m30_eco_light_red.jpg 1119w\" sizes=\"(max-width: 300px) 100vw, 300px\" \/>[\/vc_column_text][vc_row_inner][vc_column_inner width=&#8220;1\/2&#8243;][vc_column_text css_animation=&#8220;none&#8220;]<\/p>\n<ul>\n<li><span style=\"color: #008000;\">leicht und kompakt<\/span><\/li>\n<li><span style=\"color: #008000;\">einfache Handhabung<\/span><\/li>\n<li><span style=\"color: #008000;\">Seitenneigung der Halterung verstellbar<\/span><\/li>\n<\/ul>\n<p>[\/vc_column_text][\/vc_column_inner][vc_column_inner width=&#8220;1\/2&#8243;][vc_column_text css_animation=&#8220;none&#8220;]<strong>Produktbewertung unserer Kunden:<\/strong><\/p>\n<div>\n<div>\n<div class=\"pvd-r__review-comment-title\">\n<div class=\"pvd-r__review-comment-title\">Sehr gutes Beleuchtungssystem<\/div>\n<\/div>\n<div><\/div>\n<\/div>\n<div class=\"pvd-r__review-comment\"><strong>Pro:<\/strong><\/div>\n<div class=\"pvd-r__review-comment\">\n<p>l\u00e4sst sich leicht befestigen, strahlt hell, so dass man problemlos gesehen werden kann. Sehr sch\u00f6n, dass es 2 Modi gibt, mit denen man die Ausleuchtung nochmals erh\u00f6hen kann.<\/p>\n<p><strong>Contra:<\/strong><\/p>\n<\/div>\n<div class=\"pvd-r__review-comment\">\n<p>kann ich bisher nicht viel sagen, einziger Kritikpunkt bisher w\u00e4re, dass man ein durchaus etwas l\u00e4ngeres Ladekabel h\u00e4tte beilegen k\u00f6nnen.<\/p>\n<p><strong>Fazit:<\/strong><\/p>\n<\/div>\n<div class=\"pvd-r__review-comment\">\n<div id=\"pvd-mfw\" class=\"fxxl-artikel-detail__mobile-fullscreen-wrapper pvd-mfw\" data-active-mobile-tab-group=\"0\">\n<div id=\"pvd-cvr\" class=\"fxxl-artikel__mobile-tab-group\" data-mobile-tab-group=\"1\" data-mobile-tab-title=\"Kundenmeinungen\" data-mobile-tab-group-title=\"Produktinformationen\">\n<div id=\"pvd-r\" class=\"fxxl-artikel-detail__reviews pvd-r\">\n<div class=\"fxxl-artikel-detail__section_content fxxl-container pvd-r__content\">\n<div class=\"pvd-r__reviews-container\" data-artikelid=\"444682\">\n<div class=\"pvd-r__review\" data-published=\"2021-03-10 09:10:20\" data-stars=\"5\" data-vote=\"0\" data-id=\"30067\">\n<div class=\"pvd-r__review-comment\">wer f\u00fcr einen moderaten Preis und gutes Beleuchtungssystem sucht, welches einfach zu bedienen und befestigen ist, ist hiermit gut bedient.<\/div>\n<\/div>\n<\/div>\n<\/div>\n<\/div>\n<\/div>\n<\/div>\n<\/div>\n<\/div>\n<div class=\"pvd-r__review-comment\">\n<p>&nbsp;<\/p>\n<\/div>\n<p>[\/vc_column_text][\/vc_column_inner][\/vc_row_inner]<a href=\"https:\/\/www.fahrrad-xxl.de\/fahrradzubehoer\/fahrradbeleuchtung\/marke.vdo\/?fxxlint=blog-fahrradbeleuchtung-test-cta-5\" target=\"_blank\" class=\"button button-appear custom large \" style=\"background-color: #a82323; border-color: #a82323;border-radius: 30px;\"><span>Jetzt g\u00fcnstig das VDO Eco Light M30 &amp; Eco Light Red Beleuchtungsset entdecken!<i class='fa fas fa-chevron-circle-right'><\/i><\/span><\/a><div class=\"newdivider align-center\" style=\"border-bottom-style: solid; border-color: #999999; border-bottom-width: 2px; margin-top: 20px; margin-bottom: 10px; width: 100%; \"><\/div><div class=\"clear\"><\/div>[\/vc_column][\/vc_row][vc_row bg_color=&#8220;#ffffff&#8220;][vc_column width=&#8220;1\/1&#8243;][vc_column_text css_animation=&#8220;none&#8220;]<\/p>\n<h3>Busch und M\u00fcller IXON Core &amp; IXXI<\/h3>\n<p><img decoding=\"async\" loading=\"lazy\" class=\"alignnone size-medium wp-image-31675\" src=\"https:\/\/www.fahrrad-xxl.de\/blog\/wp-content\/uploads\/2021\/08\/busch_mueller_ixon_core_ixxi-300x185.jpg\" alt=\"Busch und M\u00fcller IXON Core &amp; IXXI\" width=\"300\" height=\"185\" srcset=\"https:\/\/www.fahrrad-xxl.de\/blog\/wp-content\/uploads\/2021\/08\/busch_mueller_ixon_core_ixxi-300x185.jpg 300w, https:\/\/www.fahrrad-xxl.de\/blog\/wp-content\/uploads\/2021\/08\/busch_mueller_ixon_core_ixxi-1024x631.jpg 1024w, https:\/\/www.fahrrad-xxl.de\/blog\/wp-content\/uploads\/2021\/08\/busch_mueller_ixon_core_ixxi-768x473.jpg 768w, https:\/\/www.fahrrad-xxl.de\/blog\/wp-content\/uploads\/2021\/08\/busch_mueller_ixon_core_ixxi.jpg 1119w\" sizes=\"(max-width: 300px) 100vw, 300px\" \/>[\/vc_column_text][vc_column_text]<em>&#8222;Diese beiden Fahrradlampen sind extrem leicht und sind daher ideal f\u00fcr jeden, der auf das Fahrgewicht achtet. Mit 50 LUX auf der Brust kann sich der Frontscheinwerfer durchaus sehen lassen. Das geringe Gewicht liegt nat\u00fcrlich am relativ kleinen Akku. Hier hat man bei Busch und M\u00fcller einen guten Kompromiss zwischen Gewicht und Leuchtdauer gefunden. Das Einsatzgebiet der Fahrradscheinwerfer w\u00fcrden wir auf den Rennradbereich (aufgrund des Gewichts), MTB Bereich und in der Stadt bei kurzen Strecken ansetzen.&#8220;<\/em><\/p>\n<p>Fazit der <a href=\"https:\/\/www.fahrradmagazin.net\/testberichte\/busch-mueller-ixon-core-ixxi\/\">Fahrradmagazin.net Redaktion<\/a>[\/vc_column_text][vc_row_inner][vc_column_inner width=&#8220;1\/2&#8243;][vc_column_text css_animation=&#8220;none&#8220;]<\/p>\n<ul>\n<li><span style=\"color: #008000;\">gute Verarbeitung<\/span><\/li>\n<li><span style=\"color: #008000;\">einfache Montage<\/span><\/li>\n<li><span style=\"color: #008000;\">gute Ausleuchtung und Ladestandanzeige<\/span><\/li>\n<li>relativ teuer<\/li>\n<\/ul>\n<p>[\/vc_column_text][\/vc_column_inner][vc_column_inner width=&#8220;1\/2&#8243;][vc_column_text css_animation=&#8220;none&#8220;]<strong>Produktbewertung unserer Kunden:<\/strong><\/p>\n<div>\n<div>\n<div class=\"pvd-r__review-comment-title\">Super<\/div>\n<div><\/div>\n<\/div>\n<div class=\"pvd-r__review-comment\"><strong>Pro:<\/strong><\/div>\n<div class=\"pvd-r__review-comment\">\n<p>Hell, klein, super<\/p>\n<p><strong>Contra:<\/strong><\/p>\n<\/div>\n<div class=\"pvd-r__review-comment\">\n<p>nichts<\/p>\n<p><strong>Fazit:<\/strong><\/p>\n<\/div>\n<div class=\"pvd-r__review-comment\">\n<div id=\"pvd-mfw\" class=\"fxxl-artikel-detail__mobile-fullscreen-wrapper pvd-mfw\" data-active-mobile-tab-group=\"0\">\n<div id=\"pvd-cvr\" class=\"fxxl-artikel__mobile-tab-group\" data-mobile-tab-group=\"1\" data-mobile-tab-title=\"Kundenmeinungen\" data-mobile-tab-group-title=\"Produktinformationen\">\n<div id=\"pvd-r\" class=\"fxxl-artikel-detail__reviews pvd-r\">\n<div class=\"fxxl-artikel-detail__section_content fxxl-container pvd-r__content\">\n<div class=\"pvd-r__reviews-container\" data-artikelid=\"444682\">\n<div class=\"pvd-r__review\" data-published=\"2021-03-10 09:10:20\" data-stars=\"5\" data-vote=\"0\" data-id=\"30067\">\n<div class=\"pvd-r__review-comment\">Top Licht<\/div>\n<\/div>\n<\/div>\n<\/div>\n<\/div>\n<\/div>\n<\/div>\n<\/div>\n<\/div>\n<div class=\"pvd-r__review-comment\">\n<p><em>Von Martin 31.08.2020<\/em><\/p>\n<\/div>\n<p>[\/vc_column_text][\/vc_column_inner][\/vc_row_inner]<a href=\"https:\/\/www.fahrrad-xxl.de\/fahrradzubehoer\/fahrradbeleuchtung\/marke.busch-und-mueller\/?fxxlint=blog-fahrradbeleuchtung-test-cta-6\" target=\"_blank\" class=\"button button-appear custom large \" style=\"background-color: #a82323; border-color: #a82323;border-radius: 30px;\"><span>Jetzt g\u00fcnstig das Busch und M\u00fcller IXON Core &amp; IXXI Beleuchtungsset entdecken!<i class='fa fas fa-chevron-circle-right'><\/i><\/span><\/a><div class=\"newdivider align-center\" style=\"border-bottom-style: solid; border-color: #999999; border-bottom-width: 2px; margin-top: 20px; margin-bottom: 10px; width: 100%; \"><\/div><div class=\"clear\"><\/div>[\/vc_column][\/vc_row][vc_row bg_color=&#8220;#ffffff&#8220;][vc_column width=&#8220;1\/1&#8243;][vc_column_text css_animation=&#8220;none&#8220;]<\/p>\n<h2><span class=\"ez-toc-section\" id=\"fahrradlichter-im-test-nur-frontlichter-frontscheinwerfer\"><\/span>Fahrradlichter im Test (nur Frontlichter \/ Frontscheinwerfer)<span class=\"ez-toc-section-end\"><\/span><\/h2>\n<p>&nbsp;<\/p>\n<p>&nbsp;<\/p>\n<p>&nbsp;<\/p>\n<h3>Trelock LS 560 I-Go Control<\/h3>\n<p><img decoding=\"async\" loading=\"lazy\" class=\"alignnone size-medium wp-image-31676\" src=\"https:\/\/www.fahrrad-xxl.de\/blog\/wp-content\/uploads\/2021\/08\/trelock_ls560_i_go_control-300x300.jpg\" alt=\"Trelock LS 560 I-Go Control\" width=\"300\" height=\"300\" srcset=\"https:\/\/www.fahrrad-xxl.de\/blog\/wp-content\/uploads\/2021\/08\/trelock_ls560_i_go_control-300x300.jpg 300w, https:\/\/www.fahrrad-xxl.de\/blog\/wp-content\/uploads\/2021\/08\/trelock_ls560_i_go_control-150x150.jpg 150w, https:\/\/www.fahrrad-xxl.de\/blog\/wp-content\/uploads\/2021\/08\/trelock_ls560_i_go_control-80x80.jpg 80w, https:\/\/www.fahrrad-xxl.de\/blog\/wp-content\/uploads\/2021\/08\/trelock_ls560_i_go_control-500x500.jpg 500w, https:\/\/www.fahrrad-xxl.de\/blog\/wp-content\/uploads\/2021\/08\/trelock_ls560_i_go_control.jpg 613w\" sizes=\"(max-width: 300px) 100vw, 300px\" \/>[\/vc_column_text][vc_column_text]<em>&#8222;Die LS 560 ist eine durchaus brauchbare Fahrradlampe die ihr Einsatzgebiet nicht nur in der Stadt hat. Durch die 50 LUX kann man mit der Akku-Lampe auch auf weniger gut beleuchteten Fahrradwegen fahren und kann dennoch ausreichend sehen. \u00a0Die Laufzeit kann sich ebenfalls sehen lassen, auch wenn es Lampen anderer Hersteller gibt, die l\u00e4nger Leuchten.[&#8230;]<\/em><\/p>\n<p><em>Auf Stufe 1 konnten wir in die N\u00e4he der versprochenen 16 Stunden Leuchtdauer kommen, leider gibt es von Trelock keine Angabe wie Hell die Lampe im Modus 2 und 1 ist. Lediglich bis zu 50 LUX auf Stufe 3. Fest steht jedoch, dass die LS 560 I-GO eine StVZO Zulassung \u00a0f\u00fcr alle Fahrr\u00e4der hat.&#8220;<\/em><\/p>\n<p>Fazit der <a href=\"https:\/\/www.fahrradmagazin.net\/testberichte\/trelock-ls-560-test\/\">Fahrradmagazin.net Redaktion<\/a>[\/vc_column_text][vc_row_inner][vc_column_inner width=&#8220;1\/2&#8243;][vc_column_text css_animation=&#8220;none&#8220;]<\/p>\n<ul>\n<li><span style=\"color: #008000;\">gute Verarbeitung<\/span><\/li>\n<li><span style=\"color: #008000;\">Ladestandanzeige<\/span><\/li>\n<li><span style=\"color: #008000;\">3 Modi mit jeweils 50 Lux, 30 Lux und 15 Lux<\/span><\/li>\n<li>schwerg\u00e4ngiger Schalter<\/li>\n<\/ul>\n<p>[\/vc_column_text][\/vc_column_inner][vc_column_inner width=&#8220;1\/2&#8243;][vc_column_text]Leider haben wir f\u00fcr dieses Produkt noch keine Bewertung in unserem Shop. Wenn du diese Fahrradbeleuchtung besitzt, kannst du gerne eine Bewertung hinterlassen, um deine Erfahrungen mit anderen zu teilen.[\/vc_column_text][\/vc_column_inner][\/vc_row_inner]<a href=\"https:\/\/www.fahrrad-xxl.de\/fahrradzubehoer\/fahrradbeleuchtung\/marke.trelock\/?fxxlint=blog-fahrradbeleuchtung-test-cta-7\" target=\"_blank\" class=\"button button-appear custom large \" style=\"background-color: #a82323; border-color: #a82323;border-radius: 30px;\"><span>Jetzt g\u00fcnstig das Trelock LS 560 I-Go Control Fahrradlicht entdecken!<i class='fa fas fa-chevron-circle-right'><\/i><\/span><\/a><div class=\"newdivider align-center\" style=\"border-bottom-style: solid; border-color: #999999; border-bottom-width: 2px; margin-top: 20px; margin-bottom: 10px; width: 100%; \"><\/div><div class=\"clear\"><\/div>[\/vc_column][\/vc_row][vc_row bg_color=&#8220;#ffffff&#8220;][vc_column width=&#8220;1\/1&#8243;][vc_column_text css_animation=&#8220;none&#8220;]<\/p>\n<h3>Trelock LS 460 I-Go Power 40<\/h3>\n<p><img decoding=\"async\" loading=\"lazy\" class=\"alignnone size-medium wp-image-31677\" src=\"https:\/\/www.fahrrad-xxl.de\/blog\/wp-content\/uploads\/2021\/08\/trelock_ls_460_i_go_power_40-300x300.jpg\" alt=\"Trelock LS 460 I-Go Power 40\" width=\"300\" height=\"300\" srcset=\"https:\/\/www.fahrrad-xxl.de\/blog\/wp-content\/uploads\/2021\/08\/trelock_ls_460_i_go_power_40-300x300.jpg 300w, https:\/\/www.fahrrad-xxl.de\/blog\/wp-content\/uploads\/2021\/08\/trelock_ls_460_i_go_power_40-150x150.jpg 150w, https:\/\/www.fahrrad-xxl.de\/blog\/wp-content\/uploads\/2021\/08\/trelock_ls_460_i_go_power_40-80x80.jpg 80w, https:\/\/www.fahrrad-xxl.de\/blog\/wp-content\/uploads\/2021\/08\/trelock_ls_460_i_go_power_40-500x500.jpg 500w, https:\/\/www.fahrrad-xxl.de\/blog\/wp-content\/uploads\/2021\/08\/trelock_ls_460_i_go_power_40.jpg 613w\" sizes=\"(max-width: 300px) 100vw, 300px\" \/>[\/vc_column_text][vc_column_text]<em>&#8222;Optimal f\u00fcr alle, die von einem Dynamobetrieb umstellen wollen und prim\u00e4r auf beleuchteten Wegen unterwegs sind. In der Stadt wird man von anderen Verkehrsteilnehmern gesehen und f\u00e4llt auf. Wer lange durch unbeleuchtetes Gebiet f\u00e4hrt, z.B. durch W\u00e4lder oder entlang von Landstra\u00dfen, sollte sich das Modell Trelock LS\u00a0 560 ansehen, die 20 LUX mehr machen sich bei gro\u00dfer Dunkelheit bemerkbar.&#8220;<\/em><\/p>\n<p>Fazit der <a href=\"https:\/\/www.fahrradmagazin.net\/testberichte\/trelock-ls-460-test\/\">Fahrradmagazin.net Redaktion<\/a>[\/vc_column_text][vc_row_inner][vc_column_inner width=&#8220;1\/2&#8243;][vc_column_text css_animation=&#8220;none&#8220;]<\/p>\n<ul>\n<li><span style=\"color: #008000;\">einfache Bedienung<\/span><\/li>\n<li><span style=\"color: #008000;\">gute Verarbeitung<\/span><\/li>\n<li><span style=\"color: #008000;\">zwei Modi mit 30 Lux und 15 Lux<\/span><\/li>\n<li>Leuchtdauer unter Herstellerangaben<\/li>\n<\/ul>\n<p>[\/vc_column_text][\/vc_column_inner][vc_column_inner width=&#8220;1\/2&#8243;][vc_column_text]Leider haben wir f\u00fcr dieses Produkt noch keine Bewertung in unserem Shop. Wenn du diese Fahrradbeleuchtung besitzt, kannst du gerne eine Bewertung hinterlassen, um deine Erfahrungen mit anderen zu teilen.[\/vc_column_text][\/vc_column_inner][\/vc_row_inner]<a href=\"https:\/\/www.fahrrad-xxl.de\/fahrradzubehoer\/fahrradbeleuchtung\/marke.trelock\/?fxxlint=blog-fahrradbeleuchtung-test-cta-8\" target=\"_blank\" class=\"button button-appear custom large \" style=\"background-color: #a82323; border-color: #a82323;border-radius: 30px;\"><span>Jetzt g\u00fcnstig das Trelock LS 460 I-Go Power 40 Fahrradlicht entdecken!<i class='fa fas fa-chevron-circle-right'><\/i><\/span><\/a><div class=\"newdivider align-center\" style=\"border-bottom-style: solid; border-color: #999999; border-bottom-width: 2px; margin-top: 20px; margin-bottom: 10px; width: 100%; \"><\/div><div class=\"clear\"><\/div>[\/vc_column][\/vc_row][vc_row bg_color=&#8220;#ffffff&#8220;][vc_column width=&#8220;1\/1&#8243;][vc_column_text css_animation=&#8220;none&#8220;]<\/p>\n<h3>Trelock LS 760 I-Go Vision<\/h3>\n<p><img decoding=\"async\" loading=\"lazy\" class=\"alignnone size-medium wp-image-31678\" src=\"https:\/\/www.fahrrad-xxl.de\/blog\/wp-content\/uploads\/2021\/08\/trelock_ls760_i_go_vision-300x185.jpg\" alt=\"Trelock 760 LS I-Go Vision\" width=\"300\" height=\"185\" srcset=\"https:\/\/www.fahrrad-xxl.de\/blog\/wp-content\/uploads\/2021\/08\/trelock_ls760_i_go_vision-300x185.jpg 300w, https:\/\/www.fahrrad-xxl.de\/blog\/wp-content\/uploads\/2021\/08\/trelock_ls760_i_go_vision-1024x631.jpg 1024w, https:\/\/www.fahrrad-xxl.de\/blog\/wp-content\/uploads\/2021\/08\/trelock_ls760_i_go_vision-768x473.jpg 768w, https:\/\/www.fahrrad-xxl.de\/blog\/wp-content\/uploads\/2021\/08\/trelock_ls760_i_go_vision.jpg 1119w\" sizes=\"(max-width: 300px) 100vw, 300px\" \/>[\/vc_column_text][vc_column_text]<em>&#8222;Ein solider verarbeiteter Fahrradscheinwerfer, wie man es vom Hersteller gewohnt ist. [&#8230;] Da auch Fahrradscheinwerfer im Stra\u00dfenverkehr relevant blenden k\u00f6nnen, ist auch die Level-Funktion keine schlechte Idee, 100 Lux k\u00f6nnen schon sehr hell sein. [&#8230;] Pluspunkte sammelt der Trelock LS 760 Akkuscheinwerfer mit den Informationen die er uns anzeigt. Akkustatus, Ladezustand und Leuchtdauer interessieren uns alle vor einer l\u00e4ngeren Fahrt.&#8220;<\/em><\/p>\n<p>Fazit der <a href=\"https:\/\/www.fahrradmagazin.net\/testberichte\/trelock-ls-760-i-go-test\/\">Fahrradmagazin.net Redaktion<\/a>[\/vc_column_text][vc_row_inner][vc_column_inner width=&#8220;1\/2&#8243;][vc_column_text css_animation=&#8220;none&#8220;]<\/p>\n<ul>\n<li><span style=\"color: #008000;\">Aussagekr\u00e4ftiges Display am Scheinwerfer<\/span><\/li>\n<li><span style=\"color: #008000;\">stabile Halterung<\/span><\/li>\n<li><span style=\"color: #008000;\">mit 5 Leuchtmodi f\u00fcr jede Umgebung der passende Modus dabei<\/span><\/li>\n<li>Tasten etwas schwerg\u00e4ngig<\/li>\n<\/ul>\n<p>[\/vc_column_text][\/vc_column_inner][vc_column_inner width=&#8220;1\/2&#8243;][vc_column_text]Leider haben wir f\u00fcr dieses Produkt noch keine Bewertung in unserem Shop. Wenn du diese Fahrradbeleuchtung besitzt, kannst du gerne eine Bewertung hinterlassen, um deine Erfahrungen mit anderen zu teilen.[\/vc_column_text][\/vc_column_inner][\/vc_row_inner]<a href=\"https:\/\/www.fahrrad-xxl.de\/fahrradzubehoer\/fahrradbeleuchtung\/marke.trelock\/?fxxlint=blog-fahrradbeleuchtung-test-cta-9\" target=\"_blank\" class=\"button button-appear custom large \" style=\"background-color: #a82323; border-color: #a82323;border-radius: 30px;\"><span>Jetzt g\u00fcnstig das Trelock LS 760 I-Go Vision Fahrradlicht entdecken!<i class='fa fas fa-chevron-circle-right'><\/i><\/span><\/a><div class=\"newdivider align-center\" style=\"border-bottom-style: solid; border-color: #999999; border-bottom-width: 2px; margin-top: 20px; margin-bottom: 10px; width: 100%; \"><\/div><div class=\"clear\"><\/div>[\/vc_column][\/vc_row][vc_row bg_color=&#8220;#ffffff&#8220;][vc_column width=&#8220;1\/1&#8243;][vc_column_text css_animation=&#8220;none&#8220;]<\/p>\n<h3>Supernova Airstream 2<\/h3>\n<p><img decoding=\"async\" loading=\"lazy\" class=\"alignnone size-medium wp-image-31679\" src=\"https:\/\/www.fahrrad-xxl.de\/blog\/wp-content\/uploads\/2021\/08\/supernova_airstream_2-300x185.jpg\" alt=\"Supernova Airstream 2\" width=\"300\" height=\"185\" srcset=\"https:\/\/www.fahrrad-xxl.de\/blog\/wp-content\/uploads\/2021\/08\/supernova_airstream_2-300x185.jpg 300w, https:\/\/www.fahrrad-xxl.de\/blog\/wp-content\/uploads\/2021\/08\/supernova_airstream_2-1024x631.jpg 1024w, https:\/\/www.fahrrad-xxl.de\/blog\/wp-content\/uploads\/2021\/08\/supernova_airstream_2-768x473.jpg 768w, https:\/\/www.fahrrad-xxl.de\/blog\/wp-content\/uploads\/2021\/08\/supernova_airstream_2.jpg 1119w\" sizes=\"(max-width: 300px) 100vw, 300px\" \/>[\/vc_column_text][vc_row_inner][vc_column_inner width=&#8220;1\/2&#8243;][vc_column_text css_animation=&#8220;none&#8220;]<\/p>\n<ul>\n<li><span style=\"color: #008000;\">sehr helles Licht<\/span><\/li>\n<li><span style=\"color: #008000;\">weite Ausleuchtung<\/span><\/li>\n<li><span style=\"color: #008000;\">Neigung des Scheinwerfers auch seitlich m\u00f6glich<\/span><\/li>\n<li>Gummihalterung zu instabil<\/li>\n<\/ul>\n<p>[\/vc_column_text][\/vc_column_inner][vc_column_inner width=&#8220;1\/2&#8243;][vc_column_text]Leider haben wir f\u00fcr dieses Produkt noch keine Bewertung in unserem Shop. Wenn du diese Fahrradbeleuchtung besitzt, kannst du gerne eine Bewertung hinterlassen, um deine Erfahrungen mit anderen zu teilen.[\/vc_column_text][\/vc_column_inner][\/vc_row_inner]<a href=\"https:\/\/www.fahrrad-xxl.de\/fahrradzubehoer\/fahrradbeleuchtung\/marke.supernova\/?fxxlint=blog-fahrradbeleuchtung-test-cta-10\" target=\"_blank\" class=\"button button-appear custom large \" style=\"background-color: #a82323; border-color: #a82323;border-radius: 30px;\"><span>Jetzt g\u00fcnstig das Supernova Airstream 2 Fahrradlicht entdecken!<i class='fa fas fa-chevron-circle-right'><\/i><\/span><\/a><div class=\"newdivider align-center\" style=\"border-bottom-style: solid; border-color: #999999; border-bottom-width: 2px; margin-top: 20px; margin-bottom: 10px; width: 100%; \"><\/div><div class=\"clear\"><\/div>[\/vc_column][\/vc_row][vc_row bg_color=&#8220;#ffffff&#8220;][vc_column width=&#8220;1\/1&#8243;][vc_column_text css_animation=&#8220;none&#8220;]<\/p>\n<h2><span class=\"ez-toc-section\" id=\"fahrrad-ruecklichter-im-test\"><\/span>Fahrrad R\u00fccklichter im Test<span class=\"ez-toc-section-end\"><\/span><\/h2>\n<p>&nbsp;<\/p>\n<p>&nbsp;<\/p>\n<p>&nbsp;<\/p>\n<h3>Sigma Blaze R\u00fccklicht<\/h3>\n<p><img decoding=\"async\" loading=\"lazy\" class=\"alignnone size-medium wp-image-31680\" src=\"https:\/\/www.fahrrad-xxl.de\/blog\/wp-content\/uploads\/2021\/08\/sigma_blaze_r\u00fccklicht-300x185.jpg\" alt=\"Sigma Blaze R\u00fccklicht\" width=\"300\" height=\"185\" srcset=\"https:\/\/www.fahrrad-xxl.de\/blog\/wp-content\/uploads\/2021\/08\/sigma_blaze_r\u00fccklicht-300x185.jpg 300w, https:\/\/www.fahrrad-xxl.de\/blog\/wp-content\/uploads\/2021\/08\/sigma_blaze_r\u00fccklicht-1024x631.jpg 1024w, https:\/\/www.fahrrad-xxl.de\/blog\/wp-content\/uploads\/2021\/08\/sigma_blaze_r\u00fccklicht-768x473.jpg 768w, https:\/\/www.fahrrad-xxl.de\/blog\/wp-content\/uploads\/2021\/08\/sigma_blaze_r\u00fccklicht.jpg 1119w\" sizes=\"(max-width: 300px) 100vw, 300px\" \/>[\/vc_column_text][vc_row_inner][vc_column_inner width=&#8220;1\/2&#8243;][vc_column_text css_animation=&#8220;none&#8220;]<\/p>\n<ul>\n<li><span style=\"color: #008000;\">Spritzwassergesch\u00fctzt nach <a href=\"https:\/\/de.wikipedia.org\/wiki\/Schutzart\">IPX 4<\/a><\/span><\/li>\n<li><span style=\"color: #008000;\">hochwertige Verarbeitung<\/span><\/li>\n<li><span style=\"color: #008000;\">Li-Ionen-Akku<\/span><\/li>\n<li>Leuchtdauer begrenzt auf ca. 7 Std.<\/li>\n<\/ul>\n<p>[\/vc_column_text][\/vc_column_inner][vc_column_inner width=&#8220;1\/2&#8243;][vc_column_text css_animation=&#8220;none&#8220;]<strong>Produktbewertung unserer Kunden:<\/strong><\/p>\n<div>\n<div><\/div>\n<div class=\"pvd-r__review-comment\"><strong>Pro:<\/strong><\/div>\n<div><\/div>\n<div class=\"pvd-r__review-comment\">Schnell geladen und einfach mit dem gelieferten Material ohne Werkzeug montiert. Schlankes Design, gute Leuchtkraft.Sehr gute Verarbeitungsqualit\u00e4t.<\/div>\n<p><strong>Contra:<\/strong><\/p>\n<p>H\u00e4tte mir noch ein Blinklicht gew\u00fcnscht.<\/p>\n<div class=\"pvd-r__review-comment\">\n<p><strong>Fazit:<\/strong><\/p>\n<\/div>\n<div class=\"pvd-r__review-comment\">Tolles Produkt was im Stra\u00dfenverkehr zur Sicherheit beitr\u00e4gt. Ich habe die Lampe am Rennrad montiert und f\u00fchle mich damit etwas sicherer.<\/div>\n<\/div>\n<div class=\"pvd-r__review-comment\">\n<p><em>von Lutz 11.08.2020<\/em><\/p>\n<\/div>\n<p>[\/vc_column_text][\/vc_column_inner][\/vc_row_inner]<a href=\"https:\/\/www.fahrrad-xxl.de\/fahrradzubehoer\/fahrradbeleuchtung\/marke.sigma\/?fxxlint=blog-fahrradbeleuchtung-test-cta-11\" target=\"_blank\" class=\"button button-appear custom large \" style=\"background-color: #a82323; border-color: #a82323;border-radius: 30px;\"><span>Jetzt g\u00fcnstig das Sigma Blaze R\u00fccklicht entdecken!<i class='fa fas fa-chevron-circle-right'><\/i><\/span><\/a><div class=\"newdivider align-center\" style=\"border-bottom-style: solid; border-color: #999999; border-bottom-width: 2px; margin-top: 20px; margin-bottom: 10px; width: 100%; \"><\/div><div class=\"clear\"><\/div>[\/vc_column][\/vc_row][vc_row bg_color=&#8220;#ffffff&#8220;][vc_column width=&#8220;1\/1&#8243;][vc_column_text css_animation=&#8220;none&#8220;]<\/p>\n<h3>Sigma Nugget II<\/h3>\n<p><img decoding=\"async\" loading=\"lazy\" class=\"alignnone size-medium wp-image-31681\" src=\"https:\/\/www.fahrrad-xxl.de\/blog\/wp-content\/uploads\/2021\/08\/sigma_nugget2-300x185.jpg\" alt=\"Sigma Nugget II R\u00fccklicht\" width=\"300\" height=\"185\" srcset=\"https:\/\/www.fahrrad-xxl.de\/blog\/wp-content\/uploads\/2021\/08\/sigma_nugget2-300x185.jpg 300w, https:\/\/www.fahrrad-xxl.de\/blog\/wp-content\/uploads\/2021\/08\/sigma_nugget2-1024x631.jpg 1024w, https:\/\/www.fahrrad-xxl.de\/blog\/wp-content\/uploads\/2021\/08\/sigma_nugget2-768x473.jpg 768w, https:\/\/www.fahrrad-xxl.de\/blog\/wp-content\/uploads\/2021\/08\/sigma_nugget2.jpg 1119w\" sizes=\"(max-width: 300px) 100vw, 300px\" \/>[\/vc_column_text][vc_row_inner][vc_column_inner width=&#8220;1\/2&#8243;][vc_column_text css_animation=&#8220;none&#8220;]<\/p>\n<ul>\n<li><span style=\"color: #008000;\">hochwertig Verarbeitet<\/span><\/li>\n<li><span style=\"color: #008000;\">einfache Montage<\/span><\/li>\n<li><span style=\"color: #008000;\">bis zu 400 Metern Sichtbarkeit<\/span><\/li>\n<li>nur 6 Std. Leuchtdauer und ohne Standlichtfunktion<\/li>\n<\/ul>\n<p>[\/vc_column_text][\/vc_column_inner][vc_column_inner width=&#8220;1\/2&#8243;][vc_column_text]Leider haben wir f\u00fcr dieses Produkt noch keine Bewertung in unserem Shop. Wenn du diese Fahrradbeleuchtung besitzt, kannst du gerne eine Bewertung hinterlassen, um deine Erfahrungen mit anderen zu teilen.[\/vc_column_text][\/vc_column_inner][\/vc_row_inner]<a href=\"https:\/\/www.fahrrad-xxl.de\/fahrradzubehoer\/fahrradbeleuchtung\/marke.sigma\/?fxxlint=blog-fahrradbeleuchtung-test-cta-12\" target=\"_blank\" class=\"button button-appear custom large \" style=\"background-color: #a82323; border-color: #a82323;border-radius: 30px;\"><span>Jetzt g\u00fcnstig das Sigma Nugget II R\u00fccklicht entdecken!<i class='fa fas fa-chevron-circle-right'><\/i><\/span><\/a><div class=\"newdivider align-center\" style=\"border-bottom-style: solid; border-color: #999999; border-bottom-width: 2px; margin-top: 20px; margin-bottom: 10px; width: 100%; \"><\/div><div class=\"clear\"><\/div>[\/vc_column][\/vc_row][vc_row bg_color=&#8220;#ffffff&#8220;][vc_column width=&#8220;1\/1&#8243;][vc_column_text css_animation=&#8220;none&#8220;]<\/p>\n<h3>Busch und M\u00fcller IXXI<\/h3>\n<p><img decoding=\"async\" loading=\"lazy\" class=\"alignnone size-medium wp-image-31682\" src=\"https:\/\/www.fahrrad-xxl.de\/blog\/wp-content\/uploads\/2021\/08\/busch_mueller_ixxl_r\u00fccklicht-300x185.jpg\" alt=\"Busch und M\u00fcller IXXI\" width=\"300\" height=\"185\" srcset=\"https:\/\/www.fahrrad-xxl.de\/blog\/wp-content\/uploads\/2021\/08\/busch_mueller_ixxl_r\u00fccklicht-300x185.jpg 300w, https:\/\/www.fahrrad-xxl.de\/blog\/wp-content\/uploads\/2021\/08\/busch_mueller_ixxl_r\u00fccklicht-1024x631.jpg 1024w, https:\/\/www.fahrrad-xxl.de\/blog\/wp-content\/uploads\/2021\/08\/busch_mueller_ixxl_r\u00fccklicht-768x473.jpg 768w, https:\/\/www.fahrrad-xxl.de\/blog\/wp-content\/uploads\/2021\/08\/busch_mueller_ixxl_r\u00fccklicht.jpg 1119w\" sizes=\"(max-width: 300px) 100vw, 300px\" \/>[\/vc_column_text][vc_row_inner][vc_column_inner width=&#8220;1\/2&#8243;][vc_column_text css_animation=&#8220;none&#8220;]<\/p>\n<ul>\n<li><span style=\"color: #008000;\">lange Leuchtdauer (ca. 15-28 Std. &#8211; \u00fcber Herstellerangabe!)<\/span><\/li>\n<li><span style=\"color: #008000;\">klein und leich<\/span><span style=\"color: #008000;\">t<\/span><\/li>\n<li><span style=\"color: #008000;\">Li-Ionen-Akku<\/span><\/li>\n<li>kein Schutz gegen versehentliches Einschalten<\/li>\n<\/ul>\n<p>[\/vc_column_text][\/vc_column_inner][vc_column_inner width=&#8220;1\/2&#8243;][vc_column_text]Leider haben wir f\u00fcr dieses Produkt noch keine Bewertung in unserem Shop. Wenn du diese Fahrradbeleuchtung besitzt, kannst du gerne eine Bewertung hinterlassen, um deine Erfahrungen mit anderen zu teilen.[\/vc_column_text][\/vc_column_inner][\/vc_row_inner]<a href=\"https:\/\/www.fahrrad-xxl.de\/fahrradzubehoer\/fahrradbeleuchtung\/marke.busch-und-mueller\/?fxxlint=blog-fahrradbeleuchtung-test-cta-12\" target=\"_blank\" class=\"button button-appear custom large \" style=\"background-color: #a82323; border-color: #a82323;border-radius: 30px;\"><span>Jetzt g\u00fcnstig das Busch und M\u00fcller IXXI R\u00fccklicht entdecken!<i class='fa fas fa-chevron-circle-right'><\/i><\/span><\/a><div class=\"newdivider align-center\" style=\"border-bottom-style: solid; border-color: #999999; border-bottom-width: 2px; margin-top: 20px; margin-bottom: 10px; width: 100%; \"><\/div><div class=\"clear\"><\/div>[\/vc_column][\/vc_row][vc_row][vc_column width=&#8220;1\/1&#8243;]<div class=\"divider divider1\" style='margin:60px 0 60px 0 !important;'><\/div>[vc_column_text]<\/p>\n<h2><span class=\"ez-toc-section\" id=\"entdecke-auch-unsere-fahrradbeleuchtung-themenwelt\"><\/span>Entdecke auch unsere Fahrradbeleuchtung Themenwelt:<span class=\"ez-toc-section-end\"><\/span><\/h2>\n<p>[\/vc_column_text][\/vc_column][\/vc_row][vc_row][vc_column width=&#8220;1\/2&#8243;][vc_column_text]<\/p>\n<h3>Fahrradzubeh\u00f6r Beratung<\/h3>\n<p><img decoding=\"async\" loading=\"lazy\" class=\"alignnone size-medium wp-image-31606\" src=\"https:\/\/www.fahrrad-xxl.de\/blog\/wp-content\/uploads\/2021\/07\/fahrradhelm_slider-300x86.jpg\" alt=\"Fahrradhelm Slider\" width=\"300\" height=\"86\" srcset=\"https:\/\/www.fahrrad-xxl.de\/blog\/wp-content\/uploads\/2021\/07\/fahrradhelm_slider-300x86.jpg 300w, https:\/\/www.fahrrad-xxl.de\/blog\/wp-content\/uploads\/2021\/07\/fahrradhelm_slider-1024x293.jpg 1024w, https:\/\/www.fahrrad-xxl.de\/blog\/wp-content\/uploads\/2021\/07\/fahrradhelm_slider-768x220.jpg 768w, https:\/\/www.fahrrad-xxl.de\/blog\/wp-content\/uploads\/2021\/07\/fahrradhelm_slider-1536x440.jpg 1536w, https:\/\/www.fahrrad-xxl.de\/blog\/wp-content\/uploads\/2021\/07\/fahrradhelm_slider.jpg 1920w\" sizes=\"(max-width: 300px) 100vw, 300px\" \/><\/p>\n<p>Wenn du dir noch unsicher bist, welches Fahrradzubeh\u00f6r du ben\u00f6tigst, bist du in unserer <a href=\"https:\/\/www.fahrrad-xxl.de\/beratung\/zubehoer\/\">Fahrradzubeh\u00f6r-Beratung<\/a> genau richtig aufgehoben. Hier findest du heraus, welches Zubeh\u00f6r f\u00fcr deine Anforderungen das Richtige ist.[\/vc_column_text][\/vc_column][vc_column width=&#8220;1\/2&#8243;][vc_column_text]<\/p>\n<h3>Fahrradbeleuchtung Ratgeber<\/h3>\n<p><img decoding=\"async\" loading=\"lazy\" class=\"alignnone size-medium wp-image-31703\" src=\"https:\/\/www.fahrrad-xxl.de\/blog\/wp-content\/uploads\/2021\/08\/fahrradbeleuchtung_beratung_banner-300x86.jpg\" alt=\"Fahrradbeleuchtung Banner\" width=\"300\" height=\"86\" srcset=\"https:\/\/www.fahrrad-xxl.de\/blog\/wp-content\/uploads\/2021\/08\/fahrradbeleuchtung_beratung_banner-300x86.jpg 300w, https:\/\/www.fahrrad-xxl.de\/blog\/wp-content\/uploads\/2021\/08\/fahrradbeleuchtung_beratung_banner-1024x293.jpg 1024w, https:\/\/www.fahrrad-xxl.de\/blog\/wp-content\/uploads\/2021\/08\/fahrradbeleuchtung_beratung_banner-768x220.jpg 768w, https:\/\/www.fahrrad-xxl.de\/blog\/wp-content\/uploads\/2021\/08\/fahrradbeleuchtung_beratung_banner-1536x440.jpg 1536w, https:\/\/www.fahrrad-xxl.de\/blog\/wp-content\/uploads\/2021\/08\/fahrradbeleuchtung_beratung_banner.jpg 1920w\" sizes=\"(max-width: 300px) 100vw, 300px\" \/><\/p>\n<p>Du schaust gerade nach einem neuen Bike oder hast bereits eins und dir fehlt noch die passende Beleuchtung? Alle Fragen und wichtigen Informationen, die du zum Kauf ben\u00f6tigst findest du in unserem Ratgeber. Schau dir die <a href=\"https:\/\/www.fahrrad-xxl.de\/beratung\/zubehoer\/welche-fahrradbeleuchtung\/\">Fahrradbeleuchtung Beratung<\/a> auf unserer Website an.[\/vc_column_text][\/vc_column][vc_column][vc_column_text]<\/p>\n<h2><span class=\"ez-toc-section\" id=\"unsere-fahrradbeleuchtung-im-sortiment\"><\/span>Unsere Fahrradbeleuchtung im Sortiment:<span class=\"ez-toc-section-end\"><\/span><\/h2>\n<p>[\/vc_column_text][vc_column_text]Alle <a href=\"https:\/\/www.fahrrad-xxl.de\/fahrradzubehoer\/fahrradbeleuchtung\/\">Fahrradbeleuchtungen<\/a> im \u00dcberblick:<\/p>\n<ul>\n<li><a href=\"https:\/\/www.fahrrad-xxl.de\/fahrradzubehoer\/fahrradbeleuchtung\/beleuchtungsset\/\">Fahrrad Beleuchtungssets<\/a><\/li>\n<li><a href=\"https:\/\/www.fahrrad-xxl.de\/fahrradzubehoer\/fahrradbeleuchtung\/frontlicht\/\">Fahrrad Frontlichter<\/a><\/li>\n<li><a href=\"https:\/\/www.fahrrad-xxl.de\/fahrradzubehoer\/fahrradbeleuchtung\/ruecklicht\/\">Fahrrad R\u00fccklichter<\/a><\/li>\n<\/ul>\n<p>[\/vc_column_text][vc_column_text]<\/p>\n<h3>Die getesteten Fahrradlichter Marken im Shop:<\/h3>\n<p>[\/vc_column_text][\/vc_column][\/vc_row][vc_row][vc_column width=&#8220;1\/2&#8243;][vc_column_text]<img decoding=\"async\" loading=\"lazy\" class=\"alignnone size-full wp-image-31693\" src=\"https:\/\/www.fahrrad-xxl.de\/blog\/wp-content\/uploads\/2021\/08\/busch_und_mueller_logo.png\" alt=\"Busch und M\u00fcller Logo\" width=\"290\" height=\"174\" \/><\/p>\n<p><a href=\"https:\/\/www.fahrrad-xxl.de\/fahrradzubehoer\/fahrradbeleuchtung\/marke.busch-und-mueller\/\">Busch und M\u00fcller Fahrradlicht<\/a>[\/vc_column_text]<div class=\"newdivider align-center\" style=\"border-bottom-style: solid; border-color: #999999; border-bottom-width: 2px; margin-top: 20px; margin-bottom: 10px; width: 100%; \"><\/div><div class=\"clear\"><\/div>[vc_column_text]<img decoding=\"async\" loading=\"lazy\" class=\"alignnone size-full wp-image-31695\" src=\"https:\/\/www.fahrrad-xxl.de\/blog\/wp-content\/uploads\/2021\/08\/sigma_logo.png\" alt=\"Sigma Logo\" width=\"300\" height=\"168\" \/><\/p>\n<p><a href=\"https:\/\/www.fahrrad-xxl.de\/fahrradzubehoer\/fahrradbeleuchtung\/marke.sigma\/\">Sigma Fahrradlicht<\/a>[\/vc_column_text]<div class=\"newdivider align-center\" style=\"border-bottom-style: solid; border-color: #999999; border-bottom-width: 2px; margin-top: 20px; margin-bottom: 10px; width: 100%; \"><\/div><div class=\"clear\"><\/div>[vc_column_text]<img decoding=\"async\" loading=\"lazy\" class=\"alignnone size-medium wp-image-31698\" src=\"https:\/\/www.fahrrad-xxl.de\/blog\/wp-content\/uploads\/2021\/08\/vdo_logo-300x128.jpg\" alt=\"VDO Logo\" width=\"300\" height=\"128\" srcset=\"https:\/\/www.fahrrad-xxl.de\/blog\/wp-content\/uploads\/2021\/08\/vdo_logo-300x128.jpg 300w, https:\/\/www.fahrrad-xxl.de\/blog\/wp-content\/uploads\/2021\/08\/vdo_logo.jpg 344w\" sizes=\"(max-width: 300px) 100vw, 300px\" \/><\/p>\n<p><a href=\"https:\/\/www.fahrrad-xxl.de\/fahrradzubehoer\/fahrradbeleuchtung\/marke.vdo\/\">VDO Fahrradlicht<\/a>[\/vc_column_text]<div class=\"newdivider align-center\" style=\"border-bottom-style: solid; border-color: #999999; border-bottom-width: 2px; margin-top: 20px; margin-bottom: 10px; width: 100%; \"><\/div><div class=\"clear\"><\/div>[\/vc_column][vc_column width=&#8220;1\/2&#8243;][vc_column_text]<img decoding=\"async\" loading=\"lazy\" class=\"alignnone size-full wp-image-31694\" src=\"https:\/\/www.fahrrad-xxl.de\/blog\/wp-content\/uploads\/2021\/08\/lezyne_logo.png\" alt=\"Lezyne Logo\" width=\"279\" height=\"180\" \/><\/p>\n<p><a href=\"https:\/\/www.fahrrad-xxl.de\/fahrradzubehoer\/fahrradbeleuchtung\/marke.lezyne\/\">Lezyne Fahrradlicht<\/a>[\/vc_column_text]<div class=\"newdivider align-center\" style=\"border-bottom-style: solid; border-color: #999999; border-bottom-width: 2px; margin-top: 20px; margin-bottom: 10px; width: 100%; \"><\/div><div class=\"clear\"><\/div>[vc_column_text]<img decoding=\"async\" loading=\"lazy\" class=\"alignnone size-medium wp-image-31696\" src=\"https:\/\/www.fahrrad-xxl.de\/blog\/wp-content\/uploads\/2021\/08\/supernova_logo-300x41.png\" alt=\"Supernova Logo\" width=\"300\" height=\"41\" srcset=\"https:\/\/www.fahrrad-xxl.de\/blog\/wp-content\/uploads\/2021\/08\/supernova_logo-300x41.png 300w, https:\/\/www.fahrrad-xxl.de\/blog\/wp-content\/uploads\/2021\/08\/supernova_logo.png 600w\" sizes=\"(max-width: 300px) 100vw, 300px\" \/><\/p>\n<p><a href=\"https:\/\/www.fahrrad-xxl.de\/fahrradzubehoer\/fahrradbeleuchtung\/marke.supernova\/\">Supernova Fahrradlicht<\/a>[\/vc_column_text]<div class=\"newdivider align-center\" style=\"border-bottom-style: solid; border-color: #999999; border-bottom-width: 2px; margin-top: 20px; margin-bottom: 10px; width: 100%; \"><\/div><div class=\"clear\"><\/div>[vc_column_text]<img decoding=\"async\" loading=\"lazy\" class=\"alignnone size-full wp-image-31697\" src=\"https:\/\/www.fahrrad-xxl.de\/blog\/wp-content\/uploads\/2021\/08\/trelock_logo.png\" alt=\"Trelock Logo\" width=\"301\" height=\"167\" \/><\/p>\n<p><a href=\"https:\/\/www.fahrrad-xxl.de\/fahrradzubehoer\/fahrradbeleuchtung\/marke.trelock\/\">Trelock Fahrradlicht<\/a>[\/vc_column_text]<div class=\"newdivider align-center\" style=\"border-bottom-style: solid; border-color: #999999; border-bottom-width: 2px; margin-top: 20px; margin-bottom: 10px; width: 100%; \"><\/div><div class=\"clear\"><\/div>[\/vc_column][\/vc_row][vc_row][vc_column width=&#8220;1\/1&#8243;][vc_column_text]<\/p>\n<h2><span class=\"ez-toc-section\" id=\"haeufige-fragen-im-zusammenhang-mit-dem-kauf-einer-fahrradbeleuchtung\"><\/span>H\u00e4ufige Fragen im Zusammenhang mit dem Kauf einer Fahrradbeleuchtung:<span class=\"ez-toc-section-end\"><\/span><\/h2>\n<p>[\/vc_column_text][vc_column_text]<\/p>\n<h3>Lux und Lumen &#8211; was sagen mir die Werte \u00fcber die Fahrradbeleuchtung?<\/h3>\n<p><strong>Lux &#8211;\u00a0<\/strong>beschreibt die St\u00e4rke der Beleuchtung auf einer bestimmten Fl\u00e4che. Oft wird hierf\u00fcr eine 10 Meter entfernte Wand bestrahlt. Es wird also gemessen, wie viel Licht auf einer bestimmten Fl\u00e4che auftrifft. Eine Objektivere Betrachtung erm\u00f6glicht die Einheit Lumen.<\/p>\n<p><strong>Lumen<\/strong> &#8211; beschreibt den Lichtstrom, den ein Fahrradlicht abgibt. Je h\u00f6her der angegebene Lumen-Wert, desto heller also das Fahrradlicht.<\/p>\n<p>Weitere Informationen zu Lux, Lumen, Lichtst\u00e4rke, Lichtkegel und mehr findest du auf unserer Beratungsseite.[\/vc_column_text][vc_column_text]<\/p>\n<h3>Erforderliche Fahrradbeleuchtung nach der StVZO<\/h3>\n<p>In der StvZO werden s\u00e4mtliche Anforderungen an eine korrekte Fahrradbeleuchtung geregelt. Darin ist zum Beispiel aufgef\u00fchrt, welche Beleuchtungen und Reflektoren verpflichtend anzubringen sind. Eine \u00dcbersicht \u00fcber diese Regeln findest du in unserer extra daf\u00fcr angelegten Beratungsseite.[\/vc_column_text][vc_column_text]<\/p>\n<h3>Unterschied zwischen Halogen- und LED Fahrradlicht<\/h3>\n<p>LED-Strahler haben eine deutlich l\u00e4ngere Lebensdauer und einen deutlich h\u00f6heren Wirkungsgrad als Halogen-Lichter. Dazu kann eine LED-Beleuchtung oftmals noch in verschiedenen Modi reguliert werden, somit setzt du deine Energie den Gegebenheiten entsprechend effizient ein. Generell \u00fcberwiegen also die Vorteile der LED-Beleuchtung und der im Vergleich erh\u00f6hte Preis zum Halogen-Fahrradlicht zahlt sich aus.[\/vc_column_text][\/vc_column][\/vc_row][vc_row][vc_column width=&#8220;1\/1&#8243;][vc_column_text]<\/p>\n<h2><span class=\"ez-toc-section\" id=\"videos-die-dir-hilfreiches-wissen-rund-um-die-fahrradbeleuchtung-vermitteln\"><\/span>Videos, die dir hilfreiches Wissen rund um die Fahrradbeleuchtung vermitteln:<span class=\"ez-toc-section-end\"><\/span><\/h2>\n<p>[\/vc_column_text][vc_column_text]<\/p>\n<h3>Fahrradbeleuchtungen getestet vom ADAC &#8211; Testverfahren, Testkriterien &amp; mehr:<\/h3>\n<p>[\/vc_column_text]<div class=\"video-embed  wpb_content_element\"><div class=\"BorlabsCookie _brlbs-cb-youtube\"><div class=\"_brlbs-content-blocker\"> <div class=\"_brlbs-embed _brlbs-video-youtube\"> <img class=\"_brlbs-thumbnail\" src=\"https:\/\/www.fahrrad-xxl.de\/blog\/wp-content\/plugins\/borlabs-cookie\/assets\/images\/cb-no-thumbnail.png\" alt=\"YouTube\"> <div class=\"_brlbs-caption\"> <p>Mit dem Laden des Videos akzeptieren Sie die Datenschutzerkl\u00e4rung von YouTube.<br><a href=\"https:\/\/policies.google.com\/privacy\" target=\"_blank\" rel=\"nofollow noopener noreferrer\">Mehr erfahren<\/a><\/p> <p><a class=\"_brlbs-btn _brlbs-icon-play-white\" href=\"#\" data-borlabs-cookie-unblock role=\"button\">Video laden<\/a><\/p> <p><label><input type=\"checkbox\" name=\"unblockAll\" value=\"1\" checked> <small>YouTube immer entsperren<\/small><\/label><\/p> <\/div> <\/div> <\/div><div class=\"borlabs-hide\" data-borlabs-cookie-type=\"content-blocker\" data-borlabs-cookie-id=\"youtube\"><script type=\"text\/template\">PGlmcmFtZSB0aXRsZT0iRmFocnJhZGJlbGV1Y2h0dW5nIGltIFRlc3QgSSBBREFDIDIwMTgiIHdpZHRoPSIxMTYxIiBoZWlnaHQ9IjY1MyIgc3JjPSJodHRwczovL3d3dy55b3V0dWJlLW5vY29va2llLmNvbS9lbWJlZC9EV2JOVUVTNVFCbz9mZWF0dXJlPW9lbWJlZCIgZnJhbWVib3JkZXI9IjAiIGFsbG93PSJhY2NlbGVyb21ldGVyOyBhdXRvcGxheTsgY2xpcGJvYXJkLXdyaXRlOyBlbmNyeXB0ZWQtbWVkaWE7IGd5cm9zY29wZTsgcGljdHVyZS1pbi1waWN0dXJlOyB3ZWItc2hhcmUiIHJlZmVycmVycG9saWN5PSJzdHJpY3Qtb3JpZ2luLXdoZW4tY3Jvc3Mtb3JpZ2luIiBhbGxvd2Z1bGxzY3JlZW4+PC9pZnJhbWU+<\/script><\/div><\/div><\/div><div class=\"newdivider align-center\" style=\"border-bottom-style: solid; border-color: #999999; border-bottom-width: 2px; margin-top: 20px; margin-bottom: 10px; width: 100%; \"><\/div><div class=\"clear\"><\/div>[vc_column_text]<\/p>\n<h3>Fahrradbeleuchtung- und Reflektoren bei Nacht &#8211; so bist du sicher unterwegs und wirst nicht \u00fcbersehen:<\/h3>\n<p>[\/vc_column_text]<div class=\"video-embed  wpb_content_element\"><div class=\"BorlabsCookie _brlbs-cb-youtube\"><div class=\"_brlbs-content-blocker\"> <div class=\"_brlbs-embed _brlbs-video-youtube\"> <img class=\"_brlbs-thumbnail\" src=\"https:\/\/www.fahrrad-xxl.de\/blog\/wp-content\/plugins\/borlabs-cookie\/assets\/images\/cb-no-thumbnail.png\" alt=\"YouTube\"> <div class=\"_brlbs-caption\"> <p>Mit dem Laden des Videos akzeptieren Sie die Datenschutzerkl\u00e4rung von YouTube.<br><a href=\"https:\/\/policies.google.com\/privacy\" target=\"_blank\" rel=\"nofollow noopener noreferrer\">Mehr erfahren<\/a><\/p> <p><a class=\"_brlbs-btn _brlbs-icon-play-white\" href=\"#\" data-borlabs-cookie-unblock role=\"button\">Video laden<\/a><\/p> <p><label><input type=\"checkbox\" name=\"unblockAll\" value=\"1\" checked> <small>YouTube immer entsperren<\/small><\/label><\/p> <\/div> <\/div> <\/div><div class=\"borlabs-hide\" data-borlabs-cookie-type=\"content-blocker\" data-borlabs-cookie-id=\"youtube\"><script type=\"text\/template\">PGlmcmFtZSB0aXRsZT0iRmFocnJhZGJlbGV1Y2h0dW5nOiBTdFZaTy1Wb3JnYWJlbiB1bmQgVGlwcHMiIHdpZHRoPSIxMTYxIiBoZWlnaHQ9IjY1MyIgc3JjPSJodHRwczovL3d3dy55b3V0dWJlLW5vY29va2llLmNvbS9lbWJlZC9udV9PMHZnNUFTOD9mZWF0dXJlPW9lbWJlZCIgZnJhbWVib3JkZXI9IjAiIGFsbG93PSJhY2NlbGVyb21ldGVyOyBhdXRvcGxheTsgY2xpcGJvYXJkLXdyaXRlOyBlbmNyeXB0ZWQtbWVkaWE7IGd5cm9zY29wZTsgcGljdHVyZS1pbi1waWN0dXJlOyB3ZWItc2hhcmUiIHJlZmVycmVycG9saWN5PSJzdHJpY3Qtb3JpZ2luLXdoZW4tY3Jvc3Mtb3JpZ2luIiBhbGxvd2Z1bGxzY3JlZW4+PC9pZnJhbWU+<\/script><\/div><\/div><\/div>[\/vc_column][\/vc_row][vc_row][vc_column width=&#8220;1\/1&#8243;][vc_column_text]<\/p>\n<h3>Ausf\u00fchrliche Beratung zur Fahrradbeleuchtung<\/h3>\n<p>Eine Fahrradbeleuchtung ist speziell f\u00fcr den Stra\u00dfenverkehr unerl\u00e4sslich. Besonders in dunkleren Jahreszeiten ist es wichtig, gut gesehen zu werden und gleichzeitig auch gut zu sehen. Doch was muss ich bei der Wahl meiner Fahrradbeleuchtung beachten? Wir haben f\u00fcr dich verschiedene Beratungsthemen aufbereitet:<\/p>\n<ul>\n<li><a href=\"https:\/\/www.fahrrad-xxl.de\/beratung\/zubehoer\/welche-fahrradbeleuchtung\/\" target=\"_blank\" rel=\"noopener noreferrer\">Welche Fahrradbeleuchtung?<\/a><\/li>\n<li><a href=\"https:\/\/www.fahrrad-xxl.de\/beratung\/zubehoer\/fahrradlicht-am-kinderfahrrad\/\" target=\"_blank\" rel=\"noopener noreferrer\">Welche Kinderfahrrad Beleuchtung?<\/a><\/li>\n<li><a href=\"https:\/\/www.fahrrad-xxl.de\/beratung\/zubehoer\/stvzo-fahrradbeleuchtung\/\" target=\"_blank\" rel=\"noopener noreferrer\">StVZO konforme Fahrradbeleuchtung<\/a><\/li>\n<li><a href=\"https:\/\/www.fahrrad-xxl.de\/beratung\/zubehoer\/lichtstaerke-fahrradbeleuchtung\/\" target=\"_blank\" rel=\"noopener noreferrer\">Lux, Lumen und Volt &#8211; Helligkeit des Fahrradlichts<\/a><\/li>\n<\/ul>\n<p>[\/vc_column_text][\/vc_column][\/vc_row]<\/p>\n\n\n<div class=\"kk-star-ratings kksr-auto kksr-align-left kksr-valign-bottom\"\n    data-payload='{&quot;align&quot;:&quot;left&quot;,&quot;id&quot;:&quot;31664&quot;,&quot;slug&quot;:&quot;default&quot;,&quot;valign&quot;:&quot;bottom&quot;,&quot;ignore&quot;:&quot;&quot;,&quot;reference&quot;:&quot;auto&quot;,&quot;class&quot;:&quot;&quot;,&quot;count&quot;:&quot;1&quot;,&quot;legendonly&quot;:&quot;&quot;,&quot;readonly&quot;:&quot;&quot;,&quot;score&quot;:&quot;1&quot;,&quot;best&quot;:&quot;5&quot;,&quot;gap&quot;:&quot;5&quot;,&quot;greet&quot;:&quot;Rate this post&quot;,&quot;legend&quot;:&quot;1\\\/5 - (1 vote)&quot;,&quot;size&quot;:&quot;22&quot;,&quot;width&quot;:&quot;24.5&quot;,&quot;_legend&quot;:&quot;{score}\\\/{best} - ({count} {votes})&quot;,&quot;font_factor&quot;:&quot;1.25&quot;}'>\n            \n<div class=\"kksr-stars\">\n    \n<div class=\"kksr-stars-inactive\">\n            <div class=\"kksr-star\" data-star=\"1\" style=\"padding-right: 5px\">\n            \n\n<div class=\"kksr-icon\" style=\"width: 22px; height: 22px;\"><\/div>\n        <\/div>\n            <div class=\"kksr-star\" data-star=\"2\" style=\"padding-right: 5px\">\n            \n\n<div class=\"kksr-icon\" style=\"width: 22px; height: 22px;\"><\/div>\n        <\/div>\n            <div class=\"kksr-star\" data-star=\"3\" style=\"padding-right: 5px\">\n            \n\n<div class=\"kksr-icon\" style=\"width: 22px; height: 22px;\"><\/div>\n        <\/div>\n            <div class=\"kksr-star\" data-star=\"4\" style=\"padding-right: 5px\">\n            \n\n<div class=\"kksr-icon\" style=\"width: 22px; height: 22px;\"><\/div>\n        <\/div>\n            <div class=\"kksr-star\" data-star=\"5\" style=\"padding-right: 5px\">\n            \n\n<div class=\"kksr-icon\" style=\"width: 22px; height: 22px;\"><\/div>\n        <\/div>\n    <\/div>\n    \n<div class=\"kksr-stars-active\" style=\"width: 24.5px;\">\n            <div class=\"kksr-star\" style=\"padding-right: 5px\">\n            \n\n<div class=\"kksr-icon\" style=\"width: 22px; height: 22px;\"><\/div>\n        <\/div>\n            <div class=\"kksr-star\" style=\"padding-right: 5px\">\n            \n\n<div class=\"kksr-icon\" style=\"width: 22px; height: 22px;\"><\/div>\n        <\/div>\n            <div class=\"kksr-star\" style=\"padding-right: 5px\">\n            \n\n<div class=\"kksr-icon\" style=\"width: 22px; height: 22px;\"><\/div>\n        <\/div>\n            <div class=\"kksr-star\" style=\"padding-right: 5px\">\n            \n\n<div class=\"kksr-icon\" style=\"width: 22px; height: 22px;\"><\/div>\n        <\/div>\n            <div class=\"kksr-star\" style=\"padding-right: 5px\">\n            \n\n<div class=\"kksr-icon\" style=\"width: 22px; height: 22px;\"><\/div>\n        <\/div>\n    <\/div>\n<\/div>\n        \n\n<div class=\"kksr-legend\" style=\"font-size: 17.6px;\">\n            1\/5 - (1 vote)    <\/div>\n<\/div>\n<\/section>","protected":false},"excerpt":{"rendered":"<p>[vc_row][vc_column width=&#8220;1\/1&#8243;][vc_row_inner][vc_column_inner][vc_column_text] Spitzenplatzierungen f\u00fcr Sigma und Trelock Besonders Fahrradbeleuchtungen von Sigma und Trelock konnten in den verschiedenen Tests \u00fcberzeugen. Sigma bietet verschiedene Beleuchtungskombinationen an die dazu in der Leuchtkraft frei w\u00e4hlbar sind. Mit den verschiedenen Lichtmodi kann damit jeder Wunsch von 15 Lux bis 80 Lux erf\u00fcllt werden. Die Montage ist bei Sigma gewohnt einfach und erfordert nur wenige Minuten wenn nicht sogar Sekunden. Sie sind zudem allesamt hochwertig verarbeitet. Lediglich die Leuchtdauer ist ausbauf\u00e4hig. Trelock konnte ebenfalls mit einer hervorragenden Verarbeitung und vielen Auswahlm\u00f6glichkeiten Punkten. Die Montage verl\u00e4uft auch hier vorbildlich einfach. Von g\u00fcnstig bis teuer, von weniger hell bis leuchtstark ist hier alles dabei. Die einfache Handhabung unterstreicht dabei den Charakter der Trelock Fahrradlichter. Dar\u00fcber hinaus bieten viele der Trelock Beleuchtungen eine Ladestandanzeige. Doch nicht nur Sigma und Trelock konnten in den Testergebnissen \u00fcberzeugen. Andere Anbieter wie Lezyne, Busch &amp; M\u00fcller und Supernova bieten ebenfalls gute Fahrradlichter f\u00fcr Tag- und Nacht. Alle Ergebnisse findest du in dieser Fahrradlicht Test Zusammenstellung. &nbsp; Diese Verfahren und Kriterien stehen hinter den Testergebnissen Bei den getesteten Fahrradbeleuchtungen haben besonders diese Kriterien zu den Bewertungen beigetragen: Verarbeitung Wie ist die Beleuchtung Verarbeitet? Wirkt diese nur hochwertig oder ist sie es auch? Au\u00dferdem spielt [&hellip;]<\/p>\n","protected":false},"author":16,"featured_media":31667,"comment_status":"open","ping_status":"open","sticky":false,"template":"","format":"standard","meta":[],"categories":[42],"tags":[],"yoast_head":"<!-- This site is optimized with the Yoast SEO plugin v19.10 - https:\/\/yoast.com\/wordpress\/plugins\/seo\/ -->\n<title>Fahrradbeleuchtung Test &amp; Vergleich 2021: Kauftipps, Testsieger &amp; mehr - Fahrrad XXL Blog<\/title>\n<meta name=\"description\" content=\"Fahrradbeleuchtung im Test \u2705 Alle Arten von Beleuchtungen getestet\u2705 Finde deine passende Beleuchtung im Test-\u00dcberblick \u27a4 Entdecke Testsieger, Highlights, Kauftipps und mehr\" \/>\n<meta name=\"robots\" content=\"index, follow, max-snippet:-1, max-image-preview:large, max-video-preview:-1\" \/>\n<link rel=\"canonical\" href=\"https:\/\/www.fahrrad-xxl.de\/blog\/fahrradbeleuchtungen-im-test\/\" \/>\n<meta property=\"og:locale\" content=\"de_DE\" \/>\n<meta property=\"og:type\" content=\"article\" \/>\n<meta property=\"og:title\" content=\"Fahrradbeleuchtung Test &amp; Vergleich 2021: Kauftipps, Testsieger &amp; mehr - Fahrrad XXL Blog\" \/>\n<meta property=\"og:description\" content=\"Fahrradbeleuchtung im Test \u2705 Alle Arten von Beleuchtungen getestet\u2705 Finde deine passende Beleuchtung im Test-\u00dcberblick \u27a4 Entdecke Testsieger, Highlights, Kauftipps und mehr\" \/>\n<meta property=\"og:url\" content=\"https:\/\/www.fahrrad-xxl.de\/blog\/fahrradbeleuchtungen-im-test\/\" \/>\n<meta property=\"og:site_name\" content=\"Fahrrad XXL Blog\" \/>\n<meta property=\"article:publisher\" content=\"https:\/\/www.facebook.com\/FahrradXXL\" \/>\n<meta property=\"article:published_time\" content=\"2021-08-17T14:40:18+00:00\" \/>\n<meta property=\"article:modified_time\" content=\"2021-08-31T11:51:37+00:00\" \/>\n<meta property=\"og:image\" content=\"https:\/\/www.fahrrad-xxl.de\/blog\/wp-content\/uploads\/2021\/08\/Fahhradbeleuchtung-im-Test.jpg\" \/>\n\t<meta property=\"og:image:width\" content=\"2100\" \/>\n\t<meta property=\"og:image:height\" content=\"1400\" \/>\n\t<meta property=\"og:image:type\" content=\"image\/jpeg\" \/>\n<meta name=\"author\" content=\"Noel Freund\" \/>\n<meta name=\"twitter:card\" content=\"summary_large_image\" \/>\n<meta name=\"twitter:label1\" content=\"Verfasst von\" \/>\n\t<meta name=\"twitter:data1\" content=\"Noel Freund\" \/>\n\t<meta name=\"twitter:label2\" content=\"Gesch\u00e4tzte Lesezeit\" \/>\n\t<meta name=\"twitter:data2\" content=\"19\u00a0Minuten\" \/>\n<script type=\"application\/ld+json\" class=\"yoast-schema-graph\">{\"@context\":\"https:\/\/schema.org\",\"@graph\":[{\"@type\":\"Article\",\"@id\":\"https:\/\/www.fahrrad-xxl.de\/blog\/fahrradbeleuchtungen-im-test\/#article\",\"isPartOf\":{\"@id\":\"https:\/\/www.fahrrad-xxl.de\/blog\/fahrradbeleuchtungen-im-test\/\"},\"author\":{\"name\":\"Noel Freund\",\"@id\":\"https:\/\/www.fahrrad-xxl.de\/blog\/#\/schema\/person\/791fb9574a32e7f786b0366769de5158\"},\"headline\":\"Fahrradbeleuchtung Test &#038; Vergleich 2021: Kauftipps, Testsieger &#038; mehr\",\"datePublished\":\"2021-08-17T14:40:18+00:00\",\"dateModified\":\"2021-08-31T11:51:37+00:00\",\"mainEntityOfPage\":{\"@id\":\"https:\/\/www.fahrrad-xxl.de\/blog\/fahrradbeleuchtungen-im-test\/\"},\"wordCount\":3874,\"commentCount\":1,\"publisher\":{\"@id\":\"https:\/\/www.fahrrad-xxl.de\/blog\/#organization\"},\"articleSection\":[\"Produkttests\"],\"inLanguage\":\"de\",\"potentialAction\":[{\"@type\":\"CommentAction\",\"name\":\"Comment\",\"target\":[\"https:\/\/www.fahrrad-xxl.de\/blog\/fahrradbeleuchtungen-im-test\/#respond\"]}]},{\"@type\":\"WebPage\",\"@id\":\"https:\/\/www.fahrrad-xxl.de\/blog\/fahrradbeleuchtungen-im-test\/\",\"url\":\"https:\/\/www.fahrrad-xxl.de\/blog\/fahrradbeleuchtungen-im-test\/\",\"name\":\"Fahrradbeleuchtung Test & Vergleich 2021: Kauftipps, Testsieger & mehr - Fahrrad XXL Blog\",\"isPartOf\":{\"@id\":\"https:\/\/www.fahrrad-xxl.de\/blog\/#website\"},\"datePublished\":\"2021-08-17T14:40:18+00:00\",\"dateModified\":\"2021-08-31T11:51:37+00:00\",\"description\":\"Fahrradbeleuchtung im Test \u2705 Alle Arten von Beleuchtungen getestet\u2705 Finde deine passende Beleuchtung im Test-\u00dcberblick \u27a4 Entdecke Testsieger, Highlights, Kauftipps und mehr\",\"breadcrumb\":{\"@id\":\"https:\/\/www.fahrrad-xxl.de\/blog\/fahrradbeleuchtungen-im-test\/#breadcrumb\"},\"inLanguage\":\"de\",\"potentialAction\":[{\"@type\":\"ReadAction\",\"target\":[\"https:\/\/www.fahrrad-xxl.de\/blog\/fahrradbeleuchtungen-im-test\/\"]}]},{\"@type\":\"BreadcrumbList\",\"@id\":\"https:\/\/www.fahrrad-xxl.de\/blog\/fahrradbeleuchtungen-im-test\/#breadcrumb\",\"itemListElement\":[{\"@type\":\"ListItem\",\"position\":1,\"name\":\"Startseite\",\"item\":\"https:\/\/www.fahrrad-xxl.de\/blog\/\"},{\"@type\":\"ListItem\",\"position\":2,\"name\":\"Fahrradbeleuchtung Test &#038; Vergleich 2021: Kauftipps, Testsieger &#038; mehr\"}]},{\"@type\":\"WebSite\",\"@id\":\"https:\/\/www.fahrrad-xxl.de\/blog\/#website\",\"url\":\"https:\/\/www.fahrrad-xxl.de\/blog\/\",\"name\":\"Fahrrad XXL Blog\",\"description\":\"Erleben | Testen | Losfahren\",\"publisher\":{\"@id\":\"https:\/\/www.fahrrad-xxl.de\/blog\/#organization\"},\"potentialAction\":[{\"@type\":\"SearchAction\",\"target\":{\"@type\":\"EntryPoint\",\"urlTemplate\":\"https:\/\/www.fahrrad-xxl.de\/blog\/?s={search_term_string}\"},\"query-input\":\"required name=search_term_string\"}],\"inLanguage\":\"de\"},{\"@type\":\"Organization\",\"@id\":\"https:\/\/www.fahrrad-xxl.de\/blog\/#organization\",\"name\":\"Fahrrad XXL\",\"url\":\"https:\/\/www.fahrrad-xxl.de\/blog\/\",\"logo\":{\"@type\":\"ImageObject\",\"inLanguage\":\"de\",\"@id\":\"https:\/\/www.fahrrad-xxl.de\/blog\/#\/schema\/logo\/image\/\",\"url\":\"https:\/\/www.fahrrad-xxl.de\/blog\/wp-content\/uploads\/2018\/03\/FXXL-Blog-Logo-100-c.png\",\"contentUrl\":\"https:\/\/www.fahrrad-xxl.de\/blog\/wp-content\/uploads\/2018\/03\/FXXL-Blog-Logo-100-c.png\",\"width\":450,\"height\":100,\"caption\":\"Fahrrad XXL\"},\"image\":{\"@id\":\"https:\/\/www.fahrrad-xxl.de\/blog\/#\/schema\/logo\/image\/\"},\"sameAs\":[\"https:\/\/www.instagram.com\/fahrradxxl\",\"https:\/\/www.youtube.com\/user\/FahrradXXLde\",\"https:\/\/www.tiktok.com\/@fahrrad_xxl\",\"https:\/\/www.facebook.com\/FahrradXXL\"]},{\"@type\":\"Person\",\"@id\":\"https:\/\/www.fahrrad-xxl.de\/blog\/#\/schema\/person\/791fb9574a32e7f786b0366769de5158\",\"name\":\"Noel Freund\",\"description\":\"Radrevier sind die sch\u00f6nen Weinberge in Rheinhessen, da kann man sch\u00f6ne Radtouren machen. Ansonsten bin ich in der City unterwegs.\",\"url\":\"https:\/\/www.fahrrad-xxl.de\/blog\/author\/noel\/\"}]}<\/script>\n<!-- \/ Yoast SEO plugin. -->","yoast_head_json":{"title":"Fahrradbeleuchtung Test & Vergleich 2021: Kauftipps, Testsieger & mehr - Fahrrad XXL Blog","description":"Fahrradbeleuchtung im Test \u2705 Alle Arten von Beleuchtungen getestet\u2705 Finde deine passende Beleuchtung im Test-\u00dcberblick \u27a4 Entdecke Testsieger, Highlights, Kauftipps und mehr","robots":{"index":"index","follow":"follow","max-snippet":"max-snippet:-1","max-image-preview":"max-image-preview:large","max-video-preview":"max-video-preview:-1"},"canonical":"https:\/\/www.fahrrad-xxl.de\/blog\/fahrradbeleuchtungen-im-test\/","og_locale":"de_DE","og_type":"article","og_title":"Fahrradbeleuchtung Test & Vergleich 2021: Kauftipps, Testsieger & mehr - Fahrrad XXL Blog","og_description":"Fahrradbeleuchtung im Test \u2705 Alle Arten von Beleuchtungen getestet\u2705 Finde deine passende Beleuchtung im Test-\u00dcberblick \u27a4 Entdecke Testsieger, Highlights, Kauftipps und mehr","og_url":"https:\/\/www.fahrrad-xxl.de\/blog\/fahrradbeleuchtungen-im-test\/","og_site_name":"Fahrrad XXL Blog","article_publisher":"https:\/\/www.facebook.com\/FahrradXXL","article_published_time":"2021-08-17T14:40:18+00:00","article_modified_time":"2021-08-31T11:51:37+00:00","og_image":[{"width":2100,"height":1400,"url":"https:\/\/www.fahrrad-xxl.de\/blog\/wp-content\/uploads\/2021\/08\/Fahhradbeleuchtung-im-Test.jpg","type":"image\/jpeg"}],"author":"Noel Freund","twitter_card":"summary_large_image","twitter_misc":{"Verfasst von":"Noel Freund","Gesch\u00e4tzte Lesezeit":"19\u00a0Minuten"},"schema":{"@context":"https:\/\/schema.org","@graph":[{"@type":"Article","@id":"https:\/\/www.fahrrad-xxl.de\/blog\/fahrradbeleuchtungen-im-test\/#article","isPartOf":{"@id":"https:\/\/www.fahrrad-xxl.de\/blog\/fahrradbeleuchtungen-im-test\/"},"author":{"name":"Noel Freund","@id":"https:\/\/www.fahrrad-xxl.de\/blog\/#\/schema\/person\/791fb9574a32e7f786b0366769de5158"},"headline":"Fahrradbeleuchtung Test &#038; Vergleich 2021: Kauftipps, Testsieger &#038; mehr","datePublished":"2021-08-17T14:40:18+00:00","dateModified":"2021-08-31T11:51:37+00:00","mainEntityOfPage":{"@id":"https:\/\/www.fahrrad-xxl.de\/blog\/fahrradbeleuchtungen-im-test\/"},"wordCount":3874,"commentCount":1,"publisher":{"@id":"https:\/\/www.fahrrad-xxl.de\/blog\/#organization"},"articleSection":["Produkttests"],"inLanguage":"de","potentialAction":[{"@type":"CommentAction","name":"Comment","target":["https:\/\/www.fahrrad-xxl.de\/blog\/fahrradbeleuchtungen-im-test\/#respond"]}]},{"@type":"WebPage","@id":"https:\/\/www.fahrrad-xxl.de\/blog\/fahrradbeleuchtungen-im-test\/","url":"https:\/\/www.fahrrad-xxl.de\/blog\/fahrradbeleuchtungen-im-test\/","name":"Fahrradbeleuchtung Test & Vergleich 2021: Kauftipps, Testsieger & mehr - Fahrrad XXL Blog","isPartOf":{"@id":"https:\/\/www.fahrrad-xxl.de\/blog\/#website"},"datePublished":"2021-08-17T14:40:18+00:00","dateModified":"2021-08-31T11:51:37+00:00","description":"Fahrradbeleuchtung im Test \u2705 Alle Arten von Beleuchtungen getestet\u2705 Finde deine passende Beleuchtung im Test-\u00dcberblick \u27a4 Entdecke Testsieger, Highlights, Kauftipps und mehr","breadcrumb":{"@id":"https:\/\/www.fahrrad-xxl.de\/blog\/fahrradbeleuchtungen-im-test\/#breadcrumb"},"inLanguage":"de","potentialAction":[{"@type":"ReadAction","target":["https:\/\/www.fahrrad-xxl.de\/blog\/fahrradbeleuchtungen-im-test\/"]}]},{"@type":"BreadcrumbList","@id":"https:\/\/www.fahrrad-xxl.de\/blog\/fahrradbeleuchtungen-im-test\/#breadcrumb","itemListElement":[{"@type":"ListItem","position":1,"name":"Startseite","item":"https:\/\/www.fahrrad-xxl.de\/blog\/"},{"@type":"ListItem","position":2,"name":"Fahrradbeleuchtung Test &#038; Vergleich 2021: Kauftipps, Testsieger &#038; mehr"}]},{"@type":"WebSite","@id":"https:\/\/www.fahrrad-xxl.de\/blog\/#website","url":"https:\/\/www.fahrrad-xxl.de\/blog\/","name":"Fahrrad XXL Blog","description":"Erleben | Testen | Losfahren","publisher":{"@id":"https:\/\/www.fahrrad-xxl.de\/blog\/#organization"},"potentialAction":[{"@type":"SearchAction","target":{"@type":"EntryPoint","urlTemplate":"https:\/\/www.fahrrad-xxl.de\/blog\/?s={search_term_string}"},"query-input":"required name=search_term_string"}],"inLanguage":"de"},{"@type":"Organization","@id":"https:\/\/www.fahrrad-xxl.de\/blog\/#organization","name":"Fahrrad XXL","url":"https:\/\/www.fahrrad-xxl.de\/blog\/","logo":{"@type":"ImageObject","inLanguage":"de","@id":"https:\/\/www.fahrrad-xxl.de\/blog\/#\/schema\/logo\/image\/","url":"https:\/\/www.fahrrad-xxl.de\/blog\/wp-content\/uploads\/2018\/03\/FXXL-Blog-Logo-100-c.png","contentUrl":"https:\/\/www.fahrrad-xxl.de\/blog\/wp-content\/uploads\/2018\/03\/FXXL-Blog-Logo-100-c.png","width":450,"height":100,"caption":"Fahrrad XXL"},"image":{"@id":"https:\/\/www.fahrrad-xxl.de\/blog\/#\/schema\/logo\/image\/"},"sameAs":["https:\/\/www.instagram.com\/fahrradxxl","https:\/\/www.youtube.com\/user\/FahrradXXLde","https:\/\/www.tiktok.com\/@fahrrad_xxl","https:\/\/www.facebook.com\/FahrradXXL"]},{"@type":"Person","@id":"https:\/\/www.fahrrad-xxl.de\/blog\/#\/schema\/person\/791fb9574a32e7f786b0366769de5158","name":"Noel Freund","description":"Radrevier sind die sch\u00f6nen Weinberge in Rheinhessen, da kann man sch\u00f6ne Radtouren machen. Ansonsten bin ich in der City unterwegs.","url":"https:\/\/www.fahrrad-xxl.de\/blog\/author\/noel\/"}]}},"_links":{"self":[{"href":"https:\/\/www.fahrrad-xxl.de\/blog\/wp-json\/wp\/v2\/posts\/31664"}],"collection":[{"href":"https:\/\/www.fahrrad-xxl.de\/blog\/wp-json\/wp\/v2\/posts"}],"about":[{"href":"https:\/\/www.fahrrad-xxl.de\/blog\/wp-json\/wp\/v2\/types\/post"}],"author":[{"embeddable":true,"href":"https:\/\/www.fahrrad-xxl.de\/blog\/wp-json\/wp\/v2\/users\/16"}],"replies":[{"embeddable":true,"href":"https:\/\/www.fahrrad-xxl.de\/blog\/wp-json\/wp\/v2\/comments?post=31664"}],"version-history":[{"count":2,"href":"https:\/\/www.fahrrad-xxl.de\/blog\/wp-json\/wp\/v2\/posts\/31664\/revisions"}],"predecessor-version":[{"id":31726,"href":"https:\/\/www.fahrrad-xxl.de\/blog\/wp-json\/wp\/v2\/posts\/31664\/revisions\/31726"}],"wp:featuredmedia":[{"embeddable":true,"href":"https:\/\/www.fahrrad-xxl.de\/blog\/wp-json\/wp\/v2\/media\/31667"}],"wp:attachment":[{"href":"https:\/\/www.fahrrad-xxl.de\/blog\/wp-json\/wp\/v2\/media?parent=31664"}],"wp:term":[{"taxonomy":"category","embeddable":true,"href":"https:\/\/www.fahrrad-xxl.de\/blog\/wp-json\/wp\/v2\/categories?post=31664"},{"taxonomy":"post_tag","embeddable":true,"href":"https:\/\/www.fahrrad-xxl.de\/blog\/wp-json\/wp\/v2\/tags?post=31664"}],"curies":[{"name":"wp","href":"https:\/\/api.w.org\/{rel}","templated":true}]}}