{"id":33200,"date":"2023-03-27T14:52:11","date_gmt":"2023-03-27T12:52:11","guid":{"rendered":"https:\/\/www.fahrrad-xxl.de\/blog\/?p=33200"},"modified":"2023-03-28T10:59:09","modified_gmt":"2023-03-28T08:59:09","slug":"scott-neuheiten","status":"publish","type":"post","link":"https:\/\/www.fahrrad-xxl.de\/blog\/scott-neuheiten\/","title":{"rendered":"Scott Neuheiten 2023: Genius, Foil und das neue Lumen eRide"},"content":{"rendered":"<section class=\"wpb-content-wrapper\"><p>[vc_row][vc_column][vc_column_text]<\/p>\n<p style=\"text-align: left;\">Von All Mountain-Allroundern \u00fcber spritzige Aero-Renner bis hin zu echten Power-E-MTBs \u2013 Scott bietet 2023 eine riesige Auswahl an Neuheiten und echten Bike-Highlights. Dabei \u00fcberzeugen die aktuellen Fahrr\u00e4der in diesem Modelljahr mit neuen Innovationen, verbesserten Geometrien und auff\u00e4lligen Designs, die sich sehen lassen k\u00f6nnen. Lese hier, worauf du dich bei Scott 2023 freuen kannst und mit welchen MTBs, E-Rennern und Gravlern du deine n\u00e4chste Tour planen kannst.<\/p>\n<p>[\/vc_column_text][\/vc_column][vc_column width=&#8220;1\/1&#8243;][vc_column_text]<\/p>\n<h2><span class=\"ez-toc-section\" id=\"scott-bikes-2023-neuheiten-und-highlights\"><\/span><span class=\"TextRun SCXW192394599 BCX8\" lang=\"DE-DE\" xml:lang=\"DE-DE\" data-contrast=\"none\"><span class=\"NormalTextRun SCXW192394599 BCX8\" data-ccp-parastyle=\"heading 2\">Scott Bikes 2023: Neuheiten und Highlights<\/span><span class=\"NormalTextRun SCXW192394599 BCX8\" data-ccp-parastyle=\"heading 2\">\u00a0<\/span><\/span><span class=\"EOP SCXW192394599 BCX8\" data-ccp-props=\"{&quot;134245418&quot;:true,&quot;134245529&quot;:true,&quot;201341983&quot;:0,&quot;335559738&quot;:40,&quot;335559739&quot;:0,&quot;335559740&quot;:259}\">\u00a0<\/span><span class=\"ez-toc-section-end\"><\/span><\/h2>\n<ul>\n<li><span data-contrast=\"auto\">Scott Foil RC Aero-Renner mit angepasster Geometrie und neuartiger Sattelst\u00fctze<\/span><span data-ccp-props=\"{&quot;201341983&quot;:0,&quot;335559739&quot;:160,&quot;335559740&quot;:259}\">\u00a0<\/span><\/li>\n<li><span data-contrast=\"auto\">Mit dem Genius 2023 updated Scott sein Kult All Mountain<\/span><span data-ccp-props=\"{&quot;201341983&quot;:0,&quot;335559739&quot;:160,&quot;335559740&quot;:259}\">\u00a0<\/span><\/li>\n<li><span data-contrast=\"auto\">Highlight beim Scott Genius ist der versteckte D\u00e4mpfer im Sitzrohr<\/span><span data-ccp-props=\"{&quot;201341983&quot;:0,&quot;335559739&quot;:160,&quot;335559740&quot;:259}\">\u00a0<\/span><\/li>\n<li><span data-contrast=\"auto\">MTB-Hardtail Scott Scale RC kommt mit gro\u00dfer Modellauswahl<\/span><span data-ccp-props=\"{&quot;201341983&quot;:0,&quot;335559739&quot;:160,&quot;335559740&quot;:259}\">\u00a0<\/span><\/li>\n<li><span data-contrast=\"auto\">Scott Spark ST \u00fcberzeugt dank Federung und D\u00e4mpfer am Trail<\/span><span data-ccp-props=\"{&quot;201341983&quot;:0,&quot;335559739&quot;:160,&quot;335559740&quot;:259}\">\u00a0<\/span><\/li>\n<li><span data-contrast=\"auto\">Das Bike f\u00fcr dein n\u00e4chstes Abenteuer &#8211; Scott Addict Gravel 30<\/span><span data-ccp-props=\"{&quot;201341983&quot;:0,&quot;335559739&quot;:160,&quot;335559740&quot;:259}\">\u00a0<\/span><\/li>\n<\/ul>\n<p>[\/vc_column_text][\/vc_column][vc_column]<div class=\"single_image wpb_content_element align-left    \" data-animation=\"none\" data-delay=\"0\"><img width=\"1200\" height=\"800\" src=\"https:\/\/www.fahrrad-xxl.de\/blog\/wp-content\/uploads\/2023\/03\/Scott-Neuheiten-2023-Actionbild.jpg\" class=\"attachment-full\" alt=\"Scott Neuheiten 2023: Genius, Foil und das neue Lumen eRide\" decoding=\"async\" loading=\"lazy\" title=\"Scott Neuheiten 2023: Genius, Foil und das neue Lumen eRide\" srcset=\"https:\/\/www.fahrrad-xxl.de\/blog\/wp-content\/uploads\/2023\/03\/Scott-Neuheiten-2023-Actionbild.jpg 1200w, https:\/\/www.fahrrad-xxl.de\/blog\/wp-content\/uploads\/2023\/03\/Scott-Neuheiten-2023-Actionbild-300x200.jpg 300w, https:\/\/www.fahrrad-xxl.de\/blog\/wp-content\/uploads\/2023\/03\/Scott-Neuheiten-2023-Actionbild-1024x683.jpg 1024w, https:\/\/www.fahrrad-xxl.de\/blog\/wp-content\/uploads\/2023\/03\/Scott-Neuheiten-2023-Actionbild-768x512.jpg 768w, https:\/\/www.fahrrad-xxl.de\/blog\/wp-content\/uploads\/2023\/03\/Scott-Neuheiten-2023-Actionbild-600x400.jpg 600w\" sizes=\"(max-width: 1200px) 100vw, 1200px\" \/><\/div>[\/vc_column][\/vc_row][vc_row][vc_column width=&#8220;1\/4&#8243;][\/vc_column][vc_column width=&#8220;1\/2&#8243;]<a href=\"https:\/\/www.fahrrad-xxl.de\/marken\/scott\/saison.2023\/\" target=\"_blank\" class=\"button button-appear custom large \" style=\"background-color: #a82323; border-color: #a82323;border-radius: 30px;\"><span>Entdecke unsere Scott Bikes 2023<i class='fa fas fa-chevron-circle-right'><\/i><\/span><\/a>[vc_column_text][\/vc_column_text]<div class=\"spacer\" style=\"height: 40px;\"><\/div>[\/vc_column][vc_column width=&#8220;1\/4&#8243;][\/vc_column][\/vc_row][vc_row][vc_column][vc_column_text]<\/p>\n<h2><span class=\"ez-toc-section\" id=\"scott-foil-rc-2023\"><\/span>Scott Foil RC 2023<span class=\"ez-toc-section-end\"><\/span><\/h2>\n<p>[\/vc_column_text][\/vc_column][vc_column width=&#8220;1\/1&#8243;][vc_column_text]<\/p>\n<div id=\"attachment_33214\" style=\"width: 1829px\" class=\"wp-caption aligncenter\"><a href=\"https:\/\/www.fahrrad-xxl.de\/scott-foil-rc-30-m000066605\"><img aria-describedby=\"caption-attachment-33214\" decoding=\"async\" loading=\"lazy\" class=\"wp-image-33214 size-full\" src=\"https:\/\/www.fahrrad-xxl.de\/blog\/wp-content\/uploads\/2023\/03\/Scott-Foil-RC-30-2023-e1679922043936.jpg\" alt=\"Scott Foil RC 30 - 2023\" width=\"1819\" height=\"1065\" srcset=\"https:\/\/www.fahrrad-xxl.de\/blog\/wp-content\/uploads\/2023\/03\/Scott-Foil-RC-30-2023-e1679922043936.jpg 1819w, https:\/\/www.fahrrad-xxl.de\/blog\/wp-content\/uploads\/2023\/03\/Scott-Foil-RC-30-2023-e1679922043936-300x176.jpg 300w, https:\/\/www.fahrrad-xxl.de\/blog\/wp-content\/uploads\/2023\/03\/Scott-Foil-RC-30-2023-e1679922043936-1024x600.jpg 1024w, https:\/\/www.fahrrad-xxl.de\/blog\/wp-content\/uploads\/2023\/03\/Scott-Foil-RC-30-2023-e1679922043936-768x450.jpg 768w, https:\/\/www.fahrrad-xxl.de\/blog\/wp-content\/uploads\/2023\/03\/Scott-Foil-RC-30-2023-e1679922043936-1536x899.jpg 1536w\" sizes=\"(max-width: 1819px) 100vw, 1819px\" \/><\/a><p id=\"caption-attachment-33214\" class=\"wp-caption-text\">Scott Foil RC 30 &#8211; 2023<\/p><\/div>\n<p><span data-contrast=\"auto\">Geschwindigkeit und Gewicht &#8211; sind die beiden entscheidenden Faktoren, auf die es bei einem Aero-Rennrad ankommt. Um so eine Rennmaschine von Saison zu Saison noch schneller zu machen, m\u00fcssen die Ingenieure meist Nuancen ver\u00e4ndern: So auch beim neuen Scott Foil 2023. Daf\u00fcr wurde das Bike ausgiebig im Windkanal getestet und einige Modifikationen vorgenommen. So ist das Unterrohr schmaler und die Sitzstreben leicht nach innen gedreht. Dadurch wird die Luft auf die Speichen des Hinterrades gelenkt, was einen weiteren aerodynamischen Vorteil bringt.\u00a0<\/span><span data-ccp-props=\"{&quot;201341983&quot;:0,&quot;335559739&quot;:160,&quot;335559740&quot;:259}\">\u00a0<\/span><\/p>\n<p><span data-contrast=\"auto\">Neben den genannten Kriterien soll das Scott Foil RC 2023 auch in Sachen Komfort \u00fcberzeugen. Dies gelingt den Schweizern mit einer neuartigen Sattelst\u00fctze, die \u00fcber eine gro\u00dfe Aussparung mit Kunststoffabdeckung verf\u00fcgt. Dadurch wird der tragende Teil der Sattelst\u00fctze schmaler und flexibler, wodurch Unebenheiten w\u00e4hrend der Fahrt gekonnt abgefedert werden. Als besonderen Clou bietet Scott eine Abdeckung mit integriertem R\u00fccklicht an, die du alternativ zu der Standardabdeckung nutzen kannst.\u00a0<\/span><span data-ccp-props=\"{&quot;201341983&quot;:0,&quot;335559739&quot;:160,&quot;335559740&quot;:259}\">\u00a0<\/span><\/p>\n<p><span data-contrast=\"auto\">Das<a href=\"https:\/\/www.fahrrad-xxl.de\/serie\/scott-foil\/saison.2023\/\"> Scott Foil RC 2023<\/a> gibt es in verschiedenen Ausstattungsvarianten, wobei bereits das Einstiegsmodell mit einer elektronischen Schaltung ausgestattet ist. Damit ist der Aero-Renner ein echtes Top-Bike, das neben der Aerodynamik auch mit Komfort \u00fcberzeugt &#8211; was bei einem Bike dieser Art bisher nicht allt\u00e4glich ist.<\/span><span data-ccp-props=\"{&quot;201341983&quot;:0,&quot;335559739&quot;:160,&quot;335559740&quot;:259}\">\u00a0<\/span>[\/vc_column_text][\/vc_column][\/vc_row][vc_row][vc_column width=&#8220;1\/6&#8243;][\/vc_column][vc_column width=&#8220;2\/3&#8243;]<a href=\"https:\/\/www.fahrrad-xxl.de\/serie\/scott-foil\/saison.2023\/\" target=\"_self\" class=\"button button-appear custom large \" style=\"background-color: #a82323; border-color: #a82323;border-radius: 30px;\"><span>Entdecke unsere Scott Foil RC Modelle 2023<i class='fa fas fa-chevron-circle-right'><\/i><\/span><\/a><div class=\"spacer\" style=\"height: 40px;\"><\/div>[\/vc_column][vc_column width=&#8220;1\/6&#8243;][\/vc_column][\/vc_row][vc_row][vc_column width=&#8220;1\/1&#8243;][vc_column_text]<\/p>\n<h2><span class=\"ez-toc-section\" id=\"scott-genius-2023\"><\/span>Scott Genius 2023<span class=\"ez-toc-section-end\"><\/span><\/h2>\n<p>[\/vc_column_text][vc_column_text]<\/p>\n<div id=\"attachment_33215\" style=\"width: 1675px\" class=\"wp-caption aligncenter\"><a href=\"https:\/\/www.fahrrad-xxl.de\/scott-genius-910-m000066611\"><img aria-describedby=\"caption-attachment-33215\" decoding=\"async\" loading=\"lazy\" class=\"wp-image-33215 size-full\" src=\"https:\/\/www.fahrrad-xxl.de\/blog\/wp-content\/uploads\/2023\/03\/Scott-Genius-920-2023-e1679922085647.jpg\" alt=\"Scott Genius 920 - 2023\" width=\"1665\" height=\"1012\" srcset=\"https:\/\/www.fahrrad-xxl.de\/blog\/wp-content\/uploads\/2023\/03\/Scott-Genius-920-2023-e1679922085647.jpg 1665w, https:\/\/www.fahrrad-xxl.de\/blog\/wp-content\/uploads\/2023\/03\/Scott-Genius-920-2023-e1679922085647-300x182.jpg 300w, https:\/\/www.fahrrad-xxl.de\/blog\/wp-content\/uploads\/2023\/03\/Scott-Genius-920-2023-e1679922085647-1024x622.jpg 1024w, https:\/\/www.fahrrad-xxl.de\/blog\/wp-content\/uploads\/2023\/03\/Scott-Genius-920-2023-e1679922085647-768x467.jpg 768w, https:\/\/www.fahrrad-xxl.de\/blog\/wp-content\/uploads\/2023\/03\/Scott-Genius-920-2023-e1679922085647-1536x934.jpg 1536w\" sizes=\"(max-width: 1665px) 100vw, 1665px\" \/><\/a><p id=\"caption-attachment-33215\" class=\"wp-caption-text\">Scott Genius 920 &#8211; 2023<\/p><\/div>\n<p><span data-contrast=\"auto\">Das neue Scott Genius ist der Eyecatcher der Saison 2023. So bringt der Schweizer Hersteller sein kultiges All Mountain Bike in dieser Saison auf den neuesten Stand der Technik: Systemintegration, neue Geometrie und ein im Sitzrohr versteckter D\u00e4mpfer, den jeder MTB-Profi bereits vom Spark aus dem Modelljahr 2021 kennt. Dieser sorgt daf\u00fcr, dass das Fahrwerk weiter nach unten wandert und die Fahrsicherheit auch bei hohen Geschwindigkeiten erhalten bleibt. Zudem verlangt der integrierte D\u00e4mpfer weniger Wartungsaufwand, da er besser vor Wasser und Schmutz gesch\u00fctzt ist.<\/span><span data-ccp-props=\"{&quot;201341983&quot;:0,&quot;335559739&quot;:160,&quot;335559740&quot;:259}\">\u00a0<\/span><\/p>\n<p><span data-contrast=\"auto\">Mit 150 Millimetern Federweg am Heck und 160 Millimetern an der Gabel brilliert das All Mountain im Gel\u00e4nde. Damit der Fahrer auch auf anspruchsvollen Trails stets die Kontrolle \u00fcber das Bike beh\u00e4lt, hat Scott das Bike l\u00e4nger und flacher gemacht. Der Sitzwinkel f\u00e4llt hingegen steiler aus, was wiederum die Steifigkeit des Genius erh\u00f6ht. Abgerundet wird das Modell mit einem Twinloc-Hebel zur Fahrwerkssteuerung, der das Fahrerlebnis noch angenehmer macht.<\/span><span data-ccp-props=\"{&quot;201341983&quot;:0,&quot;335559739&quot;:160,&quot;335559740&quot;:259}\">\u00a0<\/span><\/p>\n<p><span data-contrast=\"auto\">Das <a href=\"https:\/\/www.fahrrad-xxl.de\/serie\/scott-genius\/saison.2023\/\">Scott Genius 2023<\/a> ist ein wahres Cham\u00e4leon und besticht durch seine breite Produktpalette. So gibt es neben den klassischen Genius-900-Modellen auch die abfahrtsst\u00e4rkeren ST-Modelle \u2013 beide wiederum in Carbon- und Aluminium-Ausf\u00fchrung. Und auch in der Praxis \u00fcberzeugt das Bike durch seine Vielf\u00e4ltigkeit: Ob technische Trails, ausdauernde Touren oder kurze Anstiege \u2013 das Scott Genius 2023 ist ein echter Allesk\u00f6nner.<\/span><span data-ccp-props=\"{&quot;201341983&quot;:0,&quot;335559739&quot;:160,&quot;335559740&quot;:259}\">\u00a0<\/span>[\/vc_column_text][\/vc_column][\/vc_row][vc_row][vc_column width=&#8220;1\/6&#8243;][\/vc_column][vc_column width=&#8220;2\/3&#8243;]<a href=\"https:\/\/www.fahrrad-xxl.de\/serie\/scott-genius\/saison.2023\/\" target=\"_self\" class=\"button button-appear custom large \" style=\"background-color: #a82323; border-color: #a82323;border-radius: 30px;\"><span>Entdecke unsere Scott Genius 2023 Modelle<i class='fa fas fa-chevron-circle-right'><\/i><\/span><\/a><div class=\"spacer\" style=\"height: 40px;\"><\/div>[\/vc_column][vc_column width=&#8220;1\/6&#8243;][\/vc_column][\/vc_row][vc_row][vc_column width=&#8220;1\/1&#8243;][vc_column_text]<\/p>\n<h2><span class=\"ez-toc-section\" id=\"scott-scale-rc-2023\"><\/span>Scott Scale RC 2023<span class=\"ez-toc-section-end\"><\/span><\/h2>\n<p>[\/vc_column_text][vc_column_text]<\/p>\n<div id=\"attachment_33216\" style=\"width: 2570px\" class=\"wp-caption aligncenter\"><img aria-describedby=\"caption-attachment-33216\" decoding=\"async\" loading=\"lazy\" class=\"wp-image-33216 size-full\" src=\"https:\/\/www.fahrrad-xxl.de\/blog\/wp-content\/uploads\/2023\/03\/Scott-Scale-RC-2023-scaled.jpg\" alt=\"Scott Scale RC 2023\" width=\"2560\" height=\"1476\" srcset=\"https:\/\/www.fahrrad-xxl.de\/blog\/wp-content\/uploads\/2023\/03\/Scott-Scale-RC-2023-scaled.jpg 2560w, https:\/\/www.fahrrad-xxl.de\/blog\/wp-content\/uploads\/2023\/03\/Scott-Scale-RC-2023-300x173.jpg 300w, https:\/\/www.fahrrad-xxl.de\/blog\/wp-content\/uploads\/2023\/03\/Scott-Scale-RC-2023-1024x590.jpg 1024w, https:\/\/www.fahrrad-xxl.de\/blog\/wp-content\/uploads\/2023\/03\/Scott-Scale-RC-2023-768x443.jpg 768w, https:\/\/www.fahrrad-xxl.de\/blog\/wp-content\/uploads\/2023\/03\/Scott-Scale-RC-2023-1536x886.jpg 1536w, https:\/\/www.fahrrad-xxl.de\/blog\/wp-content\/uploads\/2023\/03\/Scott-Scale-RC-2023-2048x1181.jpg 2048w\" sizes=\"(max-width: 2560px) 100vw, 2560px\" \/><p id=\"caption-attachment-33216\" class=\"wp-caption-text\">Scott Scale RC 2023<\/p><\/div>\n<p><span data-contrast=\"auto\">Scott legt 2023 seinen Hardtail-Klassiker Scale neu auf und bietet gleich 20 neue Modelle f\u00fcr jeden Geldbeutel \u2013 darunter f\u00fcnf Carbon-Bikes. Auf den ersten Blicken unterscheiden sich die Rahmen nicht, wohl aber in der Qualit\u00e4t der verarbeiteten Carbonfasern. Das macht sich sowohl im Rahmengewicht als auch im Preis der Scale-Varianten bemerkbar. So ist das g\u00fcnstigste Carbon-Modell bereits f\u00fcr 2099 Euro (UVP) zu haben, w\u00e4hrend das diesj\u00e4hrige Topmodell mit 14.000 Euro (UVP) zu Buche schl\u00e4gt. Die Aluminium-Variante startet bei 1199 Euro (UVP).<\/span><span data-ccp-props=\"{&quot;201341983&quot;:0,&quot;335559739&quot;:160,&quot;335559740&quot;:259}\">\u00a0<\/span><\/p>\n<p><span data-contrast=\"auto\">Um ihr Race-Hardtail in Sachen Leichtbau und Steifigkeit weiter zu optimieren, haben die Schweizer das Gesamtgewicht des Scale weiter nach unten geschraubt. Dies gelang den Ingenieuren zum einen durch Systemintegration, zum anderen dadurch, dass der Rahmen des neuen Scale RC nur noch aus drei statt f\u00fcnf Teilen besteht. Zudem hat Scott beim Scale RC Oberrohr, Sitzrohr und Sitzstreben verschlankt.\u00a0\u00a0<\/span><span data-ccp-props=\"{&quot;201341983&quot;:0,&quot;335559739&quot;:160,&quot;335559740&quot;:259}\">\u00a0<\/span><\/p>\n<p><span data-contrast=\"auto\">Was bei all den Optimierungen nat\u00fcrlich nicht zu kurz kam: der Komfort. So wurden Carbon-Layup und Rahmenform beim <a href=\"https:\/\/www.fahrrad-xxl.de\/serie\/scott-scale\/saison.2023\/\">Scott Scale 2023<\/a> so \u00fcberarbeitet, dass der Fahrer dank der d\u00e4mpfenden Eigenschaften nicht mehr so schnell erm\u00fcdet &#8211; ein wichtiger Aspekt bei einem schnellen Race-Hardtail.<\/span><span data-ccp-props=\"{&quot;201341983&quot;:0,&quot;335559739&quot;:160,&quot;335559740&quot;:259}\">\u00a0<\/span>[\/vc_column_text][\/vc_column][\/vc_row][vc_row][vc_column width=&#8220;1\/6&#8243;][\/vc_column][vc_column width=&#8220;2\/3&#8243;]<a href=\"https:\/\/www.fahrrad-xxl.de\/serie\/scott-scale\/saison.2023\/\" target=\"_self\" class=\"button button-appear custom large \" style=\"background-color: #a82323; border-color: #a82323;border-radius: 30px;\"><span>Entdecke unsere Scott Scale 2023 Modelle<i class='fa fas fa-chevron-circle-right'><\/i><\/span><\/a><div class=\"spacer\" style=\"height: 40px;\"><\/div>[\/vc_column][vc_column width=&#8220;1\/6&#8243;][\/vc_column][\/vc_row][vc_row][vc_column width=&#8220;1\/1&#8243;][vc_column_text]<\/p>\n<h2><span class=\"ez-toc-section\" id=\"scott-spark-st-2023\"><\/span>Scott Spark ST 2023<span class=\"ez-toc-section-end\"><\/span><\/h2>\n<p>[\/vc_column_text][vc_column_text]<\/p>\n<div id=\"attachment_33221\" style=\"width: 2570px\" class=\"wp-caption aligncenter\"><img aria-describedby=\"caption-attachment-33221\" decoding=\"async\" loading=\"lazy\" class=\"wp-image-33221 size-full\" src=\"https:\/\/www.fahrrad-xxl.de\/blog\/wp-content\/uploads\/2023\/03\/Scott-Spark-ST-900-2023-scaled.jpg\" alt=\"Scott Spark ST 900 - 2023\" width=\"2560\" height=\"1504\" srcset=\"https:\/\/www.fahrrad-xxl.de\/blog\/wp-content\/uploads\/2023\/03\/Scott-Spark-ST-900-2023-scaled.jpg 2560w, https:\/\/www.fahrrad-xxl.de\/blog\/wp-content\/uploads\/2023\/03\/Scott-Spark-ST-900-2023-300x176.jpg 300w, https:\/\/www.fahrrad-xxl.de\/blog\/wp-content\/uploads\/2023\/03\/Scott-Spark-ST-900-2023-1024x602.jpg 1024w, https:\/\/www.fahrrad-xxl.de\/blog\/wp-content\/uploads\/2023\/03\/Scott-Spark-ST-900-2023-768x451.jpg 768w, https:\/\/www.fahrrad-xxl.de\/blog\/wp-content\/uploads\/2023\/03\/Scott-Spark-ST-900-2023-1536x902.jpg 1536w, https:\/\/www.fahrrad-xxl.de\/blog\/wp-content\/uploads\/2023\/03\/Scott-Spark-ST-900-2023-2048x1203.jpg 2048w\" sizes=\"(max-width: 2560px) 100vw, 2560px\" \/><p id=\"caption-attachment-33221\" class=\"wp-caption-text\">Scott Spark ST 900 &#8211; 2023<\/p><\/div>\n<p><span data-contrast=\"auto\">Beim Scott Spark ST 2023 ist der Name Programm: ST steht f\u00fcr Super Trail und genau f\u00fcr diesen Einsatzzweck ist das Spark genau das richtige Bike. Mit 140 mm Federweg garantiert es maximalen Fahrspa\u00df auch bergab. Dazu spendieren die Schweizer dem MTB einen FOX Float X D\u00e4mpfer und Maxxis Dissector Reifen, die im Gel\u00e4nde eine richtig gute Figur machen. Die Pike-Gabel l\u00e4sst sich ganz einfach an der Gabelkrone einstellen.\u00a0<\/span><span data-ccp-props=\"{&quot;201341983&quot;:0,&quot;335559739&quot;:160,&quot;335559740&quot;:259}\">\u00a0<\/span><\/p>\n<p><span data-contrast=\"auto\">Ein weiteres Highlight des neuen Spark ST ist die Aussparung im Tretlagerbereich, in der ein Fox Float X Nude mit Ausgleichsbeh\u00e4lter Platz findet. Abgerundet wird das Trail-Paket durch eine Teleskop-Sattelst\u00fctze. Seinen sportlichen und cleanen Look verdankt das MTB der Innenverlegung der Z\u00fcge und der aufregenden neuen Lackierung in Gelb und Grau.\u00a0<\/span><span data-ccp-props=\"{&quot;201341983&quot;:0,&quot;335559739&quot;:160,&quot;335559740&quot;:259}\">\u00a0<\/span><\/p>\n<p><span data-contrast=\"auto\">Im Gegensatz zu vielen anderen Scott Modellen musst du dich beim <a href=\"https:\/\/www.fahrrad-xxl.de\/serie\/scott-spark\/saison.2023\/\">Scott Spark ST 2023<\/a> nur zwischen zwei Versionen entscheiden. Entweder du setzt auf das ultraleichte Carbon-Modell Spark ST 900 Tuned mit Top-Komponenten oder du w\u00e4hlst die g\u00fcnstigere Variante Scott Spark ST 910 aus Aluminium. In jedem Fall wird dieses Mountainbike alle begeistern, die gerne Abfahrten runterheizen und neue Trails erkunden.<\/span><span data-ccp-props=\"{&quot;201341983&quot;:0,&quot;335559739&quot;:160,&quot;335559740&quot;:259}\">\u00a0<\/span>[\/vc_column_text][\/vc_column][\/vc_row][vc_row][vc_column width=&#8220;1\/6&#8243;][\/vc_column][vc_column width=&#8220;2\/3&#8243;]<a href=\"https:\/\/www.fahrrad-xxl.de\/serie\/scott-spark\/saison.2023\/\" target=\"_self\" class=\"button button-appear custom large \" style=\"background-color: #a82323; border-color: #a82323;border-radius: 30px;\"><span>Entdecke unsere Scott Spark 2023 Modelle<i class='fa fas fa-chevron-circle-right'><\/i><\/span><\/a><div class=\"spacer\" style=\"height: 40px;\"><\/div>[\/vc_column][vc_column width=&#8220;1\/6&#8243;][\/vc_column][\/vc_row][vc_row][vc_column width=&#8220;1\/1&#8243;][vc_column_text]<\/p>\n<h2><span class=\"ez-toc-section\" id=\"scott-addict-gravel-30\"><\/span>Scott Addict Gravel 30<span class=\"ez-toc-section-end\"><\/span><\/h2>\n<p>[\/vc_column_text][vc_column_text]<\/p>\n<div id=\"attachment_33222\" style=\"width: 2570px\" class=\"wp-caption aligncenter\"><img aria-describedby=\"caption-attachment-33222\" decoding=\"async\" loading=\"lazy\" class=\"wp-image-33222 size-full\" src=\"https:\/\/www.fahrrad-xxl.de\/blog\/wp-content\/uploads\/2023\/03\/Scott-Addict-Gravel-30-2023-scaled.jpg\" alt=\"Scott Addict Gravel 30 - 2023\" width=\"2560\" height=\"1545\" srcset=\"https:\/\/www.fahrrad-xxl.de\/blog\/wp-content\/uploads\/2023\/03\/Scott-Addict-Gravel-30-2023-scaled.jpg 2560w, https:\/\/www.fahrrad-xxl.de\/blog\/wp-content\/uploads\/2023\/03\/Scott-Addict-Gravel-30-2023-300x181.jpg 300w, https:\/\/www.fahrrad-xxl.de\/blog\/wp-content\/uploads\/2023\/03\/Scott-Addict-Gravel-30-2023-1024x618.jpg 1024w, https:\/\/www.fahrrad-xxl.de\/blog\/wp-content\/uploads\/2023\/03\/Scott-Addict-Gravel-30-2023-768x464.jpg 768w, https:\/\/www.fahrrad-xxl.de\/blog\/wp-content\/uploads\/2023\/03\/Scott-Addict-Gravel-30-2023-1536x927.jpg 1536w, https:\/\/www.fahrrad-xxl.de\/blog\/wp-content\/uploads\/2023\/03\/Scott-Addict-Gravel-30-2023-2048x1236.jpg 2048w\" sizes=\"(max-width: 2560px) 100vw, 2560px\" \/><p id=\"caption-attachment-33222\" class=\"wp-caption-text\">Scott Addict Gravel 30 &#8211; 2023<\/p><\/div>\n<p><span data-contrast=\"auto\">Cleanes Design, schicker Carbon-Rahmen mit integrierten Z\u00fcgen und jede Menge Fahrspa\u00df: Das Scott Addict Gravel 30 ist ein Gravel-Bike, wie es im Buche steht. Dank seiner sportlichen Geometrie und der mechanischen Shimano GRX 2-fach Schaltung ist der Schweizer Racer sowohl im Gel\u00e4nde als auch auf Asphalt zu Hause &#8211; und sorgt so f\u00fcr jede Menge Fahrspa\u00df.\u00a0<\/span><span data-ccp-props=\"{&quot;201341983&quot;:0,&quot;335559739&quot;:160,&quot;335559740&quot;:259}\">\u00a0<\/span><\/p>\n<p><span data-contrast=\"auto\">Dass das <a href=\"https:\/\/www.fahrrad-xxl.de\/serie\/scott-addict\/saison.2023\/\">Scott Addict<\/a> dabei die perfekte Mischung aus entspannter Ausfahrt und Race bietet, sieht man schon an seiner ausbalancierten Form. Aerodynamische Features wie die Aero-Sattelst\u00fctze und die komplett integrierte Verkabelung finden auf dem Gravel-Bike von Scott ebenso Platz wie viel Reifenfreiheit und eine etwas entspanntere Sitzposition. Mit Licht, Gep\u00e4cktaschen und Flaschenhaltern l\u00e4sst sich das Bike leicht nachr\u00fcsten und wird so zum perfekten Begleiter auch f\u00fcr l\u00e4ngere Touren. <\/span><span data-ccp-props=\"{&quot;201341983&quot;:0,&quot;335559739&quot;:160,&quot;335559740&quot;:259}\">\u00a0<\/span><\/p>\n<p><span data-contrast=\"auto\">Ein Bike f\u00fcr alle Trails: Das Scott Addict Gravel 30 2023 ist ein echtes Adventure Bike, das dich nie im Stich l\u00e4sst. Ob im urbanen Stadtverkehr, auf anspruchsvollen Offroad-Touren oder beim Bikepacking &#8211; mit diesem Gravel-Bike kannst du spielerisch deine Grenzen ausloten und die Natur entdecken.<\/span><span data-ccp-props=\"{&quot;201341983&quot;:0,&quot;335559739&quot;:160,&quot;335559740&quot;:259}\">\u00a0<\/span>[\/vc_column_text][\/vc_column][\/vc_row][vc_row][vc_column width=&#8220;1\/6&#8243;][\/vc_column][vc_column width=&#8220;2\/3&#8243;]<a href=\"https:\/\/www.fahrrad-xxl.de\/serie\/scott-addict\/saison.2023\/\" target=\"_self\" class=\"button button-appear custom large \" style=\"background-color: #a82323; border-color: #a82323;border-radius: 30px;\"><span>Entdecke unsere Scott Addict 2023 Modelle<\/span><\/a><div class=\"spacer\" style=\"height: 40px;\"><\/div>[\/vc_column][vc_column width=&#8220;1\/6&#8243;][\/vc_column][\/vc_row][vc_row][vc_column width=&#8220;1\/1&#8243;][vc_column_text]<\/p>\n<h2 aria-level=\"2\"><span class=\"ez-toc-section\" id=\"die-neuen-scott-e-bikes-2023-die-vielfalt-machts\"><\/span>Die neuen Scott E-Bikes 2023: Die Vielfalt macht\u2019s<span class=\"ez-toc-section-end\"><\/span><\/h2>\n<ul>\n<li><span data-contrast=\"auto\">Scott Lumen eRide mit TQ HPR50 Antrieb und integriertem D\u00e4mpfer<\/span><span data-ccp-props=\"{&quot;201341983&quot;:0,&quot;335559739&quot;:160,&quot;335559740&quot;:259}\">\u00a0<\/span><\/li>\n<li data-leveltext=\"\uf0b7\" data-font=\"Symbol\" data-listid=\"3\" data-list-defn-props=\"{&quot;335552541&quot;:1,&quot;335559684&quot;:-2,&quot;335559685&quot;:720,&quot;335559991&quot;:360,&quot;469769226&quot;:&quot;Symbol&quot;,&quot;469769242&quot;:[8226],&quot;469777803&quot;:&quot;left&quot;,&quot;469777804&quot;:&quot;\uf0b7&quot;,&quot;469777815&quot;:&quot;hybridMultilevel&quot;}\" aria-setsize=\"-1\" data-aria-posinset=\"8\" data-aria-level=\"1\"><span data-contrast=\"auto\">Lumen eRide macht sowohl auf Abfahrten als auch bei Anstiegen Spa\u00df<\/span><span data-ccp-props=\"{&quot;201341983&quot;:0,&quot;335559739&quot;:160,&quot;335559740&quot;:259}\">\u00a0<\/span><\/li>\n<li data-leveltext=\"\uf0b7\" data-font=\"Symbol\" data-listid=\"3\" data-list-defn-props=\"{&quot;335552541&quot;:1,&quot;335559684&quot;:-2,&quot;335559685&quot;:720,&quot;335559991&quot;:360,&quot;469769226&quot;:&quot;Symbol&quot;,&quot;469769242&quot;:[8226],&quot;469777803&quot;:&quot;left&quot;,&quot;469777804&quot;:&quot;\uf0b7&quot;,&quot;469777815&quot;:&quot;hybridMultilevel&quot;}\" aria-setsize=\"-1\" data-aria-posinset=\"9\" data-aria-level=\"1\"><span data-contrast=\"auto\">Scott Solace eRIDE 2023 mit TQ-HPR50 Antrieb als Road und Gracel Version erh\u00e4ltlich<\/span><span data-ccp-props=\"{&quot;201341983&quot;:0,&quot;335559739&quot;:160,&quot;335559740&quot;:259}\">\u00a0<\/span><\/li>\n<li data-leveltext=\"\uf0b7\" data-font=\"Symbol\" data-listid=\"3\" data-list-defn-props=\"{&quot;335552541&quot;:1,&quot;335559684&quot;:-2,&quot;335559685&quot;:720,&quot;335559991&quot;:360,&quot;469769226&quot;:&quot;Symbol&quot;,&quot;469769242&quot;:[8226],&quot;469777803&quot;:&quot;left&quot;,&quot;469777804&quot;:&quot;\uf0b7&quot;,&quot;469777815&quot;:&quot;hybridMultilevel&quot;}\" aria-setsize=\"-1\" data-aria-posinset=\"10\" data-aria-level=\"1\"><span data-contrast=\"auto\">E-Renner f\u00fcr steile Anstiege: Scott Addict RC eRide \u00fcberzeugt mit geringem Gewicht und schicker Rahmengeometrie<\/span><span data-ccp-props=\"{&quot;201341983&quot;:0,&quot;335559739&quot;:160,&quot;335559740&quot;:259}\">\u00a0<\/span><\/li>\n<\/ul>\n<p>[\/vc_column_text]<div class=\"single_image wpb_content_element align-left    \" data-animation=\"none\" data-delay=\"0\"><img width=\"1200\" height=\"800\" src=\"https:\/\/www.fahrrad-xxl.de\/blog\/wp-content\/uploads\/2023\/03\/Scott-E-Bike-Neuheiten-2023-Actionbild.jpg\" class=\"attachment-full\" alt=\"Scott Neuheiten 2023: Genius, Foil und das neue Lumen eRide\" decoding=\"async\" loading=\"lazy\" title=\"Scott Neuheiten 2023: Genius, Foil und das neue Lumen eRide\" srcset=\"https:\/\/www.fahrrad-xxl.de\/blog\/wp-content\/uploads\/2023\/03\/Scott-E-Bike-Neuheiten-2023-Actionbild.jpg 1200w, https:\/\/www.fahrrad-xxl.de\/blog\/wp-content\/uploads\/2023\/03\/Scott-E-Bike-Neuheiten-2023-Actionbild-300x200.jpg 300w, https:\/\/www.fahrrad-xxl.de\/blog\/wp-content\/uploads\/2023\/03\/Scott-E-Bike-Neuheiten-2023-Actionbild-1024x683.jpg 1024w, https:\/\/www.fahrrad-xxl.de\/blog\/wp-content\/uploads\/2023\/03\/Scott-E-Bike-Neuheiten-2023-Actionbild-768x512.jpg 768w, https:\/\/www.fahrrad-xxl.de\/blog\/wp-content\/uploads\/2023\/03\/Scott-E-Bike-Neuheiten-2023-Actionbild-600x400.jpg 600w\" sizes=\"(max-width: 1200px) 100vw, 1200px\" \/><\/div>[\/vc_column][\/vc_row][vc_row][vc_column width=&#8220;1\/1&#8243;][vc_column_text]<\/p>\n<h2><span class=\"ez-toc-section\" id=\"scott-solace-eride-2023\"><\/span><span class=\"TextRun SCXW250037055 BCX8\" lang=\"DE-DE\" xml:lang=\"DE-DE\" data-contrast=\"none\"><span class=\"NormalTextRun SCXW250037055 BCX8\" data-ccp-parastyle=\"heading 3\">Scott <\/span><span class=\"NormalTextRun SCXW250037055 BCX8\" data-ccp-parastyle=\"heading 3\">Solace<\/span> <span class=\"NormalTextRun SCXW250037055 BCX8\" data-ccp-parastyle=\"heading 3\">eRIDE<\/span><span class=\"NormalTextRun SCXW250037055 BCX8\" data-ccp-parastyle=\"heading 3\"> 2023<\/span><\/span><span class=\"EOP SCXW250037055 BCX8\" data-ccp-props=\"{&quot;134245418&quot;:true,&quot;134245529&quot;:true,&quot;201341983&quot;:0,&quot;335559738&quot;:40,&quot;335559739&quot;:0,&quot;335559740&quot;:259}\">\u00a0<\/span><span class=\"ez-toc-section-end\"><\/span><\/h2>\n<p>[\/vc_column_text][vc_column_text]<span data-contrast=\"auto\"><a href=\"https:\/\/www.fahrrad-xxl.de\/scott-solace-eride-20-m000066652\"><img decoding=\"async\" loading=\"lazy\" class=\"aligncenter wp-image-33227 size-full\" src=\"https:\/\/www.fahrrad-xxl.de\/blog\/wp-content\/uploads\/2023\/03\/Scott-Solace-eRIDE-20-2023-e1679989623192.jpg\" alt=\"Scott Neuheiten 2023: Genius, Foil und das neue Lumen eRide\" width=\"1747\" height=\"1022\" srcset=\"https:\/\/www.fahrrad-xxl.de\/blog\/wp-content\/uploads\/2023\/03\/Scott-Solace-eRIDE-20-2023-e1679989623192.jpg 1747w, https:\/\/www.fahrrad-xxl.de\/blog\/wp-content\/uploads\/2023\/03\/Scott-Solace-eRIDE-20-2023-e1679989623192-300x176.jpg 300w, https:\/\/www.fahrrad-xxl.de\/blog\/wp-content\/uploads\/2023\/03\/Scott-Solace-eRIDE-20-2023-e1679989623192-1024x599.jpg 1024w, https:\/\/www.fahrrad-xxl.de\/blog\/wp-content\/uploads\/2023\/03\/Scott-Solace-eRIDE-20-2023-e1679989623192-768x449.jpg 768w, https:\/\/www.fahrrad-xxl.de\/blog\/wp-content\/uploads\/2023\/03\/Scott-Solace-eRIDE-20-2023-e1679989623192-1536x899.jpg 1536w\" sizes=\"(max-width: 1747px) 100vw, 1747px\" \/><\/a>Mit dem neuen Solace eRide bringt Scott eine neue Serie mit elektrischer Unterst\u00fctzung auf den Markt, die dank ihres geringen Gewichts sowohl Gravel Bikes als auch Rennr\u00e4der umfasst. Herzst\u00fcck ist der TQ-HPR50 Antrieb, der mit seiner kompakten Bauweise und einem Gewicht von 1,8 Kilogramm so unauff\u00e4llig ist wie kaum eine andere Motor-Akku-Kombination. Trotzdem unterst\u00fctzt er den Fahrer mit satten 50 Nm &#8211; und das angenehm leise.<\/span><span data-ccp-props=\"{&quot;201341983&quot;:0,&quot;335559739&quot;:160,&quot;335559740&quot;:259}\">\u00a0<\/span><\/p>\n<p><span data-contrast=\"auto\">Beim Scott Solace eRide hast du die Wahl zwischen der Road und der Gravel Bike-Version, die sich vor allem darin unterscheiden, dass die Gravler mit einer Einfach- und die Road-Modelle mit einer Zweifach-Schaltung kommen. Dennoch \u00fcberzeugen die Varianten mit einem cleanen und sportlichen Look dank innenliegender Kabelf\u00fchrung, flacherem Steuerrohr und l\u00e4ngerem Radstand, der zudem f\u00fcr mehr Fahrstabilit\u00e4t bei h\u00f6heren Geschwindigkeiten sorgt.<\/span><span data-ccp-props=\"{&quot;201341983&quot;:0,&quot;335559739&quot;:160,&quot;335559740&quot;:259}\">\u00a0<\/span><\/p>\n<p><span data-contrast=\"auto\">Zwei E-Rennr\u00e4der und vier E-Gravler stehen beim <a href=\"https:\/\/www.fahrrad-xxl.de\/serie\/scott-solace\/saison.2023\/\">Scott Solace<\/a> eRide 2023 zur Auswahl \u2013 alle<\/span> <span data-contrast=\"auto\">mit Carbonrahmen und Top-Komponenten von Shimano und Scram. Dank des schlanken Designs und der effizienten, aber leisen Tretunterst\u00fctzung, eignet sich das Solace eRide f\u00fcr Fahrer, die gerne sportlich unterwegs sind und dabei auf ein vielseitiges Bike setzen wollen. Ob schnelle und anspruchsvolle Passagen oder lange Ausfahrten \u2013 mit dem Solace eRide ist fast alles m\u00f6glich.<\/span><span data-ccp-props=\"{&quot;201341983&quot;:0,&quot;335559739&quot;:160,&quot;335559740&quot;:259}\">\u00a0<\/span>[\/vc_column_text][\/vc_column][\/vc_row][vc_row][vc_column width=&#8220;1\/6&#8243;][\/vc_column][vc_column width=&#8220;2\/3&#8243;]<a href=\"https:\/\/www.fahrrad-xxl.de\/serie\/scott-solace\/saison.2023\/\" target=\"_self\" class=\"button button-appear custom large \" style=\"background-color: #a82323; border-color: #a82323;border-radius: 30px;\"><span>Entdecke unsere Scott Solace 2023 Modelle<i class='fa fas fa-chevron-circle-right'><\/i><\/span><\/a><div class=\"spacer\" style=\"height: 40px;\"><\/div>[\/vc_column][vc_column width=&#8220;1\/6&#8243;][\/vc_column][\/vc_row][vc_row][vc_column width=&#8220;1\/1&#8243;][vc_column_text]<\/p>\n<h2><span class=\"ez-toc-section\" id=\"scott-addict-rc-eride-2023\"><\/span><span class=\"TextRun SCXW35815447 BCX8\" lang=\"DE-DE\" xml:lang=\"DE-DE\" data-contrast=\"none\"><span class=\"NormalTextRun SCXW35815447 BCX8\" data-ccp-parastyle=\"heading 3\">Scott <\/span><span class=\"NormalTextRun SCXW35815447 BCX8\" data-ccp-parastyle=\"heading 3\">Addict<\/span><span class=\"NormalTextRun SCXW35815447 BCX8\" data-ccp-parastyle=\"heading 3\"> RC <\/span><span class=\"NormalTextRun SCXW35815447 BCX8\" data-ccp-parastyle=\"heading 3\">eRide<\/span><span class=\"NormalTextRun SCXW35815447 BCX8\" data-ccp-parastyle=\"heading 3\"> 2023<\/span><\/span><span class=\"EOP SCXW35815447 BCX8\" data-ccp-props=\"{&quot;134245418&quot;:true,&quot;134245529&quot;:true,&quot;201341983&quot;:0,&quot;335559738&quot;:40,&quot;335559739&quot;:0,&quot;335559740&quot;:259}\">\u00a0<\/span><span class=\"ez-toc-section-end\"><\/span><\/h2>\n<p>[\/vc_column_text][vc_column_text]<\/p>\n<div id=\"attachment_33228\" style=\"width: 2010px\" class=\"wp-caption aligncenter\"><img aria-describedby=\"caption-attachment-33228\" decoding=\"async\" loading=\"lazy\" class=\"wp-image-33228 size-full\" src=\"https:\/\/www.fahrrad-xxl.de\/blog\/wp-content\/uploads\/2023\/03\/Scott-Addict-RC-eRide-Ultimate-2023.jpg\" alt=\"Scott Addict RC eRide Ultimate 2023\" width=\"2000\" height=\"1208\" srcset=\"https:\/\/www.fahrrad-xxl.de\/blog\/wp-content\/uploads\/2023\/03\/Scott-Addict-RC-eRide-Ultimate-2023.jpg 2000w, https:\/\/www.fahrrad-xxl.de\/blog\/wp-content\/uploads\/2023\/03\/Scott-Addict-RC-eRide-Ultimate-2023-300x181.jpg 300w, https:\/\/www.fahrrad-xxl.de\/blog\/wp-content\/uploads\/2023\/03\/Scott-Addict-RC-eRide-Ultimate-2023-1024x618.jpg 1024w, https:\/\/www.fahrrad-xxl.de\/blog\/wp-content\/uploads\/2023\/03\/Scott-Addict-RC-eRide-Ultimate-2023-768x464.jpg 768w, https:\/\/www.fahrrad-xxl.de\/blog\/wp-content\/uploads\/2023\/03\/Scott-Addict-RC-eRide-Ultimate-2023-1536x928.jpg 1536w\" sizes=\"(max-width: 2000px) 100vw, 2000px\" \/><p id=\"caption-attachment-33228\" class=\"wp-caption-text\">Scott Addict RC eRide Ultimate 2023<\/p><\/div>\n<p><span data-contrast=\"auto\">Das neue Scott Addict RC eRide 2023 ist mit dem Mahle X20 Hinterradnabenmotor ausgestattet. Damit ist das Bike noch leichter als sein Vorg\u00e4nger und wiegt in der Top-Ausstattung nur noch 10,7 Kilogramm. Beim Drehmoment mussten die Schweizer allerdings ein paar Abstriche machen, aber auch die 55 Nm unterst\u00fctzen den Fahrer bei jedem Tritt &#8211; und das v\u00f6llig unbemerkt.\u00a0<\/span><span data-ccp-props=\"{&quot;201341983&quot;:0,&quot;335559739&quot;:160,&quot;335559740&quot;:259}\">\u00a0<\/span><\/p>\n<p><span data-contrast=\"auto\">Erg\u00e4nzt wird der Antrieb beim Addict RC eRide durch einen fest integrierten Akku mit rund 250 Wh. Beim Topmodell Addict RC eRide Ultimate gibt es sogar einen Range Extender in Form einer Trinkflasche gratis dazu. In Kombination mit den Top-Komponenten, einer optimierten Rahmengeometrie und Carbonrahmen wird das E-Rennrad zu einer echten H\u00f6llenmaschine auf der Stra\u00dfe.<\/span><span data-ccp-props=\"{&quot;201341983&quot;:0,&quot;335559739&quot;:160,&quot;335559740&quot;:259}\">\u00a0<\/span><\/p>\n<p><span data-contrast=\"auto\">Das <a href=\"https:\/\/www.fahrrad-xxl.de\/serie\/scott-addict\/saison.2023\/\">Scott Addict<\/a> RC eRide ist ideal f\u00fcr l\u00e4ngere und steilere Anstiege, bei denen nicht nur die Motorunterst\u00fctzung, sondern auch der Fahrer seine ganze Kraft zeigen kann. Daf\u00fcr hat das Leichtgewicht f\u00fcr 2023 ein Facelift bekommen, das sich sehen lassen kann. Damit ist es das ideale Pendant zum Worldtour-Modell &#8211; nur eben mit Motorunterst\u00fctzung und dem gewissen Extra-Boost.<\/span><span data-ccp-props=\"{&quot;201341983&quot;:0,&quot;335559739&quot;:160,&quot;335559740&quot;:259}\">\u00a0<\/span>[\/vc_column_text][\/vc_column][\/vc_row][vc_row][vc_column width=&#8220;1\/6&#8243;][\/vc_column][vc_column width=&#8220;2\/3&#8243;]<a href=\"https:\/\/www.fahrrad-xxl.de\/serie\/scott-addict\/saison.2023\/\" target=\"_self\" class=\"button button-appear custom large \" style=\"background-color: #a82323; border-color: #a82323;border-radius: 30px;\"><span>Entdecke unsere Scott Addict 2023 Modelle<i class='fa fas fa-chevron-circle-right'><\/i><\/span><\/a><div class=\"spacer\" style=\"height: 40px;\"><\/div>[\/vc_column][vc_column width=&#8220;1\/6&#8243;][\/vc_column][\/vc_row][vc_row][vc_column width=&#8220;1\/1&#8243;][vc_column_text]<\/p>\n<h2><span class=\"ez-toc-section\" id=\"scott-lumen-eride-2023\"><\/span><span class=\"TextRun SCXW196389024 BCX8\" lang=\"DE-DE\" xml:lang=\"DE-DE\" data-contrast=\"none\"><span class=\"NormalTextRun SCXW196389024 BCX8\" data-ccp-parastyle=\"heading 3\">Scott Lumen <\/span><span class=\"NormalTextRun SCXW196389024 BCX8\" data-ccp-parastyle=\"heading 3\">eRIDE<\/span><span class=\"NormalTextRun SCXW196389024 BCX8\" data-ccp-parastyle=\"heading 3\"> 2023<\/span><\/span><span class=\"EOP SCXW196389024 BCX8\" data-ccp-props=\"{&quot;134245418&quot;:true,&quot;134245529&quot;:true,&quot;201341983&quot;:0,&quot;335559738&quot;:40,&quot;335559739&quot;:0,&quot;335559740&quot;:259}\">\u00a0<\/span><span class=\"ez-toc-section-end\"><\/span><\/h2>\n<p>[\/vc_column_text][vc_column_text]<\/p>\n<div id=\"attachment_33226\" style=\"width: 1733px\" class=\"wp-caption aligncenter\"><a href=\"https:\/\/www.fahrrad-xxl.de\/scott-lumen-eride-910-m000066620\"><img aria-describedby=\"caption-attachment-33226\" decoding=\"async\" loading=\"lazy\" class=\"wp-image-33226 size-full\" src=\"https:\/\/www.fahrrad-xxl.de\/blog\/wp-content\/uploads\/2023\/03\/Scott-Lumen-eRide-910-2023-e1679989655823.jpg\" alt=\"Scott Lumen eRide 910 - 2023\" width=\"1723\" height=\"1003\" srcset=\"https:\/\/www.fahrrad-xxl.de\/blog\/wp-content\/uploads\/2023\/03\/Scott-Lumen-eRide-910-2023-e1679989655823.jpg 1723w, https:\/\/www.fahrrad-xxl.de\/blog\/wp-content\/uploads\/2023\/03\/Scott-Lumen-eRide-910-2023-e1679989655823-300x175.jpg 300w, https:\/\/www.fahrrad-xxl.de\/blog\/wp-content\/uploads\/2023\/03\/Scott-Lumen-eRide-910-2023-e1679989655823-1024x596.jpg 1024w, https:\/\/www.fahrrad-xxl.de\/blog\/wp-content\/uploads\/2023\/03\/Scott-Lumen-eRide-910-2023-e1679989655823-768x447.jpg 768w, https:\/\/www.fahrrad-xxl.de\/blog\/wp-content\/uploads\/2023\/03\/Scott-Lumen-eRide-910-2023-e1679989655823-1536x894.jpg 1536w\" sizes=\"(max-width: 1723px) 100vw, 1723px\" \/><\/a><p id=\"caption-attachment-33226\" class=\"wp-caption-text\">Scott Lumen eRide 910 &#8211; 2023<\/p><\/div>\n<p><span data-contrast=\"auto\">Auch Scott folgt dem Trend und bringt mit dem Lumen eRide 2023 ein Light E-MTB auf den Markt. Dabei \u00fcberzeugt das Lumen mit einem moderaten Federweg von 130 Millimetern, einem leichten Carbon-Rahmen sowie einem integrierten D\u00e4mpfer &#8211; eine Kombination, die vor allem im Cross-Country ihre St\u00e4rken ausspielt.\u00a0\u00a0<\/span><span data-ccp-props=\"{&quot;201341983&quot;:0,&quot;335559739&quot;:160,&quot;335559740&quot;:259}\">\u00a0<\/span><\/p>\n<p><span data-contrast=\"auto\">Leicht, schnell und vor allem kraftvoll ist das Scott Lumen eRide. Daf\u00fcr sorgt nicht zuletzt der HPR50 Antrieb von TQ, der die perfekte Mischung aus Gewicht und Leistung bietet. Im Rahmen verbirgt sich nicht nur der Antrieb, sondern auch der D\u00e4mpfer. Dieser ist Teil des Sitzrohrs und \u00fcber eine Klappe am Unterrohr leicht zug\u00e4nglich. So bleibt genug Platz f\u00fcr zwei Flaschenhalter &#8211; oder einen und den Range Extender, mit dem sich der 360 Wh Akku um weitere 160 Wh erweitern l\u00e4sst. Insgesamt gibt es das E-MTB in drei Ausstattungsvarianten &#8211; plus das Scott Conteassa Lumen eRide f\u00fcr Damen.\u00a0\u00a0<\/span><span data-ccp-props=\"{&quot;201341983&quot;:0,&quot;335559739&quot;:160,&quot;335559740&quot;:259}\">\u00a0<\/span><\/p>\n<p><span data-contrast=\"auto\">Das Scott Lumen eRide 2023 \u00fcberzeugt dank seiner Geometrie bei Abfahrten, unterst\u00fctzt den Fahrer aber auch beim Klettern. Daf\u00fcr haben die Schweizer ein echtes Leichtgewicht mit anpassbarem Fahrwerk dank TwinLoc-Technologie konstruiert. Diese erlaubt es dem Fahrer, den Lockout oder den maximalen Federweg auch w\u00e4hrend der Fahrt anzupassen &#8211; ein Bike f\u00fcr jeden Cross-Country-\/Trail-Liebhaber.<\/span><span data-ccp-props=\"{&quot;201341983&quot;:0,&quot;335559739&quot;:160,&quot;335559740&quot;:259}\">\u00a0<\/span>[\/vc_column_text][\/vc_column][\/vc_row][vc_row][vc_column width=&#8220;1\/6&#8243;][\/vc_column][vc_column width=&#8220;2\/3&#8243;]<div class=\"spacer\" style=\"height: 40px;\"><\/div>[\/vc_column][vc_column width=&#8220;1\/6&#8243;][\/vc_column][\/vc_row]<\/p>\n\n\n<div class=\"kk-star-ratings kksr-auto kksr-align-left kksr-valign-bottom\"\n    data-payload='{&quot;align&quot;:&quot;left&quot;,&quot;id&quot;:&quot;33200&quot;,&quot;slug&quot;:&quot;default&quot;,&quot;valign&quot;:&quot;bottom&quot;,&quot;ignore&quot;:&quot;&quot;,&quot;reference&quot;:&quot;auto&quot;,&quot;class&quot;:&quot;&quot;,&quot;count&quot;:&quot;1&quot;,&quot;legendonly&quot;:&quot;&quot;,&quot;readonly&quot;:&quot;&quot;,&quot;score&quot;:&quot;5&quot;,&quot;best&quot;:&quot;5&quot;,&quot;gap&quot;:&quot;5&quot;,&quot;greet&quot;:&quot;Rate this post&quot;,&quot;legend&quot;:&quot;5\\\/5 - (1 vote)&quot;,&quot;size&quot;:&quot;22&quot;,&quot;width&quot;:&quot;132.5&quot;,&quot;_legend&quot;:&quot;{score}\\\/{best} - ({count} {votes})&quot;,&quot;font_factor&quot;:&quot;1.25&quot;}'>\n            \n<div class=\"kksr-stars\">\n    \n<div class=\"kksr-stars-inactive\">\n            <div class=\"kksr-star\" data-star=\"1\" style=\"padding-right: 5px\">\n            \n\n<div class=\"kksr-icon\" style=\"width: 22px; height: 22px;\"><\/div>\n        <\/div>\n            <div class=\"kksr-star\" data-star=\"2\" style=\"padding-right: 5px\">\n            \n\n<div class=\"kksr-icon\" style=\"width: 22px; height: 22px;\"><\/div>\n        <\/div>\n            <div class=\"kksr-star\" data-star=\"3\" style=\"padding-right: 5px\">\n            \n\n<div class=\"kksr-icon\" style=\"width: 22px; height: 22px;\"><\/div>\n        <\/div>\n            <div class=\"kksr-star\" data-star=\"4\" style=\"padding-right: 5px\">\n            \n\n<div class=\"kksr-icon\" style=\"width: 22px; height: 22px;\"><\/div>\n        <\/div>\n            <div class=\"kksr-star\" data-star=\"5\" style=\"padding-right: 5px\">\n            \n\n<div class=\"kksr-icon\" style=\"width: 22px; height: 22px;\"><\/div>\n        <\/div>\n    <\/div>\n    \n<div class=\"kksr-stars-active\" style=\"width: 132.5px;\">\n            <div class=\"kksr-star\" style=\"padding-right: 5px\">\n            \n\n<div class=\"kksr-icon\" style=\"width: 22px; height: 22px;\"><\/div>\n        <\/div>\n            <div class=\"kksr-star\" style=\"padding-right: 5px\">\n            \n\n<div class=\"kksr-icon\" style=\"width: 22px; height: 22px;\"><\/div>\n        <\/div>\n            <div class=\"kksr-star\" style=\"padding-right: 5px\">\n            \n\n<div class=\"kksr-icon\" style=\"width: 22px; height: 22px;\"><\/div>\n        <\/div>\n            <div class=\"kksr-star\" style=\"padding-right: 5px\">\n            \n\n<div class=\"kksr-icon\" style=\"width: 22px; height: 22px;\"><\/div>\n        <\/div>\n            <div class=\"kksr-star\" style=\"padding-right: 5px\">\n            \n\n<div class=\"kksr-icon\" style=\"width: 22px; height: 22px;\"><\/div>\n        <\/div>\n    <\/div>\n<\/div>\n        \n\n<div class=\"kksr-legend\" style=\"font-size: 17.6px;\">\n            5\/5 - (1 vote)    <\/div>\n<\/div>\n<\/section>","protected":false},"excerpt":{"rendered":"<p>[vc_row][vc_column][vc_column_text] Von All Mountain-Allroundern \u00fcber spritzige Aero-Renner bis hin zu echten Power-E-MTBs \u2013 Scott bietet 2023 eine riesige Auswahl an Neuheiten und echten Bike-Highlights. Dabei \u00fcberzeugen die aktuellen Fahrr\u00e4der in diesem Modelljahr mit neuen Innovationen, verbesserten Geometrien und auff\u00e4lligen Designs, die sich sehen lassen k\u00f6nnen. Lese hier, worauf du dich bei Scott 2023 freuen kannst und mit welchen MTBs, E-Rennern und Gravlern du deine n\u00e4chste Tour planen kannst. [\/vc_column_text][\/vc_column][vc_column width=&#8220;1\/1&#8243;][vc_column_text] Scott Bikes 2023: Neuheiten und Highlights\u00a0\u00a0 Scott Foil RC Aero-Renner mit angepasster Geometrie und neuartiger Sattelst\u00fctze\u00a0 Mit dem Genius 2023 updated Scott sein Kult All Mountain\u00a0 Highlight beim Scott Genius ist der versteckte D\u00e4mpfer im Sitzrohr\u00a0 MTB-Hardtail Scott Scale RC kommt mit gro\u00dfer Modellauswahl\u00a0 Scott Spark ST \u00fcberzeugt dank Federung und D\u00e4mpfer am Trail\u00a0 Das Bike f\u00fcr dein n\u00e4chstes Abenteuer &#8211; Scott Addict Gravel 30\u00a0 [\/vc_column_text][\/vc_column][vc_column][\/vc_column][\/vc_row][vc_row][vc_column width=&#8220;1\/4&#8243;][\/vc_column][vc_column width=&#8220;1\/2&#8243;][vc_column_text][\/vc_column_text][\/vc_column][vc_column width=&#8220;1\/4&#8243;][\/vc_column][\/vc_row][vc_row][vc_column][vc_column_text] Scott Foil RC 2023 [\/vc_column_text][\/vc_column][vc_column width=&#8220;1\/1&#8243;][vc_column_text] Geschwindigkeit und Gewicht &#8211; sind die beiden entscheidenden Faktoren, auf die es bei einem Aero-Rennrad ankommt. Um so eine Rennmaschine von Saison zu Saison noch schneller zu machen, m\u00fcssen die Ingenieure meist Nuancen ver\u00e4ndern: So auch beim neuen Scott Foil 2023. Daf\u00fcr wurde das Bike ausgiebig im Windkanal getestet und einige Modifikationen vorgenommen. So ist [&hellip;]<\/p>\n","protected":false},"author":29,"featured_media":33277,"comment_status":"open","ping_status":"open","sticky":false,"template":"","format":"standard","meta":[],"categories":[1,29],"tags":[],"yoast_head":"<!-- This site is optimized with the Yoast SEO plugin v19.10 - https:\/\/yoast.com\/wordpress\/plugins\/seo\/ -->\n<title>Scott Neuheiten 2023 - Scott Foil RC und mehr \u00bb Fahrrad XXL Blog<\/title>\n<meta name=\"description\" content=\"Scott 2023 Neuheiten \u26a1 Der neue Aero-Renner Scott Foil RC mit neuartiger Sattelst\u00fctze &amp; weitere Highlights. Entdecke die neuesten Scott Modelle 2023!\" \/>\n<meta name=\"robots\" content=\"index, follow, max-snippet:-1, max-image-preview:large, max-video-preview:-1\" \/>\n<link rel=\"canonical\" href=\"https:\/\/www.fahrrad-xxl.de\/blog\/scott-neuheiten\/\" \/>\n<meta property=\"og:locale\" content=\"de_DE\" \/>\n<meta property=\"og:type\" content=\"article\" \/>\n<meta property=\"og:title\" content=\"Scott Neuheiten 2023 - Scott Foil RC und mehr \u00bb Fahrrad XXL Blog\" \/>\n<meta property=\"og:description\" content=\"Scott 2023 Neuheiten \u26a1 Der neue Aero-Renner Scott Foil RC mit neuartiger Sattelst\u00fctze &amp; weitere Highlights. Entdecke die neuesten Scott Modelle 2023!\" \/>\n<meta property=\"og:url\" content=\"https:\/\/www.fahrrad-xxl.de\/blog\/scott-neuheiten\/\" \/>\n<meta property=\"og:site_name\" content=\"Fahrrad XXL Blog\" \/>\n<meta property=\"article:publisher\" content=\"https:\/\/www.facebook.com\/FahrradXXL\" \/>\n<meta property=\"article:published_time\" content=\"2023-03-27T12:52:11+00:00\" \/>\n<meta property=\"article:modified_time\" content=\"2023-03-28T08:59:09+00:00\" \/>\n<meta property=\"og:image\" content=\"https:\/\/www.fahrrad-xxl.de\/blog\/wp-content\/uploads\/2023\/03\/MicrosoftTeams-image-2-scaled.jpg\" \/>\n\t<meta property=\"og:image:width\" content=\"2560\" \/>\n\t<meta property=\"og:image:height\" content=\"511\" \/>\n\t<meta property=\"og:image:type\" content=\"image\/jpeg\" \/>\n<meta name=\"author\" content=\"Alicia\" \/>\n<meta name=\"twitter:card\" content=\"summary_large_image\" \/>\n<meta name=\"twitter:label1\" content=\"Verfasst von\" \/>\n\t<meta name=\"twitter:data1\" content=\"Alicia\" \/>\n\t<meta name=\"twitter:label2\" content=\"Gesch\u00e4tzte Lesezeit\" \/>\n\t<meta name=\"twitter:data2\" content=\"13\u00a0Minuten\" \/>\n<script type=\"application\/ld+json\" class=\"yoast-schema-graph\">{\"@context\":\"https:\/\/schema.org\",\"@graph\":[{\"@type\":\"Article\",\"@id\":\"https:\/\/www.fahrrad-xxl.de\/blog\/scott-neuheiten\/#article\",\"isPartOf\":{\"@id\":\"https:\/\/www.fahrrad-xxl.de\/blog\/scott-neuheiten\/\"},\"author\":{\"name\":\"Alicia\",\"@id\":\"https:\/\/www.fahrrad-xxl.de\/blog\/#\/schema\/person\/f4b754915dd65ad37f37994cdd21b14a\"},\"headline\":\"Scott Neuheiten 2023: Genius, Foil und das neue Lumen eRide\",\"datePublished\":\"2023-03-27T12:52:11+00:00\",\"dateModified\":\"2023-03-28T08:59:09+00:00\",\"mainEntityOfPage\":{\"@id\":\"https:\/\/www.fahrrad-xxl.de\/blog\/scott-neuheiten\/\"},\"wordCount\":2539,\"commentCount\":0,\"publisher\":{\"@id\":\"https:\/\/www.fahrrad-xxl.de\/blog\/#organization\"},\"articleSection\":{\"1\":\"News\/Interessantes\"},\"inLanguage\":\"de\",\"potentialAction\":[{\"@type\":\"CommentAction\",\"name\":\"Comment\",\"target\":[\"https:\/\/www.fahrrad-xxl.de\/blog\/scott-neuheiten\/#respond\"]}]},{\"@type\":\"WebPage\",\"@id\":\"https:\/\/www.fahrrad-xxl.de\/blog\/scott-neuheiten\/\",\"url\":\"https:\/\/www.fahrrad-xxl.de\/blog\/scott-neuheiten\/\",\"name\":\"Scott Neuheiten 2023 - Scott Foil RC und mehr \u00bb Fahrrad XXL Blog\",\"isPartOf\":{\"@id\":\"https:\/\/www.fahrrad-xxl.de\/blog\/#website\"},\"datePublished\":\"2023-03-27T12:52:11+00:00\",\"dateModified\":\"2023-03-28T08:59:09+00:00\",\"description\":\"Scott 2023 Neuheiten \u26a1 Der neue Aero-Renner Scott Foil RC mit neuartiger Sattelst\u00fctze & weitere Highlights. Entdecke die neuesten Scott Modelle 2023!\",\"breadcrumb\":{\"@id\":\"https:\/\/www.fahrrad-xxl.de\/blog\/scott-neuheiten\/#breadcrumb\"},\"inLanguage\":\"de\",\"potentialAction\":[{\"@type\":\"ReadAction\",\"target\":[\"https:\/\/www.fahrrad-xxl.de\/blog\/scott-neuheiten\/\"]}]},{\"@type\":\"BreadcrumbList\",\"@id\":\"https:\/\/www.fahrrad-xxl.de\/blog\/scott-neuheiten\/#breadcrumb\",\"itemListElement\":[{\"@type\":\"ListItem\",\"position\":1,\"name\":\"Startseite\",\"item\":\"https:\/\/www.fahrrad-xxl.de\/blog\/\"},{\"@type\":\"ListItem\",\"position\":2,\"name\":\"Scott Neuheiten 2023: Genius, Foil und das neue Lumen eRide\"}]},{\"@type\":\"WebSite\",\"@id\":\"https:\/\/www.fahrrad-xxl.de\/blog\/#website\",\"url\":\"https:\/\/www.fahrrad-xxl.de\/blog\/\",\"name\":\"Fahrrad XXL Blog\",\"description\":\"Erleben | Testen | Losfahren\",\"publisher\":{\"@id\":\"https:\/\/www.fahrrad-xxl.de\/blog\/#organization\"},\"potentialAction\":[{\"@type\":\"SearchAction\",\"target\":{\"@type\":\"EntryPoint\",\"urlTemplate\":\"https:\/\/www.fahrrad-xxl.de\/blog\/?s={search_term_string}\"},\"query-input\":\"required name=search_term_string\"}],\"inLanguage\":\"de\"},{\"@type\":\"Organization\",\"@id\":\"https:\/\/www.fahrrad-xxl.de\/blog\/#organization\",\"name\":\"Fahrrad XXL\",\"url\":\"https:\/\/www.fahrrad-xxl.de\/blog\/\",\"logo\":{\"@type\":\"ImageObject\",\"inLanguage\":\"de\",\"@id\":\"https:\/\/www.fahrrad-xxl.de\/blog\/#\/schema\/logo\/image\/\",\"url\":\"https:\/\/www.fahrrad-xxl.de\/blog\/wp-content\/uploads\/2018\/03\/FXXL-Blog-Logo-100-c.png\",\"contentUrl\":\"https:\/\/www.fahrrad-xxl.de\/blog\/wp-content\/uploads\/2018\/03\/FXXL-Blog-Logo-100-c.png\",\"width\":450,\"height\":100,\"caption\":\"Fahrrad XXL\"},\"image\":{\"@id\":\"https:\/\/www.fahrrad-xxl.de\/blog\/#\/schema\/logo\/image\/\"},\"sameAs\":[\"https:\/\/www.instagram.com\/fahrradxxl\",\"https:\/\/www.youtube.com\/user\/FahrradXXLde\",\"https:\/\/www.tiktok.com\/@fahrrad_xxl\",\"https:\/\/www.facebook.com\/FahrradXXL\"]},{\"@type\":\"Person\",\"@id\":\"https:\/\/www.fahrrad-xxl.de\/blog\/#\/schema\/person\/f4b754915dd65ad37f37994cdd21b14a\",\"name\":\"Alicia\",\"description\":\"F\u00e4hrt gerne:\u00a0Stra\u00dfe, Feldwege Bikes:\u00a0Cube Nuroad, Bianchi Aria Lieblings-Radrevier: Mallorca und Taunus\",\"sameAs\":[\"a.frey@fahrrad-xxl.de\"],\"url\":\"https:\/\/www.fahrrad-xxl.de\/blog\/author\/a-freyfahrrad-xxl-de\/\"}]}<\/script>\n<!-- \/ Yoast SEO plugin. -->","yoast_head_json":{"title":"Scott Neuheiten 2023 - Scott Foil RC und mehr \u00bb Fahrrad XXL Blog","description":"Scott 2023 Neuheiten \u26a1 Der neue Aero-Renner Scott Foil RC mit neuartiger Sattelst\u00fctze & weitere Highlights. Entdecke die neuesten Scott Modelle 2023!","robots":{"index":"index","follow":"follow","max-snippet":"max-snippet:-1","max-image-preview":"max-image-preview:large","max-video-preview":"max-video-preview:-1"},"canonical":"https:\/\/www.fahrrad-xxl.de\/blog\/scott-neuheiten\/","og_locale":"de_DE","og_type":"article","og_title":"Scott Neuheiten 2023 - Scott Foil RC und mehr \u00bb Fahrrad XXL Blog","og_description":"Scott 2023 Neuheiten \u26a1 Der neue Aero-Renner Scott Foil RC mit neuartiger Sattelst\u00fctze & weitere Highlights. Entdecke die neuesten Scott Modelle 2023!","og_url":"https:\/\/www.fahrrad-xxl.de\/blog\/scott-neuheiten\/","og_site_name":"Fahrrad XXL Blog","article_publisher":"https:\/\/www.facebook.com\/FahrradXXL","article_published_time":"2023-03-27T12:52:11+00:00","article_modified_time":"2023-03-28T08:59:09+00:00","og_image":[{"width":2560,"height":511,"url":"https:\/\/www.fahrrad-xxl.de\/blog\/wp-content\/uploads\/2023\/03\/MicrosoftTeams-image-2-scaled.jpg","type":"image\/jpeg"}],"author":"Alicia","twitter_card":"summary_large_image","twitter_misc":{"Verfasst von":"Alicia","Gesch\u00e4tzte Lesezeit":"13\u00a0Minuten"},"schema":{"@context":"https:\/\/schema.org","@graph":[{"@type":"Article","@id":"https:\/\/www.fahrrad-xxl.de\/blog\/scott-neuheiten\/#article","isPartOf":{"@id":"https:\/\/www.fahrrad-xxl.de\/blog\/scott-neuheiten\/"},"author":{"name":"Alicia","@id":"https:\/\/www.fahrrad-xxl.de\/blog\/#\/schema\/person\/f4b754915dd65ad37f37994cdd21b14a"},"headline":"Scott Neuheiten 2023: Genius, Foil und das neue Lumen eRide","datePublished":"2023-03-27T12:52:11+00:00","dateModified":"2023-03-28T08:59:09+00:00","mainEntityOfPage":{"@id":"https:\/\/www.fahrrad-xxl.de\/blog\/scott-neuheiten\/"},"wordCount":2539,"commentCount":0,"publisher":{"@id":"https:\/\/www.fahrrad-xxl.de\/blog\/#organization"},"articleSection":{"1":"News\/Interessantes"},"inLanguage":"de","potentialAction":[{"@type":"CommentAction","name":"Comment","target":["https:\/\/www.fahrrad-xxl.de\/blog\/scott-neuheiten\/#respond"]}]},{"@type":"WebPage","@id":"https:\/\/www.fahrrad-xxl.de\/blog\/scott-neuheiten\/","url":"https:\/\/www.fahrrad-xxl.de\/blog\/scott-neuheiten\/","name":"Scott Neuheiten 2023 - Scott Foil RC und mehr \u00bb Fahrrad XXL Blog","isPartOf":{"@id":"https:\/\/www.fahrrad-xxl.de\/blog\/#website"},"datePublished":"2023-03-27T12:52:11+00:00","dateModified":"2023-03-28T08:59:09+00:00","description":"Scott 2023 Neuheiten \u26a1 Der neue Aero-Renner Scott Foil RC mit neuartiger Sattelst\u00fctze & weitere Highlights. Entdecke die neuesten Scott Modelle 2023!","breadcrumb":{"@id":"https:\/\/www.fahrrad-xxl.de\/blog\/scott-neuheiten\/#breadcrumb"},"inLanguage":"de","potentialAction":[{"@type":"ReadAction","target":["https:\/\/www.fahrrad-xxl.de\/blog\/scott-neuheiten\/"]}]},{"@type":"BreadcrumbList","@id":"https:\/\/www.fahrrad-xxl.de\/blog\/scott-neuheiten\/#breadcrumb","itemListElement":[{"@type":"ListItem","position":1,"name":"Startseite","item":"https:\/\/www.fahrrad-xxl.de\/blog\/"},{"@type":"ListItem","position":2,"name":"Scott Neuheiten 2023: Genius, Foil und das neue Lumen eRide"}]},{"@type":"WebSite","@id":"https:\/\/www.fahrrad-xxl.de\/blog\/#website","url":"https:\/\/www.fahrrad-xxl.de\/blog\/","name":"Fahrrad XXL Blog","description":"Erleben | Testen | Losfahren","publisher":{"@id":"https:\/\/www.fahrrad-xxl.de\/blog\/#organization"},"potentialAction":[{"@type":"SearchAction","target":{"@type":"EntryPoint","urlTemplate":"https:\/\/www.fahrrad-xxl.de\/blog\/?s={search_term_string}"},"query-input":"required name=search_term_string"}],"inLanguage":"de"},{"@type":"Organization","@id":"https:\/\/www.fahrrad-xxl.de\/blog\/#organization","name":"Fahrrad XXL","url":"https:\/\/www.fahrrad-xxl.de\/blog\/","logo":{"@type":"ImageObject","inLanguage":"de","@id":"https:\/\/www.fahrrad-xxl.de\/blog\/#\/schema\/logo\/image\/","url":"https:\/\/www.fahrrad-xxl.de\/blog\/wp-content\/uploads\/2018\/03\/FXXL-Blog-Logo-100-c.png","contentUrl":"https:\/\/www.fahrrad-xxl.de\/blog\/wp-content\/uploads\/2018\/03\/FXXL-Blog-Logo-100-c.png","width":450,"height":100,"caption":"Fahrrad XXL"},"image":{"@id":"https:\/\/www.fahrrad-xxl.de\/blog\/#\/schema\/logo\/image\/"},"sameAs":["https:\/\/www.instagram.com\/fahrradxxl","https:\/\/www.youtube.com\/user\/FahrradXXLde","https:\/\/www.tiktok.com\/@fahrrad_xxl","https:\/\/www.facebook.com\/FahrradXXL"]},{"@type":"Person","@id":"https:\/\/www.fahrrad-xxl.de\/blog\/#\/schema\/person\/f4b754915dd65ad37f37994cdd21b14a","name":"Alicia","description":"F\u00e4hrt gerne:\u00a0Stra\u00dfe, Feldwege Bikes:\u00a0Cube Nuroad, Bianchi Aria Lieblings-Radrevier: Mallorca und Taunus","sameAs":["a.frey@fahrrad-xxl.de"],"url":"https:\/\/www.fahrrad-xxl.de\/blog\/author\/a-freyfahrrad-xxl-de\/"}]}},"_links":{"self":[{"href":"https:\/\/www.fahrrad-xxl.de\/blog\/wp-json\/wp\/v2\/posts\/33200"}],"collection":[{"href":"https:\/\/www.fahrrad-xxl.de\/blog\/wp-json\/wp\/v2\/posts"}],"about":[{"href":"https:\/\/www.fahrrad-xxl.de\/blog\/wp-json\/wp\/v2\/types\/post"}],"author":[{"embeddable":true,"href":"https:\/\/www.fahrrad-xxl.de\/blog\/wp-json\/wp\/v2\/users\/29"}],"replies":[{"embeddable":true,"href":"https:\/\/www.fahrrad-xxl.de\/blog\/wp-json\/wp\/v2\/comments?post=33200"}],"version-history":[{"count":2,"href":"https:\/\/www.fahrrad-xxl.de\/blog\/wp-json\/wp\/v2\/posts\/33200\/revisions"}],"predecessor-version":[{"id":33274,"href":"https:\/\/www.fahrrad-xxl.de\/blog\/wp-json\/wp\/v2\/posts\/33200\/revisions\/33274"}],"wp:featuredmedia":[{"embeddable":true,"href":"https:\/\/www.fahrrad-xxl.de\/blog\/wp-json\/wp\/v2\/media\/33277"}],"wp:attachment":[{"href":"https:\/\/www.fahrrad-xxl.de\/blog\/wp-json\/wp\/v2\/media?parent=33200"}],"wp:term":[{"taxonomy":"category","embeddable":true,"href":"https:\/\/www.fahrrad-xxl.de\/blog\/wp-json\/wp\/v2\/categories?post=33200"},{"taxonomy":"post_tag","embeddable":true,"href":"https:\/\/www.fahrrad-xxl.de\/blog\/wp-json\/wp\/v2\/tags?post=33200"}],"curies":[{"name":"wp","href":"https:\/\/api.w.org\/{rel}","templated":true}]}}