{"id":4,"name":"Sascha Starker","url":"","description":"<strong>F\u00e4hrt gerne:<\/strong>\u00a0XCO, XCM, Road, Cyclocross\r\n\r\n<strong>Bikes:<\/strong> BMC TeamMachine SLR01 Disc, Specialized S-Works Epic, BMC Roadmachine 03, Ridley X-Night\r\n\r\n<strong>Lieblings-Radrevier:<\/strong> Bergstra\u00dfe &amp; Odenwald","link":"https:\/\/www.fahrrad-xxl.de\/blog\/author\/s-starkerfahrrad-xxl-de\/","slug":"s-starkerfahrrad-xxl-de","meta":[],"yoast_head":"<!-- This site is optimized with the Yoast SEO plugin v19.10 - https:\/\/yoast.com\/wordpress\/plugins\/seo\/ -->\n<title>Sascha Starker Autor im Fahrrad XXL Blog<\/title>\n<meta name=\"description\" content=\"Sascha ist verr\u00fcckt nach Fahrr\u00e4dern. Sitzt er mal nicht selbst im Sattel, erstellt er Ratgeber und Blogbeitr\u00e4ge zu Bike-Themen \u27a4 Zu seinen Beitr\u00e4gen\" \/>\n<meta name=\"robots\" content=\"noindex, follow\" \/>\n<meta property=\"og:locale\" content=\"de_DE\" \/>\n<meta property=\"og:type\" content=\"profile\" \/>\n<meta property=\"og:title\" content=\"Sascha Starker Autor im Fahrrad XXL Blog\" \/>\n<meta property=\"og:description\" content=\"Sascha ist verr\u00fcckt nach Fahrr\u00e4dern. Sitzt er mal nicht selbst im Sattel, erstellt er Ratgeber und Blogbeitr\u00e4ge zu Bike-Themen \u27a4 Zu seinen Beitr\u00e4gen\" \/>\n<meta property=\"og:url\" content=\"https:\/\/www.fahrrad-xxl.de\/blog\/author\/s-starkerfahrrad-xxl-de\/\" \/>\n<meta property=\"og:site_name\" content=\"Fahrrad XXL Blog\" \/>\n<meta property=\"og:image\" content=\"https:\/\/www.fahrrad-xxl.de\/blog\/wp-content\/uploads\/2018\/05\/sascha.png\" \/>\n\t<meta property=\"og:image:width\" content=\"150\" \/>\n\t<meta property=\"og:image:height\" content=\"150\" \/>\n\t<meta property=\"og:image:type\" content=\"image\/png\" \/>\n<meta name=\"twitter:card\" content=\"summary_large_image\" \/>\n<script type=\"application\/ld+json\" class=\"yoast-schema-graph\">{\"@context\":\"https:\/\/schema.org\",\"@graph\":[{\"@type\":\"ProfilePage\",\"@id\":\"https:\/\/www.fahrrad-xxl.de\/blog\/author\/s-starkerfahrrad-xxl-de\/\",\"url\":\"https:\/\/www.fahrrad-xxl.de\/blog\/author\/s-starkerfahrrad-xxl-de\/\",\"name\":\"Sascha Starker Autor im Fahrrad XXL Blog\",\"isPartOf\":{\"@id\":\"https:\/\/www.fahrrad-xxl.de\/blog\/#website\"},\"description\":\"Sascha ist verr\u00fcckt nach Fahrr\u00e4dern. Sitzt er mal nicht selbst im Sattel, erstellt er Ratgeber und Blogbeitr\u00e4ge zu Bike-Themen \u27a4 Zu seinen Beitr\u00e4gen\",\"breadcrumb\":{\"@id\":\"https:\/\/www.fahrrad-xxl.de\/blog\/author\/s-starkerfahrrad-xxl-de\/#breadcrumb\"},\"inLanguage\":\"de\",\"potentialAction\":[{\"@type\":\"ReadAction\",\"target\":[\"https:\/\/www.fahrrad-xxl.de\/blog\/author\/s-starkerfahrrad-xxl-de\/\"]}]},{\"@type\":\"BreadcrumbList\",\"@id\":\"https:\/\/www.fahrrad-xxl.de\/blog\/author\/s-starkerfahrrad-xxl-de\/#breadcrumb\",\"itemListElement\":[{\"@type\":\"ListItem\",\"position\":1,\"name\":\"Startseite\",\"item\":\"https:\/\/www.fahrrad-xxl.de\/blog\/\"},{\"@type\":\"ListItem\",\"position\":2,\"name\":\"Archive f\u00fcr Sascha Starker\"}]},{\"@type\":\"WebSite\",\"@id\":\"https:\/\/www.fahrrad-xxl.de\/blog\/#website\",\"url\":\"https:\/\/www.fahrrad-xxl.de\/blog\/\",\"name\":\"Fahrrad XXL Blog\",\"description\":\"Erleben | Testen | Losfahren\",\"publisher\":{\"@id\":\"https:\/\/www.fahrrad-xxl.de\/blog\/#organization\"},\"potentialAction\":[{\"@type\":\"SearchAction\",\"target\":{\"@type\":\"EntryPoint\",\"urlTemplate\":\"https:\/\/www.fahrrad-xxl.de\/blog\/?s={search_term_string}\"},\"query-input\":\"required name=search_term_string\"}],\"inLanguage\":\"de\"},{\"@type\":\"Organization\",\"@id\":\"https:\/\/www.fahrrad-xxl.de\/blog\/#organization\",\"name\":\"Fahrrad XXL\",\"url\":\"https:\/\/www.fahrrad-xxl.de\/blog\/\",\"logo\":{\"@type\":\"ImageObject\",\"inLanguage\":\"de\",\"@id\":\"https:\/\/www.fahrrad-xxl.de\/blog\/#\/schema\/logo\/image\/\",\"url\":\"https:\/\/www.fahrrad-xxl.de\/blog\/wp-content\/uploads\/2018\/03\/FXXL-Blog-Logo-100-c.png\",\"contentUrl\":\"https:\/\/www.fahrrad-xxl.de\/blog\/wp-content\/uploads\/2018\/03\/FXXL-Blog-Logo-100-c.png\",\"width\":450,\"height\":100,\"caption\":\"Fahrrad XXL\"},\"image\":{\"@id\":\"https:\/\/www.fahrrad-xxl.de\/blog\/#\/schema\/logo\/image\/\"},\"sameAs\":[\"https:\/\/www.instagram.com\/fahrradxxl\",\"https:\/\/www.youtube.com\/user\/FahrradXXLde\",\"https:\/\/www.tiktok.com\/@fahrrad_xxl\",\"https:\/\/www.facebook.com\/FahrradXXL\"]},{\"@type\":\"Person\",\"@id\":\"https:\/\/www.fahrrad-xxl.de\/blog\/#\/schema\/person\/4c3e1c3b613a36bd3f4d96c6a235e23c\",\"name\":\"Sascha Starker\",\"description\":\"F\u00e4hrt gerne:\u00a0XCO, XCM, Road, Cyclocross Bikes: BMC TeamMachine SLR01 Disc, Specialized S-Works Epic, BMC Roadmachine 03, Ridley X-Night Lieblings-Radrevier: Bergstra\u00dfe &amp; Odenwald\",\"mainEntityOfPage\":{\"@id\":\"https:\/\/www.fahrrad-xxl.de\/blog\/author\/s-starkerfahrrad-xxl-de\/\"}}]}<\/script>\n<!-- \/ Yoast SEO plugin. -->","yoast_head_json":{"title":"Sascha Starker Autor im Fahrrad XXL Blog","description":"Sascha ist verr\u00fcckt nach Fahrr\u00e4dern. Sitzt er mal nicht selbst im Sattel, erstellt er Ratgeber und Blogbeitr\u00e4ge zu Bike-Themen \u27a4 Zu seinen Beitr\u00e4gen","robots":{"index":"noindex","follow":"follow"},"og_locale":"de_DE","og_type":"profile","og_title":"Sascha Starker Autor im Fahrrad XXL Blog","og_description":"Sascha ist verr\u00fcckt nach Fahrr\u00e4dern. Sitzt er mal nicht selbst im Sattel, erstellt er Ratgeber und Blogbeitr\u00e4ge zu Bike-Themen \u27a4 Zu seinen Beitr\u00e4gen","og_url":"https:\/\/www.fahrrad-xxl.de\/blog\/author\/s-starkerfahrrad-xxl-de\/","og_site_name":"Fahrrad XXL Blog","og_image":[{"width":150,"height":150,"url":"https:\/\/www.fahrrad-xxl.de\/blog\/wp-content\/uploads\/2018\/05\/sascha.png","type":"image\/png"}],"twitter_card":"summary_large_image","schema":{"@context":"https:\/\/schema.org","@graph":[{"@type":"ProfilePage","@id":"https:\/\/www.fahrrad-xxl.de\/blog\/author\/s-starkerfahrrad-xxl-de\/","url":"https:\/\/www.fahrrad-xxl.de\/blog\/author\/s-starkerfahrrad-xxl-de\/","name":"Sascha Starker Autor im Fahrrad XXL Blog","isPartOf":{"@id":"https:\/\/www.fahrrad-xxl.de\/blog\/#website"},"description":"Sascha ist verr\u00fcckt nach Fahrr\u00e4dern. Sitzt er mal nicht selbst im Sattel, erstellt er Ratgeber und Blogbeitr\u00e4ge zu Bike-Themen \u27a4 Zu seinen Beitr\u00e4gen","breadcrumb":{"@id":"https:\/\/www.fahrrad-xxl.de\/blog\/author\/s-starkerfahrrad-xxl-de\/#breadcrumb"},"inLanguage":"de","potentialAction":[{"@type":"ReadAction","target":["https:\/\/www.fahrrad-xxl.de\/blog\/author\/s-starkerfahrrad-xxl-de\/"]}]},{"@type":"BreadcrumbList","@id":"https:\/\/www.fahrrad-xxl.de\/blog\/author\/s-starkerfahrrad-xxl-de\/#breadcrumb","itemListElement":[{"@type":"ListItem","position":1,"name":"Startseite","item":"https:\/\/www.fahrrad-xxl.de\/blog\/"},{"@type":"ListItem","position":2,"name":"Archive f\u00fcr Sascha Starker"}]},{"@type":"WebSite","@id":"https:\/\/www.fahrrad-xxl.de\/blog\/#website","url":"https:\/\/www.fahrrad-xxl.de\/blog\/","name":"Fahrrad XXL Blog","description":"Erleben | Testen | Losfahren","publisher":{"@id":"https:\/\/www.fahrrad-xxl.de\/blog\/#organization"},"potentialAction":[{"@type":"SearchAction","target":{"@type":"EntryPoint","urlTemplate":"https:\/\/www.fahrrad-xxl.de\/blog\/?s={search_term_string}"},"query-input":"required name=search_term_string"}],"inLanguage":"de"},{"@type":"Organization","@id":"https:\/\/www.fahrrad-xxl.de\/blog\/#organization","name":"Fahrrad XXL","url":"https:\/\/www.fahrrad-xxl.de\/blog\/","logo":{"@type":"ImageObject","inLanguage":"de","@id":"https:\/\/www.fahrrad-xxl.de\/blog\/#\/schema\/logo\/image\/","url":"https:\/\/www.fahrrad-xxl.de\/blog\/wp-content\/uploads\/2018\/03\/FXXL-Blog-Logo-100-c.png","contentUrl":"https:\/\/www.fahrrad-xxl.de\/blog\/wp-content\/uploads\/2018\/03\/FXXL-Blog-Logo-100-c.png","width":450,"height":100,"caption":"Fahrrad XXL"},"image":{"@id":"https:\/\/www.fahrrad-xxl.de\/blog\/#\/schema\/logo\/image\/"},"sameAs":["https:\/\/www.instagram.com\/fahrradxxl","https:\/\/www.youtube.com\/user\/FahrradXXLde","https:\/\/www.tiktok.com\/@fahrrad_xxl","https:\/\/www.facebook.com\/FahrradXXL"]},{"@type":"Person","@id":"https:\/\/www.fahrrad-xxl.de\/blog\/#\/schema\/person\/4c3e1c3b613a36bd3f4d96c6a235e23c","name":"Sascha Starker","description":"F\u00e4hrt gerne:\u00a0XCO, XCM, Road, Cyclocross Bikes: BMC TeamMachine SLR01 Disc, Specialized S-Works Epic, BMC Roadmachine 03, Ridley X-Night Lieblings-Radrevier: Bergstra\u00dfe &amp; Odenwald","mainEntityOfPage":{"@id":"https:\/\/www.fahrrad-xxl.de\/blog\/author\/s-starkerfahrrad-xxl-de\/"}}]}},"_links":{"self":[{"href":"https:\/\/www.fahrrad-xxl.de\/blog\/wp-json\/wp\/v2\/users\/4"}],"collection":[{"href":"https:\/\/www.fahrrad-xxl.de\/blog\/wp-json\/wp\/v2\/users"}]}}