{"id":9,"name":"Wolfgang Pollner","url":"","description":"<strong>F\u00e4hrt gerne<\/strong>: Feld, Wald und Wiese\r\n\r\n<strong>Bikes:<\/strong> Grace MX-S, KTM Macina Street, Cube AMS 100\r\n\r\n<strong>Lieblings-Radrevier:<\/strong> Rheinhessisches H\u00fcgelland","link":"https:\/\/www.fahrrad-xxl.de\/blog\/author\/wolfgang-pollner\/","slug":"wolfgang-pollner","meta":[],"yoast_head":"<!-- This site is optimized with the Yoast SEO plugin v19.10 - https:\/\/yoast.com\/wordpress\/plugins\/seo\/ -->\n<title>Wolfgang Pollner Autor im Fahrrad XXL Blog<\/title>\n<meta name=\"description\" content=\"Wolfgang ist der Fahrrad XXL E-Bike Experte und besch\u00e4ftigt sich t\u00e4glich damit, Ratgeber und Blogbeitr\u00e4ge zu E-Bikes zu erstellen. \u27a4 Zu seinen Beitr\u00e4gen\" \/>\n<meta name=\"robots\" content=\"noindex, follow\" \/>\n<meta property=\"og:locale\" content=\"de_DE\" \/>\n<meta property=\"og:type\" content=\"profile\" \/>\n<meta property=\"og:title\" content=\"Wolfgang Pollner Autor im Fahrrad XXL Blog\" \/>\n<meta property=\"og:description\" content=\"Wolfgang ist der Fahrrad XXL E-Bike Experte und besch\u00e4ftigt sich t\u00e4glich damit, Ratgeber und Blogbeitr\u00e4ge zu E-Bikes zu erstellen. \u27a4 Zu seinen Beitr\u00e4gen\" \/>\n<meta property=\"og:url\" content=\"https:\/\/www.fahrrad-xxl.de\/blog\/author\/wolfgang-pollner\/\" \/>\n<meta property=\"og:site_name\" content=\"Fahrrad XXL Blog\" \/>\n<meta property=\"og:image\" content=\"https:\/\/www.fahrrad-xxl.de\/blog\/wp-content\/uploads\/2019\/05\/avatar_user_9_1557141148.jpg\" \/>\n<meta name=\"twitter:card\" content=\"summary_large_image\" \/>\n<script type=\"application\/ld+json\" class=\"yoast-schema-graph\">{\"@context\":\"https:\/\/schema.org\",\"@graph\":[{\"@type\":\"ProfilePage\",\"@id\":\"https:\/\/www.fahrrad-xxl.de\/blog\/author\/wolfgang-pollner\/\",\"url\":\"https:\/\/www.fahrrad-xxl.de\/blog\/author\/wolfgang-pollner\/\",\"name\":\"Wolfgang Pollner Autor im Fahrrad XXL Blog\",\"isPartOf\":{\"@id\":\"https:\/\/www.fahrrad-xxl.de\/blog\/#website\"},\"description\":\"Wolfgang ist der Fahrrad XXL E-Bike Experte und besch\u00e4ftigt sich t\u00e4glich damit, Ratgeber und Blogbeitr\u00e4ge zu E-Bikes zu erstellen. \u27a4 Zu seinen Beitr\u00e4gen\",\"breadcrumb\":{\"@id\":\"https:\/\/www.fahrrad-xxl.de\/blog\/author\/wolfgang-pollner\/#breadcrumb\"},\"inLanguage\":\"de\",\"potentialAction\":[{\"@type\":\"ReadAction\",\"target\":[\"https:\/\/www.fahrrad-xxl.de\/blog\/author\/wolfgang-pollner\/\"]}]},{\"@type\":\"BreadcrumbList\",\"@id\":\"https:\/\/www.fahrrad-xxl.de\/blog\/author\/wolfgang-pollner\/#breadcrumb\",\"itemListElement\":[{\"@type\":\"ListItem\",\"position\":1,\"name\":\"Startseite\",\"item\":\"https:\/\/www.fahrrad-xxl.de\/blog\/\"},{\"@type\":\"ListItem\",\"position\":2,\"name\":\"Archive f\u00fcr Wolfgang Pollner\"}]},{\"@type\":\"WebSite\",\"@id\":\"https:\/\/www.fahrrad-xxl.de\/blog\/#website\",\"url\":\"https:\/\/www.fahrrad-xxl.de\/blog\/\",\"name\":\"Fahrrad XXL Blog\",\"description\":\"Erleben | Testen | Losfahren\",\"publisher\":{\"@id\":\"https:\/\/www.fahrrad-xxl.de\/blog\/#organization\"},\"potentialAction\":[{\"@type\":\"SearchAction\",\"target\":{\"@type\":\"EntryPoint\",\"urlTemplate\":\"https:\/\/www.fahrrad-xxl.de\/blog\/?s={search_term_string}\"},\"query-input\":\"required name=search_term_string\"}],\"inLanguage\":\"de\"},{\"@type\":\"Organization\",\"@id\":\"https:\/\/www.fahrrad-xxl.de\/blog\/#organization\",\"name\":\"Fahrrad XXL\",\"url\":\"https:\/\/www.fahrrad-xxl.de\/blog\/\",\"logo\":{\"@type\":\"ImageObject\",\"inLanguage\":\"de\",\"@id\":\"https:\/\/www.fahrrad-xxl.de\/blog\/#\/schema\/logo\/image\/\",\"url\":\"https:\/\/www.fahrrad-xxl.de\/blog\/wp-content\/uploads\/2018\/03\/FXXL-Blog-Logo-100-c.png\",\"contentUrl\":\"https:\/\/www.fahrrad-xxl.de\/blog\/wp-content\/uploads\/2018\/03\/FXXL-Blog-Logo-100-c.png\",\"width\":450,\"height\":100,\"caption\":\"Fahrrad XXL\"},\"image\":{\"@id\":\"https:\/\/www.fahrrad-xxl.de\/blog\/#\/schema\/logo\/image\/\"},\"sameAs\":[\"https:\/\/www.instagram.com\/fahrradxxl\",\"https:\/\/www.youtube.com\/user\/FahrradXXLde\",\"https:\/\/www.tiktok.com\/@fahrrad_xxl\",\"https:\/\/www.facebook.com\/FahrradXXL\"]},{\"@type\":\"Person\",\"@id\":\"https:\/\/www.fahrrad-xxl.de\/blog\/#\/schema\/person\/4748f08e651a30092948d1f0b06fcd6b\",\"name\":\"Wolfgang Pollner\",\"description\":\"F\u00e4hrt gerne: Feld, Wald und Wiese Bikes: Grace MX-S, KTM Macina Street, Cube AMS 100 Lieblings-Radrevier: Rheinhessisches H\u00fcgelland\",\"mainEntityOfPage\":{\"@id\":\"https:\/\/www.fahrrad-xxl.de\/blog\/author\/wolfgang-pollner\/\"}}]}<\/script>\n<!-- \/ Yoast SEO plugin. -->","yoast_head_json":{"title":"Wolfgang Pollner Autor im Fahrrad XXL Blog","description":"Wolfgang ist der Fahrrad XXL E-Bike Experte und besch\u00e4ftigt sich t\u00e4glich damit, Ratgeber und Blogbeitr\u00e4ge zu E-Bikes zu erstellen. \u27a4 Zu seinen Beitr\u00e4gen","robots":{"index":"noindex","follow":"follow"},"og_locale":"de_DE","og_type":"profile","og_title":"Wolfgang Pollner Autor im Fahrrad XXL Blog","og_description":"Wolfgang ist der Fahrrad XXL E-Bike Experte und besch\u00e4ftigt sich t\u00e4glich damit, Ratgeber und Blogbeitr\u00e4ge zu E-Bikes zu erstellen. \u27a4 Zu seinen Beitr\u00e4gen","og_url":"https:\/\/www.fahrrad-xxl.de\/blog\/author\/wolfgang-pollner\/","og_site_name":"Fahrrad XXL Blog","og_image":[{"url":"https:\/\/www.fahrrad-xxl.de\/blog\/wp-content\/uploads\/2019\/05\/avatar_user_9_1557141148.jpg"}],"twitter_card":"summary_large_image","schema":{"@context":"https:\/\/schema.org","@graph":[{"@type":"ProfilePage","@id":"https:\/\/www.fahrrad-xxl.de\/blog\/author\/wolfgang-pollner\/","url":"https:\/\/www.fahrrad-xxl.de\/blog\/author\/wolfgang-pollner\/","name":"Wolfgang Pollner Autor im Fahrrad XXL Blog","isPartOf":{"@id":"https:\/\/www.fahrrad-xxl.de\/blog\/#website"},"description":"Wolfgang ist der Fahrrad XXL E-Bike Experte und besch\u00e4ftigt sich t\u00e4glich damit, Ratgeber und Blogbeitr\u00e4ge zu E-Bikes zu erstellen. \u27a4 Zu seinen Beitr\u00e4gen","breadcrumb":{"@id":"https:\/\/www.fahrrad-xxl.de\/blog\/author\/wolfgang-pollner\/#breadcrumb"},"inLanguage":"de","potentialAction":[{"@type":"ReadAction","target":["https:\/\/www.fahrrad-xxl.de\/blog\/author\/wolfgang-pollner\/"]}]},{"@type":"BreadcrumbList","@id":"https:\/\/www.fahrrad-xxl.de\/blog\/author\/wolfgang-pollner\/#breadcrumb","itemListElement":[{"@type":"ListItem","position":1,"name":"Startseite","item":"https:\/\/www.fahrrad-xxl.de\/blog\/"},{"@type":"ListItem","position":2,"name":"Archive f\u00fcr Wolfgang Pollner"}]},{"@type":"WebSite","@id":"https:\/\/www.fahrrad-xxl.de\/blog\/#website","url":"https:\/\/www.fahrrad-xxl.de\/blog\/","name":"Fahrrad XXL Blog","description":"Erleben | Testen | Losfahren","publisher":{"@id":"https:\/\/www.fahrrad-xxl.de\/blog\/#organization"},"potentialAction":[{"@type":"SearchAction","target":{"@type":"EntryPoint","urlTemplate":"https:\/\/www.fahrrad-xxl.de\/blog\/?s={search_term_string}"},"query-input":"required name=search_term_string"}],"inLanguage":"de"},{"@type":"Organization","@id":"https:\/\/www.fahrrad-xxl.de\/blog\/#organization","name":"Fahrrad XXL","url":"https:\/\/www.fahrrad-xxl.de\/blog\/","logo":{"@type":"ImageObject","inLanguage":"de","@id":"https:\/\/www.fahrrad-xxl.de\/blog\/#\/schema\/logo\/image\/","url":"https:\/\/www.fahrrad-xxl.de\/blog\/wp-content\/uploads\/2018\/03\/FXXL-Blog-Logo-100-c.png","contentUrl":"https:\/\/www.fahrrad-xxl.de\/blog\/wp-content\/uploads\/2018\/03\/FXXL-Blog-Logo-100-c.png","width":450,"height":100,"caption":"Fahrrad XXL"},"image":{"@id":"https:\/\/www.fahrrad-xxl.de\/blog\/#\/schema\/logo\/image\/"},"sameAs":["https:\/\/www.instagram.com\/fahrradxxl","https:\/\/www.youtube.com\/user\/FahrradXXLde","https:\/\/www.tiktok.com\/@fahrrad_xxl","https:\/\/www.facebook.com\/FahrradXXL"]},{"@type":"Person","@id":"https:\/\/www.fahrrad-xxl.de\/blog\/#\/schema\/person\/4748f08e651a30092948d1f0b06fcd6b","name":"Wolfgang Pollner","description":"F\u00e4hrt gerne: Feld, Wald und Wiese Bikes: Grace MX-S, KTM Macina Street, Cube AMS 100 Lieblings-Radrevier: Rheinhessisches H\u00fcgelland","mainEntityOfPage":{"@id":"https:\/\/www.fahrrad-xxl.de\/blog\/author\/wolfgang-pollner\/"}}]}},"_links":{"self":[{"href":"https:\/\/www.fahrrad-xxl.de\/blog\/wp-json\/wp\/v2\/users\/9"}],"collection":[{"href":"https:\/\/www.fahrrad-xxl.de\/blog\/wp-json\/wp\/v2\/users"}]}}